{"id":11002,"date":"2021-02-22T15:07:29","date_gmt":"2021-02-22T14:07:29","guid":{"rendered":"https:\/\/www.mettmann.de\/web\/?p=11002"},"modified":"2021-02-22T15:27:41","modified_gmt":"2021-02-22T14:27:41","slug":"seniorensprechstunde-als-videotreff","status":"publish","type":"post","link":"https:\/\/www.mettmann.de\/web\/seniorensprechstunde-als-videotreff\/","title":{"rendered":"Sprechstunde des Seniorenrats als Videotreff"},"content":{"rendered":"<p>Am Mittwoch, 3. M\u00e4rz, laden Mitglieder des <a href=\"http:\/\/www.mettmann.de\/seniorenrat\">Seniorenrats Mettmann<\/a> nach l\u00e4ngerer Zeit wieder zu einer Sprechstunde ein. Von 10 bis 11 Uhr und von 15 bis 16 Uhr stehen Herbert Breitr\u00fcck und Horst Heisig \u00e4lteren Mitb\u00fcrgerinnen und Mitb\u00fcrgern f\u00fcr Fragen, Ausk\u00fcnfte, Anregungen und Gespr\u00e4che zur Verf\u00fcgung.<\/p>\n<p>Aufgrund der aktuellen Pandemie-Situation soll die Sprechstunde per Videotreff abgehalten werden. Die Seniorenvertreter sind unter den oben angegebenen Zeiten unter dem Link <a href=\"http:\/\/www.mettmann.de\/sr-sprechstunde\" target=\"_blank\" rel=\"noopener\">www.mettmann.de\/sr-sprechstunde<\/a> oder unter Telefon 02104 \/ 8084091 erreichbar.<\/p>\n","protected":false},"excerpt":{"rendered":"<p>Am Mittwoch, 3. M\u00e4rz, laden Mitglieder des Seniorenrats Mettmann nach l\u00e4ngerer Zeit wieder zu einer Sprechstunde ein. Von 10 bis 11 Uhr und von 15 bis 16 Uhr stehen Herbert Breitr\u00fcck und Horst Heisig \u00e4lteren&#8230;<\/p>\n","protected":false},"author":1,"featured_media":11006,"comment_status":"closed","ping_status":"open","sticky":false,"template":"","format":"standard","meta":{"ngg_post_thumbnail":0,"footnotes":""},"categories":[1],"tags":[4,76,198,1838],"class_list":["post-11002","post","type-post","status-publish","format-standard","has-post-thumbnail","hentry","category-allgemein","tag-mettmann","tag-seniorenrat","tag-sprechstunde","tag-videotreff"],"yoast_head":"<!-- This site is optimized with the Yoast SEO plugin v27.2 - https:\/\/yoast.com\/product\/yoast-seo-wordpress\/ -->\n<title>Sprechstunde des Seniorenrats als Videotreff<\/title>\n<meta name=\"robots\" content=\"index, follow, max-snippet:-1, max-image-preview:large, max-video-preview:-1\" \/>\n<link rel=\"canonical\" href=\"https:\/\/www.mettmann.de\/web\/seniorensprechstunde-als-videotreff\/\" \/>\n<meta property=\"og:locale\" content=\"de_DE\" \/>\n<meta property=\"og:type\" content=\"article\" \/>\n<meta property=\"og:title\" content=\"Sprechstunde des Seniorenrats als Videotreff\" \/>\n<meta property=\"og:description\" content=\"Am Mittwoch, 3. M\u00e4rz, laden Mitglieder des Seniorenrats Mettmann nach l\u00e4ngerer Zeit wieder zu einer Sprechstunde ein. Von 10 bis 11 Uhr und von 15 bis 16 Uhr stehen Herbert Breitr\u00fcck und Horst Heisig \u00e4lteren...\" \/>\n<meta property=\"og:url\" content=\"https:\/\/www.mettmann.de\/web\/seniorensprechstunde-als-videotreff\/\" \/>\n<meta property=\"og:site_name\" content=\"Stadtverwaltung Mettmann\" \/>\n<meta property=\"article:publisher\" content=\"https:\/\/www.facebook.com\/kreisstadt.mettmann\" \/>\n<meta property=\"article:published_time\" content=\"2021-02-22T14:07:29+00:00\" \/>\n<meta property=\"article:modified_time\" content=\"2021-02-22T14:27:41+00:00\" \/>\n<meta property=\"og:image\" content=\"https:\/\/www.mettmann.de\/web\/wp-content\/uploads\/2021\/02\/videokonferenz.jpg\" \/>\n\t<meta property=\"og:image:width\" content=\"1115\" \/>\n\t<meta property=\"og:image:height\" content=\"627\" \/>\n\t<meta property=\"og:image:type\" content=\"image\/jpeg\" \/>\n<meta name=\"author\" content=\"chbarra\" \/>\n<meta name=\"twitter:card\" content=\"summary_large_image\" \/>\n<meta name=\"twitter:label1\" content=\"Verfasst von\" \/>\n\t<meta name=\"twitter:data1\" content=\"chbarra\" \/>\n<script type=\"application\/ld+json\" class=\"yoast-schema-graph\">{\"@context\":\"https:\/\/schema.org\",\"@graph\":[{\"@type\":\"Article\",\"@id\":\"https:\/\/www.mettmann.de\/web\/seniorensprechstunde-als-videotreff\/#article\",\"isPartOf\":{\"@id\":\"https:\/\/www.mettmann.de\/web\/seniorensprechstunde-als-videotreff\/\"},\"author\":{\"name\":\"chbarra\",\"@id\":\"https:\/\/www.mettmann.de\/web\/#\/schema\/person\/03e91284de46d07dd5399ec4af554dc6\"},\"headline\":\"Sprechstunde des Seniorenrats als Videotreff\",\"datePublished\":\"2021-02-22T14:07:29+00:00\",\"dateModified\":\"2021-02-22T14:27:41+00:00\",\"mainEntityOfPage\":{\"@id\":\"https:\/\/www.mettmann.de\/web\/seniorensprechstunde-als-videotreff\/\"},\"wordCount\":85,\"publisher\":{\"@id\":\"https:\/\/www.mettmann.de\/web\/#organization\"},\"image\":{\"@id\":\"https:\/\/www.mettmann.de\/web\/seniorensprechstunde-als-videotreff\/#primaryimage\"},\"thumbnailUrl\":\"https:\/\/www.mettmann.de\/web\/wp-content\/uploads\/2021\/02\/videokonferenz.jpg\",\"keywords\":[\"Mettmann\",\"Seniorenrat\",\"Sprechstunde\",\"Videotreff\"],\"inLanguage\":\"de\"},{\"@type\":\"WebPage\",\"@id\":\"https:\/\/www.mettmann.de\/web\/seniorensprechstunde-als-videotreff\/\",\"url\":\"https:\/\/www.mettmann.de\/web\/seniorensprechstunde-als-videotreff\/\",\"name\":\"Sprechstunde des Seniorenrats als Videotreff\",\"isPartOf\":{\"@id\":\"https:\/\/www.mettmann.de\/web\/#website\"},\"primaryImageOfPage\":{\"@id\":\"https:\/\/www.mettmann.de\/web\/seniorensprechstunde-als-videotreff\/#primaryimage\"},\"image\":{\"@id\":\"https:\/\/www.mettmann.de\/web\/seniorensprechstunde-als-videotreff\/#primaryimage\"},\"thumbnailUrl\":\"https:\/\/www.mettmann.de\/web\/wp-content\/uploads\/2021\/02\/videokonferenz.jpg\",\"datePublished\":\"2021-02-22T14:07:29+00:00\",\"dateModified\":\"2021-02-22T14:27:41+00:00\",\"breadcrumb\":{\"@id\":\"https:\/\/www.mettmann.de\/web\/seniorensprechstunde-als-videotreff\/#breadcrumb\"},\"inLanguage\":\"de\",\"potentialAction\":[{\"@type\":\"ReadAction\",\"target\":[\"https:\/\/www.mettmann.de\/web\/seniorensprechstunde-als-videotreff\/\"]}]},{\"@type\":\"ImageObject\",\"inLanguage\":\"de\",\"@id\":\"https:\/\/www.mettmann.de\/web\/seniorensprechstunde-als-videotreff\/#primaryimage\",\"url\":\"https:\/\/www.mettmann.de\/web\/wp-content\/uploads\/2021\/02\/videokonferenz.jpg\",\"contentUrl\":\"https:\/\/www.mettmann.de\/web\/wp-content\/uploads\/2021\/02\/videokonferenz.jpg\",\"width\":1115,\"height\":627,\"caption\":\"Symbolbild: Alexandra_Koch \/ pixabay\"},{\"@type\":\"BreadcrumbList\",\"@id\":\"https:\/\/www.mettmann.de\/web\/seniorensprechstunde-als-videotreff\/#breadcrumb\",\"itemListElement\":[{\"@type\":\"ListItem\",\"position\":1,\"name\":\"Startseite\",\"item\":\"https:\/\/www.mettmann.de\/web\/\"},{\"@type\":\"ListItem\",\"position\":2,\"name\":\"Sprechstunde des Seniorenrats als Videotreff\"}]},{\"@type\":\"WebSite\",\"@id\":\"https:\/\/www.mettmann.de\/web\/#website\",\"url\":\"https:\/\/www.mettmann.de\/web\/\",\"name\":\"Stadtverwaltung Mettmann\",\"description\":\"Internetseite der Kreisstadt Mettmann\",\"publisher\":{\"@id\":\"https:\/\/www.mettmann.de\/web\/#organization\"},\"potentialAction\":[{\"@type\":\"SearchAction\",\"target\":{\"@type\":\"EntryPoint\",\"urlTemplate\":\"https:\/\/www.mettmann.de\/web\/?s={search_term_string}\"},\"query-input\":{\"@type\":\"PropertyValueSpecification\",\"valueRequired\":true,\"valueName\":\"search_term_string\"}}],\"inLanguage\":\"de\"},{\"@type\":\"Organization\",\"@id\":\"https:\/\/www.mettmann.de\/web\/#organization\",\"name\":\"Kreisstadt Mettmann\",\"url\":\"https:\/\/www.mettmann.de\/web\/\",\"logo\":{\"@type\":\"ImageObject\",\"inLanguage\":\"de\",\"@id\":\"https:\/\/www.mettmann.de\/web\/#\/schema\/logo\/image\/\",\"url\":\"https:\/\/www.mettmann.de\/web\/wp-content\/uploads\/2019\/08\/Kreisstadt_Mettmann_Logo_RGB_150dpi.png\",\"contentUrl\":\"https:\/\/www.mettmann.de\/web\/wp-content\/uploads\/2019\/08\/Kreisstadt_Mettmann_Logo_RGB_150dpi.png\",\"width\":1302,\"height\":191,\"caption\":\"Kreisstadt Mettmann\"},\"image\":{\"@id\":\"https:\/\/www.mettmann.de\/web\/#\/schema\/logo\/image\/\"},\"sameAs\":[\"https:\/\/www.facebook.com\/kreisstadt.mettmann\",\"https:\/\/de.wikipedia.org\/wiki\/Mettmann\"]},{\"@type\":\"Person\",\"@id\":\"https:\/\/www.mettmann.de\/web\/#\/schema\/person\/03e91284de46d07dd5399ec4af554dc6\",\"name\":\"chbarra\"}]}<\/script>\n<!-- \/ Yoast SEO plugin. -->","yoast_head_json":{"title":"Sprechstunde des Seniorenrats als Videotreff","robots":{"index":"index","follow":"follow","max-snippet":"max-snippet:-1","max-image-preview":"max-image-preview:large","max-video-preview":"max-video-preview:-1"},"canonical":"https:\/\/www.mettmann.de\/web\/seniorensprechstunde-als-videotreff\/","og_locale":"de_DE","og_type":"article","og_title":"Sprechstunde des Seniorenrats als Videotreff","og_description":"Am Mittwoch, 3. M\u00e4rz, laden Mitglieder des Seniorenrats Mettmann nach l\u00e4ngerer Zeit wieder zu einer Sprechstunde ein. Von 10 bis 11 Uhr und von 15 bis 16 Uhr stehen Herbert Breitr\u00fcck und Horst Heisig \u00e4lteren...","og_url":"https:\/\/www.mettmann.de\/web\/seniorensprechstunde-als-videotreff\/","og_site_name":"Stadtverwaltung Mettmann","article_publisher":"https:\/\/www.facebook.com\/kreisstadt.mettmann","article_published_time":"2021-02-22T14:07:29+00:00","article_modified_time":"2021-02-22T14:27:41+00:00","og_image":[{"width":1115,"height":627,"url":"https:\/\/www.mettmann.de\/web\/wp-content\/uploads\/2021\/02\/videokonferenz.jpg","type":"image\/jpeg"}],"author":"chbarra","twitter_card":"summary_large_image","twitter_misc":{"Verfasst von":"chbarra"},"schema":{"@context":"https:\/\/schema.org","@graph":[{"@type":"Article","@id":"https:\/\/www.mettmann.de\/web\/seniorensprechstunde-als-videotreff\/#article","isPartOf":{"@id":"https:\/\/www.mettmann.de\/web\/seniorensprechstunde-als-videotreff\/"},"author":{"name":"chbarra","@id":"https:\/\/www.mettmann.de\/web\/#\/schema\/person\/03e91284de46d07dd5399ec4af554dc6"},"headline":"Sprechstunde des Seniorenrats als Videotreff","datePublished":"2021-02-22T14:07:29+00:00","dateModified":"2021-02-22T14:27:41+00:00","mainEntityOfPage":{"@id":"https:\/\/www.mettmann.de\/web\/seniorensprechstunde-als-videotreff\/"},"wordCount":85,"publisher":{"@id":"https:\/\/www.mettmann.de\/web\/#organization"},"image":{"@id":"https:\/\/www.mettmann.de\/web\/seniorensprechstunde-als-videotreff\/#primaryimage"},"thumbnailUrl":"https:\/\/www.mettmann.de\/web\/wp-content\/uploads\/2021\/02\/videokonferenz.jpg","keywords":["Mettmann","Seniorenrat","Sprechstunde","Videotreff"],"inLanguage":"de"},{"@type":"WebPage","@id":"https:\/\/www.mettmann.de\/web\/seniorensprechstunde-als-videotreff\/","url":"https:\/\/www.mettmann.de\/web\/seniorensprechstunde-als-videotreff\/","name":"Sprechstunde des Seniorenrats als Videotreff","isPartOf":{"@id":"https:\/\/www.mettmann.de\/web\/#website"},"primaryImageOfPage":{"@id":"https:\/\/www.mettmann.de\/web\/seniorensprechstunde-als-videotreff\/#primaryimage"},"image":{"@id":"https:\/\/www.mettmann.de\/web\/seniorensprechstunde-als-videotreff\/#primaryimage"},"thumbnailUrl":"https:\/\/www.mettmann.de\/web\/wp-content\/uploads\/2021\/02\/videokonferenz.jpg","datePublished":"2021-02-22T14:07:29+00:00","dateModified":"2021-02-22T14:27:41+00:00","breadcrumb":{"@id":"https:\/\/www.mettmann.de\/web\/seniorensprechstunde-als-videotreff\/#breadcrumb"},"inLanguage":"de","potentialAction":[{"@type":"ReadAction","target":["https:\/\/www.mettmann.de\/web\/seniorensprechstunde-als-videotreff\/"]}]},{"@type":"ImageObject","inLanguage":"de","@id":"https:\/\/www.mettmann.de\/web\/seniorensprechstunde-als-videotreff\/#primaryimage","url":"https:\/\/www.mettmann.de\/web\/wp-content\/uploads\/2021\/02\/videokonferenz.jpg","contentUrl":"https:\/\/www.mettmann.de\/web\/wp-content\/uploads\/2021\/02\/videokonferenz.jpg","width":1115,"height":627,"caption":"Symbolbild: Alexandra_Koch \/ pixabay"},{"@type":"BreadcrumbList","@id":"https:\/\/www.mettmann.de\/web\/seniorensprechstunde-als-videotreff\/#breadcrumb","itemListElement":[{"@type":"ListItem","position":1,"name":"Startseite","item":"https:\/\/www.mettmann.de\/web\/"},{"@type":"ListItem","position":2,"name":"Sprechstunde des Seniorenrats als Videotreff"}]},{"@type":"WebSite","@id":"https:\/\/www.mettmann.de\/web\/#website","url":"https:\/\/www.mettmann.de\/web\/","name":"Stadtverwaltung Mettmann","description":"Internetseite der Kreisstadt Mettmann","publisher":{"@id":"https:\/\/www.mettmann.de\/web\/#organization"},"potentialAction":[{"@type":"SearchAction","target":{"@type":"EntryPoint","urlTemplate":"https:\/\/www.mettmann.de\/web\/?s={search_term_string}"},"query-input":{"@type":"PropertyValueSpecification","valueRequired":true,"valueName":"search_term_string"}}],"inLanguage":"de"},{"@type":"Organization","@id":"https:\/\/www.mettmann.de\/web\/#organization","name":"Kreisstadt Mettmann","url":"https:\/\/www.mettmann.de\/web\/","logo":{"@type":"ImageObject","inLanguage":"de","@id":"https:\/\/www.mettmann.de\/web\/#\/schema\/logo\/image\/","url":"https:\/\/www.mettmann.de\/web\/wp-content\/uploads\/2019\/08\/Kreisstadt_Mettmann_Logo_RGB_150dpi.png","contentUrl":"https:\/\/www.mettmann.de\/web\/wp-content\/uploads\/2019\/08\/Kreisstadt_Mettmann_Logo_RGB_150dpi.png","width":1302,"height":191,"caption":"Kreisstadt Mettmann"},"image":{"@id":"https:\/\/www.mettmann.de\/web\/#\/schema\/logo\/image\/"},"sameAs":["https:\/\/www.facebook.com\/kreisstadt.mettmann","https:\/\/de.wikipedia.org\/wiki\/Mettmann"]},{"@type":"Person","@id":"https:\/\/www.mettmann.de\/web\/#\/schema\/person\/03e91284de46d07dd5399ec4af554dc6","name":"chbarra"}]}},"_links":{"self":[{"href":"https:\/\/www.mettmann.de\/web\/wp-json\/wp\/v2\/posts\/11002","targetHints":{"allow":["GET"]}}],"collection":[{"href":"https:\/\/www.mettmann.de\/web\/wp-json\/wp\/v2\/posts"}],"about":[{"href":"https:\/\/www.mettmann.de\/web\/wp-json\/wp\/v2\/types\/post"}],"author":[{"embeddable":true,"href":"https:\/\/www.mettmann.de\/web\/wp-json\/wp\/v2\/users\/1"}],"replies":[{"embeddable":true,"href":"https:\/\/www.mettmann.de\/web\/wp-json\/wp\/v2\/comments?post=11002"}],"version-history":[{"count":6,"href":"https:\/\/www.mettmann.de\/web\/wp-json\/wp\/v2\/posts\/11002\/revisions"}],"predecessor-version":[{"id":11745,"href":"https:\/\/www.mettmann.de\/web\/wp-json\/wp\/v2\/posts\/11002\/revisions\/11745"}],"wp:featuredmedia":[{"embeddable":true,"href":"https:\/\/www.mettmann.de\/web\/wp-json\/wp\/v2\/media\/11006"}],"wp:attachment":[{"href":"https:\/\/www.mettmann.de\/web\/wp-json\/wp\/v2\/media?parent=11002"}],"wp:term":[{"taxonomy":"category","embeddable":true,"href":"https:\/\/www.mettmann.de\/web\/wp-json\/wp\/v2\/categories?post=11002"},{"taxonomy":"post_tag","embeddable":true,"href":"https:\/\/www.mettmann.de\/web\/wp-json\/wp\/v2\/tags?post=11002"}],"curies":[{"name":"wp","href":"https:\/\/api.w.org\/{rel}","templated":true}]}}