{"id":11023,"date":"2021-02-23T11:51:10","date_gmt":"2021-02-23T10:51:10","guid":{"rendered":"https:\/\/www.mettmann.de\/web\/?p=11023"},"modified":"2021-02-23T13:57:07","modified_gmt":"2021-02-23T12:57:07","slug":"ausschuss-fuer-schule-und-bildung-tagt-am-25-februar","status":"publish","type":"post","link":"https:\/\/www.mettmann.de\/web\/ausschuss-fuer-schule-und-bildung-tagt-am-25-februar\/","title":{"rendered":"Ausschuss f\u00fcr Schule und Bildung tagt am 25. Februar"},"content":{"rendered":"<p>\u00dcber den aktuellen Sachstand zur Errichtung der Gesamtschule und der Aufl\u00f6sung der Carl-Fuhlrott-Realschule wird die Verwaltung in der Sitzung des Ausschusses f\u00fcr Schule und Bildung am Donnerstag, 25. Februar, berichten. Der \u00f6ffentliche Teil der Sitzung in der Neandertalhalle beginnt um 17 Uhr. Wegen der Corona-Pandemie ist die Zahl der Besucher begrenzt.<\/p>\n<p>Die Fraktionen haben f\u00fcr die Sitzung zahlreiche Antr\u00e4ge eingereicht, in denen unter anderem folgende Themen diskutiert werden: Konzept- und Entwicklungsplanung f\u00fcr die offenen Ganztagsschulen, Schulmittagessen f\u00fcr bed\u00fcrftige Sch\u00fclerinnen und Sch\u00fcler, Erweiterung der Otfried-Preu\u00dfler-Schule und der Katholischen Grundschule sowie Neubau einer Grundschule. Au\u00dferdem stehen Haushaltsplanberatungen auf der Tagesordnung.<\/p>\n","protected":false},"excerpt":{"rendered":"<p>\u00dcber den aktuellen Sachstand zur Errichtung der Gesamtschule und der Aufl\u00f6sung der Carl-Fuhlrott-Realschule wird die Verwaltung in der Sitzung des Ausschusses f\u00fcr Schule und Bildung am Donnerstag, 25. Februar, berichten. Der \u00f6ffentliche Teil der Sitzung&#8230;<\/p>\n","protected":false},"author":2,"featured_media":849,"comment_status":"closed","ping_status":"open","sticky":false,"template":"","format":"standard","meta":{"ngg_post_thumbnail":0,"footnotes":""},"categories":[1],"tags":[1840,746,4,143,1839],"class_list":["post-11023","post","type-post","status-publish","format-standard","has-post-thumbnail","hentry","category-allgemein","tag-bildung","tag-gesamtschule","tag-mettmann","tag-realschule","tag-schulausschuss"],"yoast_head":"<!-- This site is optimized with the Yoast SEO plugin v27.2 - https:\/\/yoast.com\/product\/yoast-seo-wordpress\/ -->\n<title>Ausschuss f\u00fcr Schule und Bildung tagt am 25. Februar<\/title>\n<meta name=\"robots\" content=\"index, follow, max-snippet:-1, max-image-preview:large, max-video-preview:-1\" \/>\n<link rel=\"canonical\" href=\"https:\/\/www.mettmann.de\/web\/ausschuss-fuer-schule-und-bildung-tagt-am-25-februar\/\" \/>\n<meta property=\"og:locale\" content=\"de_DE\" \/>\n<meta property=\"og:type\" content=\"article\" \/>\n<meta property=\"og:title\" content=\"Ausschuss f\u00fcr Schule und Bildung tagt am 25. Februar\" \/>\n<meta property=\"og:description\" content=\"\u00dcber den aktuellen Sachstand zur Errichtung der Gesamtschule und der Aufl\u00f6sung der Carl-Fuhlrott-Realschule wird die Verwaltung in der Sitzung des Ausschusses f\u00fcr Schule und Bildung am Donnerstag, 25. Februar, berichten. Der \u00f6ffentliche Teil der Sitzung...\" \/>\n<meta property=\"og:url\" content=\"https:\/\/www.mettmann.de\/web\/ausschuss-fuer-schule-und-bildung-tagt-am-25-februar\/\" \/>\n<meta property=\"og:site_name\" content=\"Stadtverwaltung Mettmann\" \/>\n<meta property=\"article:publisher\" content=\"https:\/\/www.facebook.com\/kreisstadt.mettmann\" \/>\n<meta property=\"article:published_time\" content=\"2021-02-23T10:51:10+00:00\" \/>\n<meta property=\"article:modified_time\" content=\"2021-02-23T12:57:07+00:00\" \/>\n<meta property=\"og:image\" content=\"https:\/\/www.mettmann.de\/web\/wp-content\/uploads\/2019\/09\/termin_rainer_sturm_pixelio.jpg\" \/>\n\t<meta property=\"og:image:width\" content=\"945\" \/>\n\t<meta property=\"og:image:height\" content=\"630\" \/>\n\t<meta property=\"og:image:type\" content=\"image\/jpeg\" \/>\n<meta name=\"author\" content=\"LekiesT\" \/>\n<meta name=\"twitter:card\" content=\"summary_large_image\" \/>\n<meta name=\"twitter:label1\" content=\"Verfasst von\" \/>\n\t<meta name=\"twitter:data1\" content=\"LekiesT\" \/>\n\t<meta name=\"twitter:label2\" content=\"Gesch\u00e4tzte Lesezeit\" \/>\n\t<meta name=\"twitter:data2\" content=\"1\u00a0Minute\" \/>\n<script type=\"application\/ld+json\" class=\"yoast-schema-graph\">{\"@context\":\"https:\/\/schema.org\",\"@graph\":[{\"@type\":\"Article\",\"@id\":\"https:\/\/www.mettmann.de\/web\/ausschuss-fuer-schule-und-bildung-tagt-am-25-februar\/#article\",\"isPartOf\":{\"@id\":\"https:\/\/www.mettmann.de\/web\/ausschuss-fuer-schule-und-bildung-tagt-am-25-februar\/\"},\"author\":{\"name\":\"LekiesT\",\"@id\":\"https:\/\/www.mettmann.de\/web\/#\/schema\/person\/c0deeeba8d377efe8e769dc7f56c2292\"},\"headline\":\"Ausschuss f\u00fcr Schule und Bildung tagt am 25. Februar\",\"datePublished\":\"2021-02-23T10:51:10+00:00\",\"dateModified\":\"2021-02-23T12:57:07+00:00\",\"mainEntityOfPage\":{\"@id\":\"https:\/\/www.mettmann.de\/web\/ausschuss-fuer-schule-und-bildung-tagt-am-25-februar\/\"},\"wordCount\":116,\"publisher\":{\"@id\":\"https:\/\/www.mettmann.de\/web\/#organization\"},\"image\":{\"@id\":\"https:\/\/www.mettmann.de\/web\/ausschuss-fuer-schule-und-bildung-tagt-am-25-februar\/#primaryimage\"},\"thumbnailUrl\":\"https:\/\/www.mettmann.de\/web\/wp-content\/uploads\/2019\/09\/termin_rainer_sturm_pixelio.jpg\",\"keywords\":[\"Bildung\",\"Gesamtschule\",\"Mettmann\",\"Realschule\",\"Schulausschuss\"],\"inLanguage\":\"de\"},{\"@type\":\"WebPage\",\"@id\":\"https:\/\/www.mettmann.de\/web\/ausschuss-fuer-schule-und-bildung-tagt-am-25-februar\/\",\"url\":\"https:\/\/www.mettmann.de\/web\/ausschuss-fuer-schule-und-bildung-tagt-am-25-februar\/\",\"name\":\"Ausschuss f\u00fcr Schule und Bildung tagt am 25. Februar\",\"isPartOf\":{\"@id\":\"https:\/\/www.mettmann.de\/web\/#website\"},\"primaryImageOfPage\":{\"@id\":\"https:\/\/www.mettmann.de\/web\/ausschuss-fuer-schule-und-bildung-tagt-am-25-februar\/#primaryimage\"},\"image\":{\"@id\":\"https:\/\/www.mettmann.de\/web\/ausschuss-fuer-schule-und-bildung-tagt-am-25-februar\/#primaryimage\"},\"thumbnailUrl\":\"https:\/\/www.mettmann.de\/web\/wp-content\/uploads\/2019\/09\/termin_rainer_sturm_pixelio.jpg\",\"datePublished\":\"2021-02-23T10:51:10+00:00\",\"dateModified\":\"2021-02-23T12:57:07+00:00\",\"breadcrumb\":{\"@id\":\"https:\/\/www.mettmann.de\/web\/ausschuss-fuer-schule-und-bildung-tagt-am-25-februar\/#breadcrumb\"},\"inLanguage\":\"de\",\"potentialAction\":[{\"@type\":\"ReadAction\",\"target\":[\"https:\/\/www.mettmann.de\/web\/ausschuss-fuer-schule-und-bildung-tagt-am-25-februar\/\"]}]},{\"@type\":\"ImageObject\",\"inLanguage\":\"de\",\"@id\":\"https:\/\/www.mettmann.de\/web\/ausschuss-fuer-schule-und-bildung-tagt-am-25-februar\/#primaryimage\",\"url\":\"https:\/\/www.mettmann.de\/web\/wp-content\/uploads\/2019\/09\/termin_rainer_sturm_pixelio.jpg\",\"contentUrl\":\"https:\/\/www.mettmann.de\/web\/wp-content\/uploads\/2019\/09\/termin_rainer_sturm_pixelio.jpg\",\"width\":945,\"height\":630,\"caption\":\"Symbolfoto: Rainer Sturm \/ Pixelio\"},{\"@type\":\"BreadcrumbList\",\"@id\":\"https:\/\/www.mettmann.de\/web\/ausschuss-fuer-schule-und-bildung-tagt-am-25-februar\/#breadcrumb\",\"itemListElement\":[{\"@type\":\"ListItem\",\"position\":1,\"name\":\"Startseite\",\"item\":\"https:\/\/www.mettmann.de\/web\/\"},{\"@type\":\"ListItem\",\"position\":2,\"name\":\"Ausschuss f\u00fcr Schule und Bildung tagt am 25. Februar\"}]},{\"@type\":\"WebSite\",\"@id\":\"https:\/\/www.mettmann.de\/web\/#website\",\"url\":\"https:\/\/www.mettmann.de\/web\/\",\"name\":\"Stadtverwaltung Mettmann\",\"description\":\"Internetseite der Kreisstadt Mettmann\",\"publisher\":{\"@id\":\"https:\/\/www.mettmann.de\/web\/#organization\"},\"potentialAction\":[{\"@type\":\"SearchAction\",\"target\":{\"@type\":\"EntryPoint\",\"urlTemplate\":\"https:\/\/www.mettmann.de\/web\/?s={search_term_string}\"},\"query-input\":{\"@type\":\"PropertyValueSpecification\",\"valueRequired\":true,\"valueName\":\"search_term_string\"}}],\"inLanguage\":\"de\"},{\"@type\":\"Organization\",\"@id\":\"https:\/\/www.mettmann.de\/web\/#organization\",\"name\":\"Kreisstadt Mettmann\",\"url\":\"https:\/\/www.mettmann.de\/web\/\",\"logo\":{\"@type\":\"ImageObject\",\"inLanguage\":\"de\",\"@id\":\"https:\/\/www.mettmann.de\/web\/#\/schema\/logo\/image\/\",\"url\":\"https:\/\/www.mettmann.de\/web\/wp-content\/uploads\/2019\/08\/Kreisstadt_Mettmann_Logo_RGB_150dpi.png\",\"contentUrl\":\"https:\/\/www.mettmann.de\/web\/wp-content\/uploads\/2019\/08\/Kreisstadt_Mettmann_Logo_RGB_150dpi.png\",\"width\":1302,\"height\":191,\"caption\":\"Kreisstadt Mettmann\"},\"image\":{\"@id\":\"https:\/\/www.mettmann.de\/web\/#\/schema\/logo\/image\/\"},\"sameAs\":[\"https:\/\/www.facebook.com\/kreisstadt.mettmann\",\"https:\/\/de.wikipedia.org\/wiki\/Mettmann\"]},{\"@type\":\"Person\",\"@id\":\"https:\/\/www.mettmann.de\/web\/#\/schema\/person\/c0deeeba8d377efe8e769dc7f56c2292\",\"name\":\"LekiesT\"}]}<\/script>\n<!-- \/ Yoast SEO plugin. -->","yoast_head_json":{"title":"Ausschuss f\u00fcr Schule und Bildung tagt am 25. Februar","robots":{"index":"index","follow":"follow","max-snippet":"max-snippet:-1","max-image-preview":"max-image-preview:large","max-video-preview":"max-video-preview:-1"},"canonical":"https:\/\/www.mettmann.de\/web\/ausschuss-fuer-schule-und-bildung-tagt-am-25-februar\/","og_locale":"de_DE","og_type":"article","og_title":"Ausschuss f\u00fcr Schule und Bildung tagt am 25. Februar","og_description":"\u00dcber den aktuellen Sachstand zur Errichtung der Gesamtschule und der Aufl\u00f6sung der Carl-Fuhlrott-Realschule wird die Verwaltung in der Sitzung des Ausschusses f\u00fcr Schule und Bildung am Donnerstag, 25. Februar, berichten. Der \u00f6ffentliche Teil der Sitzung...","og_url":"https:\/\/www.mettmann.de\/web\/ausschuss-fuer-schule-und-bildung-tagt-am-25-februar\/","og_site_name":"Stadtverwaltung Mettmann","article_publisher":"https:\/\/www.facebook.com\/kreisstadt.mettmann","article_published_time":"2021-02-23T10:51:10+00:00","article_modified_time":"2021-02-23T12:57:07+00:00","og_image":[{"width":945,"height":630,"url":"https:\/\/www.mettmann.de\/web\/wp-content\/uploads\/2019\/09\/termin_rainer_sturm_pixelio.jpg","type":"image\/jpeg"}],"author":"LekiesT","twitter_card":"summary_large_image","twitter_misc":{"Verfasst von":"LekiesT","Gesch\u00e4tzte Lesezeit":"1\u00a0Minute"},"schema":{"@context":"https:\/\/schema.org","@graph":[{"@type":"Article","@id":"https:\/\/www.mettmann.de\/web\/ausschuss-fuer-schule-und-bildung-tagt-am-25-februar\/#article","isPartOf":{"@id":"https:\/\/www.mettmann.de\/web\/ausschuss-fuer-schule-und-bildung-tagt-am-25-februar\/"},"author":{"name":"LekiesT","@id":"https:\/\/www.mettmann.de\/web\/#\/schema\/person\/c0deeeba8d377efe8e769dc7f56c2292"},"headline":"Ausschuss f\u00fcr Schule und Bildung tagt am 25. Februar","datePublished":"2021-02-23T10:51:10+00:00","dateModified":"2021-02-23T12:57:07+00:00","mainEntityOfPage":{"@id":"https:\/\/www.mettmann.de\/web\/ausschuss-fuer-schule-und-bildung-tagt-am-25-februar\/"},"wordCount":116,"publisher":{"@id":"https:\/\/www.mettmann.de\/web\/#organization"},"image":{"@id":"https:\/\/www.mettmann.de\/web\/ausschuss-fuer-schule-und-bildung-tagt-am-25-februar\/#primaryimage"},"thumbnailUrl":"https:\/\/www.mettmann.de\/web\/wp-content\/uploads\/2019\/09\/termin_rainer_sturm_pixelio.jpg","keywords":["Bildung","Gesamtschule","Mettmann","Realschule","Schulausschuss"],"inLanguage":"de"},{"@type":"WebPage","@id":"https:\/\/www.mettmann.de\/web\/ausschuss-fuer-schule-und-bildung-tagt-am-25-februar\/","url":"https:\/\/www.mettmann.de\/web\/ausschuss-fuer-schule-und-bildung-tagt-am-25-februar\/","name":"Ausschuss f\u00fcr Schule und Bildung tagt am 25. Februar","isPartOf":{"@id":"https:\/\/www.mettmann.de\/web\/#website"},"primaryImageOfPage":{"@id":"https:\/\/www.mettmann.de\/web\/ausschuss-fuer-schule-und-bildung-tagt-am-25-februar\/#primaryimage"},"image":{"@id":"https:\/\/www.mettmann.de\/web\/ausschuss-fuer-schule-und-bildung-tagt-am-25-februar\/#primaryimage"},"thumbnailUrl":"https:\/\/www.mettmann.de\/web\/wp-content\/uploads\/2019\/09\/termin_rainer_sturm_pixelio.jpg","datePublished":"2021-02-23T10:51:10+00:00","dateModified":"2021-02-23T12:57:07+00:00","breadcrumb":{"@id":"https:\/\/www.mettmann.de\/web\/ausschuss-fuer-schule-und-bildung-tagt-am-25-februar\/#breadcrumb"},"inLanguage":"de","potentialAction":[{"@type":"ReadAction","target":["https:\/\/www.mettmann.de\/web\/ausschuss-fuer-schule-und-bildung-tagt-am-25-februar\/"]}]},{"@type":"ImageObject","inLanguage":"de","@id":"https:\/\/www.mettmann.de\/web\/ausschuss-fuer-schule-und-bildung-tagt-am-25-februar\/#primaryimage","url":"https:\/\/www.mettmann.de\/web\/wp-content\/uploads\/2019\/09\/termin_rainer_sturm_pixelio.jpg","contentUrl":"https:\/\/www.mettmann.de\/web\/wp-content\/uploads\/2019\/09\/termin_rainer_sturm_pixelio.jpg","width":945,"height":630,"caption":"Symbolfoto: Rainer Sturm \/ Pixelio"},{"@type":"BreadcrumbList","@id":"https:\/\/www.mettmann.de\/web\/ausschuss-fuer-schule-und-bildung-tagt-am-25-februar\/#breadcrumb","itemListElement":[{"@type":"ListItem","position":1,"name":"Startseite","item":"https:\/\/www.mettmann.de\/web\/"},{"@type":"ListItem","position":2,"name":"Ausschuss f\u00fcr Schule und Bildung tagt am 25. Februar"}]},{"@type":"WebSite","@id":"https:\/\/www.mettmann.de\/web\/#website","url":"https:\/\/www.mettmann.de\/web\/","name":"Stadtverwaltung Mettmann","description":"Internetseite der Kreisstadt Mettmann","publisher":{"@id":"https:\/\/www.mettmann.de\/web\/#organization"},"potentialAction":[{"@type":"SearchAction","target":{"@type":"EntryPoint","urlTemplate":"https:\/\/www.mettmann.de\/web\/?s={search_term_string}"},"query-input":{"@type":"PropertyValueSpecification","valueRequired":true,"valueName":"search_term_string"}}],"inLanguage":"de"},{"@type":"Organization","@id":"https:\/\/www.mettmann.de\/web\/#organization","name":"Kreisstadt Mettmann","url":"https:\/\/www.mettmann.de\/web\/","logo":{"@type":"ImageObject","inLanguage":"de","@id":"https:\/\/www.mettmann.de\/web\/#\/schema\/logo\/image\/","url":"https:\/\/www.mettmann.de\/web\/wp-content\/uploads\/2019\/08\/Kreisstadt_Mettmann_Logo_RGB_150dpi.png","contentUrl":"https:\/\/www.mettmann.de\/web\/wp-content\/uploads\/2019\/08\/Kreisstadt_Mettmann_Logo_RGB_150dpi.png","width":1302,"height":191,"caption":"Kreisstadt Mettmann"},"image":{"@id":"https:\/\/www.mettmann.de\/web\/#\/schema\/logo\/image\/"},"sameAs":["https:\/\/www.facebook.com\/kreisstadt.mettmann","https:\/\/de.wikipedia.org\/wiki\/Mettmann"]},{"@type":"Person","@id":"https:\/\/www.mettmann.de\/web\/#\/schema\/person\/c0deeeba8d377efe8e769dc7f56c2292","name":"LekiesT"}]}},"_links":{"self":[{"href":"https:\/\/www.mettmann.de\/web\/wp-json\/wp\/v2\/posts\/11023","targetHints":{"allow":["GET"]}}],"collection":[{"href":"https:\/\/www.mettmann.de\/web\/wp-json\/wp\/v2\/posts"}],"about":[{"href":"https:\/\/www.mettmann.de\/web\/wp-json\/wp\/v2\/types\/post"}],"author":[{"embeddable":true,"href":"https:\/\/www.mettmann.de\/web\/wp-json\/wp\/v2\/users\/2"}],"replies":[{"embeddable":true,"href":"https:\/\/www.mettmann.de\/web\/wp-json\/wp\/v2\/comments?post=11023"}],"version-history":[{"count":7,"href":"https:\/\/www.mettmann.de\/web\/wp-json\/wp\/v2\/posts\/11023\/revisions"}],"predecessor-version":[{"id":11032,"href":"https:\/\/www.mettmann.de\/web\/wp-json\/wp\/v2\/posts\/11023\/revisions\/11032"}],"wp:featuredmedia":[{"embeddable":true,"href":"https:\/\/www.mettmann.de\/web\/wp-json\/wp\/v2\/media\/849"}],"wp:attachment":[{"href":"https:\/\/www.mettmann.de\/web\/wp-json\/wp\/v2\/media?parent=11023"}],"wp:term":[{"taxonomy":"category","embeddable":true,"href":"https:\/\/www.mettmann.de\/web\/wp-json\/wp\/v2\/categories?post=11023"},{"taxonomy":"post_tag","embeddable":true,"href":"https:\/\/www.mettmann.de\/web\/wp-json\/wp\/v2\/tags?post=11023"}],"curies":[{"name":"wp","href":"https:\/\/api.w.org\/{rel}","templated":true}]}}