{"id":12181,"date":"2021-04-19T16:24:31","date_gmt":"2021-04-19T14:24:31","guid":{"rendered":"https:\/\/www.mettmann.de\/web\/?p=12181"},"modified":"2021-04-19T16:27:38","modified_gmt":"2021-04-19T14:27:38","slug":"verkehrsinseln-kuendigen-den-fruehling-an","status":"publish","type":"post","link":"https:\/\/www.mettmann.de\/web\/verkehrsinseln-kuendigen-den-fruehling-an\/","title":{"rendered":"Verkehrsinseln k\u00fcndigen den Fr\u00fchling an"},"content":{"rendered":"<p>Die st\u00e4dtische Abteilung f\u00fcr Gr\u00fcnfl\u00e4chen hat in den letzten Wochen begonnen, zahlreiche Verkehrsinseln im Stadtgebiet mit einer Staudenmischung zu bepflanzen. Die bunten Bl\u00fcten k\u00fcndigen nun den nahenden Fr\u00fchling an.<\/p>\n<p>&#8222;Die Staudenmischung mit dem Namen Silbersommer ist nicht nur insektenfreundlich, sondern auch besonders pflegeleicht&#8220;, erkl\u00e4rt Ellen Breuckmann von der Gr\u00fcnfl\u00e4chenabteilung. Zu bewundern sind die Pflanzen beispielsweise auf einer Verkehrsinsel an der Kreuzung Talstra\u00dfe in direkter Nachbarschaft zur Galerie K\u00f6nigshof, wo die Bepflanzung bereits vor zwei Jahren vorgenommen wurde.<\/p>\n<p>Weitere Verkehrsinseln werden in diesen Tagen ebenfalls mit der Silbersommer-Staudenmischung bepflanzt, beispielsweise an der Gartenstra\u00dfe, D\u00fcsseldorfer Stra\u00dfe und weitere sieben Beete an der Talstra\u00dfe.<\/p>\n","protected":false},"excerpt":{"rendered":"<p>Die st\u00e4dtische Abteilung f\u00fcr Gr\u00fcnfl\u00e4chen hat in den letzten Wochen begonnen, zahlreiche Verkehrsinseln im Stadtgebiet mit einer Staudenmischung zu bepflanzen. Die bunten Bl\u00fcten k\u00fcndigen nun den nahenden Fr\u00fchling an. &#8222;Die Staudenmischung mit dem Namen Silbersommer&#8230;<\/p>\n","protected":false},"author":1,"featured_media":12182,"comment_status":"closed","ping_status":"open","sticky":false,"template":"","format":"standard","meta":{"ngg_post_thumbnail":0,"footnotes":""},"categories":[1],"tags":[92,1345,1350,1349,4,1965,1966],"class_list":["post-12181","post","type-post","status-publish","format-standard","has-post-thumbnail","hentry","category-allgemein","tag-baubetriebshof","tag-bepflanzung","tag-breuckmann","tag-gruenflaechen","tag-mettmann","tag-silbersommer","tag-staudenmischung"],"yoast_head":"<!-- This site is optimized with the Yoast SEO plugin v27.2 - https:\/\/yoast.com\/product\/yoast-seo-wordpress\/ -->\n<title>Verkehrsinseln k\u00fcndigen den Fr\u00fchling an<\/title>\n<meta name=\"description\" content=\"Die st\u00e4dtische Abteilung f\u00fcr Gr\u00fcnfl\u00e4chen hat zusammen mit dem Baubetriebshof in den letzten Wochen begonnen, zahlreiche Verkehrsinseln im Stadtgebiet mit einer Staudenmischung zu bepflanzen.\" \/>\n<meta name=\"robots\" content=\"index, follow, max-snippet:-1, max-image-preview:large, max-video-preview:-1\" \/>\n<link rel=\"canonical\" href=\"https:\/\/www.mettmann.de\/web\/verkehrsinseln-kuendigen-den-fruehling-an\/\" \/>\n<meta property=\"og:locale\" content=\"de_DE\" \/>\n<meta property=\"og:type\" content=\"article\" \/>\n<meta property=\"og:title\" content=\"Verkehrsinseln k\u00fcndigen den Fr\u00fchling an\" \/>\n<meta property=\"og:description\" content=\"Foto: Kreisstadt Mettmann\" \/>\n<meta property=\"og:url\" content=\"https:\/\/www.mettmann.de\/web\/verkehrsinseln-kuendigen-den-fruehling-an\/\" \/>\n<meta property=\"og:site_name\" content=\"Stadtverwaltung Mettmann\" \/>\n<meta property=\"article:publisher\" content=\"https:\/\/www.facebook.com\/kreisstadt.mettmann\" \/>\n<meta property=\"article:published_time\" content=\"2021-04-19T14:24:31+00:00\" \/>\n<meta property=\"article:modified_time\" content=\"2021-04-19T14:27:38+00:00\" \/>\n<meta property=\"og:image\" content=\"https:\/\/www.mettmann.de\/web\/wp-content\/uploads\/2021\/04\/bepflanzung-silbersommer-mettmann.jpg\" \/>\n\t<meta property=\"og:image:width\" content=\"2016\" \/>\n\t<meta property=\"og:image:height\" content=\"1134\" \/>\n\t<meta property=\"og:image:type\" content=\"image\/jpeg\" \/>\n<meta name=\"author\" content=\"chbarra\" \/>\n<meta name=\"twitter:card\" content=\"summary_large_image\" \/>\n<meta name=\"twitter:label1\" content=\"Verfasst von\" \/>\n\t<meta name=\"twitter:data1\" content=\"chbarra\" \/>\n\t<meta name=\"twitter:label2\" content=\"Gesch\u00e4tzte Lesezeit\" \/>\n\t<meta name=\"twitter:data2\" content=\"1\u00a0Minute\" \/>\n<script type=\"application\/ld+json\" class=\"yoast-schema-graph\">{\"@context\":\"https:\/\/schema.org\",\"@graph\":[{\"@type\":\"Article\",\"@id\":\"https:\/\/www.mettmann.de\/web\/verkehrsinseln-kuendigen-den-fruehling-an\/#article\",\"isPartOf\":{\"@id\":\"https:\/\/www.mettmann.de\/web\/verkehrsinseln-kuendigen-den-fruehling-an\/\"},\"author\":{\"name\":\"chbarra\",\"@id\":\"https:\/\/www.mettmann.de\/web\/#\/schema\/person\/03e91284de46d07dd5399ec4af554dc6\"},\"headline\":\"Verkehrsinseln k\u00fcndigen den Fr\u00fchling an\",\"datePublished\":\"2021-04-19T14:24:31+00:00\",\"dateModified\":\"2021-04-19T14:27:38+00:00\",\"mainEntityOfPage\":{\"@id\":\"https:\/\/www.mettmann.de\/web\/verkehrsinseln-kuendigen-den-fruehling-an\/\"},\"wordCount\":124,\"publisher\":{\"@id\":\"https:\/\/www.mettmann.de\/web\/#organization\"},\"image\":{\"@id\":\"https:\/\/www.mettmann.de\/web\/verkehrsinseln-kuendigen-den-fruehling-an\/#primaryimage\"},\"thumbnailUrl\":\"https:\/\/www.mettmann.de\/web\/wp-content\/uploads\/2021\/04\/bepflanzung-silbersommer-mettmann.jpg\",\"keywords\":[\"Baubetriebshof\",\"Bepflanzung\",\"Breuckmann\",\"Gr\u00fcnfl\u00e4chen\",\"Mettmann\",\"Silbersommer\",\"Staudenmischung\"],\"inLanguage\":\"de\"},{\"@type\":\"WebPage\",\"@id\":\"https:\/\/www.mettmann.de\/web\/verkehrsinseln-kuendigen-den-fruehling-an\/\",\"url\":\"https:\/\/www.mettmann.de\/web\/verkehrsinseln-kuendigen-den-fruehling-an\/\",\"name\":\"Verkehrsinseln k\u00fcndigen den Fr\u00fchling an\",\"isPartOf\":{\"@id\":\"https:\/\/www.mettmann.de\/web\/#website\"},\"primaryImageOfPage\":{\"@id\":\"https:\/\/www.mettmann.de\/web\/verkehrsinseln-kuendigen-den-fruehling-an\/#primaryimage\"},\"image\":{\"@id\":\"https:\/\/www.mettmann.de\/web\/verkehrsinseln-kuendigen-den-fruehling-an\/#primaryimage\"},\"thumbnailUrl\":\"https:\/\/www.mettmann.de\/web\/wp-content\/uploads\/2021\/04\/bepflanzung-silbersommer-mettmann.jpg\",\"datePublished\":\"2021-04-19T14:24:31+00:00\",\"dateModified\":\"2021-04-19T14:27:38+00:00\",\"description\":\"Die st\u00e4dtische Abteilung f\u00fcr Gr\u00fcnfl\u00e4chen hat zusammen mit dem Baubetriebshof in den letzten Wochen begonnen, zahlreiche Verkehrsinseln im Stadtgebiet mit einer Staudenmischung zu bepflanzen.\",\"breadcrumb\":{\"@id\":\"https:\/\/www.mettmann.de\/web\/verkehrsinseln-kuendigen-den-fruehling-an\/#breadcrumb\"},\"inLanguage\":\"de\",\"potentialAction\":[{\"@type\":\"ReadAction\",\"target\":[\"https:\/\/www.mettmann.de\/web\/verkehrsinseln-kuendigen-den-fruehling-an\/\"]}]},{\"@type\":\"ImageObject\",\"inLanguage\":\"de\",\"@id\":\"https:\/\/www.mettmann.de\/web\/verkehrsinseln-kuendigen-den-fruehling-an\/#primaryimage\",\"url\":\"https:\/\/www.mettmann.de\/web\/wp-content\/uploads\/2021\/04\/bepflanzung-silbersommer-mettmann.jpg\",\"contentUrl\":\"https:\/\/www.mettmann.de\/web\/wp-content\/uploads\/2021\/04\/bepflanzung-silbersommer-mettmann.jpg\",\"width\":2016,\"height\":1134,\"caption\":\"Foto: Kreisstadt Mettmann\"},{\"@type\":\"BreadcrumbList\",\"@id\":\"https:\/\/www.mettmann.de\/web\/verkehrsinseln-kuendigen-den-fruehling-an\/#breadcrumb\",\"itemListElement\":[{\"@type\":\"ListItem\",\"position\":1,\"name\":\"Startseite\",\"item\":\"https:\/\/www.mettmann.de\/web\/\"},{\"@type\":\"ListItem\",\"position\":2,\"name\":\"Verkehrsinseln k\u00fcndigen den Fr\u00fchling an\"}]},{\"@type\":\"WebSite\",\"@id\":\"https:\/\/www.mettmann.de\/web\/#website\",\"url\":\"https:\/\/www.mettmann.de\/web\/\",\"name\":\"Stadtverwaltung Mettmann\",\"description\":\"Internetseite der Kreisstadt Mettmann\",\"publisher\":{\"@id\":\"https:\/\/www.mettmann.de\/web\/#organization\"},\"potentialAction\":[{\"@type\":\"SearchAction\",\"target\":{\"@type\":\"EntryPoint\",\"urlTemplate\":\"https:\/\/www.mettmann.de\/web\/?s={search_term_string}\"},\"query-input\":{\"@type\":\"PropertyValueSpecification\",\"valueRequired\":true,\"valueName\":\"search_term_string\"}}],\"inLanguage\":\"de\"},{\"@type\":\"Organization\",\"@id\":\"https:\/\/www.mettmann.de\/web\/#organization\",\"name\":\"Kreisstadt Mettmann\",\"url\":\"https:\/\/www.mettmann.de\/web\/\",\"logo\":{\"@type\":\"ImageObject\",\"inLanguage\":\"de\",\"@id\":\"https:\/\/www.mettmann.de\/web\/#\/schema\/logo\/image\/\",\"url\":\"https:\/\/www.mettmann.de\/web\/wp-content\/uploads\/2019\/08\/Kreisstadt_Mettmann_Logo_RGB_150dpi.png\",\"contentUrl\":\"https:\/\/www.mettmann.de\/web\/wp-content\/uploads\/2019\/08\/Kreisstadt_Mettmann_Logo_RGB_150dpi.png\",\"width\":1302,\"height\":191,\"caption\":\"Kreisstadt Mettmann\"},\"image\":{\"@id\":\"https:\/\/www.mettmann.de\/web\/#\/schema\/logo\/image\/\"},\"sameAs\":[\"https:\/\/www.facebook.com\/kreisstadt.mettmann\",\"https:\/\/de.wikipedia.org\/wiki\/Mettmann\"]},{\"@type\":\"Person\",\"@id\":\"https:\/\/www.mettmann.de\/web\/#\/schema\/person\/03e91284de46d07dd5399ec4af554dc6\",\"name\":\"chbarra\"}]}<\/script>\n<!-- \/ Yoast SEO plugin. -->","yoast_head_json":{"title":"Verkehrsinseln k\u00fcndigen den Fr\u00fchling an","description":"Die st\u00e4dtische Abteilung f\u00fcr Gr\u00fcnfl\u00e4chen hat zusammen mit dem Baubetriebshof in den letzten Wochen begonnen, zahlreiche Verkehrsinseln im Stadtgebiet mit einer Staudenmischung zu bepflanzen.","robots":{"index":"index","follow":"follow","max-snippet":"max-snippet:-1","max-image-preview":"max-image-preview:large","max-video-preview":"max-video-preview:-1"},"canonical":"https:\/\/www.mettmann.de\/web\/verkehrsinseln-kuendigen-den-fruehling-an\/","og_locale":"de_DE","og_type":"article","og_title":"Verkehrsinseln k\u00fcndigen den Fr\u00fchling an","og_description":"Foto: Kreisstadt Mettmann","og_url":"https:\/\/www.mettmann.de\/web\/verkehrsinseln-kuendigen-den-fruehling-an\/","og_site_name":"Stadtverwaltung Mettmann","article_publisher":"https:\/\/www.facebook.com\/kreisstadt.mettmann","article_published_time":"2021-04-19T14:24:31+00:00","article_modified_time":"2021-04-19T14:27:38+00:00","og_image":[{"width":2016,"height":1134,"url":"https:\/\/www.mettmann.de\/web\/wp-content\/uploads\/2021\/04\/bepflanzung-silbersommer-mettmann.jpg","type":"image\/jpeg"}],"author":"chbarra","twitter_card":"summary_large_image","twitter_misc":{"Verfasst von":"chbarra","Gesch\u00e4tzte Lesezeit":"1\u00a0Minute"},"schema":{"@context":"https:\/\/schema.org","@graph":[{"@type":"Article","@id":"https:\/\/www.mettmann.de\/web\/verkehrsinseln-kuendigen-den-fruehling-an\/#article","isPartOf":{"@id":"https:\/\/www.mettmann.de\/web\/verkehrsinseln-kuendigen-den-fruehling-an\/"},"author":{"name":"chbarra","@id":"https:\/\/www.mettmann.de\/web\/#\/schema\/person\/03e91284de46d07dd5399ec4af554dc6"},"headline":"Verkehrsinseln k\u00fcndigen den Fr\u00fchling an","datePublished":"2021-04-19T14:24:31+00:00","dateModified":"2021-04-19T14:27:38+00:00","mainEntityOfPage":{"@id":"https:\/\/www.mettmann.de\/web\/verkehrsinseln-kuendigen-den-fruehling-an\/"},"wordCount":124,"publisher":{"@id":"https:\/\/www.mettmann.de\/web\/#organization"},"image":{"@id":"https:\/\/www.mettmann.de\/web\/verkehrsinseln-kuendigen-den-fruehling-an\/#primaryimage"},"thumbnailUrl":"https:\/\/www.mettmann.de\/web\/wp-content\/uploads\/2021\/04\/bepflanzung-silbersommer-mettmann.jpg","keywords":["Baubetriebshof","Bepflanzung","Breuckmann","Gr\u00fcnfl\u00e4chen","Mettmann","Silbersommer","Staudenmischung"],"inLanguage":"de"},{"@type":"WebPage","@id":"https:\/\/www.mettmann.de\/web\/verkehrsinseln-kuendigen-den-fruehling-an\/","url":"https:\/\/www.mettmann.de\/web\/verkehrsinseln-kuendigen-den-fruehling-an\/","name":"Verkehrsinseln k\u00fcndigen den Fr\u00fchling an","isPartOf":{"@id":"https:\/\/www.mettmann.de\/web\/#website"},"primaryImageOfPage":{"@id":"https:\/\/www.mettmann.de\/web\/verkehrsinseln-kuendigen-den-fruehling-an\/#primaryimage"},"image":{"@id":"https:\/\/www.mettmann.de\/web\/verkehrsinseln-kuendigen-den-fruehling-an\/#primaryimage"},"thumbnailUrl":"https:\/\/www.mettmann.de\/web\/wp-content\/uploads\/2021\/04\/bepflanzung-silbersommer-mettmann.jpg","datePublished":"2021-04-19T14:24:31+00:00","dateModified":"2021-04-19T14:27:38+00:00","description":"Die st\u00e4dtische Abteilung f\u00fcr Gr\u00fcnfl\u00e4chen hat zusammen mit dem Baubetriebshof in den letzten Wochen begonnen, zahlreiche Verkehrsinseln im Stadtgebiet mit einer Staudenmischung zu bepflanzen.","breadcrumb":{"@id":"https:\/\/www.mettmann.de\/web\/verkehrsinseln-kuendigen-den-fruehling-an\/#breadcrumb"},"inLanguage":"de","potentialAction":[{"@type":"ReadAction","target":["https:\/\/www.mettmann.de\/web\/verkehrsinseln-kuendigen-den-fruehling-an\/"]}]},{"@type":"ImageObject","inLanguage":"de","@id":"https:\/\/www.mettmann.de\/web\/verkehrsinseln-kuendigen-den-fruehling-an\/#primaryimage","url":"https:\/\/www.mettmann.de\/web\/wp-content\/uploads\/2021\/04\/bepflanzung-silbersommer-mettmann.jpg","contentUrl":"https:\/\/www.mettmann.de\/web\/wp-content\/uploads\/2021\/04\/bepflanzung-silbersommer-mettmann.jpg","width":2016,"height":1134,"caption":"Foto: Kreisstadt Mettmann"},{"@type":"BreadcrumbList","@id":"https:\/\/www.mettmann.de\/web\/verkehrsinseln-kuendigen-den-fruehling-an\/#breadcrumb","itemListElement":[{"@type":"ListItem","position":1,"name":"Startseite","item":"https:\/\/www.mettmann.de\/web\/"},{"@type":"ListItem","position":2,"name":"Verkehrsinseln k\u00fcndigen den Fr\u00fchling an"}]},{"@type":"WebSite","@id":"https:\/\/www.mettmann.de\/web\/#website","url":"https:\/\/www.mettmann.de\/web\/","name":"Stadtverwaltung Mettmann","description":"Internetseite der Kreisstadt Mettmann","publisher":{"@id":"https:\/\/www.mettmann.de\/web\/#organization"},"potentialAction":[{"@type":"SearchAction","target":{"@type":"EntryPoint","urlTemplate":"https:\/\/www.mettmann.de\/web\/?s={search_term_string}"},"query-input":{"@type":"PropertyValueSpecification","valueRequired":true,"valueName":"search_term_string"}}],"inLanguage":"de"},{"@type":"Organization","@id":"https:\/\/www.mettmann.de\/web\/#organization","name":"Kreisstadt Mettmann","url":"https:\/\/www.mettmann.de\/web\/","logo":{"@type":"ImageObject","inLanguage":"de","@id":"https:\/\/www.mettmann.de\/web\/#\/schema\/logo\/image\/","url":"https:\/\/www.mettmann.de\/web\/wp-content\/uploads\/2019\/08\/Kreisstadt_Mettmann_Logo_RGB_150dpi.png","contentUrl":"https:\/\/www.mettmann.de\/web\/wp-content\/uploads\/2019\/08\/Kreisstadt_Mettmann_Logo_RGB_150dpi.png","width":1302,"height":191,"caption":"Kreisstadt Mettmann"},"image":{"@id":"https:\/\/www.mettmann.de\/web\/#\/schema\/logo\/image\/"},"sameAs":["https:\/\/www.facebook.com\/kreisstadt.mettmann","https:\/\/de.wikipedia.org\/wiki\/Mettmann"]},{"@type":"Person","@id":"https:\/\/www.mettmann.de\/web\/#\/schema\/person\/03e91284de46d07dd5399ec4af554dc6","name":"chbarra"}]}},"_links":{"self":[{"href":"https:\/\/www.mettmann.de\/web\/wp-json\/wp\/v2\/posts\/12181","targetHints":{"allow":["GET"]}}],"collection":[{"href":"https:\/\/www.mettmann.de\/web\/wp-json\/wp\/v2\/posts"}],"about":[{"href":"https:\/\/www.mettmann.de\/web\/wp-json\/wp\/v2\/types\/post"}],"author":[{"embeddable":true,"href":"https:\/\/www.mettmann.de\/web\/wp-json\/wp\/v2\/users\/1"}],"replies":[{"embeddable":true,"href":"https:\/\/www.mettmann.de\/web\/wp-json\/wp\/v2\/comments?post=12181"}],"version-history":[{"count":3,"href":"https:\/\/www.mettmann.de\/web\/wp-json\/wp\/v2\/posts\/12181\/revisions"}],"predecessor-version":[{"id":12185,"href":"https:\/\/www.mettmann.de\/web\/wp-json\/wp\/v2\/posts\/12181\/revisions\/12185"}],"wp:featuredmedia":[{"embeddable":true,"href":"https:\/\/www.mettmann.de\/web\/wp-json\/wp\/v2\/media\/12182"}],"wp:attachment":[{"href":"https:\/\/www.mettmann.de\/web\/wp-json\/wp\/v2\/media?parent=12181"}],"wp:term":[{"taxonomy":"category","embeddable":true,"href":"https:\/\/www.mettmann.de\/web\/wp-json\/wp\/v2\/categories?post=12181"},{"taxonomy":"post_tag","embeddable":true,"href":"https:\/\/www.mettmann.de\/web\/wp-json\/wp\/v2\/tags?post=12181"}],"curies":[{"name":"wp","href":"https:\/\/api.w.org\/{rel}","templated":true}]}}