{"id":1521,"date":"2019-10-07T14:27:42","date_gmt":"2019-10-07T12:27:42","guid":{"rendered":"https:\/\/www.mettmann.de\/web\/?p=1521"},"modified":"2019-10-07T14:28:45","modified_gmt":"2019-10-07T12:28:45","slug":"rat-stimmt-verkaufsoffenem-sonntag-zum-blotschenmarkt-zu","status":"publish","type":"post","link":"https:\/\/www.mettmann.de\/web\/rat-stimmt-verkaufsoffenem-sonntag-zum-blotschenmarkt-zu\/","title":{"rendered":"Rat stimmt verkaufsoffenem Sonntag am 8. Dezember zu"},"content":{"rendered":"<p>Die Mehrheit der Ratsmitglieder hat in der Sitzung des Stadtrates am Dienstag, 1. Oktober, dem Antrag der Werbegemeinschaften Mettmann Impulse und der Galerie K\u00f6nigshof, zum Blotschenmarkt einen verkaufsoffenen Sonntag durchzuf\u00fchren, zugestimmt.<\/p>\n<p>Demnach k\u00f6nnen die Gesch\u00e4fte in der Innenstadt am 8. Dezember von 13 bis 18 Uhr \u00f6ffnen. An diesem Sonntag soll neben dem Blotschenmarkt zum zweiten Mal ein Adventsmarkt mit typischen Angeboten an Speisen und Getr\u00e4nken, einer aufblasbaren Rollenrutsche und Rentier-Rodeo an der Stra\u00dfe Am K\u00f6nigshof vor der Galerie K\u00f6nigshof veranstaltet werden.<\/p>\n<p>Au\u00dferdem soll am 8. Dezember erstmals ein weihnachtlicher Tr\u00f6delmarkt im Bereich Freiheitstra\u00dfe, Lavalplatz und der Stra\u00dfe Am K\u00f6nigshof angeboten werden. Der Tr\u00f6delmarkt soll das Bindeglied zwischen Blotschenmarkt und dem Adventsmarkt vor der Galerie K\u00f6nigshof bilden.<\/p>\n","protected":false},"excerpt":{"rendered":"<p>Die Mehrheit der Ratsmitglieder hat in der Sitzung des Stadtrates am Dienstag, 1. Oktober, dem Antrag der Werbegemeinschaften Mettmann Impulse und der Galerie K\u00f6nigshof, zum Blotschenmarkt einen verkaufsoffenen Sonntag durchzuf\u00fchren, zugestimmt. Demnach k\u00f6nnen die Gesch\u00e4fte&#8230;<\/p>\n","protected":false},"author":1,"featured_media":1522,"comment_status":"closed","ping_status":"open","sticky":false,"template":"","format":"standard","meta":{"ngg_post_thumbnail":0,"footnotes":""},"categories":[1],"tags":[355,357,4,358,13,356,359],"class_list":["post-1521","post","type-post","status-publish","format-standard","has-post-thumbnail","hentry","category-allgemein","tag-blotschenmarkt","tag-galerie-koenigshof","tag-mettmann","tag-mettmann-impulse","tag-troedelmarkt","tag-verkaufsoffener-sonntag","tag-werbegemeinschaft"],"yoast_head":"<!-- This site is optimized with the Yoast SEO plugin v27.2 - https:\/\/yoast.com\/product\/yoast-seo-wordpress\/ -->\n<title>Rat stimmt verkaufsoffenem Sonntag am 8. Dezember zu<\/title>\n<meta name=\"robots\" content=\"index, follow, max-snippet:-1, max-image-preview:large, max-video-preview:-1\" \/>\n<link rel=\"canonical\" href=\"https:\/\/www.mettmann.de\/web\/rat-stimmt-verkaufsoffenem-sonntag-zum-blotschenmarkt-zu\/\" \/>\n<meta property=\"og:locale\" content=\"de_DE\" \/>\n<meta property=\"og:type\" content=\"article\" \/>\n<meta property=\"og:title\" content=\"Rat stimmt verkaufsoffenem Sonntag am 8. Dezember zu\" \/>\n<meta property=\"og:description\" content=\"Die Mehrheit der Ratsmitglieder hat in der Sitzung des Stadtrates am Dienstag, 1. Oktober, dem Antrag der Werbegemeinschaften Mettmann Impulse und der Galerie K\u00f6nigshof, zum Blotschenmarkt einen verkaufsoffenen Sonntag durchzuf\u00fchren, zugestimmt. Demnach k\u00f6nnen die Gesch\u00e4fte...\" \/>\n<meta property=\"og:url\" content=\"https:\/\/www.mettmann.de\/web\/rat-stimmt-verkaufsoffenem-sonntag-zum-blotschenmarkt-zu\/\" \/>\n<meta property=\"og:site_name\" content=\"Stadtverwaltung Mettmann\" \/>\n<meta property=\"article:publisher\" content=\"https:\/\/www.facebook.com\/kreisstadt.mettmann\" \/>\n<meta property=\"article:published_time\" content=\"2019-10-07T12:27:42+00:00\" \/>\n<meta property=\"article:modified_time\" content=\"2019-10-07T12:28:45+00:00\" \/>\n<meta property=\"og:image\" content=\"https:\/\/www.mettmann.de\/web\/wp-content\/uploads\/2019\/10\/blotschenmarkt-mettmann-1024x576.jpg\" \/>\n\t<meta property=\"og:image:width\" content=\"1024\" \/>\n\t<meta property=\"og:image:height\" content=\"576\" \/>\n\t<meta property=\"og:image:type\" content=\"image\/jpeg\" \/>\n<meta name=\"author\" content=\"chbarra\" \/>\n<meta name=\"twitter:card\" content=\"summary_large_image\" \/>\n<meta name=\"twitter:label1\" content=\"Verfasst von\" \/>\n\t<meta name=\"twitter:data1\" content=\"chbarra\" \/>\n\t<meta name=\"twitter:label2\" content=\"Gesch\u00e4tzte Lesezeit\" \/>\n\t<meta name=\"twitter:data2\" content=\"1\u00a0Minute\" \/>\n<script type=\"application\/ld+json\" class=\"yoast-schema-graph\">{\"@context\":\"https:\/\/schema.org\",\"@graph\":[{\"@type\":\"Article\",\"@id\":\"https:\/\/www.mettmann.de\/web\/rat-stimmt-verkaufsoffenem-sonntag-zum-blotschenmarkt-zu\/#article\",\"isPartOf\":{\"@id\":\"https:\/\/www.mettmann.de\/web\/rat-stimmt-verkaufsoffenem-sonntag-zum-blotschenmarkt-zu\/\"},\"author\":{\"name\":\"chbarra\",\"@id\":\"https:\/\/www.mettmann.de\/web\/#\/schema\/person\/03e91284de46d07dd5399ec4af554dc6\"},\"headline\":\"Rat stimmt verkaufsoffenem Sonntag am 8. Dezember zu\",\"datePublished\":\"2019-10-07T12:27:42+00:00\",\"dateModified\":\"2019-10-07T12:28:45+00:00\",\"mainEntityOfPage\":{\"@id\":\"https:\/\/www.mettmann.de\/web\/rat-stimmt-verkaufsoffenem-sonntag-zum-blotschenmarkt-zu\/\"},\"wordCount\":134,\"publisher\":{\"@id\":\"https:\/\/www.mettmann.de\/web\/#organization\"},\"image\":{\"@id\":\"https:\/\/www.mettmann.de\/web\/rat-stimmt-verkaufsoffenem-sonntag-zum-blotschenmarkt-zu\/#primaryimage\"},\"thumbnailUrl\":\"https:\/\/www.mettmann.de\/web\/wp-content\/uploads\/2019\/10\/blotschenmarkt-mettmann.jpg\",\"keywords\":[\"Blotschenmarkt\",\"Galerie K\u00f6nigshof\",\"Mettmann\",\"Mettmann-Impulse\",\"Tr\u00f6delmarkt\",\"Verkaufsoffener Sonntag\",\"Werbegemeinschaft\"],\"inLanguage\":\"de\"},{\"@type\":\"WebPage\",\"@id\":\"https:\/\/www.mettmann.de\/web\/rat-stimmt-verkaufsoffenem-sonntag-zum-blotschenmarkt-zu\/\",\"url\":\"https:\/\/www.mettmann.de\/web\/rat-stimmt-verkaufsoffenem-sonntag-zum-blotschenmarkt-zu\/\",\"name\":\"Rat stimmt verkaufsoffenem Sonntag am 8. Dezember zu\",\"isPartOf\":{\"@id\":\"https:\/\/www.mettmann.de\/web\/#website\"},\"primaryImageOfPage\":{\"@id\":\"https:\/\/www.mettmann.de\/web\/rat-stimmt-verkaufsoffenem-sonntag-zum-blotschenmarkt-zu\/#primaryimage\"},\"image\":{\"@id\":\"https:\/\/www.mettmann.de\/web\/rat-stimmt-verkaufsoffenem-sonntag-zum-blotschenmarkt-zu\/#primaryimage\"},\"thumbnailUrl\":\"https:\/\/www.mettmann.de\/web\/wp-content\/uploads\/2019\/10\/blotschenmarkt-mettmann.jpg\",\"datePublished\":\"2019-10-07T12:27:42+00:00\",\"dateModified\":\"2019-10-07T12:28:45+00:00\",\"breadcrumb\":{\"@id\":\"https:\/\/www.mettmann.de\/web\/rat-stimmt-verkaufsoffenem-sonntag-zum-blotschenmarkt-zu\/#breadcrumb\"},\"inLanguage\":\"de\",\"potentialAction\":[{\"@type\":\"ReadAction\",\"target\":[\"https:\/\/www.mettmann.de\/web\/rat-stimmt-verkaufsoffenem-sonntag-zum-blotschenmarkt-zu\/\"]}]},{\"@type\":\"ImageObject\",\"inLanguage\":\"de\",\"@id\":\"https:\/\/www.mettmann.de\/web\/rat-stimmt-verkaufsoffenem-sonntag-zum-blotschenmarkt-zu\/#primaryimage\",\"url\":\"https:\/\/www.mettmann.de\/web\/wp-content\/uploads\/2019\/10\/blotschenmarkt-mettmann.jpg\",\"contentUrl\":\"https:\/\/www.mettmann.de\/web\/wp-content\/uploads\/2019\/10\/blotschenmarkt-mettmann.jpg\",\"width\":4000,\"height\":2250,\"caption\":\"Archivfoto: Kreisstadt Mettmann\"},{\"@type\":\"BreadcrumbList\",\"@id\":\"https:\/\/www.mettmann.de\/web\/rat-stimmt-verkaufsoffenem-sonntag-zum-blotschenmarkt-zu\/#breadcrumb\",\"itemListElement\":[{\"@type\":\"ListItem\",\"position\":1,\"name\":\"Startseite\",\"item\":\"https:\/\/www.mettmann.de\/web\/\"},{\"@type\":\"ListItem\",\"position\":2,\"name\":\"Rat stimmt verkaufsoffenem Sonntag am 8. Dezember zu\"}]},{\"@type\":\"WebSite\",\"@id\":\"https:\/\/www.mettmann.de\/web\/#website\",\"url\":\"https:\/\/www.mettmann.de\/web\/\",\"name\":\"Stadtverwaltung Mettmann\",\"description\":\"Internetseite der Kreisstadt Mettmann\",\"publisher\":{\"@id\":\"https:\/\/www.mettmann.de\/web\/#organization\"},\"potentialAction\":[{\"@type\":\"SearchAction\",\"target\":{\"@type\":\"EntryPoint\",\"urlTemplate\":\"https:\/\/www.mettmann.de\/web\/?s={search_term_string}\"},\"query-input\":{\"@type\":\"PropertyValueSpecification\",\"valueRequired\":true,\"valueName\":\"search_term_string\"}}],\"inLanguage\":\"de\"},{\"@type\":\"Organization\",\"@id\":\"https:\/\/www.mettmann.de\/web\/#organization\",\"name\":\"Kreisstadt Mettmann\",\"url\":\"https:\/\/www.mettmann.de\/web\/\",\"logo\":{\"@type\":\"ImageObject\",\"inLanguage\":\"de\",\"@id\":\"https:\/\/www.mettmann.de\/web\/#\/schema\/logo\/image\/\",\"url\":\"https:\/\/www.mettmann.de\/web\/wp-content\/uploads\/2019\/08\/Kreisstadt_Mettmann_Logo_RGB_150dpi.png\",\"contentUrl\":\"https:\/\/www.mettmann.de\/web\/wp-content\/uploads\/2019\/08\/Kreisstadt_Mettmann_Logo_RGB_150dpi.png\",\"width\":1302,\"height\":191,\"caption\":\"Kreisstadt Mettmann\"},\"image\":{\"@id\":\"https:\/\/www.mettmann.de\/web\/#\/schema\/logo\/image\/\"},\"sameAs\":[\"https:\/\/www.facebook.com\/kreisstadt.mettmann\",\"https:\/\/de.wikipedia.org\/wiki\/Mettmann\"]},{\"@type\":\"Person\",\"@id\":\"https:\/\/www.mettmann.de\/web\/#\/schema\/person\/03e91284de46d07dd5399ec4af554dc6\",\"name\":\"chbarra\"}]}<\/script>\n<!-- \/ Yoast SEO plugin. -->","yoast_head_json":{"title":"Rat stimmt verkaufsoffenem Sonntag am 8. Dezember zu","robots":{"index":"index","follow":"follow","max-snippet":"max-snippet:-1","max-image-preview":"max-image-preview:large","max-video-preview":"max-video-preview:-1"},"canonical":"https:\/\/www.mettmann.de\/web\/rat-stimmt-verkaufsoffenem-sonntag-zum-blotschenmarkt-zu\/","og_locale":"de_DE","og_type":"article","og_title":"Rat stimmt verkaufsoffenem Sonntag am 8. Dezember zu","og_description":"Die Mehrheit der Ratsmitglieder hat in der Sitzung des Stadtrates am Dienstag, 1. Oktober, dem Antrag der Werbegemeinschaften Mettmann Impulse und der Galerie K\u00f6nigshof, zum Blotschenmarkt einen verkaufsoffenen Sonntag durchzuf\u00fchren, zugestimmt. Demnach k\u00f6nnen die Gesch\u00e4fte...","og_url":"https:\/\/www.mettmann.de\/web\/rat-stimmt-verkaufsoffenem-sonntag-zum-blotschenmarkt-zu\/","og_site_name":"Stadtverwaltung Mettmann","article_publisher":"https:\/\/www.facebook.com\/kreisstadt.mettmann","article_published_time":"2019-10-07T12:27:42+00:00","article_modified_time":"2019-10-07T12:28:45+00:00","og_image":[{"width":1024,"height":576,"url":"https:\/\/www.mettmann.de\/web\/wp-content\/uploads\/2019\/10\/blotschenmarkt-mettmann-1024x576.jpg","type":"image\/jpeg"}],"author":"chbarra","twitter_card":"summary_large_image","twitter_misc":{"Verfasst von":"chbarra","Gesch\u00e4tzte Lesezeit":"1\u00a0Minute"},"schema":{"@context":"https:\/\/schema.org","@graph":[{"@type":"Article","@id":"https:\/\/www.mettmann.de\/web\/rat-stimmt-verkaufsoffenem-sonntag-zum-blotschenmarkt-zu\/#article","isPartOf":{"@id":"https:\/\/www.mettmann.de\/web\/rat-stimmt-verkaufsoffenem-sonntag-zum-blotschenmarkt-zu\/"},"author":{"name":"chbarra","@id":"https:\/\/www.mettmann.de\/web\/#\/schema\/person\/03e91284de46d07dd5399ec4af554dc6"},"headline":"Rat stimmt verkaufsoffenem Sonntag am 8. Dezember zu","datePublished":"2019-10-07T12:27:42+00:00","dateModified":"2019-10-07T12:28:45+00:00","mainEntityOfPage":{"@id":"https:\/\/www.mettmann.de\/web\/rat-stimmt-verkaufsoffenem-sonntag-zum-blotschenmarkt-zu\/"},"wordCount":134,"publisher":{"@id":"https:\/\/www.mettmann.de\/web\/#organization"},"image":{"@id":"https:\/\/www.mettmann.de\/web\/rat-stimmt-verkaufsoffenem-sonntag-zum-blotschenmarkt-zu\/#primaryimage"},"thumbnailUrl":"https:\/\/www.mettmann.de\/web\/wp-content\/uploads\/2019\/10\/blotschenmarkt-mettmann.jpg","keywords":["Blotschenmarkt","Galerie K\u00f6nigshof","Mettmann","Mettmann-Impulse","Tr\u00f6delmarkt","Verkaufsoffener Sonntag","Werbegemeinschaft"],"inLanguage":"de"},{"@type":"WebPage","@id":"https:\/\/www.mettmann.de\/web\/rat-stimmt-verkaufsoffenem-sonntag-zum-blotschenmarkt-zu\/","url":"https:\/\/www.mettmann.de\/web\/rat-stimmt-verkaufsoffenem-sonntag-zum-blotschenmarkt-zu\/","name":"Rat stimmt verkaufsoffenem Sonntag am 8. Dezember zu","isPartOf":{"@id":"https:\/\/www.mettmann.de\/web\/#website"},"primaryImageOfPage":{"@id":"https:\/\/www.mettmann.de\/web\/rat-stimmt-verkaufsoffenem-sonntag-zum-blotschenmarkt-zu\/#primaryimage"},"image":{"@id":"https:\/\/www.mettmann.de\/web\/rat-stimmt-verkaufsoffenem-sonntag-zum-blotschenmarkt-zu\/#primaryimage"},"thumbnailUrl":"https:\/\/www.mettmann.de\/web\/wp-content\/uploads\/2019\/10\/blotschenmarkt-mettmann.jpg","datePublished":"2019-10-07T12:27:42+00:00","dateModified":"2019-10-07T12:28:45+00:00","breadcrumb":{"@id":"https:\/\/www.mettmann.de\/web\/rat-stimmt-verkaufsoffenem-sonntag-zum-blotschenmarkt-zu\/#breadcrumb"},"inLanguage":"de","potentialAction":[{"@type":"ReadAction","target":["https:\/\/www.mettmann.de\/web\/rat-stimmt-verkaufsoffenem-sonntag-zum-blotschenmarkt-zu\/"]}]},{"@type":"ImageObject","inLanguage":"de","@id":"https:\/\/www.mettmann.de\/web\/rat-stimmt-verkaufsoffenem-sonntag-zum-blotschenmarkt-zu\/#primaryimage","url":"https:\/\/www.mettmann.de\/web\/wp-content\/uploads\/2019\/10\/blotschenmarkt-mettmann.jpg","contentUrl":"https:\/\/www.mettmann.de\/web\/wp-content\/uploads\/2019\/10\/blotschenmarkt-mettmann.jpg","width":4000,"height":2250,"caption":"Archivfoto: Kreisstadt Mettmann"},{"@type":"BreadcrumbList","@id":"https:\/\/www.mettmann.de\/web\/rat-stimmt-verkaufsoffenem-sonntag-zum-blotschenmarkt-zu\/#breadcrumb","itemListElement":[{"@type":"ListItem","position":1,"name":"Startseite","item":"https:\/\/www.mettmann.de\/web\/"},{"@type":"ListItem","position":2,"name":"Rat stimmt verkaufsoffenem Sonntag am 8. Dezember zu"}]},{"@type":"WebSite","@id":"https:\/\/www.mettmann.de\/web\/#website","url":"https:\/\/www.mettmann.de\/web\/","name":"Stadtverwaltung Mettmann","description":"Internetseite der Kreisstadt Mettmann","publisher":{"@id":"https:\/\/www.mettmann.de\/web\/#organization"},"potentialAction":[{"@type":"SearchAction","target":{"@type":"EntryPoint","urlTemplate":"https:\/\/www.mettmann.de\/web\/?s={search_term_string}"},"query-input":{"@type":"PropertyValueSpecification","valueRequired":true,"valueName":"search_term_string"}}],"inLanguage":"de"},{"@type":"Organization","@id":"https:\/\/www.mettmann.de\/web\/#organization","name":"Kreisstadt Mettmann","url":"https:\/\/www.mettmann.de\/web\/","logo":{"@type":"ImageObject","inLanguage":"de","@id":"https:\/\/www.mettmann.de\/web\/#\/schema\/logo\/image\/","url":"https:\/\/www.mettmann.de\/web\/wp-content\/uploads\/2019\/08\/Kreisstadt_Mettmann_Logo_RGB_150dpi.png","contentUrl":"https:\/\/www.mettmann.de\/web\/wp-content\/uploads\/2019\/08\/Kreisstadt_Mettmann_Logo_RGB_150dpi.png","width":1302,"height":191,"caption":"Kreisstadt Mettmann"},"image":{"@id":"https:\/\/www.mettmann.de\/web\/#\/schema\/logo\/image\/"},"sameAs":["https:\/\/www.facebook.com\/kreisstadt.mettmann","https:\/\/de.wikipedia.org\/wiki\/Mettmann"]},{"@type":"Person","@id":"https:\/\/www.mettmann.de\/web\/#\/schema\/person\/03e91284de46d07dd5399ec4af554dc6","name":"chbarra"}]}},"_links":{"self":[{"href":"https:\/\/www.mettmann.de\/web\/wp-json\/wp\/v2\/posts\/1521","targetHints":{"allow":["GET"]}}],"collection":[{"href":"https:\/\/www.mettmann.de\/web\/wp-json\/wp\/v2\/posts"}],"about":[{"href":"https:\/\/www.mettmann.de\/web\/wp-json\/wp\/v2\/types\/post"}],"author":[{"embeddable":true,"href":"https:\/\/www.mettmann.de\/web\/wp-json\/wp\/v2\/users\/1"}],"replies":[{"embeddable":true,"href":"https:\/\/www.mettmann.de\/web\/wp-json\/wp\/v2\/comments?post=1521"}],"version-history":[{"count":3,"href":"https:\/\/www.mettmann.de\/web\/wp-json\/wp\/v2\/posts\/1521\/revisions"}],"predecessor-version":[{"id":1525,"href":"https:\/\/www.mettmann.de\/web\/wp-json\/wp\/v2\/posts\/1521\/revisions\/1525"}],"wp:featuredmedia":[{"embeddable":true,"href":"https:\/\/www.mettmann.de\/web\/wp-json\/wp\/v2\/media\/1522"}],"wp:attachment":[{"href":"https:\/\/www.mettmann.de\/web\/wp-json\/wp\/v2\/media?parent=1521"}],"wp:term":[{"taxonomy":"category","embeddable":true,"href":"https:\/\/www.mettmann.de\/web\/wp-json\/wp\/v2\/categories?post=1521"},{"taxonomy":"post_tag","embeddable":true,"href":"https:\/\/www.mettmann.de\/web\/wp-json\/wp\/v2\/tags?post=1521"}],"curies":[{"name":"wp","href":"https:\/\/api.w.org\/{rel}","templated":true}]}}