{"id":15379,"date":"2021-09-23T12:17:48","date_gmt":"2021-09-23T10:17:48","guid":{"rendered":"https:\/\/www.mettmann.de\/web\/?p=15379"},"modified":"2021-09-23T14:40:39","modified_gmt":"2021-09-23T12:40:39","slug":"stadtradeln-am-25-september-wird-abgerechnet","status":"publish","type":"post","link":"https:\/\/www.mettmann.de\/web\/stadtradeln-am-25-september-wird-abgerechnet\/","title":{"rendered":"STADTRADELN: Am 25. September wird abgerechnet"},"content":{"rendered":"<p>Mit sch\u00f6nen Touren, die der ADFC und der Polizeisportverein (PSV) am vergangenen Wochenende durchgef\u00fchrt hatten, ist das STADTRADELN 2021 beendet worden. Bis zum 25. September k\u00f6nnen alle Teilnehmerinnen und Teilnehmer, ihre Kilometer, die sie bis zum 18. September auf dem Rad zur\u00fcckgelegt haben, noch nachtragen. &#8222;Danach wird abgerechnet&#8220;, sagt Nathalie Villi\u00e8re, die f\u00fcr die Stadt den Wettbewerb durchgef\u00fchrt hat, der bundesweit durchgef\u00fchrt wird.<\/p>\n<p>Wer bei der Eintragung seiner gefahrenen Kilometer Unterst\u00fctzung braucht, weil der Login nicht funktioniert, man das Passwort vergessen hat oder sonstige Schwierigkeiten bestehen, kann sich gerne an Nathalie Villi\u00e8re unter der Telefonnummer 0 21 04 \/ 980-124 wenden oder ihr eine Mail unter <a href=\"mailto:stadtradeln@mettmann.de\" target=\"_blank\" rel=\"noopener\">stadtradeln@mettmann.de<\/a> mit der Kilometer-Angabe schicken. Sie \u00fcbernimmt dann den Eintrag.<\/p>\n<p>Es bleibt spannend, ob der Kreis Mettmann mit den Nachtragungen noch die 1-Millionen-Kilometer-Grenze knackt. Aktuell sind es 997.696 Kilometer.<\/p>\n<p>Noch ein Hinweis an alle, die noch einzeln im Team fahren. Es besteht noch die Gelegenheit, das Team zu wechseln oder seine Mitfahrer zu motivieren, die gefahrenen Kilometer nachzutragen. Alle, die nach dem 25. September noch einzeln unterwegs sind, werden dann automatisch dem offenen Team zugeordnet.<\/p>\n<p>&nbsp;<\/p>\n","protected":false},"excerpt":{"rendered":"<p>Mit sch\u00f6nen Touren, die der ADFC und der Polizeisportverein (PSV) am vergangenen Wochenende durchgef\u00fchrt hatten, ist das STADTRADELN 2021 beendet worden. Bis zum 25. September k\u00f6nnen alle Teilnehmerinnen und Teilnehmer, ihre Kilometer, die sie bis&#8230;<\/p>\n","protected":false},"author":2,"featured_media":15409,"comment_status":"closed","ping_status":"open","sticky":false,"template":"","format":"standard","meta":{"ngg_post_thumbnail":0,"footnotes":""},"categories":[1],"tags":[],"class_list":["post-15379","post","type-post","status-publish","format-standard","has-post-thumbnail","hentry","category-allgemein"],"yoast_head":"<!-- This site is optimized with the Yoast SEO plugin v27.2 - https:\/\/yoast.com\/product\/yoast-seo-wordpress\/ -->\n<title>STADTRADELN: Am 25. September wird abgerechnet<\/title>\n<meta name=\"description\" content=\"Zum Abschluss des Mettmanner STADTRADELNS hatten der ADFC und der Polizeisportverein noch einmal zu Radtouren eingeladen.\" \/>\n<meta name=\"robots\" content=\"index, follow, max-snippet:-1, max-image-preview:large, max-video-preview:-1\" \/>\n<link rel=\"canonical\" href=\"https:\/\/www.mettmann.de\/web\/stadtradeln-am-25-september-wird-abgerechnet\/\" \/>\n<meta property=\"og:locale\" content=\"de_DE\" \/>\n<meta property=\"og:type\" content=\"article\" \/>\n<meta property=\"og:title\" content=\"STADTRADELN: Am 25. September wird abgerechnet\" \/>\n<meta property=\"og:description\" content=\"Foto: privat\" \/>\n<meta property=\"og:url\" content=\"https:\/\/www.mettmann.de\/web\/stadtradeln-am-25-september-wird-abgerechnet\/\" \/>\n<meta property=\"og:site_name\" content=\"Stadtverwaltung Mettmann\" \/>\n<meta property=\"article:publisher\" content=\"https:\/\/www.facebook.com\/kreisstadt.mettmann\" \/>\n<meta property=\"article:published_time\" content=\"2021-09-23T10:17:48+00:00\" \/>\n<meta property=\"article:modified_time\" content=\"2021-09-23T12:40:39+00:00\" \/>\n<meta property=\"og:image\" content=\"https:\/\/www.mettmann.de\/web\/wp-content\/uploads\/2021\/09\/Abschluss-Stadtradeln-2021-scaled.jpg\" \/>\n\t<meta property=\"og:image:width\" content=\"2560\" \/>\n\t<meta property=\"og:image:height\" content=\"1448\" \/>\n\t<meta property=\"og:image:type\" content=\"image\/jpeg\" \/>\n<meta name=\"author\" content=\"LekiesT\" \/>\n<meta name=\"twitter:card\" content=\"summary_large_image\" \/>\n<meta name=\"twitter:label1\" content=\"Verfasst von\" \/>\n\t<meta name=\"twitter:data1\" content=\"LekiesT\" \/>\n\t<meta name=\"twitter:label2\" content=\"Gesch\u00e4tzte Lesezeit\" \/>\n\t<meta name=\"twitter:data2\" content=\"1\u00a0Minute\" \/>\n<script type=\"application\/ld+json\" class=\"yoast-schema-graph\">{\"@context\":\"https:\/\/schema.org\",\"@graph\":[{\"@type\":\"Article\",\"@id\":\"https:\/\/www.mettmann.de\/web\/stadtradeln-am-25-september-wird-abgerechnet\/#article\",\"isPartOf\":{\"@id\":\"https:\/\/www.mettmann.de\/web\/stadtradeln-am-25-september-wird-abgerechnet\/\"},\"author\":{\"name\":\"LekiesT\",\"@id\":\"https:\/\/www.mettmann.de\/web\/#\/schema\/person\/c0deeeba8d377efe8e769dc7f56c2292\"},\"headline\":\"STADTRADELN: Am 25. September wird abgerechnet\",\"datePublished\":\"2021-09-23T10:17:48+00:00\",\"dateModified\":\"2021-09-23T12:40:39+00:00\",\"mainEntityOfPage\":{\"@id\":\"https:\/\/www.mettmann.de\/web\/stadtradeln-am-25-september-wird-abgerechnet\/\"},\"wordCount\":190,\"publisher\":{\"@id\":\"https:\/\/www.mettmann.de\/web\/#organization\"},\"image\":{\"@id\":\"https:\/\/www.mettmann.de\/web\/stadtradeln-am-25-september-wird-abgerechnet\/#primaryimage\"},\"thumbnailUrl\":\"https:\/\/www.mettmann.de\/web\/wp-content\/uploads\/2021\/09\/Abschluss-Stadtradeln-2021-scaled.jpg\",\"inLanguage\":\"de\"},{\"@type\":\"WebPage\",\"@id\":\"https:\/\/www.mettmann.de\/web\/stadtradeln-am-25-september-wird-abgerechnet\/\",\"url\":\"https:\/\/www.mettmann.de\/web\/stadtradeln-am-25-september-wird-abgerechnet\/\",\"name\":\"STADTRADELN: Am 25. September wird abgerechnet\",\"isPartOf\":{\"@id\":\"https:\/\/www.mettmann.de\/web\/#website\"},\"primaryImageOfPage\":{\"@id\":\"https:\/\/www.mettmann.de\/web\/stadtradeln-am-25-september-wird-abgerechnet\/#primaryimage\"},\"image\":{\"@id\":\"https:\/\/www.mettmann.de\/web\/stadtradeln-am-25-september-wird-abgerechnet\/#primaryimage\"},\"thumbnailUrl\":\"https:\/\/www.mettmann.de\/web\/wp-content\/uploads\/2021\/09\/Abschluss-Stadtradeln-2021-scaled.jpg\",\"datePublished\":\"2021-09-23T10:17:48+00:00\",\"dateModified\":\"2021-09-23T12:40:39+00:00\",\"description\":\"Zum Abschluss des Mettmanner STADTRADELNS hatten der ADFC und der Polizeisportverein noch einmal zu Radtouren eingeladen.\",\"breadcrumb\":{\"@id\":\"https:\/\/www.mettmann.de\/web\/stadtradeln-am-25-september-wird-abgerechnet\/#breadcrumb\"},\"inLanguage\":\"de\",\"potentialAction\":[{\"@type\":\"ReadAction\",\"target\":[\"https:\/\/www.mettmann.de\/web\/stadtradeln-am-25-september-wird-abgerechnet\/\"]}]},{\"@type\":\"ImageObject\",\"inLanguage\":\"de\",\"@id\":\"https:\/\/www.mettmann.de\/web\/stadtradeln-am-25-september-wird-abgerechnet\/#primaryimage\",\"url\":\"https:\/\/www.mettmann.de\/web\/wp-content\/uploads\/2021\/09\/Abschluss-Stadtradeln-2021-scaled.jpg\",\"contentUrl\":\"https:\/\/www.mettmann.de\/web\/wp-content\/uploads\/2021\/09\/Abschluss-Stadtradeln-2021-scaled.jpg\",\"width\":2560,\"height\":1448,\"caption\":\"Kurz vor dem Start zu den Abschlusstouren des diesj\u00e4hrigen STADTRADELNS. (Foto: privat)\"},{\"@type\":\"BreadcrumbList\",\"@id\":\"https:\/\/www.mettmann.de\/web\/stadtradeln-am-25-september-wird-abgerechnet\/#breadcrumb\",\"itemListElement\":[{\"@type\":\"ListItem\",\"position\":1,\"name\":\"Startseite\",\"item\":\"https:\/\/www.mettmann.de\/web\/\"},{\"@type\":\"ListItem\",\"position\":2,\"name\":\"STADTRADELN: Am 25. September wird abgerechnet\"}]},{\"@type\":\"WebSite\",\"@id\":\"https:\/\/www.mettmann.de\/web\/#website\",\"url\":\"https:\/\/www.mettmann.de\/web\/\",\"name\":\"Stadtverwaltung Mettmann\",\"description\":\"Internetseite der Kreisstadt Mettmann\",\"publisher\":{\"@id\":\"https:\/\/www.mettmann.de\/web\/#organization\"},\"potentialAction\":[{\"@type\":\"SearchAction\",\"target\":{\"@type\":\"EntryPoint\",\"urlTemplate\":\"https:\/\/www.mettmann.de\/web\/?s={search_term_string}\"},\"query-input\":{\"@type\":\"PropertyValueSpecification\",\"valueRequired\":true,\"valueName\":\"search_term_string\"}}],\"inLanguage\":\"de\"},{\"@type\":\"Organization\",\"@id\":\"https:\/\/www.mettmann.de\/web\/#organization\",\"name\":\"Kreisstadt Mettmann\",\"url\":\"https:\/\/www.mettmann.de\/web\/\",\"logo\":{\"@type\":\"ImageObject\",\"inLanguage\":\"de\",\"@id\":\"https:\/\/www.mettmann.de\/web\/#\/schema\/logo\/image\/\",\"url\":\"https:\/\/www.mettmann.de\/web\/wp-content\/uploads\/2019\/08\/Kreisstadt_Mettmann_Logo_RGB_150dpi.png\",\"contentUrl\":\"https:\/\/www.mettmann.de\/web\/wp-content\/uploads\/2019\/08\/Kreisstadt_Mettmann_Logo_RGB_150dpi.png\",\"width\":1302,\"height\":191,\"caption\":\"Kreisstadt Mettmann\"},\"image\":{\"@id\":\"https:\/\/www.mettmann.de\/web\/#\/schema\/logo\/image\/\"},\"sameAs\":[\"https:\/\/www.facebook.com\/kreisstadt.mettmann\",\"https:\/\/de.wikipedia.org\/wiki\/Mettmann\"]},{\"@type\":\"Person\",\"@id\":\"https:\/\/www.mettmann.de\/web\/#\/schema\/person\/c0deeeba8d377efe8e769dc7f56c2292\",\"name\":\"LekiesT\"}]}<\/script>\n<!-- \/ Yoast SEO plugin. -->","yoast_head_json":{"title":"STADTRADELN: Am 25. September wird abgerechnet","description":"Zum Abschluss des Mettmanner STADTRADELNS hatten der ADFC und der Polizeisportverein noch einmal zu Radtouren eingeladen.","robots":{"index":"index","follow":"follow","max-snippet":"max-snippet:-1","max-image-preview":"max-image-preview:large","max-video-preview":"max-video-preview:-1"},"canonical":"https:\/\/www.mettmann.de\/web\/stadtradeln-am-25-september-wird-abgerechnet\/","og_locale":"de_DE","og_type":"article","og_title":"STADTRADELN: Am 25. September wird abgerechnet","og_description":"Foto: privat","og_url":"https:\/\/www.mettmann.de\/web\/stadtradeln-am-25-september-wird-abgerechnet\/","og_site_name":"Stadtverwaltung Mettmann","article_publisher":"https:\/\/www.facebook.com\/kreisstadt.mettmann","article_published_time":"2021-09-23T10:17:48+00:00","article_modified_time":"2021-09-23T12:40:39+00:00","og_image":[{"width":2560,"height":1448,"url":"https:\/\/www.mettmann.de\/web\/wp-content\/uploads\/2021\/09\/Abschluss-Stadtradeln-2021-scaled.jpg","type":"image\/jpeg"}],"author":"LekiesT","twitter_card":"summary_large_image","twitter_misc":{"Verfasst von":"LekiesT","Gesch\u00e4tzte Lesezeit":"1\u00a0Minute"},"schema":{"@context":"https:\/\/schema.org","@graph":[{"@type":"Article","@id":"https:\/\/www.mettmann.de\/web\/stadtradeln-am-25-september-wird-abgerechnet\/#article","isPartOf":{"@id":"https:\/\/www.mettmann.de\/web\/stadtradeln-am-25-september-wird-abgerechnet\/"},"author":{"name":"LekiesT","@id":"https:\/\/www.mettmann.de\/web\/#\/schema\/person\/c0deeeba8d377efe8e769dc7f56c2292"},"headline":"STADTRADELN: Am 25. September wird abgerechnet","datePublished":"2021-09-23T10:17:48+00:00","dateModified":"2021-09-23T12:40:39+00:00","mainEntityOfPage":{"@id":"https:\/\/www.mettmann.de\/web\/stadtradeln-am-25-september-wird-abgerechnet\/"},"wordCount":190,"publisher":{"@id":"https:\/\/www.mettmann.de\/web\/#organization"},"image":{"@id":"https:\/\/www.mettmann.de\/web\/stadtradeln-am-25-september-wird-abgerechnet\/#primaryimage"},"thumbnailUrl":"https:\/\/www.mettmann.de\/web\/wp-content\/uploads\/2021\/09\/Abschluss-Stadtradeln-2021-scaled.jpg","inLanguage":"de"},{"@type":"WebPage","@id":"https:\/\/www.mettmann.de\/web\/stadtradeln-am-25-september-wird-abgerechnet\/","url":"https:\/\/www.mettmann.de\/web\/stadtradeln-am-25-september-wird-abgerechnet\/","name":"STADTRADELN: Am 25. September wird abgerechnet","isPartOf":{"@id":"https:\/\/www.mettmann.de\/web\/#website"},"primaryImageOfPage":{"@id":"https:\/\/www.mettmann.de\/web\/stadtradeln-am-25-september-wird-abgerechnet\/#primaryimage"},"image":{"@id":"https:\/\/www.mettmann.de\/web\/stadtradeln-am-25-september-wird-abgerechnet\/#primaryimage"},"thumbnailUrl":"https:\/\/www.mettmann.de\/web\/wp-content\/uploads\/2021\/09\/Abschluss-Stadtradeln-2021-scaled.jpg","datePublished":"2021-09-23T10:17:48+00:00","dateModified":"2021-09-23T12:40:39+00:00","description":"Zum Abschluss des Mettmanner STADTRADELNS hatten der ADFC und der Polizeisportverein noch einmal zu Radtouren eingeladen.","breadcrumb":{"@id":"https:\/\/www.mettmann.de\/web\/stadtradeln-am-25-september-wird-abgerechnet\/#breadcrumb"},"inLanguage":"de","potentialAction":[{"@type":"ReadAction","target":["https:\/\/www.mettmann.de\/web\/stadtradeln-am-25-september-wird-abgerechnet\/"]}]},{"@type":"ImageObject","inLanguage":"de","@id":"https:\/\/www.mettmann.de\/web\/stadtradeln-am-25-september-wird-abgerechnet\/#primaryimage","url":"https:\/\/www.mettmann.de\/web\/wp-content\/uploads\/2021\/09\/Abschluss-Stadtradeln-2021-scaled.jpg","contentUrl":"https:\/\/www.mettmann.de\/web\/wp-content\/uploads\/2021\/09\/Abschluss-Stadtradeln-2021-scaled.jpg","width":2560,"height":1448,"caption":"Kurz vor dem Start zu den Abschlusstouren des diesj\u00e4hrigen STADTRADELNS. (Foto: privat)"},{"@type":"BreadcrumbList","@id":"https:\/\/www.mettmann.de\/web\/stadtradeln-am-25-september-wird-abgerechnet\/#breadcrumb","itemListElement":[{"@type":"ListItem","position":1,"name":"Startseite","item":"https:\/\/www.mettmann.de\/web\/"},{"@type":"ListItem","position":2,"name":"STADTRADELN: Am 25. September wird abgerechnet"}]},{"@type":"WebSite","@id":"https:\/\/www.mettmann.de\/web\/#website","url":"https:\/\/www.mettmann.de\/web\/","name":"Stadtverwaltung Mettmann","description":"Internetseite der Kreisstadt Mettmann","publisher":{"@id":"https:\/\/www.mettmann.de\/web\/#organization"},"potentialAction":[{"@type":"SearchAction","target":{"@type":"EntryPoint","urlTemplate":"https:\/\/www.mettmann.de\/web\/?s={search_term_string}"},"query-input":{"@type":"PropertyValueSpecification","valueRequired":true,"valueName":"search_term_string"}}],"inLanguage":"de"},{"@type":"Organization","@id":"https:\/\/www.mettmann.de\/web\/#organization","name":"Kreisstadt Mettmann","url":"https:\/\/www.mettmann.de\/web\/","logo":{"@type":"ImageObject","inLanguage":"de","@id":"https:\/\/www.mettmann.de\/web\/#\/schema\/logo\/image\/","url":"https:\/\/www.mettmann.de\/web\/wp-content\/uploads\/2019\/08\/Kreisstadt_Mettmann_Logo_RGB_150dpi.png","contentUrl":"https:\/\/www.mettmann.de\/web\/wp-content\/uploads\/2019\/08\/Kreisstadt_Mettmann_Logo_RGB_150dpi.png","width":1302,"height":191,"caption":"Kreisstadt Mettmann"},"image":{"@id":"https:\/\/www.mettmann.de\/web\/#\/schema\/logo\/image\/"},"sameAs":["https:\/\/www.facebook.com\/kreisstadt.mettmann","https:\/\/de.wikipedia.org\/wiki\/Mettmann"]},{"@type":"Person","@id":"https:\/\/www.mettmann.de\/web\/#\/schema\/person\/c0deeeba8d377efe8e769dc7f56c2292","name":"LekiesT"}]}},"_links":{"self":[{"href":"https:\/\/www.mettmann.de\/web\/wp-json\/wp\/v2\/posts\/15379","targetHints":{"allow":["GET"]}}],"collection":[{"href":"https:\/\/www.mettmann.de\/web\/wp-json\/wp\/v2\/posts"}],"about":[{"href":"https:\/\/www.mettmann.de\/web\/wp-json\/wp\/v2\/types\/post"}],"author":[{"embeddable":true,"href":"https:\/\/www.mettmann.de\/web\/wp-json\/wp\/v2\/users\/2"}],"replies":[{"embeddable":true,"href":"https:\/\/www.mettmann.de\/web\/wp-json\/wp\/v2\/comments?post=15379"}],"version-history":[{"count":8,"href":"https:\/\/www.mettmann.de\/web\/wp-json\/wp\/v2\/posts\/15379\/revisions"}],"predecessor-version":[{"id":15388,"href":"https:\/\/www.mettmann.de\/web\/wp-json\/wp\/v2\/posts\/15379\/revisions\/15388"}],"wp:featuredmedia":[{"embeddable":true,"href":"https:\/\/www.mettmann.de\/web\/wp-json\/wp\/v2\/media\/15409"}],"wp:attachment":[{"href":"https:\/\/www.mettmann.de\/web\/wp-json\/wp\/v2\/media?parent=15379"}],"wp:term":[{"taxonomy":"category","embeddable":true,"href":"https:\/\/www.mettmann.de\/web\/wp-json\/wp\/v2\/categories?post=15379"},{"taxonomy":"post_tag","embeddable":true,"href":"https:\/\/www.mettmann.de\/web\/wp-json\/wp\/v2\/tags?post=15379"}],"curies":[{"name":"wp","href":"https:\/\/api.w.org\/{rel}","templated":true}]}}