{"id":1624,"date":"2019-10-08T17:48:49","date_gmt":"2019-10-08T15:48:49","guid":{"rendered":"https:\/\/www.mettmann.de\/web\/?p=1624"},"modified":"2019-10-08T17:48:49","modified_gmt":"2019-10-08T15:48:49","slug":"buergermeister-dinkelmann-auf-der-expo-real","status":"publish","type":"post","link":"https:\/\/www.mettmann.de\/web\/buergermeister-dinkelmann-auf-der-expo-real\/","title":{"rendered":"B\u00fcrgermeister Dinkelmann auf der Expo Real"},"content":{"rendered":"<p>Mit einem neuen Messestand pr\u00e4sentiert sich der Kreis Mettmann mit den kreisangeh\u00f6rigen St\u00e4dten vom 7. bis zum 9. Oktober in M\u00fcnchen auf der Expo Real, Europas gr\u00f6\u00dfter Internationaler Fachmesse f\u00fcr Immobilien und Investitionen.<\/p>\n<p>Seit mittlerweile 18 Jahren steht allj\u00e4hrlich der Auftritt des Kreises zusammen mit den kreisangeh\u00f6rigen St\u00e4dten, der Kreissparkasse D\u00fcsseldorf, der Sparkasse Hilden-Ratingen-Velbert und den Stadtsparkassen Haan und Langenfeld als fester Termin in den Kalendern der Wirtschaftsf\u00f6rderer und Mitaussteller.<\/p>\n<p>Am Messestand hat B\u00fcrgermeister Thomas Dinkelmann zusammen mit Landrat Thomas Hendele und seinen Amtskolleginnen Dr. Claudia Panke (W\u00fclfrath), Dr. Bettina Warnecke (Haan) sowie seinen Amtskollegen Daniel Zimmermann (Monheim) und Frank Schneider (Langenfeld), gleich zu Beginn der Messe Dr. Jan Heinisch, Staatssekret\u00e4r im NRW-Ministerium f\u00fcr Heimat, Kommunales, Bau und Gleichstellung, begr\u00fc\u00dft.<\/p>\n<p>B\u00fcrgermeister Dinkelmann ist mit Wirtschaftsf\u00f6rderer Stephan Reichstein und Birgit von Billerbeck, Mitarbeiterin der st\u00e4dtischen Wirtschaftsf\u00f6rderung, auf der M\u00fcnchener Messe. Sie wollen mit Investoren, Projektentwicklern und Projektmanagern ins Gespr\u00e4ch kommen.<\/p>\n","protected":false},"excerpt":{"rendered":"<p>Mit einem neuen Messestand pr\u00e4sentiert sich der Kreis Mettmann mit den kreisangeh\u00f6rigen St\u00e4dten vom 7. bis zum 9. Oktober in M\u00fcnchen auf der Expo Real, Europas gr\u00f6\u00dfter Internationaler Fachmesse f\u00fcr Immobilien und Investitionen. Seit mittlerweile&#8230;<\/p>\n","protected":false},"author":1,"featured_media":1625,"comment_status":"closed","ping_status":"open","sticky":false,"template":"","format":"standard","meta":{"ngg_post_thumbnail":0,"footnotes":""},"categories":[1],"tags":[362,363,4,364],"class_list":["post-1624","post","type-post","status-publish","format-standard","has-post-thumbnail","hentry","category-allgemein","tag-expo-real","tag-messe","tag-mettmann","tag-muenchen"],"yoast_head":"<!-- This site is optimized with the Yoast SEO plugin v27.2 - https:\/\/yoast.com\/product\/yoast-seo-wordpress\/ -->\n<title>B\u00fcrgermeister Dinkelmann auf der Expo Real<\/title>\n<meta name=\"robots\" content=\"index, follow, max-snippet:-1, max-image-preview:large, max-video-preview:-1\" \/>\n<link rel=\"canonical\" href=\"https:\/\/www.mettmann.de\/web\/buergermeister-dinkelmann-auf-der-expo-real\/\" \/>\n<meta property=\"og:locale\" content=\"de_DE\" \/>\n<meta property=\"og:type\" content=\"article\" \/>\n<meta property=\"og:title\" content=\"B\u00fcrgermeister Dinkelmann auf der Expo Real\" \/>\n<meta property=\"og:description\" content=\"Mit einem neuen Messestand pr\u00e4sentiert sich der Kreis Mettmann mit den kreisangeh\u00f6rigen St\u00e4dten vom 7. bis zum 9. Oktober in M\u00fcnchen auf der Expo Real, Europas gr\u00f6\u00dfter Internationaler Fachmesse f\u00fcr Immobilien und Investitionen. Seit mittlerweile...\" \/>\n<meta property=\"og:url\" content=\"https:\/\/www.mettmann.de\/web\/buergermeister-dinkelmann-auf-der-expo-real\/\" \/>\n<meta property=\"og:site_name\" content=\"Stadtverwaltung Mettmann\" \/>\n<meta property=\"article:publisher\" content=\"https:\/\/www.facebook.com\/kreisstadt.mettmann\" \/>\n<meta property=\"article:published_time\" content=\"2019-10-08T15:48:49+00:00\" \/>\n<meta property=\"og:image\" content=\"https:\/\/www.mettmann.de\/web\/wp-content\/uploads\/2019\/10\/expo-real-2019.jpg\" \/>\n\t<meta property=\"og:image:width\" content=\"1140\" \/>\n\t<meta property=\"og:image:height\" content=\"500\" \/>\n\t<meta property=\"og:image:type\" content=\"image\/jpeg\" \/>\n<meta name=\"author\" content=\"chbarra\" \/>\n<meta name=\"twitter:card\" content=\"summary_large_image\" \/>\n<meta name=\"twitter:label1\" content=\"Verfasst von\" \/>\n\t<meta name=\"twitter:data1\" content=\"chbarra\" \/>\n\t<meta name=\"twitter:label2\" content=\"Gesch\u00e4tzte Lesezeit\" \/>\n\t<meta name=\"twitter:data2\" content=\"1\u00a0Minute\" \/>\n<script type=\"application\/ld+json\" class=\"yoast-schema-graph\">{\"@context\":\"https:\/\/schema.org\",\"@graph\":[{\"@type\":\"Article\",\"@id\":\"https:\/\/www.mettmann.de\/web\/buergermeister-dinkelmann-auf-der-expo-real\/#article\",\"isPartOf\":{\"@id\":\"https:\/\/www.mettmann.de\/web\/buergermeister-dinkelmann-auf-der-expo-real\/\"},\"author\":{\"name\":\"chbarra\",\"@id\":\"https:\/\/www.mettmann.de\/web\/#\/schema\/person\/03e91284de46d07dd5399ec4af554dc6\"},\"headline\":\"B\u00fcrgermeister Dinkelmann auf der Expo Real\",\"datePublished\":\"2019-10-08T15:48:49+00:00\",\"mainEntityOfPage\":{\"@id\":\"https:\/\/www.mettmann.de\/web\/buergermeister-dinkelmann-auf-der-expo-real\/\"},\"wordCount\":175,\"publisher\":{\"@id\":\"https:\/\/www.mettmann.de\/web\/#organization\"},\"image\":{\"@id\":\"https:\/\/www.mettmann.de\/web\/buergermeister-dinkelmann-auf-der-expo-real\/#primaryimage\"},\"thumbnailUrl\":\"https:\/\/www.mettmann.de\/web\/wp-content\/uploads\/2019\/10\/expo-real-2019.jpg\",\"keywords\":[\"Expo Real\",\"Messe\",\"Mettmann\",\"M\u00fcnchen\"],\"inLanguage\":\"de\"},{\"@type\":\"WebPage\",\"@id\":\"https:\/\/www.mettmann.de\/web\/buergermeister-dinkelmann-auf-der-expo-real\/\",\"url\":\"https:\/\/www.mettmann.de\/web\/buergermeister-dinkelmann-auf-der-expo-real\/\",\"name\":\"B\u00fcrgermeister Dinkelmann auf der Expo Real\",\"isPartOf\":{\"@id\":\"https:\/\/www.mettmann.de\/web\/#website\"},\"primaryImageOfPage\":{\"@id\":\"https:\/\/www.mettmann.de\/web\/buergermeister-dinkelmann-auf-der-expo-real\/#primaryimage\"},\"image\":{\"@id\":\"https:\/\/www.mettmann.de\/web\/buergermeister-dinkelmann-auf-der-expo-real\/#primaryimage\"},\"thumbnailUrl\":\"https:\/\/www.mettmann.de\/web\/wp-content\/uploads\/2019\/10\/expo-real-2019.jpg\",\"datePublished\":\"2019-10-08T15:48:49+00:00\",\"breadcrumb\":{\"@id\":\"https:\/\/www.mettmann.de\/web\/buergermeister-dinkelmann-auf-der-expo-real\/#breadcrumb\"},\"inLanguage\":\"de\",\"potentialAction\":[{\"@type\":\"ReadAction\",\"target\":[\"https:\/\/www.mettmann.de\/web\/buergermeister-dinkelmann-auf-der-expo-real\/\"]}]},{\"@type\":\"ImageObject\",\"inLanguage\":\"de\",\"@id\":\"https:\/\/www.mettmann.de\/web\/buergermeister-dinkelmann-auf-der-expo-real\/#primaryimage\",\"url\":\"https:\/\/www.mettmann.de\/web\/wp-content\/uploads\/2019\/10\/expo-real-2019.jpg\",\"contentUrl\":\"https:\/\/www.mettmann.de\/web\/wp-content\/uploads\/2019\/10\/expo-real-2019.jpg\",\"width\":1140,\"height\":500,\"caption\":\"(v.l.) Landrat Thomas Hendele, Staatssekret\u00e4r Dr. Jan Heinisch, B\u00fcrgermeister Thomas Dinkelmann, B\u00fcrgermeister Daniel Zimmermann (Monheim), B\u00fcrgermeisterin Dr. Bettina Warnecke (Haan), B\u00fcrgermeister Frank Schneider (Langenfeld) und Dr. Claudia Panke (W\u00fclfrath). (Foto: Kreis Mettmann)\"},{\"@type\":\"BreadcrumbList\",\"@id\":\"https:\/\/www.mettmann.de\/web\/buergermeister-dinkelmann-auf-der-expo-real\/#breadcrumb\",\"itemListElement\":[{\"@type\":\"ListItem\",\"position\":1,\"name\":\"Startseite\",\"item\":\"https:\/\/www.mettmann.de\/web\/\"},{\"@type\":\"ListItem\",\"position\":2,\"name\":\"B\u00fcrgermeister Dinkelmann auf der Expo Real\"}]},{\"@type\":\"WebSite\",\"@id\":\"https:\/\/www.mettmann.de\/web\/#website\",\"url\":\"https:\/\/www.mettmann.de\/web\/\",\"name\":\"Stadtverwaltung Mettmann\",\"description\":\"Internetseite der Kreisstadt Mettmann\",\"publisher\":{\"@id\":\"https:\/\/www.mettmann.de\/web\/#organization\"},\"potentialAction\":[{\"@type\":\"SearchAction\",\"target\":{\"@type\":\"EntryPoint\",\"urlTemplate\":\"https:\/\/www.mettmann.de\/web\/?s={search_term_string}\"},\"query-input\":{\"@type\":\"PropertyValueSpecification\",\"valueRequired\":true,\"valueName\":\"search_term_string\"}}],\"inLanguage\":\"de\"},{\"@type\":\"Organization\",\"@id\":\"https:\/\/www.mettmann.de\/web\/#organization\",\"name\":\"Kreisstadt Mettmann\",\"url\":\"https:\/\/www.mettmann.de\/web\/\",\"logo\":{\"@type\":\"ImageObject\",\"inLanguage\":\"de\",\"@id\":\"https:\/\/www.mettmann.de\/web\/#\/schema\/logo\/image\/\",\"url\":\"https:\/\/www.mettmann.de\/web\/wp-content\/uploads\/2019\/08\/Kreisstadt_Mettmann_Logo_RGB_150dpi.png\",\"contentUrl\":\"https:\/\/www.mettmann.de\/web\/wp-content\/uploads\/2019\/08\/Kreisstadt_Mettmann_Logo_RGB_150dpi.png\",\"width\":1302,\"height\":191,\"caption\":\"Kreisstadt Mettmann\"},\"image\":{\"@id\":\"https:\/\/www.mettmann.de\/web\/#\/schema\/logo\/image\/\"},\"sameAs\":[\"https:\/\/www.facebook.com\/kreisstadt.mettmann\",\"https:\/\/de.wikipedia.org\/wiki\/Mettmann\"]},{\"@type\":\"Person\",\"@id\":\"https:\/\/www.mettmann.de\/web\/#\/schema\/person\/03e91284de46d07dd5399ec4af554dc6\",\"name\":\"chbarra\"}]}<\/script>\n<!-- \/ Yoast SEO plugin. -->","yoast_head_json":{"title":"B\u00fcrgermeister Dinkelmann auf der Expo Real","robots":{"index":"index","follow":"follow","max-snippet":"max-snippet:-1","max-image-preview":"max-image-preview:large","max-video-preview":"max-video-preview:-1"},"canonical":"https:\/\/www.mettmann.de\/web\/buergermeister-dinkelmann-auf-der-expo-real\/","og_locale":"de_DE","og_type":"article","og_title":"B\u00fcrgermeister Dinkelmann auf der Expo Real","og_description":"Mit einem neuen Messestand pr\u00e4sentiert sich der Kreis Mettmann mit den kreisangeh\u00f6rigen St\u00e4dten vom 7. bis zum 9. Oktober in M\u00fcnchen auf der Expo Real, Europas gr\u00f6\u00dfter Internationaler Fachmesse f\u00fcr Immobilien und Investitionen. Seit mittlerweile...","og_url":"https:\/\/www.mettmann.de\/web\/buergermeister-dinkelmann-auf-der-expo-real\/","og_site_name":"Stadtverwaltung Mettmann","article_publisher":"https:\/\/www.facebook.com\/kreisstadt.mettmann","article_published_time":"2019-10-08T15:48:49+00:00","og_image":[{"width":1140,"height":500,"url":"https:\/\/www.mettmann.de\/web\/wp-content\/uploads\/2019\/10\/expo-real-2019.jpg","type":"image\/jpeg"}],"author":"chbarra","twitter_card":"summary_large_image","twitter_misc":{"Verfasst von":"chbarra","Gesch\u00e4tzte Lesezeit":"1\u00a0Minute"},"schema":{"@context":"https:\/\/schema.org","@graph":[{"@type":"Article","@id":"https:\/\/www.mettmann.de\/web\/buergermeister-dinkelmann-auf-der-expo-real\/#article","isPartOf":{"@id":"https:\/\/www.mettmann.de\/web\/buergermeister-dinkelmann-auf-der-expo-real\/"},"author":{"name":"chbarra","@id":"https:\/\/www.mettmann.de\/web\/#\/schema\/person\/03e91284de46d07dd5399ec4af554dc6"},"headline":"B\u00fcrgermeister Dinkelmann auf der Expo Real","datePublished":"2019-10-08T15:48:49+00:00","mainEntityOfPage":{"@id":"https:\/\/www.mettmann.de\/web\/buergermeister-dinkelmann-auf-der-expo-real\/"},"wordCount":175,"publisher":{"@id":"https:\/\/www.mettmann.de\/web\/#organization"},"image":{"@id":"https:\/\/www.mettmann.de\/web\/buergermeister-dinkelmann-auf-der-expo-real\/#primaryimage"},"thumbnailUrl":"https:\/\/www.mettmann.de\/web\/wp-content\/uploads\/2019\/10\/expo-real-2019.jpg","keywords":["Expo Real","Messe","Mettmann","M\u00fcnchen"],"inLanguage":"de"},{"@type":"WebPage","@id":"https:\/\/www.mettmann.de\/web\/buergermeister-dinkelmann-auf-der-expo-real\/","url":"https:\/\/www.mettmann.de\/web\/buergermeister-dinkelmann-auf-der-expo-real\/","name":"B\u00fcrgermeister Dinkelmann auf der Expo Real","isPartOf":{"@id":"https:\/\/www.mettmann.de\/web\/#website"},"primaryImageOfPage":{"@id":"https:\/\/www.mettmann.de\/web\/buergermeister-dinkelmann-auf-der-expo-real\/#primaryimage"},"image":{"@id":"https:\/\/www.mettmann.de\/web\/buergermeister-dinkelmann-auf-der-expo-real\/#primaryimage"},"thumbnailUrl":"https:\/\/www.mettmann.de\/web\/wp-content\/uploads\/2019\/10\/expo-real-2019.jpg","datePublished":"2019-10-08T15:48:49+00:00","breadcrumb":{"@id":"https:\/\/www.mettmann.de\/web\/buergermeister-dinkelmann-auf-der-expo-real\/#breadcrumb"},"inLanguage":"de","potentialAction":[{"@type":"ReadAction","target":["https:\/\/www.mettmann.de\/web\/buergermeister-dinkelmann-auf-der-expo-real\/"]}]},{"@type":"ImageObject","inLanguage":"de","@id":"https:\/\/www.mettmann.de\/web\/buergermeister-dinkelmann-auf-der-expo-real\/#primaryimage","url":"https:\/\/www.mettmann.de\/web\/wp-content\/uploads\/2019\/10\/expo-real-2019.jpg","contentUrl":"https:\/\/www.mettmann.de\/web\/wp-content\/uploads\/2019\/10\/expo-real-2019.jpg","width":1140,"height":500,"caption":"(v.l.) Landrat Thomas Hendele, Staatssekret\u00e4r Dr. Jan Heinisch, B\u00fcrgermeister Thomas Dinkelmann, B\u00fcrgermeister Daniel Zimmermann (Monheim), B\u00fcrgermeisterin Dr. Bettina Warnecke (Haan), B\u00fcrgermeister Frank Schneider (Langenfeld) und Dr. Claudia Panke (W\u00fclfrath). (Foto: Kreis Mettmann)"},{"@type":"BreadcrumbList","@id":"https:\/\/www.mettmann.de\/web\/buergermeister-dinkelmann-auf-der-expo-real\/#breadcrumb","itemListElement":[{"@type":"ListItem","position":1,"name":"Startseite","item":"https:\/\/www.mettmann.de\/web\/"},{"@type":"ListItem","position":2,"name":"B\u00fcrgermeister Dinkelmann auf der Expo Real"}]},{"@type":"WebSite","@id":"https:\/\/www.mettmann.de\/web\/#website","url":"https:\/\/www.mettmann.de\/web\/","name":"Stadtverwaltung Mettmann","description":"Internetseite der Kreisstadt Mettmann","publisher":{"@id":"https:\/\/www.mettmann.de\/web\/#organization"},"potentialAction":[{"@type":"SearchAction","target":{"@type":"EntryPoint","urlTemplate":"https:\/\/www.mettmann.de\/web\/?s={search_term_string}"},"query-input":{"@type":"PropertyValueSpecification","valueRequired":true,"valueName":"search_term_string"}}],"inLanguage":"de"},{"@type":"Organization","@id":"https:\/\/www.mettmann.de\/web\/#organization","name":"Kreisstadt Mettmann","url":"https:\/\/www.mettmann.de\/web\/","logo":{"@type":"ImageObject","inLanguage":"de","@id":"https:\/\/www.mettmann.de\/web\/#\/schema\/logo\/image\/","url":"https:\/\/www.mettmann.de\/web\/wp-content\/uploads\/2019\/08\/Kreisstadt_Mettmann_Logo_RGB_150dpi.png","contentUrl":"https:\/\/www.mettmann.de\/web\/wp-content\/uploads\/2019\/08\/Kreisstadt_Mettmann_Logo_RGB_150dpi.png","width":1302,"height":191,"caption":"Kreisstadt Mettmann"},"image":{"@id":"https:\/\/www.mettmann.de\/web\/#\/schema\/logo\/image\/"},"sameAs":["https:\/\/www.facebook.com\/kreisstadt.mettmann","https:\/\/de.wikipedia.org\/wiki\/Mettmann"]},{"@type":"Person","@id":"https:\/\/www.mettmann.de\/web\/#\/schema\/person\/03e91284de46d07dd5399ec4af554dc6","name":"chbarra"}]}},"_links":{"self":[{"href":"https:\/\/www.mettmann.de\/web\/wp-json\/wp\/v2\/posts\/1624","targetHints":{"allow":["GET"]}}],"collection":[{"href":"https:\/\/www.mettmann.de\/web\/wp-json\/wp\/v2\/posts"}],"about":[{"href":"https:\/\/www.mettmann.de\/web\/wp-json\/wp\/v2\/types\/post"}],"author":[{"embeddable":true,"href":"https:\/\/www.mettmann.de\/web\/wp-json\/wp\/v2\/users\/1"}],"replies":[{"embeddable":true,"href":"https:\/\/www.mettmann.de\/web\/wp-json\/wp\/v2\/comments?post=1624"}],"version-history":[{"count":1,"href":"https:\/\/www.mettmann.de\/web\/wp-json\/wp\/v2\/posts\/1624\/revisions"}],"predecessor-version":[{"id":1626,"href":"https:\/\/www.mettmann.de\/web\/wp-json\/wp\/v2\/posts\/1624\/revisions\/1626"}],"wp:featuredmedia":[{"embeddable":true,"href":"https:\/\/www.mettmann.de\/web\/wp-json\/wp\/v2\/media\/1625"}],"wp:attachment":[{"href":"https:\/\/www.mettmann.de\/web\/wp-json\/wp\/v2\/media?parent=1624"}],"wp:term":[{"taxonomy":"category","embeddable":true,"href":"https:\/\/www.mettmann.de\/web\/wp-json\/wp\/v2\/categories?post=1624"},{"taxonomy":"post_tag","embeddable":true,"href":"https:\/\/www.mettmann.de\/web\/wp-json\/wp\/v2\/tags?post=1624"}],"curies":[{"name":"wp","href":"https:\/\/api.w.org\/{rel}","templated":true}]}}