{"id":16857,"date":"2021-12-01T14:50:39","date_gmt":"2021-12-01T13:50:39","guid":{"rendered":"https:\/\/www.mettmann.de\/web\/?p=16857"},"modified":"2021-12-03T11:19:30","modified_gmt":"2021-12-03T10:19:30","slug":"digitale-sprechstunde-zum-glasfaserausbau","status":"publish","type":"post","link":"https:\/\/www.mettmann.de\/web\/digitale-sprechstunde-zum-glasfaserausbau\/","title":{"rendered":"Digitale Sprechstunde zum Glasfaserausbau"},"content":{"rendered":"<p>Noch bis zum 13. Dezember haben die Bewohner von Metzkausen und Obschwarzbach die M\u00f6glichkeit, bei der Deutschen Glasfaser einen Vertrag f\u00fcr einen kostenlosen Glasfaseranschluss abschlie\u00dfen. Allerdings werden die Ortsteile nur dann ans Glasfasernetz angeschlossen, wenn mindestens 33 Prozent aller Haushalte mitmachen. F\u00fcr den Glasfaserausbau fehlen aktuell noch 277 Vertr\u00e4ge.<\/p>\n<p>Die Deutsche Glasfaser bietet am Montag, 6. Dezember, von 18 bis 19 Uhr noch einmal eine digitale Sprechstunde zum Glasfaserausbau an. Es gibt Informationen rund um den geplanten Netzausbau, zum Unternehmen und zu den buchbaren Leistungen. Au\u00dferdem werden die Vorteile eines FTTH-Anschlusses (Glasfaser bis ins Haus \/ Wohnung) dargestellt.<\/p>\n<p>Man kann an der Online-Sprechstunde sowohl \u00fcber den Computer als auch \u00fcber ein mobiles Endger\u00e4t teilnehmen:<\/p>\n<p>1. \u00dcber PC\/Laptop: Unter diesem <a href=\"https:\/\/deutsche-glasfaser.zoom.us\/j\/99654001097\" target=\"_blank\" rel=\"noopener\">Link<\/a> (<a href=\"https:\/\/deutsche-glasfaser.zoom.us\/j\/99654001097\">https:\/\/deutsche-glasfaser.zoom.us\/j\/99654001097)<\/a> teilnehmen<br \/>\n2. \u00dcber mobile Endger\u00e4te (Smartphone\/Tablet): Im Vorfeld die \u201eZOOM Cloud Meetings\u201c-App aus dem App-Store bzw. Google Play Store herunterladen. (Diese App ist kostenlos&nbsp; und kann auch privat f\u00fcr Video-Konferenzen genutzt werden)<br \/>\nDie Meeting-ID (Raumnummer) f\u00fcr die Teilnahme lautet: 996-5400-1097.<br \/>\n&#8211; Um den virtuellen Raum zu betreten, muss mann seinen Namen und eine E-Mail-Adresse angeben.<br \/>\n&#8211; Name und Adresse sind f\u00fcr andere nicht sichtbar \u2013 die Privatsph\u00e4re bleibt gewahrt!<br \/>\nHinweis: Die Daten werden nur f\u00fcr die Anmeldung verwendet und nicht gespeichert oder (weiter)verarbeitet.<\/p>\n<p>&nbsp;<\/p>\n","protected":false},"excerpt":{"rendered":"<p>Noch bis zum 13. Dezember haben die Bewohner von Metzkausen und Obschwarzbach die M\u00f6glichkeit, bei der Deutschen Glasfaser einen Vertrag f\u00fcr einen kostenlosen Glasfaseranschluss abschlie\u00dfen. Allerdings werden die Ortsteile nur dann ans Glasfasernetz angeschlossen, wenn&#8230;<\/p>\n","protected":false},"author":2,"featured_media":16863,"comment_status":"closed","ping_status":"open","sticky":false,"template":"","format":"standard","meta":{"ngg_post_thumbnail":0,"footnotes":""},"categories":[1],"tags":[2489,4,106,580,2488],"class_list":["post-16857","post","type-post","status-publish","format-standard","has-post-thumbnail","hentry","category-allgemein","tag-glasfaserausbau","tag-mettmann","tag-metzkausen","tag-obschwarzbach","tag-online-sprechstunde"],"yoast_head":"<!-- This site is optimized with the Yoast SEO plugin v27.2 - https:\/\/yoast.com\/product\/yoast-seo-wordpress\/ -->\n<title>Digitale Sprechstunde zum Glasfaserausbau<\/title>\n<meta name=\"description\" content=\"Die Deutsche Glasfaser bietet am 6. Dezember (18-19 Uhr) eine digitale Sprechstunde zum Glasfaserausbau in Metzkausen und Obschwarzbach an.\" \/>\n<meta name=\"robots\" content=\"index, follow, max-snippet:-1, max-image-preview:large, max-video-preview:-1\" \/>\n<link rel=\"canonical\" href=\"https:\/\/www.mettmann.de\/web\/digitale-sprechstunde-zum-glasfaserausbau\/\" \/>\n<meta property=\"og:locale\" content=\"de_DE\" \/>\n<meta property=\"og:type\" content=\"article\" \/>\n<meta property=\"og:title\" content=\"Digitale Sprechstunde zum Glasfaserausbau\" \/>\n<meta property=\"og:description\" content=\"Symbolfoto: BarbaraJackson \/ pixabay\" \/>\n<meta property=\"og:url\" content=\"https:\/\/www.mettmann.de\/web\/digitale-sprechstunde-zum-glasfaserausbau\/\" \/>\n<meta property=\"og:site_name\" content=\"Stadtverwaltung Mettmann\" \/>\n<meta property=\"article:publisher\" content=\"https:\/\/www.facebook.com\/kreisstadt.mettmann\" \/>\n<meta property=\"article:published_time\" content=\"2021-12-01T13:50:39+00:00\" \/>\n<meta property=\"article:modified_time\" content=\"2021-12-03T10:19:30+00:00\" \/>\n<meta property=\"og:image\" content=\"https:\/\/www.mettmann.de\/web\/wp-content\/uploads\/2021\/12\/Glasfaser-rot.jpg\" \/>\n\t<meta property=\"og:image:width\" content=\"1920\" \/>\n\t<meta property=\"og:image:height\" content=\"1275\" \/>\n\t<meta property=\"og:image:type\" content=\"image\/jpeg\" \/>\n<meta name=\"author\" content=\"LekiesT\" \/>\n<meta name=\"twitter:card\" content=\"summary_large_image\" \/>\n<meta name=\"twitter:label1\" content=\"Verfasst von\" \/>\n\t<meta name=\"twitter:data1\" content=\"LekiesT\" \/>\n\t<meta name=\"twitter:label2\" content=\"Gesch\u00e4tzte Lesezeit\" \/>\n\t<meta name=\"twitter:data2\" content=\"1\u00a0Minute\" \/>\n<script type=\"application\/ld+json\" class=\"yoast-schema-graph\">{\"@context\":\"https:\/\/schema.org\",\"@graph\":[{\"@type\":\"Article\",\"@id\":\"https:\/\/www.mettmann.de\/web\/digitale-sprechstunde-zum-glasfaserausbau\/#article\",\"isPartOf\":{\"@id\":\"https:\/\/www.mettmann.de\/web\/digitale-sprechstunde-zum-glasfaserausbau\/\"},\"author\":{\"name\":\"LekiesT\",\"@id\":\"https:\/\/www.mettmann.de\/web\/#\/schema\/person\/c0deeeba8d377efe8e769dc7f56c2292\"},\"headline\":\"Digitale Sprechstunde zum Glasfaserausbau\",\"datePublished\":\"2021-12-01T13:50:39+00:00\",\"dateModified\":\"2021-12-03T10:19:30+00:00\",\"mainEntityOfPage\":{\"@id\":\"https:\/\/www.mettmann.de\/web\/digitale-sprechstunde-zum-glasfaserausbau\/\"},\"wordCount\":222,\"publisher\":{\"@id\":\"https:\/\/www.mettmann.de\/web\/#organization\"},\"image\":{\"@id\":\"https:\/\/www.mettmann.de\/web\/digitale-sprechstunde-zum-glasfaserausbau\/#primaryimage\"},\"thumbnailUrl\":\"https:\/\/www.mettmann.de\/web\/wp-content\/uploads\/2021\/12\/Glasfaser-rot.jpg\",\"keywords\":[\"Glasfaserausbau\",\"Mettmann\",\"Metzkausen\",\"Obschwarzbach\",\"Online-Sprechstunde\"],\"inLanguage\":\"de\"},{\"@type\":\"WebPage\",\"@id\":\"https:\/\/www.mettmann.de\/web\/digitale-sprechstunde-zum-glasfaserausbau\/\",\"url\":\"https:\/\/www.mettmann.de\/web\/digitale-sprechstunde-zum-glasfaserausbau\/\",\"name\":\"Digitale Sprechstunde zum Glasfaserausbau\",\"isPartOf\":{\"@id\":\"https:\/\/www.mettmann.de\/web\/#website\"},\"primaryImageOfPage\":{\"@id\":\"https:\/\/www.mettmann.de\/web\/digitale-sprechstunde-zum-glasfaserausbau\/#primaryimage\"},\"image\":{\"@id\":\"https:\/\/www.mettmann.de\/web\/digitale-sprechstunde-zum-glasfaserausbau\/#primaryimage\"},\"thumbnailUrl\":\"https:\/\/www.mettmann.de\/web\/wp-content\/uploads\/2021\/12\/Glasfaser-rot.jpg\",\"datePublished\":\"2021-12-01T13:50:39+00:00\",\"dateModified\":\"2021-12-03T10:19:30+00:00\",\"description\":\"Die Deutsche Glasfaser bietet am 6. Dezember (18-19 Uhr) eine digitale Sprechstunde zum Glasfaserausbau in Metzkausen und Obschwarzbach an.\",\"breadcrumb\":{\"@id\":\"https:\/\/www.mettmann.de\/web\/digitale-sprechstunde-zum-glasfaserausbau\/#breadcrumb\"},\"inLanguage\":\"de\",\"potentialAction\":[{\"@type\":\"ReadAction\",\"target\":[\"https:\/\/www.mettmann.de\/web\/digitale-sprechstunde-zum-glasfaserausbau\/\"]}]},{\"@type\":\"ImageObject\",\"inLanguage\":\"de\",\"@id\":\"https:\/\/www.mettmann.de\/web\/digitale-sprechstunde-zum-glasfaserausbau\/#primaryimage\",\"url\":\"https:\/\/www.mettmann.de\/web\/wp-content\/uploads\/2021\/12\/Glasfaser-rot.jpg\",\"contentUrl\":\"https:\/\/www.mettmann.de\/web\/wp-content\/uploads\/2021\/12\/Glasfaser-rot.jpg\",\"width\":1920,\"height\":1275,\"caption\":\"Symbolfoto: BarbaraJackson \/ pixabay\"},{\"@type\":\"BreadcrumbList\",\"@id\":\"https:\/\/www.mettmann.de\/web\/digitale-sprechstunde-zum-glasfaserausbau\/#breadcrumb\",\"itemListElement\":[{\"@type\":\"ListItem\",\"position\":1,\"name\":\"Startseite\",\"item\":\"https:\/\/www.mettmann.de\/web\/\"},{\"@type\":\"ListItem\",\"position\":2,\"name\":\"Digitale Sprechstunde zum Glasfaserausbau\"}]},{\"@type\":\"WebSite\",\"@id\":\"https:\/\/www.mettmann.de\/web\/#website\",\"url\":\"https:\/\/www.mettmann.de\/web\/\",\"name\":\"Stadtverwaltung Mettmann\",\"description\":\"Internetseite der Kreisstadt Mettmann\",\"publisher\":{\"@id\":\"https:\/\/www.mettmann.de\/web\/#organization\"},\"potentialAction\":[{\"@type\":\"SearchAction\",\"target\":{\"@type\":\"EntryPoint\",\"urlTemplate\":\"https:\/\/www.mettmann.de\/web\/?s={search_term_string}\"},\"query-input\":{\"@type\":\"PropertyValueSpecification\",\"valueRequired\":true,\"valueName\":\"search_term_string\"}}],\"inLanguage\":\"de\"},{\"@type\":\"Organization\",\"@id\":\"https:\/\/www.mettmann.de\/web\/#organization\",\"name\":\"Kreisstadt Mettmann\",\"url\":\"https:\/\/www.mettmann.de\/web\/\",\"logo\":{\"@type\":\"ImageObject\",\"inLanguage\":\"de\",\"@id\":\"https:\/\/www.mettmann.de\/web\/#\/schema\/logo\/image\/\",\"url\":\"https:\/\/www.mettmann.de\/web\/wp-content\/uploads\/2019\/08\/Kreisstadt_Mettmann_Logo_RGB_150dpi.png\",\"contentUrl\":\"https:\/\/www.mettmann.de\/web\/wp-content\/uploads\/2019\/08\/Kreisstadt_Mettmann_Logo_RGB_150dpi.png\",\"width\":1302,\"height\":191,\"caption\":\"Kreisstadt Mettmann\"},\"image\":{\"@id\":\"https:\/\/www.mettmann.de\/web\/#\/schema\/logo\/image\/\"},\"sameAs\":[\"https:\/\/www.facebook.com\/kreisstadt.mettmann\",\"https:\/\/de.wikipedia.org\/wiki\/Mettmann\"]},{\"@type\":\"Person\",\"@id\":\"https:\/\/www.mettmann.de\/web\/#\/schema\/person\/c0deeeba8d377efe8e769dc7f56c2292\",\"name\":\"LekiesT\"}]}<\/script>\n<!-- \/ Yoast SEO plugin. -->","yoast_head_json":{"title":"Digitale Sprechstunde zum Glasfaserausbau","description":"Die Deutsche Glasfaser bietet am 6. Dezember (18-19 Uhr) eine digitale Sprechstunde zum Glasfaserausbau in Metzkausen und Obschwarzbach an.","robots":{"index":"index","follow":"follow","max-snippet":"max-snippet:-1","max-image-preview":"max-image-preview:large","max-video-preview":"max-video-preview:-1"},"canonical":"https:\/\/www.mettmann.de\/web\/digitale-sprechstunde-zum-glasfaserausbau\/","og_locale":"de_DE","og_type":"article","og_title":"Digitale Sprechstunde zum Glasfaserausbau","og_description":"Symbolfoto: BarbaraJackson \/ pixabay","og_url":"https:\/\/www.mettmann.de\/web\/digitale-sprechstunde-zum-glasfaserausbau\/","og_site_name":"Stadtverwaltung Mettmann","article_publisher":"https:\/\/www.facebook.com\/kreisstadt.mettmann","article_published_time":"2021-12-01T13:50:39+00:00","article_modified_time":"2021-12-03T10:19:30+00:00","og_image":[{"width":1920,"height":1275,"url":"https:\/\/www.mettmann.de\/web\/wp-content\/uploads\/2021\/12\/Glasfaser-rot.jpg","type":"image\/jpeg"}],"author":"LekiesT","twitter_card":"summary_large_image","twitter_misc":{"Verfasst von":"LekiesT","Gesch\u00e4tzte Lesezeit":"1\u00a0Minute"},"schema":{"@context":"https:\/\/schema.org","@graph":[{"@type":"Article","@id":"https:\/\/www.mettmann.de\/web\/digitale-sprechstunde-zum-glasfaserausbau\/#article","isPartOf":{"@id":"https:\/\/www.mettmann.de\/web\/digitale-sprechstunde-zum-glasfaserausbau\/"},"author":{"name":"LekiesT","@id":"https:\/\/www.mettmann.de\/web\/#\/schema\/person\/c0deeeba8d377efe8e769dc7f56c2292"},"headline":"Digitale Sprechstunde zum Glasfaserausbau","datePublished":"2021-12-01T13:50:39+00:00","dateModified":"2021-12-03T10:19:30+00:00","mainEntityOfPage":{"@id":"https:\/\/www.mettmann.de\/web\/digitale-sprechstunde-zum-glasfaserausbau\/"},"wordCount":222,"publisher":{"@id":"https:\/\/www.mettmann.de\/web\/#organization"},"image":{"@id":"https:\/\/www.mettmann.de\/web\/digitale-sprechstunde-zum-glasfaserausbau\/#primaryimage"},"thumbnailUrl":"https:\/\/www.mettmann.de\/web\/wp-content\/uploads\/2021\/12\/Glasfaser-rot.jpg","keywords":["Glasfaserausbau","Mettmann","Metzkausen","Obschwarzbach","Online-Sprechstunde"],"inLanguage":"de"},{"@type":"WebPage","@id":"https:\/\/www.mettmann.de\/web\/digitale-sprechstunde-zum-glasfaserausbau\/","url":"https:\/\/www.mettmann.de\/web\/digitale-sprechstunde-zum-glasfaserausbau\/","name":"Digitale Sprechstunde zum Glasfaserausbau","isPartOf":{"@id":"https:\/\/www.mettmann.de\/web\/#website"},"primaryImageOfPage":{"@id":"https:\/\/www.mettmann.de\/web\/digitale-sprechstunde-zum-glasfaserausbau\/#primaryimage"},"image":{"@id":"https:\/\/www.mettmann.de\/web\/digitale-sprechstunde-zum-glasfaserausbau\/#primaryimage"},"thumbnailUrl":"https:\/\/www.mettmann.de\/web\/wp-content\/uploads\/2021\/12\/Glasfaser-rot.jpg","datePublished":"2021-12-01T13:50:39+00:00","dateModified":"2021-12-03T10:19:30+00:00","description":"Die Deutsche Glasfaser bietet am 6. Dezember (18-19 Uhr) eine digitale Sprechstunde zum Glasfaserausbau in Metzkausen und Obschwarzbach an.","breadcrumb":{"@id":"https:\/\/www.mettmann.de\/web\/digitale-sprechstunde-zum-glasfaserausbau\/#breadcrumb"},"inLanguage":"de","potentialAction":[{"@type":"ReadAction","target":["https:\/\/www.mettmann.de\/web\/digitale-sprechstunde-zum-glasfaserausbau\/"]}]},{"@type":"ImageObject","inLanguage":"de","@id":"https:\/\/www.mettmann.de\/web\/digitale-sprechstunde-zum-glasfaserausbau\/#primaryimage","url":"https:\/\/www.mettmann.de\/web\/wp-content\/uploads\/2021\/12\/Glasfaser-rot.jpg","contentUrl":"https:\/\/www.mettmann.de\/web\/wp-content\/uploads\/2021\/12\/Glasfaser-rot.jpg","width":1920,"height":1275,"caption":"Symbolfoto: BarbaraJackson \/ pixabay"},{"@type":"BreadcrumbList","@id":"https:\/\/www.mettmann.de\/web\/digitale-sprechstunde-zum-glasfaserausbau\/#breadcrumb","itemListElement":[{"@type":"ListItem","position":1,"name":"Startseite","item":"https:\/\/www.mettmann.de\/web\/"},{"@type":"ListItem","position":2,"name":"Digitale Sprechstunde zum Glasfaserausbau"}]},{"@type":"WebSite","@id":"https:\/\/www.mettmann.de\/web\/#website","url":"https:\/\/www.mettmann.de\/web\/","name":"Stadtverwaltung Mettmann","description":"Internetseite der Kreisstadt Mettmann","publisher":{"@id":"https:\/\/www.mettmann.de\/web\/#organization"},"potentialAction":[{"@type":"SearchAction","target":{"@type":"EntryPoint","urlTemplate":"https:\/\/www.mettmann.de\/web\/?s={search_term_string}"},"query-input":{"@type":"PropertyValueSpecification","valueRequired":true,"valueName":"search_term_string"}}],"inLanguage":"de"},{"@type":"Organization","@id":"https:\/\/www.mettmann.de\/web\/#organization","name":"Kreisstadt Mettmann","url":"https:\/\/www.mettmann.de\/web\/","logo":{"@type":"ImageObject","inLanguage":"de","@id":"https:\/\/www.mettmann.de\/web\/#\/schema\/logo\/image\/","url":"https:\/\/www.mettmann.de\/web\/wp-content\/uploads\/2019\/08\/Kreisstadt_Mettmann_Logo_RGB_150dpi.png","contentUrl":"https:\/\/www.mettmann.de\/web\/wp-content\/uploads\/2019\/08\/Kreisstadt_Mettmann_Logo_RGB_150dpi.png","width":1302,"height":191,"caption":"Kreisstadt Mettmann"},"image":{"@id":"https:\/\/www.mettmann.de\/web\/#\/schema\/logo\/image\/"},"sameAs":["https:\/\/www.facebook.com\/kreisstadt.mettmann","https:\/\/de.wikipedia.org\/wiki\/Mettmann"]},{"@type":"Person","@id":"https:\/\/www.mettmann.de\/web\/#\/schema\/person\/c0deeeba8d377efe8e769dc7f56c2292","name":"LekiesT"}]}},"_links":{"self":[{"href":"https:\/\/www.mettmann.de\/web\/wp-json\/wp\/v2\/posts\/16857","targetHints":{"allow":["GET"]}}],"collection":[{"href":"https:\/\/www.mettmann.de\/web\/wp-json\/wp\/v2\/posts"}],"about":[{"href":"https:\/\/www.mettmann.de\/web\/wp-json\/wp\/v2\/types\/post"}],"author":[{"embeddable":true,"href":"https:\/\/www.mettmann.de\/web\/wp-json\/wp\/v2\/users\/2"}],"replies":[{"embeddable":true,"href":"https:\/\/www.mettmann.de\/web\/wp-json\/wp\/v2\/comments?post=16857"}],"version-history":[{"count":11,"href":"https:\/\/www.mettmann.de\/web\/wp-json\/wp\/v2\/posts\/16857\/revisions"}],"predecessor-version":[{"id":16869,"href":"https:\/\/www.mettmann.de\/web\/wp-json\/wp\/v2\/posts\/16857\/revisions\/16869"}],"wp:featuredmedia":[{"embeddable":true,"href":"https:\/\/www.mettmann.de\/web\/wp-json\/wp\/v2\/media\/16863"}],"wp:attachment":[{"href":"https:\/\/www.mettmann.de\/web\/wp-json\/wp\/v2\/media?parent=16857"}],"wp:term":[{"taxonomy":"category","embeddable":true,"href":"https:\/\/www.mettmann.de\/web\/wp-json\/wp\/v2\/categories?post=16857"},{"taxonomy":"post_tag","embeddable":true,"href":"https:\/\/www.mettmann.de\/web\/wp-json\/wp\/v2\/tags?post=16857"}],"curies":[{"name":"wp","href":"https:\/\/api.w.org\/{rel}","templated":true}]}}