{"id":16932,"date":"2021-12-06T17:04:40","date_gmt":"2021-12-06T16:04:40","guid":{"rendered":"https:\/\/www.mettmann.de\/web\/?p=16932"},"modified":"2021-12-06T18:25:07","modified_gmt":"2021-12-06T17:25:07","slug":"zwei-neue-fahrzeuge-fuer-die-loeschgruppen-metzkausen-und-obschwarzbach","status":"publish","type":"post","link":"https:\/\/www.mettmann.de\/web\/zwei-neue-fahrzeuge-fuer-die-loeschgruppen-metzkausen-und-obschwarzbach\/","title":{"rendered":"Zwei neue Fahrzeuge f\u00fcr die L\u00f6schgruppen in Metzkausen und Obschwarzbach"},"content":{"rendered":"<p>B\u00fcrgermeisterin Sandra Pietschmann sowie Marco Zerweiss, Leiter der Feuerwehr und sein Stellvertreter Matthias Mausbach haben am Montag zwei neue L\u00f6schgruppenfahrzeuge (LF 20 KatS) an die L\u00f6schgruppen Metzkausen und Obschwarzbach \u00fcbergeben. Beide Fahrzeuge sind als Katastrophenschutzfahrzeuge besonders auch f\u00fcr Unwetterereignisse ausger\u00fcstet und verf\u00fcgen \u00fcber einen 1200 Liter Wassertank.<\/p>\n<p>In Metzkausen ersetzt das neue LF 20 KatS ein 20 Jahre altes Fahrzeug. In Obschwarzbach wird erstmals ein L\u00f6schgruppenfahrzeug stationiert. Beide Einheiten verf\u00fcgen neben einem L\u00f6schgruppenfahrzeug auch noch \u00fcber einen Mannschaftstransporter. Die L\u00f6schgruppe Metzkausen z\u00e4hlt 18 Feuerwehrleute, die ihren Dienst ehrenamtlich in der Mettmanner Wehr leisten, in Obschwarzbach sind es 17 Freiwillige.<\/p>\n<p>Beide Fahrzeuge kosteten zusammen 800.000 Euro. \u201eDas ist viel Geld, aber es ist eine wichtige und notwendige Investition in die Sicherheit unserer B\u00fcrgerinnen und B\u00fcrger\u201c, sagte B\u00fcrgermeisterin Pietschmann bei der \u00dcbergabe an Christoph Siegert von der L\u00f6schgruppe Obschwarzbach und Thomas Kluke von der L\u00f6schgruppe Metzkausen.<\/p>\n<p>Das alte Fahrzeug der Metzkausener Gruppe wird auf der Wache an der Laubacher Stra\u00dfe \u00fcberholt und soll vor allem f\u00fcr die Ausbildung der Jugendwehr genutzt werden. Es steht aber auch weiterhin f\u00fcr Eins\u00e4tze bereit.<\/p>\n","protected":false},"excerpt":{"rendered":"<p>B\u00fcrgermeisterin Sandra Pietschmann sowie Marco Zerweiss, Leiter der Feuerwehr und sein Stellvertreter Matthias Mausbach haben am Montag zwei neue L\u00f6schgruppenfahrzeuge (LF 20 KatS) an die L\u00f6schgruppen Metzkausen und Obschwarzbach \u00fcbergeben. Beide Fahrzeuge sind als Katastrophenschutzfahrzeuge&#8230;<\/p>\n","protected":false},"author":2,"featured_media":16933,"comment_status":"closed","ping_status":"open","sticky":false,"template":"","format":"standard","meta":{"ngg_post_thumbnail":0,"footnotes":""},"categories":[1],"tags":[81,2500,4,2499],"class_list":["post-16932","post","type-post","status-publish","format-standard","has-post-thumbnail","hentry","category-allgemein","tag-feuerwehr","tag-loeschgruppenfahrzeug","tag-mettmann","tag-neue-fahrzeuge"],"yoast_head":"<!-- This site is optimized with the Yoast SEO plugin v27.2 - https:\/\/yoast.com\/product\/yoast-seo-wordpress\/ -->\n<title>Zwei neue Fahrzeuge f\u00fcr die L\u00f6schgruppen in Metzkausen und Obschwarzbach<\/title>\n<meta name=\"description\" content=\"Die L\u00f6schgruppen Metzkausen und Obschwarzbach der Mettmanner Feuerwehr haben ein neues L\u00f6schgruppenfahrzeug bekommen.\" \/>\n<meta name=\"robots\" content=\"index, follow, max-snippet:-1, max-image-preview:large, max-video-preview:-1\" \/>\n<link rel=\"canonical\" href=\"https:\/\/www.mettmann.de\/web\/zwei-neue-fahrzeuge-fuer-die-loeschgruppen-metzkausen-und-obschwarzbach\/\" \/>\n<meta property=\"og:locale\" content=\"de_DE\" \/>\n<meta property=\"og:type\" content=\"article\" \/>\n<meta property=\"og:title\" content=\"Zwei neue Fahrzeuge f\u00fcr die L\u00f6schgruppen in Metzkausen und Obschwarzbach\" \/>\n<meta property=\"og:description\" content=\"Foto: Kreisstadt Mettmann\" \/>\n<meta property=\"og:url\" content=\"https:\/\/www.mettmann.de\/web\/zwei-neue-fahrzeuge-fuer-die-loeschgruppen-metzkausen-und-obschwarzbach\/\" \/>\n<meta property=\"og:site_name\" content=\"Stadtverwaltung Mettmann\" \/>\n<meta property=\"article:publisher\" content=\"https:\/\/www.facebook.com\/kreisstadt.mettmann\" \/>\n<meta property=\"article:published_time\" content=\"2021-12-06T16:04:40+00:00\" \/>\n<meta property=\"article:modified_time\" content=\"2021-12-06T17:25:07+00:00\" \/>\n<meta property=\"og:image\" content=\"https:\/\/www.mettmann.de\/web\/wp-content\/uploads\/2021\/12\/Fahrzeuguebergabe-Feuerwehr-6.12.2021-scaled.jpg\" \/>\n\t<meta property=\"og:image:width\" content=\"2560\" \/>\n\t<meta property=\"og:image:height\" content=\"1707\" \/>\n\t<meta property=\"og:image:type\" content=\"image\/jpeg\" \/>\n<meta name=\"author\" content=\"LekiesT\" \/>\n<meta name=\"twitter:card\" content=\"summary_large_image\" \/>\n<meta name=\"twitter:label1\" content=\"Verfasst von\" \/>\n\t<meta name=\"twitter:data1\" content=\"LekiesT\" \/>\n\t<meta name=\"twitter:label2\" content=\"Gesch\u00e4tzte Lesezeit\" \/>\n\t<meta name=\"twitter:data2\" content=\"1\u00a0Minute\" \/>\n<script type=\"application\/ld+json\" class=\"yoast-schema-graph\">{\"@context\":\"https:\/\/schema.org\",\"@graph\":[{\"@type\":\"Article\",\"@id\":\"https:\/\/www.mettmann.de\/web\/zwei-neue-fahrzeuge-fuer-die-loeschgruppen-metzkausen-und-obschwarzbach\/#article\",\"isPartOf\":{\"@id\":\"https:\/\/www.mettmann.de\/web\/zwei-neue-fahrzeuge-fuer-die-loeschgruppen-metzkausen-und-obschwarzbach\/\"},\"author\":{\"name\":\"LekiesT\",\"@id\":\"https:\/\/www.mettmann.de\/web\/#\/schema\/person\/c0deeeba8d377efe8e769dc7f56c2292\"},\"headline\":\"Zwei neue Fahrzeuge f\u00fcr die L\u00f6schgruppen in Metzkausen und Obschwarzbach\",\"datePublished\":\"2021-12-06T16:04:40+00:00\",\"dateModified\":\"2021-12-06T17:25:07+00:00\",\"mainEntityOfPage\":{\"@id\":\"https:\/\/www.mettmann.de\/web\/zwei-neue-fahrzeuge-fuer-die-loeschgruppen-metzkausen-und-obschwarzbach\/\"},\"wordCount\":203,\"publisher\":{\"@id\":\"https:\/\/www.mettmann.de\/web\/#organization\"},\"image\":{\"@id\":\"https:\/\/www.mettmann.de\/web\/zwei-neue-fahrzeuge-fuer-die-loeschgruppen-metzkausen-und-obschwarzbach\/#primaryimage\"},\"thumbnailUrl\":\"https:\/\/www.mettmann.de\/web\/wp-content\/uploads\/2021\/12\/Fahrzeuguebergabe-Feuerwehr-6.12.2021-scaled.jpg\",\"keywords\":[\"Feuerwehr\",\"L\u00f6schgruppenfahrzeug\",\"Mettmann\",\"neue Fahrzeuge\"],\"inLanguage\":\"de\"},{\"@type\":\"WebPage\",\"@id\":\"https:\/\/www.mettmann.de\/web\/zwei-neue-fahrzeuge-fuer-die-loeschgruppen-metzkausen-und-obschwarzbach\/\",\"url\":\"https:\/\/www.mettmann.de\/web\/zwei-neue-fahrzeuge-fuer-die-loeschgruppen-metzkausen-und-obschwarzbach\/\",\"name\":\"Zwei neue Fahrzeuge f\u00fcr die L\u00f6schgruppen in Metzkausen und Obschwarzbach\",\"isPartOf\":{\"@id\":\"https:\/\/www.mettmann.de\/web\/#website\"},\"primaryImageOfPage\":{\"@id\":\"https:\/\/www.mettmann.de\/web\/zwei-neue-fahrzeuge-fuer-die-loeschgruppen-metzkausen-und-obschwarzbach\/#primaryimage\"},\"image\":{\"@id\":\"https:\/\/www.mettmann.de\/web\/zwei-neue-fahrzeuge-fuer-die-loeschgruppen-metzkausen-und-obschwarzbach\/#primaryimage\"},\"thumbnailUrl\":\"https:\/\/www.mettmann.de\/web\/wp-content\/uploads\/2021\/12\/Fahrzeuguebergabe-Feuerwehr-6.12.2021-scaled.jpg\",\"datePublished\":\"2021-12-06T16:04:40+00:00\",\"dateModified\":\"2021-12-06T17:25:07+00:00\",\"description\":\"Die L\u00f6schgruppen Metzkausen und Obschwarzbach der Mettmanner Feuerwehr haben ein neues L\u00f6schgruppenfahrzeug bekommen.\",\"breadcrumb\":{\"@id\":\"https:\/\/www.mettmann.de\/web\/zwei-neue-fahrzeuge-fuer-die-loeschgruppen-metzkausen-und-obschwarzbach\/#breadcrumb\"},\"inLanguage\":\"de\",\"potentialAction\":[{\"@type\":\"ReadAction\",\"target\":[\"https:\/\/www.mettmann.de\/web\/zwei-neue-fahrzeuge-fuer-die-loeschgruppen-metzkausen-und-obschwarzbach\/\"]}]},{\"@type\":\"ImageObject\",\"inLanguage\":\"de\",\"@id\":\"https:\/\/www.mettmann.de\/web\/zwei-neue-fahrzeuge-fuer-die-loeschgruppen-metzkausen-und-obschwarzbach\/#primaryimage\",\"url\":\"https:\/\/www.mettmann.de\/web\/wp-content\/uploads\/2021\/12\/Fahrzeuguebergabe-Feuerwehr-6.12.2021-scaled.jpg\",\"contentUrl\":\"https:\/\/www.mettmann.de\/web\/wp-content\/uploads\/2021\/12\/Fahrzeuguebergabe-Feuerwehr-6.12.2021-scaled.jpg\",\"width\":2560,\"height\":1707,\"caption\":\"Von links: B\u00fcrgermeisterin Sandra Pietschmann, Christoph Siegert, Thomas Kluke, Matthias Mausbach, Arne Vieweg, Marco Zerweiss und Marcus Wolff vor den neuen L\u00f6schgruppenfahrzeugen. (Foto: Kreisstadt Mettmann)\"},{\"@type\":\"BreadcrumbList\",\"@id\":\"https:\/\/www.mettmann.de\/web\/zwei-neue-fahrzeuge-fuer-die-loeschgruppen-metzkausen-und-obschwarzbach\/#breadcrumb\",\"itemListElement\":[{\"@type\":\"ListItem\",\"position\":1,\"name\":\"Startseite\",\"item\":\"https:\/\/www.mettmann.de\/web\/\"},{\"@type\":\"ListItem\",\"position\":2,\"name\":\"Zwei neue Fahrzeuge f\u00fcr die L\u00f6schgruppen in Metzkausen und Obschwarzbach\"}]},{\"@type\":\"WebSite\",\"@id\":\"https:\/\/www.mettmann.de\/web\/#website\",\"url\":\"https:\/\/www.mettmann.de\/web\/\",\"name\":\"Stadtverwaltung Mettmann\",\"description\":\"Internetseite der Kreisstadt Mettmann\",\"publisher\":{\"@id\":\"https:\/\/www.mettmann.de\/web\/#organization\"},\"potentialAction\":[{\"@type\":\"SearchAction\",\"target\":{\"@type\":\"EntryPoint\",\"urlTemplate\":\"https:\/\/www.mettmann.de\/web\/?s={search_term_string}\"},\"query-input\":{\"@type\":\"PropertyValueSpecification\",\"valueRequired\":true,\"valueName\":\"search_term_string\"}}],\"inLanguage\":\"de\"},{\"@type\":\"Organization\",\"@id\":\"https:\/\/www.mettmann.de\/web\/#organization\",\"name\":\"Kreisstadt Mettmann\",\"url\":\"https:\/\/www.mettmann.de\/web\/\",\"logo\":{\"@type\":\"ImageObject\",\"inLanguage\":\"de\",\"@id\":\"https:\/\/www.mettmann.de\/web\/#\/schema\/logo\/image\/\",\"url\":\"https:\/\/www.mettmann.de\/web\/wp-content\/uploads\/2019\/08\/Kreisstadt_Mettmann_Logo_RGB_150dpi.png\",\"contentUrl\":\"https:\/\/www.mettmann.de\/web\/wp-content\/uploads\/2019\/08\/Kreisstadt_Mettmann_Logo_RGB_150dpi.png\",\"width\":1302,\"height\":191,\"caption\":\"Kreisstadt Mettmann\"},\"image\":{\"@id\":\"https:\/\/www.mettmann.de\/web\/#\/schema\/logo\/image\/\"},\"sameAs\":[\"https:\/\/www.facebook.com\/kreisstadt.mettmann\",\"https:\/\/de.wikipedia.org\/wiki\/Mettmann\"]},{\"@type\":\"Person\",\"@id\":\"https:\/\/www.mettmann.de\/web\/#\/schema\/person\/c0deeeba8d377efe8e769dc7f56c2292\",\"name\":\"LekiesT\"}]}<\/script>\n<!-- \/ Yoast SEO plugin. -->","yoast_head_json":{"title":"Zwei neue Fahrzeuge f\u00fcr die L\u00f6schgruppen in Metzkausen und Obschwarzbach","description":"Die L\u00f6schgruppen Metzkausen und Obschwarzbach der Mettmanner Feuerwehr haben ein neues L\u00f6schgruppenfahrzeug bekommen.","robots":{"index":"index","follow":"follow","max-snippet":"max-snippet:-1","max-image-preview":"max-image-preview:large","max-video-preview":"max-video-preview:-1"},"canonical":"https:\/\/www.mettmann.de\/web\/zwei-neue-fahrzeuge-fuer-die-loeschgruppen-metzkausen-und-obschwarzbach\/","og_locale":"de_DE","og_type":"article","og_title":"Zwei neue Fahrzeuge f\u00fcr die L\u00f6schgruppen in Metzkausen und Obschwarzbach","og_description":"Foto: Kreisstadt Mettmann","og_url":"https:\/\/www.mettmann.de\/web\/zwei-neue-fahrzeuge-fuer-die-loeschgruppen-metzkausen-und-obschwarzbach\/","og_site_name":"Stadtverwaltung Mettmann","article_publisher":"https:\/\/www.facebook.com\/kreisstadt.mettmann","article_published_time":"2021-12-06T16:04:40+00:00","article_modified_time":"2021-12-06T17:25:07+00:00","og_image":[{"width":2560,"height":1707,"url":"https:\/\/www.mettmann.de\/web\/wp-content\/uploads\/2021\/12\/Fahrzeuguebergabe-Feuerwehr-6.12.2021-scaled.jpg","type":"image\/jpeg"}],"author":"LekiesT","twitter_card":"summary_large_image","twitter_misc":{"Verfasst von":"LekiesT","Gesch\u00e4tzte Lesezeit":"1\u00a0Minute"},"schema":{"@context":"https:\/\/schema.org","@graph":[{"@type":"Article","@id":"https:\/\/www.mettmann.de\/web\/zwei-neue-fahrzeuge-fuer-die-loeschgruppen-metzkausen-und-obschwarzbach\/#article","isPartOf":{"@id":"https:\/\/www.mettmann.de\/web\/zwei-neue-fahrzeuge-fuer-die-loeschgruppen-metzkausen-und-obschwarzbach\/"},"author":{"name":"LekiesT","@id":"https:\/\/www.mettmann.de\/web\/#\/schema\/person\/c0deeeba8d377efe8e769dc7f56c2292"},"headline":"Zwei neue Fahrzeuge f\u00fcr die L\u00f6schgruppen in Metzkausen und Obschwarzbach","datePublished":"2021-12-06T16:04:40+00:00","dateModified":"2021-12-06T17:25:07+00:00","mainEntityOfPage":{"@id":"https:\/\/www.mettmann.de\/web\/zwei-neue-fahrzeuge-fuer-die-loeschgruppen-metzkausen-und-obschwarzbach\/"},"wordCount":203,"publisher":{"@id":"https:\/\/www.mettmann.de\/web\/#organization"},"image":{"@id":"https:\/\/www.mettmann.de\/web\/zwei-neue-fahrzeuge-fuer-die-loeschgruppen-metzkausen-und-obschwarzbach\/#primaryimage"},"thumbnailUrl":"https:\/\/www.mettmann.de\/web\/wp-content\/uploads\/2021\/12\/Fahrzeuguebergabe-Feuerwehr-6.12.2021-scaled.jpg","keywords":["Feuerwehr","L\u00f6schgruppenfahrzeug","Mettmann","neue Fahrzeuge"],"inLanguage":"de"},{"@type":"WebPage","@id":"https:\/\/www.mettmann.de\/web\/zwei-neue-fahrzeuge-fuer-die-loeschgruppen-metzkausen-und-obschwarzbach\/","url":"https:\/\/www.mettmann.de\/web\/zwei-neue-fahrzeuge-fuer-die-loeschgruppen-metzkausen-und-obschwarzbach\/","name":"Zwei neue Fahrzeuge f\u00fcr die L\u00f6schgruppen in Metzkausen und Obschwarzbach","isPartOf":{"@id":"https:\/\/www.mettmann.de\/web\/#website"},"primaryImageOfPage":{"@id":"https:\/\/www.mettmann.de\/web\/zwei-neue-fahrzeuge-fuer-die-loeschgruppen-metzkausen-und-obschwarzbach\/#primaryimage"},"image":{"@id":"https:\/\/www.mettmann.de\/web\/zwei-neue-fahrzeuge-fuer-die-loeschgruppen-metzkausen-und-obschwarzbach\/#primaryimage"},"thumbnailUrl":"https:\/\/www.mettmann.de\/web\/wp-content\/uploads\/2021\/12\/Fahrzeuguebergabe-Feuerwehr-6.12.2021-scaled.jpg","datePublished":"2021-12-06T16:04:40+00:00","dateModified":"2021-12-06T17:25:07+00:00","description":"Die L\u00f6schgruppen Metzkausen und Obschwarzbach der Mettmanner Feuerwehr haben ein neues L\u00f6schgruppenfahrzeug bekommen.","breadcrumb":{"@id":"https:\/\/www.mettmann.de\/web\/zwei-neue-fahrzeuge-fuer-die-loeschgruppen-metzkausen-und-obschwarzbach\/#breadcrumb"},"inLanguage":"de","potentialAction":[{"@type":"ReadAction","target":["https:\/\/www.mettmann.de\/web\/zwei-neue-fahrzeuge-fuer-die-loeschgruppen-metzkausen-und-obschwarzbach\/"]}]},{"@type":"ImageObject","inLanguage":"de","@id":"https:\/\/www.mettmann.de\/web\/zwei-neue-fahrzeuge-fuer-die-loeschgruppen-metzkausen-und-obschwarzbach\/#primaryimage","url":"https:\/\/www.mettmann.de\/web\/wp-content\/uploads\/2021\/12\/Fahrzeuguebergabe-Feuerwehr-6.12.2021-scaled.jpg","contentUrl":"https:\/\/www.mettmann.de\/web\/wp-content\/uploads\/2021\/12\/Fahrzeuguebergabe-Feuerwehr-6.12.2021-scaled.jpg","width":2560,"height":1707,"caption":"Von links: B\u00fcrgermeisterin Sandra Pietschmann, Christoph Siegert, Thomas Kluke, Matthias Mausbach, Arne Vieweg, Marco Zerweiss und Marcus Wolff vor den neuen L\u00f6schgruppenfahrzeugen. (Foto: Kreisstadt Mettmann)"},{"@type":"BreadcrumbList","@id":"https:\/\/www.mettmann.de\/web\/zwei-neue-fahrzeuge-fuer-die-loeschgruppen-metzkausen-und-obschwarzbach\/#breadcrumb","itemListElement":[{"@type":"ListItem","position":1,"name":"Startseite","item":"https:\/\/www.mettmann.de\/web\/"},{"@type":"ListItem","position":2,"name":"Zwei neue Fahrzeuge f\u00fcr die L\u00f6schgruppen in Metzkausen und Obschwarzbach"}]},{"@type":"WebSite","@id":"https:\/\/www.mettmann.de\/web\/#website","url":"https:\/\/www.mettmann.de\/web\/","name":"Stadtverwaltung Mettmann","description":"Internetseite der Kreisstadt Mettmann","publisher":{"@id":"https:\/\/www.mettmann.de\/web\/#organization"},"potentialAction":[{"@type":"SearchAction","target":{"@type":"EntryPoint","urlTemplate":"https:\/\/www.mettmann.de\/web\/?s={search_term_string}"},"query-input":{"@type":"PropertyValueSpecification","valueRequired":true,"valueName":"search_term_string"}}],"inLanguage":"de"},{"@type":"Organization","@id":"https:\/\/www.mettmann.de\/web\/#organization","name":"Kreisstadt Mettmann","url":"https:\/\/www.mettmann.de\/web\/","logo":{"@type":"ImageObject","inLanguage":"de","@id":"https:\/\/www.mettmann.de\/web\/#\/schema\/logo\/image\/","url":"https:\/\/www.mettmann.de\/web\/wp-content\/uploads\/2019\/08\/Kreisstadt_Mettmann_Logo_RGB_150dpi.png","contentUrl":"https:\/\/www.mettmann.de\/web\/wp-content\/uploads\/2019\/08\/Kreisstadt_Mettmann_Logo_RGB_150dpi.png","width":1302,"height":191,"caption":"Kreisstadt Mettmann"},"image":{"@id":"https:\/\/www.mettmann.de\/web\/#\/schema\/logo\/image\/"},"sameAs":["https:\/\/www.facebook.com\/kreisstadt.mettmann","https:\/\/de.wikipedia.org\/wiki\/Mettmann"]},{"@type":"Person","@id":"https:\/\/www.mettmann.de\/web\/#\/schema\/person\/c0deeeba8d377efe8e769dc7f56c2292","name":"LekiesT"}]}},"_links":{"self":[{"href":"https:\/\/www.mettmann.de\/web\/wp-json\/wp\/v2\/posts\/16932","targetHints":{"allow":["GET"]}}],"collection":[{"href":"https:\/\/www.mettmann.de\/web\/wp-json\/wp\/v2\/posts"}],"about":[{"href":"https:\/\/www.mettmann.de\/web\/wp-json\/wp\/v2\/types\/post"}],"author":[{"embeddable":true,"href":"https:\/\/www.mettmann.de\/web\/wp-json\/wp\/v2\/users\/2"}],"replies":[{"embeddable":true,"href":"https:\/\/www.mettmann.de\/web\/wp-json\/wp\/v2\/comments?post=16932"}],"version-history":[{"count":5,"href":"https:\/\/www.mettmann.de\/web\/wp-json\/wp\/v2\/posts\/16932\/revisions"}],"predecessor-version":[{"id":16938,"href":"https:\/\/www.mettmann.de\/web\/wp-json\/wp\/v2\/posts\/16932\/revisions\/16938"}],"wp:featuredmedia":[{"embeddable":true,"href":"https:\/\/www.mettmann.de\/web\/wp-json\/wp\/v2\/media\/16933"}],"wp:attachment":[{"href":"https:\/\/www.mettmann.de\/web\/wp-json\/wp\/v2\/media?parent=16932"}],"wp:term":[{"taxonomy":"category","embeddable":true,"href":"https:\/\/www.mettmann.de\/web\/wp-json\/wp\/v2\/categories?post=16932"},{"taxonomy":"post_tag","embeddable":true,"href":"https:\/\/www.mettmann.de\/web\/wp-json\/wp\/v2\/tags?post=16932"}],"curies":[{"name":"wp","href":"https:\/\/api.w.org\/{rel}","templated":true}]}}