{"id":16939,"date":"2021-12-07T11:28:04","date_gmt":"2021-12-07T10:28:04","guid":{"rendered":"https:\/\/www.mettmann.de\/web\/?p=16939"},"modified":"2021-12-07T11:50:33","modified_gmt":"2021-12-07T10:50:33","slug":"vhs-leiterin-barbara-lorenz-allendorff-verabschiedet","status":"publish","type":"post","link":"https:\/\/www.mettmann.de\/web\/vhs-leiterin-barbara-lorenz-allendorff-verabschiedet\/","title":{"rendered":"VHS-Leiterin Barbara Lorenz-Allendorff verabschiedet"},"content":{"rendered":"<p>\u201eEs war eine sch\u00f6ne Zeit, bye-bye.\u201c Mit diesen Worten hat sich Barbara Lorenz-Allendorff am Montagabend von den Mitgliedern der VHS-Verbandsversammlung verabschiedet. Es war ihre letzte Sitzung. Die Leiterin der VHS Mettmann-W\u00fclfrath geht Ende des Jahres in den Ruhestand. \u201eMit einem fr\u00f6hlichen Herzen habe ich hier immer gerne gearbeitet. Ich hatte einen wunderbaren Arbeitsplatz und ein wunderbares Team\u201c, sagte die scheidende Leiterin.<\/p>\n<p>Zuvor hatten sich B\u00fcrgermeisterin Sandra Pietschmann, W\u00fclfraths B\u00fcrgermeister Rainer Ritsche, Verbandsvorsteher Walter Br\u00fchland und der Landtagsabgeordnete Martin Str\u00e4\u00dfer bei Lorenz-Allendorff f\u00fcr ihr Engagement bedankt. Mit stehendem Beifall zollten die Mitglieder der Verbandsversammlung Lorenz-Allendorff Respekt und Anerkennung f\u00fcr ihre Arbbeit an der VHS. B\u00fcrgermeisterin Pietschmann \u00fcberreichte ihr einen Liegestuhl mit VHS-Emblem, in dem sie ihren neuen Lebensabschnitt in den Sommermonaten genie\u00dfen soll. &nbsp;<\/p>\n<p>Im Jahr 1996 hatte Lorenz-Allendorff die Leitung der VHS Mettmann \u00fcbernommen. Unterbrochen wurde ihre Arbeit an der VHS nur von 2004 bis 2009, in der sie B\u00fcrgermeisterin von W\u00fclfrath war. Danach kehrte sie an die VHS Mettmann-W\u00fclfrath zur\u00fcck.<\/p>\n<p>Nach dem Abitur hatte Lorenz-Allendorff ihre Ausbildung als Lehramtsstudentin mit der F\u00e4cherkombination Chemie und Franz\u00f6sisch begonnen, schwenkte sp\u00e4ter auf die Erwachsenenbildung um. Bevor sie die Nachfolge des 1994 verstorbenen Mettmanner VHS-Leiters Dr. Karl-Heinz Maag 1996 antrat, hatte Lorenz-Allendorff schon Erfahrungen an anderen Volkshochschulen gesammelt, unter anderem als Fachbereichsleiterin f\u00fcr Mathematik, Naturwissenschaften, Technik, EDV und Fremdsprachen.<\/p>\n<p>Ihrem Nachfolger und dem VHS-Team sowie der Verbandsversammlung w\u00fcnschte Lorenz-Allendorff viel Erfolg.<\/p>\n","protected":false},"excerpt":{"rendered":"<p>\u201eEs war eine sch\u00f6ne Zeit, bye-bye.\u201c Mit diesen Worten hat sich Barbara Lorenz-Allendorff am Montagabend von den Mitgliedern der VHS-Verbandsversammlung verabschiedet. Es war ihre letzte Sitzung. Die Leiterin der VHS Mettmann-W\u00fclfrath geht Ende des Jahres&#8230;<\/p>\n","protected":false},"author":2,"featured_media":16942,"comment_status":"closed","ping_status":"open","sticky":false,"template":"","format":"standard","meta":{"ngg_post_thumbnail":0,"footnotes":""},"categories":[1],"tags":[2501,4,1175],"class_list":["post-16939","post","type-post","status-publish","format-standard","has-post-thumbnail","hentry","category-allgemein","tag-barbara-lorenz-allendorff","tag-mettmann","tag-vhs"],"yoast_head":"<!-- This site is optimized with the Yoast SEO plugin v27.2 - https:\/\/yoast.com\/product\/yoast-seo-wordpress\/ -->\n<title>VHS-Leiterin Barbara Lorenz-Allendorff verabschiedet<\/title>\n<meta name=\"description\" content=\"Die VHS-Verbandsversammlung Mettmann-W\u00fclfrath hat die langj\u00e4hrige Leiterin Barbara Lorenz-Allendorff in den Ruhestand verabschiedet.\" \/>\n<meta name=\"robots\" content=\"index, follow, max-snippet:-1, max-image-preview:large, max-video-preview:-1\" \/>\n<link rel=\"canonical\" href=\"https:\/\/www.mettmann.de\/web\/vhs-leiterin-barbara-lorenz-allendorff-verabschiedet\/\" \/>\n<meta property=\"og:locale\" content=\"de_DE\" \/>\n<meta property=\"og:type\" content=\"article\" \/>\n<meta property=\"og:title\" content=\"VHS-Leiterin Barbara Lorenz-Allendorff verabschiedet\" \/>\n<meta property=\"og:description\" content=\"Foto: Kreisstadt Mettmann\" \/>\n<meta property=\"og:url\" content=\"https:\/\/www.mettmann.de\/web\/vhs-leiterin-barbara-lorenz-allendorff-verabschiedet\/\" \/>\n<meta property=\"og:site_name\" content=\"Stadtverwaltung Mettmann\" \/>\n<meta property=\"article:publisher\" content=\"https:\/\/www.facebook.com\/kreisstadt.mettmann\" \/>\n<meta property=\"article:published_time\" content=\"2021-12-07T10:28:04+00:00\" \/>\n<meta property=\"article:modified_time\" content=\"2021-12-07T10:50:33+00:00\" \/>\n<meta property=\"og:image\" content=\"https:\/\/www.mettmann.de\/web\/wp-content\/uploads\/2021\/12\/IMBarbara-Lorenz-Allendorf-scaled.jpg\" \/>\n\t<meta property=\"og:image:width\" content=\"2560\" \/>\n\t<meta property=\"og:image:height\" content=\"1707\" \/>\n\t<meta property=\"og:image:type\" content=\"image\/jpeg\" \/>\n<meta name=\"author\" content=\"LekiesT\" \/>\n<meta name=\"twitter:card\" content=\"summary_large_image\" \/>\n<meta name=\"twitter:label1\" content=\"Verfasst von\" \/>\n\t<meta name=\"twitter:data1\" content=\"LekiesT\" \/>\n\t<meta name=\"twitter:label2\" content=\"Gesch\u00e4tzte Lesezeit\" \/>\n\t<meta name=\"twitter:data2\" content=\"1\u00a0Minute\" \/>\n<script type=\"application\/ld+json\" class=\"yoast-schema-graph\">{\"@context\":\"https:\/\/schema.org\",\"@graph\":[{\"@type\":\"Article\",\"@id\":\"https:\/\/www.mettmann.de\/web\/vhs-leiterin-barbara-lorenz-allendorff-verabschiedet\/#article\",\"isPartOf\":{\"@id\":\"https:\/\/www.mettmann.de\/web\/vhs-leiterin-barbara-lorenz-allendorff-verabschiedet\/\"},\"author\":{\"name\":\"LekiesT\",\"@id\":\"https:\/\/www.mettmann.de\/web\/#\/schema\/person\/c0deeeba8d377efe8e769dc7f56c2292\"},\"headline\":\"VHS-Leiterin Barbara Lorenz-Allendorff verabschiedet\",\"datePublished\":\"2021-12-07T10:28:04+00:00\",\"dateModified\":\"2021-12-07T10:50:33+00:00\",\"mainEntityOfPage\":{\"@id\":\"https:\/\/www.mettmann.de\/web\/vhs-leiterin-barbara-lorenz-allendorff-verabschiedet\/\"},\"wordCount\":248,\"publisher\":{\"@id\":\"https:\/\/www.mettmann.de\/web\/#organization\"},\"image\":{\"@id\":\"https:\/\/www.mettmann.de\/web\/vhs-leiterin-barbara-lorenz-allendorff-verabschiedet\/#primaryimage\"},\"thumbnailUrl\":\"https:\/\/www.mettmann.de\/web\/wp-content\/uploads\/2021\/12\/IMBarbara-Lorenz-Allendorf-scaled.jpg\",\"keywords\":[\"Barbara Lorenz-Allendorff\",\"Mettmann\",\"VHS\"],\"inLanguage\":\"de\"},{\"@type\":\"WebPage\",\"@id\":\"https:\/\/www.mettmann.de\/web\/vhs-leiterin-barbara-lorenz-allendorff-verabschiedet\/\",\"url\":\"https:\/\/www.mettmann.de\/web\/vhs-leiterin-barbara-lorenz-allendorff-verabschiedet\/\",\"name\":\"VHS-Leiterin Barbara Lorenz-Allendorff verabschiedet\",\"isPartOf\":{\"@id\":\"https:\/\/www.mettmann.de\/web\/#website\"},\"primaryImageOfPage\":{\"@id\":\"https:\/\/www.mettmann.de\/web\/vhs-leiterin-barbara-lorenz-allendorff-verabschiedet\/#primaryimage\"},\"image\":{\"@id\":\"https:\/\/www.mettmann.de\/web\/vhs-leiterin-barbara-lorenz-allendorff-verabschiedet\/#primaryimage\"},\"thumbnailUrl\":\"https:\/\/www.mettmann.de\/web\/wp-content\/uploads\/2021\/12\/IMBarbara-Lorenz-Allendorf-scaled.jpg\",\"datePublished\":\"2021-12-07T10:28:04+00:00\",\"dateModified\":\"2021-12-07T10:50:33+00:00\",\"description\":\"Die VHS-Verbandsversammlung Mettmann-W\u00fclfrath hat die langj\u00e4hrige Leiterin Barbara Lorenz-Allendorff in den Ruhestand verabschiedet.\",\"breadcrumb\":{\"@id\":\"https:\/\/www.mettmann.de\/web\/vhs-leiterin-barbara-lorenz-allendorff-verabschiedet\/#breadcrumb\"},\"inLanguage\":\"de\",\"potentialAction\":[{\"@type\":\"ReadAction\",\"target\":[\"https:\/\/www.mettmann.de\/web\/vhs-leiterin-barbara-lorenz-allendorff-verabschiedet\/\"]}]},{\"@type\":\"ImageObject\",\"inLanguage\":\"de\",\"@id\":\"https:\/\/www.mettmann.de\/web\/vhs-leiterin-barbara-lorenz-allendorff-verabschiedet\/#primaryimage\",\"url\":\"https:\/\/www.mettmann.de\/web\/wp-content\/uploads\/2021\/12\/IMBarbara-Lorenz-Allendorf-scaled.jpg\",\"contentUrl\":\"https:\/\/www.mettmann.de\/web\/wp-content\/uploads\/2021\/12\/IMBarbara-Lorenz-Allendorf-scaled.jpg\",\"width\":2560,\"height\":1707,\"caption\":\"B\u00fcrgermeisterin Sandra Pietschmann und Walter Br\u00fchland, Vorsitzender der VHS-Verbandsversammlung, haben die Verdienste der langj\u00e4hrigen VHS-Leiterin Barbara Lorenz-Allendorff gew\u00fcrdigt. (Foto: Kreisstadt Mettmann)\"},{\"@type\":\"BreadcrumbList\",\"@id\":\"https:\/\/www.mettmann.de\/web\/vhs-leiterin-barbara-lorenz-allendorff-verabschiedet\/#breadcrumb\",\"itemListElement\":[{\"@type\":\"ListItem\",\"position\":1,\"name\":\"Startseite\",\"item\":\"https:\/\/www.mettmann.de\/web\/\"},{\"@type\":\"ListItem\",\"position\":2,\"name\":\"VHS-Leiterin Barbara Lorenz-Allendorff verabschiedet\"}]},{\"@type\":\"WebSite\",\"@id\":\"https:\/\/www.mettmann.de\/web\/#website\",\"url\":\"https:\/\/www.mettmann.de\/web\/\",\"name\":\"Stadtverwaltung Mettmann\",\"description\":\"Internetseite der Kreisstadt Mettmann\",\"publisher\":{\"@id\":\"https:\/\/www.mettmann.de\/web\/#organization\"},\"potentialAction\":[{\"@type\":\"SearchAction\",\"target\":{\"@type\":\"EntryPoint\",\"urlTemplate\":\"https:\/\/www.mettmann.de\/web\/?s={search_term_string}\"},\"query-input\":{\"@type\":\"PropertyValueSpecification\",\"valueRequired\":true,\"valueName\":\"search_term_string\"}}],\"inLanguage\":\"de\"},{\"@type\":\"Organization\",\"@id\":\"https:\/\/www.mettmann.de\/web\/#organization\",\"name\":\"Kreisstadt Mettmann\",\"url\":\"https:\/\/www.mettmann.de\/web\/\",\"logo\":{\"@type\":\"ImageObject\",\"inLanguage\":\"de\",\"@id\":\"https:\/\/www.mettmann.de\/web\/#\/schema\/logo\/image\/\",\"url\":\"https:\/\/www.mettmann.de\/web\/wp-content\/uploads\/2019\/08\/Kreisstadt_Mettmann_Logo_RGB_150dpi.png\",\"contentUrl\":\"https:\/\/www.mettmann.de\/web\/wp-content\/uploads\/2019\/08\/Kreisstadt_Mettmann_Logo_RGB_150dpi.png\",\"width\":1302,\"height\":191,\"caption\":\"Kreisstadt Mettmann\"},\"image\":{\"@id\":\"https:\/\/www.mettmann.de\/web\/#\/schema\/logo\/image\/\"},\"sameAs\":[\"https:\/\/www.facebook.com\/kreisstadt.mettmann\",\"https:\/\/de.wikipedia.org\/wiki\/Mettmann\"]},{\"@type\":\"Person\",\"@id\":\"https:\/\/www.mettmann.de\/web\/#\/schema\/person\/c0deeeba8d377efe8e769dc7f56c2292\",\"name\":\"LekiesT\"}]}<\/script>\n<!-- \/ Yoast SEO plugin. -->","yoast_head_json":{"title":"VHS-Leiterin Barbara Lorenz-Allendorff verabschiedet","description":"Die VHS-Verbandsversammlung Mettmann-W\u00fclfrath hat die langj\u00e4hrige Leiterin Barbara Lorenz-Allendorff in den Ruhestand verabschiedet.","robots":{"index":"index","follow":"follow","max-snippet":"max-snippet:-1","max-image-preview":"max-image-preview:large","max-video-preview":"max-video-preview:-1"},"canonical":"https:\/\/www.mettmann.de\/web\/vhs-leiterin-barbara-lorenz-allendorff-verabschiedet\/","og_locale":"de_DE","og_type":"article","og_title":"VHS-Leiterin Barbara Lorenz-Allendorff verabschiedet","og_description":"Foto: Kreisstadt Mettmann","og_url":"https:\/\/www.mettmann.de\/web\/vhs-leiterin-barbara-lorenz-allendorff-verabschiedet\/","og_site_name":"Stadtverwaltung Mettmann","article_publisher":"https:\/\/www.facebook.com\/kreisstadt.mettmann","article_published_time":"2021-12-07T10:28:04+00:00","article_modified_time":"2021-12-07T10:50:33+00:00","og_image":[{"width":2560,"height":1707,"url":"https:\/\/www.mettmann.de\/web\/wp-content\/uploads\/2021\/12\/IMBarbara-Lorenz-Allendorf-scaled.jpg","type":"image\/jpeg"}],"author":"LekiesT","twitter_card":"summary_large_image","twitter_misc":{"Verfasst von":"LekiesT","Gesch\u00e4tzte Lesezeit":"1\u00a0Minute"},"schema":{"@context":"https:\/\/schema.org","@graph":[{"@type":"Article","@id":"https:\/\/www.mettmann.de\/web\/vhs-leiterin-barbara-lorenz-allendorff-verabschiedet\/#article","isPartOf":{"@id":"https:\/\/www.mettmann.de\/web\/vhs-leiterin-barbara-lorenz-allendorff-verabschiedet\/"},"author":{"name":"LekiesT","@id":"https:\/\/www.mettmann.de\/web\/#\/schema\/person\/c0deeeba8d377efe8e769dc7f56c2292"},"headline":"VHS-Leiterin Barbara Lorenz-Allendorff verabschiedet","datePublished":"2021-12-07T10:28:04+00:00","dateModified":"2021-12-07T10:50:33+00:00","mainEntityOfPage":{"@id":"https:\/\/www.mettmann.de\/web\/vhs-leiterin-barbara-lorenz-allendorff-verabschiedet\/"},"wordCount":248,"publisher":{"@id":"https:\/\/www.mettmann.de\/web\/#organization"},"image":{"@id":"https:\/\/www.mettmann.de\/web\/vhs-leiterin-barbara-lorenz-allendorff-verabschiedet\/#primaryimage"},"thumbnailUrl":"https:\/\/www.mettmann.de\/web\/wp-content\/uploads\/2021\/12\/IMBarbara-Lorenz-Allendorf-scaled.jpg","keywords":["Barbara Lorenz-Allendorff","Mettmann","VHS"],"inLanguage":"de"},{"@type":"WebPage","@id":"https:\/\/www.mettmann.de\/web\/vhs-leiterin-barbara-lorenz-allendorff-verabschiedet\/","url":"https:\/\/www.mettmann.de\/web\/vhs-leiterin-barbara-lorenz-allendorff-verabschiedet\/","name":"VHS-Leiterin Barbara Lorenz-Allendorff verabschiedet","isPartOf":{"@id":"https:\/\/www.mettmann.de\/web\/#website"},"primaryImageOfPage":{"@id":"https:\/\/www.mettmann.de\/web\/vhs-leiterin-barbara-lorenz-allendorff-verabschiedet\/#primaryimage"},"image":{"@id":"https:\/\/www.mettmann.de\/web\/vhs-leiterin-barbara-lorenz-allendorff-verabschiedet\/#primaryimage"},"thumbnailUrl":"https:\/\/www.mettmann.de\/web\/wp-content\/uploads\/2021\/12\/IMBarbara-Lorenz-Allendorf-scaled.jpg","datePublished":"2021-12-07T10:28:04+00:00","dateModified":"2021-12-07T10:50:33+00:00","description":"Die VHS-Verbandsversammlung Mettmann-W\u00fclfrath hat die langj\u00e4hrige Leiterin Barbara Lorenz-Allendorff in den Ruhestand verabschiedet.","breadcrumb":{"@id":"https:\/\/www.mettmann.de\/web\/vhs-leiterin-barbara-lorenz-allendorff-verabschiedet\/#breadcrumb"},"inLanguage":"de","potentialAction":[{"@type":"ReadAction","target":["https:\/\/www.mettmann.de\/web\/vhs-leiterin-barbara-lorenz-allendorff-verabschiedet\/"]}]},{"@type":"ImageObject","inLanguage":"de","@id":"https:\/\/www.mettmann.de\/web\/vhs-leiterin-barbara-lorenz-allendorff-verabschiedet\/#primaryimage","url":"https:\/\/www.mettmann.de\/web\/wp-content\/uploads\/2021\/12\/IMBarbara-Lorenz-Allendorf-scaled.jpg","contentUrl":"https:\/\/www.mettmann.de\/web\/wp-content\/uploads\/2021\/12\/IMBarbara-Lorenz-Allendorf-scaled.jpg","width":2560,"height":1707,"caption":"B\u00fcrgermeisterin Sandra Pietschmann und Walter Br\u00fchland, Vorsitzender der VHS-Verbandsversammlung, haben die Verdienste der langj\u00e4hrigen VHS-Leiterin Barbara Lorenz-Allendorff gew\u00fcrdigt. (Foto: Kreisstadt Mettmann)"},{"@type":"BreadcrumbList","@id":"https:\/\/www.mettmann.de\/web\/vhs-leiterin-barbara-lorenz-allendorff-verabschiedet\/#breadcrumb","itemListElement":[{"@type":"ListItem","position":1,"name":"Startseite","item":"https:\/\/www.mettmann.de\/web\/"},{"@type":"ListItem","position":2,"name":"VHS-Leiterin Barbara Lorenz-Allendorff verabschiedet"}]},{"@type":"WebSite","@id":"https:\/\/www.mettmann.de\/web\/#website","url":"https:\/\/www.mettmann.de\/web\/","name":"Stadtverwaltung Mettmann","description":"Internetseite der Kreisstadt Mettmann","publisher":{"@id":"https:\/\/www.mettmann.de\/web\/#organization"},"potentialAction":[{"@type":"SearchAction","target":{"@type":"EntryPoint","urlTemplate":"https:\/\/www.mettmann.de\/web\/?s={search_term_string}"},"query-input":{"@type":"PropertyValueSpecification","valueRequired":true,"valueName":"search_term_string"}}],"inLanguage":"de"},{"@type":"Organization","@id":"https:\/\/www.mettmann.de\/web\/#organization","name":"Kreisstadt Mettmann","url":"https:\/\/www.mettmann.de\/web\/","logo":{"@type":"ImageObject","inLanguage":"de","@id":"https:\/\/www.mettmann.de\/web\/#\/schema\/logo\/image\/","url":"https:\/\/www.mettmann.de\/web\/wp-content\/uploads\/2019\/08\/Kreisstadt_Mettmann_Logo_RGB_150dpi.png","contentUrl":"https:\/\/www.mettmann.de\/web\/wp-content\/uploads\/2019\/08\/Kreisstadt_Mettmann_Logo_RGB_150dpi.png","width":1302,"height":191,"caption":"Kreisstadt Mettmann"},"image":{"@id":"https:\/\/www.mettmann.de\/web\/#\/schema\/logo\/image\/"},"sameAs":["https:\/\/www.facebook.com\/kreisstadt.mettmann","https:\/\/de.wikipedia.org\/wiki\/Mettmann"]},{"@type":"Person","@id":"https:\/\/www.mettmann.de\/web\/#\/schema\/person\/c0deeeba8d377efe8e769dc7f56c2292","name":"LekiesT"}]}},"_links":{"self":[{"href":"https:\/\/www.mettmann.de\/web\/wp-json\/wp\/v2\/posts\/16939","targetHints":{"allow":["GET"]}}],"collection":[{"href":"https:\/\/www.mettmann.de\/web\/wp-json\/wp\/v2\/posts"}],"about":[{"href":"https:\/\/www.mettmann.de\/web\/wp-json\/wp\/v2\/types\/post"}],"author":[{"embeddable":true,"href":"https:\/\/www.mettmann.de\/web\/wp-json\/wp\/v2\/users\/2"}],"replies":[{"embeddable":true,"href":"https:\/\/www.mettmann.de\/web\/wp-json\/wp\/v2\/comments?post=16939"}],"version-history":[{"count":14,"href":"https:\/\/www.mettmann.de\/web\/wp-json\/wp\/v2\/posts\/16939\/revisions"}],"predecessor-version":[{"id":16959,"href":"https:\/\/www.mettmann.de\/web\/wp-json\/wp\/v2\/posts\/16939\/revisions\/16959"}],"wp:featuredmedia":[{"embeddable":true,"href":"https:\/\/www.mettmann.de\/web\/wp-json\/wp\/v2\/media\/16942"}],"wp:attachment":[{"href":"https:\/\/www.mettmann.de\/web\/wp-json\/wp\/v2\/media?parent=16939"}],"wp:term":[{"taxonomy":"category","embeddable":true,"href":"https:\/\/www.mettmann.de\/web\/wp-json\/wp\/v2\/categories?post=16939"},{"taxonomy":"post_tag","embeddable":true,"href":"https:\/\/www.mettmann.de\/web\/wp-json\/wp\/v2\/tags?post=16939"}],"curies":[{"name":"wp","href":"https:\/\/api.w.org\/{rel}","templated":true}]}}