{"id":21234,"date":"2022-06-30T15:13:18","date_gmt":"2022-06-30T13:13:18","guid":{"rendered":"https:\/\/www.mettmann.de\/web\/?p=21234"},"modified":"2022-06-30T15:13:06","modified_gmt":"2022-06-30T13:13:06","slug":"so-schoen-ist-der-sommer-weinfest-und-kunstmeile","status":"publish","type":"post","link":"https:\/\/www.mettmann.de\/web\/so-schoen-ist-der-sommer-weinfest-und-kunstmeile\/","title":{"rendered":"So sch\u00f6n ist der Sommer: Weinfest und Kunstmeile"},"content":{"rendered":"<p>Die St. Sebastianus Sch\u00fctzenbruderschaft hat mit dem Sch\u00fctzenfest und der Johanniskirmes den Reigen der gro\u00dfen Stadtfeste erfolgreich er\u00f6ffnet. An diesem Wochenende geht es weiter: Die Werbegemeinschaft \u201eMettmann Impulse\u201c richtet nach zweij\u00e4hriger Corona-bedingter Pause wieder den Mettmanner Weinsommer vom 1. bis 3. Juli auf dem Markplatz rund um St. Lambertus aus.<\/p>\n<p>Neun Weing\u00fcter aus verschiedenen Anbaugebieten Deutschlands sind zu Gast. Das kulinarische Angebot reicht von Flammlachs, Els\u00e4sser Flammkuchen, spanischem Churros-Geb\u00e4ck, s\u00fc\u00dfen Cr\u00eapes und herzhaften Galettes bis hin zu Leckereien vom Grill. Zur Er\u00f6ffnung des 11. Weinsommers morgen um 18 Uhr wird auch die Mosel-Weinprinzessin Jacqueline Krause erwartet.<\/p>\n<p>Auf der B\u00fchne wird am Freitagabend der \u201eTeufel am Klavier\u201c, Sascha Klaar, f\u00fcr m\u00e4chtig Stimmung sorgen. Am Samstag kann das Weinsommer-Publikum auf Albert N\u2018sanda gespannt sein. Der Vollprofi aus Kassel wird als Gast die stimmgewaltige Pamela Falcon mitbringen, die sich bei der TV-Gesangsshow \u201eThe Voice of Germany\u201c einen Namen gemacht hat.<\/p>\n<p>Am Sonntag k\u00fcrt lokale Prominenz bei einer \u00f6ffentlichen Weinprobe den Wein des Weinsommers 2022, abends steht die Velberterin Madita auf der B\u00fchne. Ihre selbstgeschriebenen Songs begleitet sie selbst auf der Gitarre. Ausf\u00fchrliche Informationen zu den Weing\u00fctern, zum Programm und den K\u00fcnstlern des 11. Mettmanner Weinsommers gibt es online auf der <a href=\"https:\/\/www.weinsommer-mettmann.de\/\" target=\"_blank\" rel=\"noopener\">Weinsommer-Homepage<\/a>.<\/p>\n<div id=\"attachment_21259\" style=\"width: 650px\" class=\"wp-caption alignnone\"><img loading=\"lazy\" decoding=\"async\" aria-describedby=\"caption-attachment-21259\" class=\"wp-image-21259 size-full\" src=\"https:\/\/www.mettmann.de\/web\/wp-content\/uploads\/2022\/06\/KUnstmeile-Lydia.jpg\" alt=\"\" width=\"640\" height=\"480\" srcset=\"https:\/\/www.mettmann.de\/web\/wp-content\/uploads\/2022\/06\/KUnstmeile-Lydia.jpg 640w, https:\/\/www.mettmann.de\/web\/wp-content\/uploads\/2022\/06\/KUnstmeile-Lydia-300x225.jpg 300w\" sizes=\"auto, (max-width: 640px) 100vw, 640px\" \/><p id=\"caption-attachment-21259\" class=\"wp-caption-text\">40 K\u00fcnstlerinnen und K\u00fcnstler zeigen am 3. Juli ihre Arbeiten in der Innenstadt. (Archivfoto: Kreisstadt Mettmann)<\/p><\/div>\n<p>W\u00e4hrend der Marktplatz an diesem Wochenende in die gr\u00f6\u00dfte Weinstube des Kreises verwandelt wird, l\u00e4dt die Stadt am Sonntag, 3. Juli, von 11 bis 18 Uhr zu einem Besuch der gr\u00f6\u00dften Kunst-Galerie im Kreis Mettmann ein. Zum 17. Mal pr\u00e4sentiert die Kulturabteilung der Stadt die Mettmanner Kunstmeile in der Innenstadt. 40 K\u00fcnstler aus den Kunstrichtungen Aquarell und \u00d6lmalerei, wie der Kunstmaler Ayat Taieb aus Dortmund und der Steinbildhauer Johannes Terbach aus Moers, dem Holzdesigner Pasquale Lo Tufo aus M\u00f6nchengladbach und der Portr\u00e4tzeichnerin Veronique Schmitz aus D\u00fcsseldorf, nutzen die M\u00f6glichkeit, sich mit ihren Arbeiten vorzustellen, die Entstehung der eigenen Werke vorzuf\u00fchren oder einen Workshop f\u00fcr kleine und gro\u00dfe Besucher anzubieten.<\/p>\n<p>Angefangen von Upsyclingskulpturen von Michaela Hansen \u00fcber Aquarell-, \u00d6l-, Acrylmalerei, von Angelika Lorenz und Fotografie von Ute Wachter, Schmuckdesign aus Perlen von Heike Halfmann bis hin zu Filzarbeiten, Glasveredelung, Keramikkunstwerken und Holzspielzeug, erwartet den Besucher ein weites Spektrum von k\u00fcnstlerischen und handwerklichen Arbeiten.<\/p>\n<p>F\u00fcr die Kinder, die ja in den letzten zwei Jahren zu kurz gekommen sind, sorgt das Spieleteam von Frank Jeschke \u201eOh Larry\u201c unter den Platanen an der M\u00fchlenstra\u00dfe zus\u00e4tzlich f\u00fcr Kurzweil.<\/p>\n","protected":false},"excerpt":{"rendered":"<p>Die St. Sebastianus Sch\u00fctzenbruderschaft hat mit dem Sch\u00fctzenfest und der Johanniskirmes den Reigen der gro\u00dfen Stadtfeste erfolgreich er\u00f6ffnet. An diesem Wochenende geht es weiter: Die Werbegemeinschaft \u201eMettmann Impulse\u201c richtet nach zweij\u00e4hriger Corona-bedingter Pause wieder den&#8230;<\/p>\n","protected":false},"author":2,"featured_media":21245,"comment_status":"closed","ping_status":"closed","sticky":false,"template":"","format":"standard","meta":{"ngg_post_thumbnail":0,"footnotes":""},"categories":[1],"tags":[145,961,119,2059,4,964],"class_list":["post-21234","post","type-post","status-publish","format-standard","has-post-thumbnail","hentry","category-allgemein","tag-innenstadt","tag-kunstmeile","tag-markt","tag-marktplatz","tag-mettmann","tag-weinsommer"],"yoast_head":"<!-- This site is optimized with the Yoast SEO plugin v27.2 - https:\/\/yoast.com\/product\/yoast-seo-wordpress\/ -->\n<title>So sch\u00f6n ist der Sommer: Weinfest und Kunstmeile<\/title>\n<meta name=\"description\" content=\"&quot;ME-Impulse&quot; richtet vom 1. bis 3. Juli auf dem Markt den 11. Mettmanner Weinsommer aus. Die Stadt veranstaltet am 3. Juli die 17. Mettmanner Kunstmeile.\" \/>\n<meta name=\"robots\" content=\"index, follow, max-snippet:-1, max-image-preview:large, max-video-preview:-1\" \/>\n<link rel=\"canonical\" href=\"https:\/\/www.mettmann.de\/web\/so-schoen-ist-der-sommer-weinfest-und-kunstmeile\/\" \/>\n<meta property=\"og:locale\" content=\"de_DE\" \/>\n<meta property=\"og:type\" content=\"article\" \/>\n<meta property=\"og:title\" content=\"So sch\u00f6n ist der Sommer: Weinfest und Kunstmeile\" \/>\n<meta property=\"og:description\" content=\"Foto: ME-Impulse\" \/>\n<meta property=\"og:url\" content=\"https:\/\/www.mettmann.de\/web\/so-schoen-ist-der-sommer-weinfest-und-kunstmeile\/\" \/>\n<meta property=\"og:site_name\" content=\"Stadtverwaltung Mettmann\" \/>\n<meta property=\"article:publisher\" content=\"https:\/\/www.facebook.com\/kreisstadt.mettmann\" \/>\n<meta property=\"article:published_time\" content=\"2022-06-30T13:13:18+00:00\" \/>\n<meta property=\"og:image\" content=\"https:\/\/www.mettmann.de\/web\/wp-content\/uploads\/2022\/06\/Weinsommer-ME-Impulse-1024x591.png\" \/>\n\t<meta property=\"og:image:width\" content=\"1024\" \/>\n\t<meta property=\"og:image:height\" content=\"591\" \/>\n\t<meta property=\"og:image:type\" content=\"image\/png\" \/>\n<meta name=\"author\" content=\"LekiesT\" \/>\n<meta name=\"twitter:card\" content=\"summary_large_image\" \/>\n<meta name=\"twitter:label1\" content=\"Verfasst von\" \/>\n\t<meta name=\"twitter:data1\" content=\"LekiesT\" \/>\n\t<meta name=\"twitter:label2\" content=\"Gesch\u00e4tzte Lesezeit\" \/>\n\t<meta name=\"twitter:data2\" content=\"2\u00a0Minuten\" \/>\n<script type=\"application\/ld+json\" class=\"yoast-schema-graph\">{\"@context\":\"https:\/\/schema.org\",\"@graph\":[{\"@type\":\"Article\",\"@id\":\"https:\/\/www.mettmann.de\/web\/so-schoen-ist-der-sommer-weinfest-und-kunstmeile\/#article\",\"isPartOf\":{\"@id\":\"https:\/\/www.mettmann.de\/web\/so-schoen-ist-der-sommer-weinfest-und-kunstmeile\/\"},\"author\":{\"name\":\"LekiesT\",\"@id\":\"https:\/\/www.mettmann.de\/web\/#\/schema\/person\/c0deeeba8d377efe8e769dc7f56c2292\"},\"headline\":\"So sch\u00f6n ist der Sommer: Weinfest und Kunstmeile\",\"datePublished\":\"2022-06-30T13:13:18+00:00\",\"mainEntityOfPage\":{\"@id\":\"https:\/\/www.mettmann.de\/web\/so-schoen-ist-der-sommer-weinfest-und-kunstmeile\/\"},\"wordCount\":441,\"publisher\":{\"@id\":\"https:\/\/www.mettmann.de\/web\/#organization\"},\"image\":{\"@id\":\"https:\/\/www.mettmann.de\/web\/so-schoen-ist-der-sommer-weinfest-und-kunstmeile\/#primaryimage\"},\"thumbnailUrl\":\"https:\/\/www.mettmann.de\/web\/wp-content\/uploads\/2022\/06\/Weinsommer-ME-Impulse.png\",\"keywords\":[\"Innenstadt\",\"Kunstmeile\",\"Markt\",\"Marktplatz\",\"Mettmann\",\"Weinsommer\"],\"inLanguage\":\"de\"},{\"@type\":\"WebPage\",\"@id\":\"https:\/\/www.mettmann.de\/web\/so-schoen-ist-der-sommer-weinfest-und-kunstmeile\/\",\"url\":\"https:\/\/www.mettmann.de\/web\/so-schoen-ist-der-sommer-weinfest-und-kunstmeile\/\",\"name\":\"So sch\u00f6n ist der Sommer: Weinfest und Kunstmeile\",\"isPartOf\":{\"@id\":\"https:\/\/www.mettmann.de\/web\/#website\"},\"primaryImageOfPage\":{\"@id\":\"https:\/\/www.mettmann.de\/web\/so-schoen-ist-der-sommer-weinfest-und-kunstmeile\/#primaryimage\"},\"image\":{\"@id\":\"https:\/\/www.mettmann.de\/web\/so-schoen-ist-der-sommer-weinfest-und-kunstmeile\/#primaryimage\"},\"thumbnailUrl\":\"https:\/\/www.mettmann.de\/web\/wp-content\/uploads\/2022\/06\/Weinsommer-ME-Impulse.png\",\"datePublished\":\"2022-06-30T13:13:18+00:00\",\"description\":\"\\\"ME-Impulse\\\" richtet vom 1. bis 3. Juli auf dem Markt den 11. Mettmanner Weinsommer aus. Die Stadt veranstaltet am 3. Juli die 17. Mettmanner Kunstmeile.\",\"breadcrumb\":{\"@id\":\"https:\/\/www.mettmann.de\/web\/so-schoen-ist-der-sommer-weinfest-und-kunstmeile\/#breadcrumb\"},\"inLanguage\":\"de\",\"potentialAction\":[{\"@type\":\"ReadAction\",\"target\":[\"https:\/\/www.mettmann.de\/web\/so-schoen-ist-der-sommer-weinfest-und-kunstmeile\/\"]}]},{\"@type\":\"ImageObject\",\"inLanguage\":\"de\",\"@id\":\"https:\/\/www.mettmann.de\/web\/so-schoen-ist-der-sommer-weinfest-und-kunstmeile\/#primaryimage\",\"url\":\"https:\/\/www.mettmann.de\/web\/wp-content\/uploads\/2022\/06\/Weinsommer-ME-Impulse.png\",\"contentUrl\":\"https:\/\/www.mettmann.de\/web\/wp-content\/uploads\/2022\/06\/Weinsommer-ME-Impulse.png\",\"width\":1574,\"height\":909,\"caption\":\"Stimmungsvolle Atmosph\u00e4re in den Abendstunden des Mettmanner Weinsommers. (Archivfoto: ME-Impulse)\"},{\"@type\":\"BreadcrumbList\",\"@id\":\"https:\/\/www.mettmann.de\/web\/so-schoen-ist-der-sommer-weinfest-und-kunstmeile\/#breadcrumb\",\"itemListElement\":[{\"@type\":\"ListItem\",\"position\":1,\"name\":\"Startseite\",\"item\":\"https:\/\/www.mettmann.de\/web\/\"},{\"@type\":\"ListItem\",\"position\":2,\"name\":\"So sch\u00f6n ist der Sommer: Weinfest und Kunstmeile\"}]},{\"@type\":\"WebSite\",\"@id\":\"https:\/\/www.mettmann.de\/web\/#website\",\"url\":\"https:\/\/www.mettmann.de\/web\/\",\"name\":\"Stadtverwaltung Mettmann\",\"description\":\"Internetseite der Kreisstadt Mettmann\",\"publisher\":{\"@id\":\"https:\/\/www.mettmann.de\/web\/#organization\"},\"potentialAction\":[{\"@type\":\"SearchAction\",\"target\":{\"@type\":\"EntryPoint\",\"urlTemplate\":\"https:\/\/www.mettmann.de\/web\/?s={search_term_string}\"},\"query-input\":{\"@type\":\"PropertyValueSpecification\",\"valueRequired\":true,\"valueName\":\"search_term_string\"}}],\"inLanguage\":\"de\"},{\"@type\":\"Organization\",\"@id\":\"https:\/\/www.mettmann.de\/web\/#organization\",\"name\":\"Kreisstadt Mettmann\",\"url\":\"https:\/\/www.mettmann.de\/web\/\",\"logo\":{\"@type\":\"ImageObject\",\"inLanguage\":\"de\",\"@id\":\"https:\/\/www.mettmann.de\/web\/#\/schema\/logo\/image\/\",\"url\":\"https:\/\/www.mettmann.de\/web\/wp-content\/uploads\/2019\/08\/Kreisstadt_Mettmann_Logo_RGB_150dpi.png\",\"contentUrl\":\"https:\/\/www.mettmann.de\/web\/wp-content\/uploads\/2019\/08\/Kreisstadt_Mettmann_Logo_RGB_150dpi.png\",\"width\":1302,\"height\":191,\"caption\":\"Kreisstadt Mettmann\"},\"image\":{\"@id\":\"https:\/\/www.mettmann.de\/web\/#\/schema\/logo\/image\/\"},\"sameAs\":[\"https:\/\/www.facebook.com\/kreisstadt.mettmann\",\"https:\/\/de.wikipedia.org\/wiki\/Mettmann\"]},{\"@type\":\"Person\",\"@id\":\"https:\/\/www.mettmann.de\/web\/#\/schema\/person\/c0deeeba8d377efe8e769dc7f56c2292\",\"name\":\"LekiesT\"}]}<\/script>\n<!-- \/ Yoast SEO plugin. -->","yoast_head_json":{"title":"So sch\u00f6n ist der Sommer: Weinfest und Kunstmeile","description":"\"ME-Impulse\" richtet vom 1. bis 3. Juli auf dem Markt den 11. Mettmanner Weinsommer aus. Die Stadt veranstaltet am 3. Juli die 17. Mettmanner Kunstmeile.","robots":{"index":"index","follow":"follow","max-snippet":"max-snippet:-1","max-image-preview":"max-image-preview:large","max-video-preview":"max-video-preview:-1"},"canonical":"https:\/\/www.mettmann.de\/web\/so-schoen-ist-der-sommer-weinfest-und-kunstmeile\/","og_locale":"de_DE","og_type":"article","og_title":"So sch\u00f6n ist der Sommer: Weinfest und Kunstmeile","og_description":"Foto: ME-Impulse","og_url":"https:\/\/www.mettmann.de\/web\/so-schoen-ist-der-sommer-weinfest-und-kunstmeile\/","og_site_name":"Stadtverwaltung Mettmann","article_publisher":"https:\/\/www.facebook.com\/kreisstadt.mettmann","article_published_time":"2022-06-30T13:13:18+00:00","og_image":[{"width":1024,"height":591,"url":"https:\/\/www.mettmann.de\/web\/wp-content\/uploads\/2022\/06\/Weinsommer-ME-Impulse-1024x591.png","type":"image\/png"}],"author":"LekiesT","twitter_card":"summary_large_image","twitter_misc":{"Verfasst von":"LekiesT","Gesch\u00e4tzte Lesezeit":"2\u00a0Minuten"},"schema":{"@context":"https:\/\/schema.org","@graph":[{"@type":"Article","@id":"https:\/\/www.mettmann.de\/web\/so-schoen-ist-der-sommer-weinfest-und-kunstmeile\/#article","isPartOf":{"@id":"https:\/\/www.mettmann.de\/web\/so-schoen-ist-der-sommer-weinfest-und-kunstmeile\/"},"author":{"name":"LekiesT","@id":"https:\/\/www.mettmann.de\/web\/#\/schema\/person\/c0deeeba8d377efe8e769dc7f56c2292"},"headline":"So sch\u00f6n ist der Sommer: Weinfest und Kunstmeile","datePublished":"2022-06-30T13:13:18+00:00","mainEntityOfPage":{"@id":"https:\/\/www.mettmann.de\/web\/so-schoen-ist-der-sommer-weinfest-und-kunstmeile\/"},"wordCount":441,"publisher":{"@id":"https:\/\/www.mettmann.de\/web\/#organization"},"image":{"@id":"https:\/\/www.mettmann.de\/web\/so-schoen-ist-der-sommer-weinfest-und-kunstmeile\/#primaryimage"},"thumbnailUrl":"https:\/\/www.mettmann.de\/web\/wp-content\/uploads\/2022\/06\/Weinsommer-ME-Impulse.png","keywords":["Innenstadt","Kunstmeile","Markt","Marktplatz","Mettmann","Weinsommer"],"inLanguage":"de"},{"@type":"WebPage","@id":"https:\/\/www.mettmann.de\/web\/so-schoen-ist-der-sommer-weinfest-und-kunstmeile\/","url":"https:\/\/www.mettmann.de\/web\/so-schoen-ist-der-sommer-weinfest-und-kunstmeile\/","name":"So sch\u00f6n ist der Sommer: Weinfest und Kunstmeile","isPartOf":{"@id":"https:\/\/www.mettmann.de\/web\/#website"},"primaryImageOfPage":{"@id":"https:\/\/www.mettmann.de\/web\/so-schoen-ist-der-sommer-weinfest-und-kunstmeile\/#primaryimage"},"image":{"@id":"https:\/\/www.mettmann.de\/web\/so-schoen-ist-der-sommer-weinfest-und-kunstmeile\/#primaryimage"},"thumbnailUrl":"https:\/\/www.mettmann.de\/web\/wp-content\/uploads\/2022\/06\/Weinsommer-ME-Impulse.png","datePublished":"2022-06-30T13:13:18+00:00","description":"\"ME-Impulse\" richtet vom 1. bis 3. Juli auf dem Markt den 11. Mettmanner Weinsommer aus. Die Stadt veranstaltet am 3. Juli die 17. Mettmanner Kunstmeile.","breadcrumb":{"@id":"https:\/\/www.mettmann.de\/web\/so-schoen-ist-der-sommer-weinfest-und-kunstmeile\/#breadcrumb"},"inLanguage":"de","potentialAction":[{"@type":"ReadAction","target":["https:\/\/www.mettmann.de\/web\/so-schoen-ist-der-sommer-weinfest-und-kunstmeile\/"]}]},{"@type":"ImageObject","inLanguage":"de","@id":"https:\/\/www.mettmann.de\/web\/so-schoen-ist-der-sommer-weinfest-und-kunstmeile\/#primaryimage","url":"https:\/\/www.mettmann.de\/web\/wp-content\/uploads\/2022\/06\/Weinsommer-ME-Impulse.png","contentUrl":"https:\/\/www.mettmann.de\/web\/wp-content\/uploads\/2022\/06\/Weinsommer-ME-Impulse.png","width":1574,"height":909,"caption":"Stimmungsvolle Atmosph\u00e4re in den Abendstunden des Mettmanner Weinsommers. (Archivfoto: ME-Impulse)"},{"@type":"BreadcrumbList","@id":"https:\/\/www.mettmann.de\/web\/so-schoen-ist-der-sommer-weinfest-und-kunstmeile\/#breadcrumb","itemListElement":[{"@type":"ListItem","position":1,"name":"Startseite","item":"https:\/\/www.mettmann.de\/web\/"},{"@type":"ListItem","position":2,"name":"So sch\u00f6n ist der Sommer: Weinfest und Kunstmeile"}]},{"@type":"WebSite","@id":"https:\/\/www.mettmann.de\/web\/#website","url":"https:\/\/www.mettmann.de\/web\/","name":"Stadtverwaltung Mettmann","description":"Internetseite der Kreisstadt Mettmann","publisher":{"@id":"https:\/\/www.mettmann.de\/web\/#organization"},"potentialAction":[{"@type":"SearchAction","target":{"@type":"EntryPoint","urlTemplate":"https:\/\/www.mettmann.de\/web\/?s={search_term_string}"},"query-input":{"@type":"PropertyValueSpecification","valueRequired":true,"valueName":"search_term_string"}}],"inLanguage":"de"},{"@type":"Organization","@id":"https:\/\/www.mettmann.de\/web\/#organization","name":"Kreisstadt Mettmann","url":"https:\/\/www.mettmann.de\/web\/","logo":{"@type":"ImageObject","inLanguage":"de","@id":"https:\/\/www.mettmann.de\/web\/#\/schema\/logo\/image\/","url":"https:\/\/www.mettmann.de\/web\/wp-content\/uploads\/2019\/08\/Kreisstadt_Mettmann_Logo_RGB_150dpi.png","contentUrl":"https:\/\/www.mettmann.de\/web\/wp-content\/uploads\/2019\/08\/Kreisstadt_Mettmann_Logo_RGB_150dpi.png","width":1302,"height":191,"caption":"Kreisstadt Mettmann"},"image":{"@id":"https:\/\/www.mettmann.de\/web\/#\/schema\/logo\/image\/"},"sameAs":["https:\/\/www.facebook.com\/kreisstadt.mettmann","https:\/\/de.wikipedia.org\/wiki\/Mettmann"]},{"@type":"Person","@id":"https:\/\/www.mettmann.de\/web\/#\/schema\/person\/c0deeeba8d377efe8e769dc7f56c2292","name":"LekiesT"}]}},"_links":{"self":[{"href":"https:\/\/www.mettmann.de\/web\/wp-json\/wp\/v2\/posts\/21234","targetHints":{"allow":["GET"]}}],"collection":[{"href":"https:\/\/www.mettmann.de\/web\/wp-json\/wp\/v2\/posts"}],"about":[{"href":"https:\/\/www.mettmann.de\/web\/wp-json\/wp\/v2\/types\/post"}],"author":[{"embeddable":true,"href":"https:\/\/www.mettmann.de\/web\/wp-json\/wp\/v2\/users\/2"}],"replies":[{"embeddable":true,"href":"https:\/\/www.mettmann.de\/web\/wp-json\/wp\/v2\/comments?post=21234"}],"version-history":[{"count":25,"href":"https:\/\/www.mettmann.de\/web\/wp-json\/wp\/v2\/posts\/21234\/revisions"}],"predecessor-version":[{"id":21262,"href":"https:\/\/www.mettmann.de\/web\/wp-json\/wp\/v2\/posts\/21234\/revisions\/21262"}],"wp:featuredmedia":[{"embeddable":true,"href":"https:\/\/www.mettmann.de\/web\/wp-json\/wp\/v2\/media\/21245"}],"wp:attachment":[{"href":"https:\/\/www.mettmann.de\/web\/wp-json\/wp\/v2\/media?parent=21234"}],"wp:term":[{"taxonomy":"category","embeddable":true,"href":"https:\/\/www.mettmann.de\/web\/wp-json\/wp\/v2\/categories?post=21234"},{"taxonomy":"post_tag","embeddable":true,"href":"https:\/\/www.mettmann.de\/web\/wp-json\/wp\/v2\/tags?post=21234"}],"curies":[{"name":"wp","href":"https:\/\/api.w.org\/{rel}","templated":true}]}}