{"id":21523,"date":"2022-07-13T15:38:00","date_gmt":"2022-07-13T13:38:00","guid":{"rendered":"https:\/\/www.mettmann.de\/web\/?p=21523"},"modified":"2022-07-13T15:38:00","modified_gmt":"2022-07-13T13:38:00","slug":"radverkehrskonzept-erste-massnahme-wurde-umgesetzt","status":"publish","type":"post","link":"https:\/\/www.mettmann.de\/web\/radverkehrskonzept-erste-massnahme-wurde-umgesetzt\/","title":{"rendered":"Radverkehrskonzept: Erste Ma\u00dfnahme wurde umgesetzt"},"content":{"rendered":"<p>Nachdem der Haushaltsplan 2022 von der Kommunalaufsicht genehmigt wurde, k\u00f6nnen die bereitgestellten Mittel f\u00fcr das Radverkehrskonzept verwendet werden. Zun\u00e4chst einmal werden die Ma\u00dfnahmen in Angriff genommen, die ohne gr\u00f6\u00dferen Aufwand schnell umgesetzt werden k\u00f6nnen.<\/p>\n<p>Als erste Ma\u00dfnahme wurde die Einbahnstra\u00dfenregelung auf der Posener Stra\u00dfe in Gegenrichtung f\u00fcr den Radverkehr freigegeben. Statt wie bisher \u00fcber die Breslauer Stra\u00dfe k\u00f6nnen Radfahrer nun einen deutlich k\u00fcrzeren Weg zwischen D\u00fcsseldorfer- und Berliner Stra\u00dfe fahren.<\/p>\n","protected":false},"excerpt":{"rendered":"<p>Nachdem der Haushaltsplan 2022 von der Kommunalaufsicht genehmigt wurde, k\u00f6nnen die bereitgestellten Mittel f\u00fcr das Radverkehrskonzept verwendet werden. Zun\u00e4chst einmal werden die Ma\u00dfnahmen in Angriff genommen, die ohne gr\u00f6\u00dferen Aufwand schnell umgesetzt werden k\u00f6nnen. Als&#8230;<\/p>\n","protected":false},"author":2,"featured_media":21527,"comment_status":"closed","ping_status":"closed","sticky":false,"template":"","format":"standard","meta":{"ngg_post_thumbnail":0,"footnotes":""},"categories":[1],"tags":[97,4,1716,266],"class_list":["post-21523","post","type-post","status-publish","format-standard","has-post-thumbnail","hentry","category-allgemein","tag-berliner-strasse","tag-mettmann","tag-posener-strasse","tag-radverkehrskonzept"],"yoast_head":"<!-- This site is optimized with the Yoast SEO plugin v27.2 - https:\/\/yoast.com\/product\/yoast-seo-wordpress\/ -->\n<title>Radverkehrskonzept: Erste Ma\u00dfnahme wurde umgesetzt<\/title>\n<meta name=\"description\" content=\"Als erste Ma\u00dfnahme aus dem Mettmanner Radverkehrskonzept wurde die Einbahnstra\u00dfenregelung auf der Posener Stra\u00dfe f\u00fcr Radfahrer aufgehoben.\" \/>\n<meta name=\"robots\" content=\"index, follow, max-snippet:-1, max-image-preview:large, max-video-preview:-1\" \/>\n<link rel=\"canonical\" href=\"https:\/\/www.mettmann.de\/web\/radverkehrskonzept-erste-massnahme-wurde-umgesetzt\/\" \/>\n<meta property=\"og:locale\" content=\"de_DE\" \/>\n<meta property=\"og:type\" content=\"article\" \/>\n<meta property=\"og:title\" content=\"Radverkehrskonzept: Erste Ma\u00dfnahme wurde umgesetzt\" \/>\n<meta property=\"og:description\" content=\"Foto: Kreisstadt Mettmann\" \/>\n<meta property=\"og:url\" content=\"https:\/\/www.mettmann.de\/web\/radverkehrskonzept-erste-massnahme-wurde-umgesetzt\/\" \/>\n<meta property=\"og:site_name\" content=\"Stadtverwaltung Mettmann\" \/>\n<meta property=\"article:publisher\" content=\"https:\/\/www.facebook.com\/kreisstadt.mettmann\" \/>\n<meta property=\"article:published_time\" content=\"2022-07-13T13:38:00+00:00\" \/>\n<meta property=\"og:image\" content=\"https:\/\/www.mettmann.de\/web\/wp-content\/uploads\/2022\/07\/Posener-Strasse.jpg\" \/>\n\t<meta property=\"og:image:width\" content=\"2016\" \/>\n\t<meta property=\"og:image:height\" content=\"1512\" \/>\n\t<meta property=\"og:image:type\" content=\"image\/jpeg\" \/>\n<meta name=\"author\" content=\"LekiesT\" \/>\n<meta name=\"twitter:card\" content=\"summary_large_image\" \/>\n<meta name=\"twitter:label1\" content=\"Verfasst von\" \/>\n\t<meta name=\"twitter:data1\" content=\"LekiesT\" \/>\n<script type=\"application\/ld+json\" class=\"yoast-schema-graph\">{\"@context\":\"https:\/\/schema.org\",\"@graph\":[{\"@type\":\"Article\",\"@id\":\"https:\/\/www.mettmann.de\/web\/radverkehrskonzept-erste-massnahme-wurde-umgesetzt\/#article\",\"isPartOf\":{\"@id\":\"https:\/\/www.mettmann.de\/web\/radverkehrskonzept-erste-massnahme-wurde-umgesetzt\/\"},\"author\":{\"name\":\"LekiesT\",\"@id\":\"https:\/\/www.mettmann.de\/web\/#\/schema\/person\/c0deeeba8d377efe8e769dc7f56c2292\"},\"headline\":\"Radverkehrskonzept: Erste Ma\u00dfnahme wurde umgesetzt\",\"datePublished\":\"2022-07-13T13:38:00+00:00\",\"mainEntityOfPage\":{\"@id\":\"https:\/\/www.mettmann.de\/web\/radverkehrskonzept-erste-massnahme-wurde-umgesetzt\/\"},\"wordCount\":90,\"publisher\":{\"@id\":\"https:\/\/www.mettmann.de\/web\/#organization\"},\"image\":{\"@id\":\"https:\/\/www.mettmann.de\/web\/radverkehrskonzept-erste-massnahme-wurde-umgesetzt\/#primaryimage\"},\"thumbnailUrl\":\"https:\/\/www.mettmann.de\/web\/wp-content\/uploads\/2022\/07\/Posener-Strasse.jpg\",\"keywords\":[\"Berliner Stra\u00dfe\",\"Mettmann\",\"Posener Stra\u00dfe\",\"Radverkehrskonzept\"],\"inLanguage\":\"de\"},{\"@type\":\"WebPage\",\"@id\":\"https:\/\/www.mettmann.de\/web\/radverkehrskonzept-erste-massnahme-wurde-umgesetzt\/\",\"url\":\"https:\/\/www.mettmann.de\/web\/radverkehrskonzept-erste-massnahme-wurde-umgesetzt\/\",\"name\":\"Radverkehrskonzept: Erste Ma\u00dfnahme wurde umgesetzt\",\"isPartOf\":{\"@id\":\"https:\/\/www.mettmann.de\/web\/#website\"},\"primaryImageOfPage\":{\"@id\":\"https:\/\/www.mettmann.de\/web\/radverkehrskonzept-erste-massnahme-wurde-umgesetzt\/#primaryimage\"},\"image\":{\"@id\":\"https:\/\/www.mettmann.de\/web\/radverkehrskonzept-erste-massnahme-wurde-umgesetzt\/#primaryimage\"},\"thumbnailUrl\":\"https:\/\/www.mettmann.de\/web\/wp-content\/uploads\/2022\/07\/Posener-Strasse.jpg\",\"datePublished\":\"2022-07-13T13:38:00+00:00\",\"description\":\"Als erste Ma\u00dfnahme aus dem Mettmanner Radverkehrskonzept wurde die Einbahnstra\u00dfenregelung auf der Posener Stra\u00dfe f\u00fcr Radfahrer aufgehoben.\",\"breadcrumb\":{\"@id\":\"https:\/\/www.mettmann.de\/web\/radverkehrskonzept-erste-massnahme-wurde-umgesetzt\/#breadcrumb\"},\"inLanguage\":\"de\",\"potentialAction\":[{\"@type\":\"ReadAction\",\"target\":[\"https:\/\/www.mettmann.de\/web\/radverkehrskonzept-erste-massnahme-wurde-umgesetzt\/\"]}]},{\"@type\":\"ImageObject\",\"inLanguage\":\"de\",\"@id\":\"https:\/\/www.mettmann.de\/web\/radverkehrskonzept-erste-massnahme-wurde-umgesetzt\/#primaryimage\",\"url\":\"https:\/\/www.mettmann.de\/web\/wp-content\/uploads\/2022\/07\/Posener-Strasse.jpg\",\"contentUrl\":\"https:\/\/www.mettmann.de\/web\/wp-content\/uploads\/2022\/07\/Posener-Strasse.jpg\",\"width\":2016,\"height\":1512,\"caption\":\"Auf der Posener Stra\u00dfe d\u00fcrfen Radler entgegen der Einbahnstra\u00dfe fahren. (Foto: Kreisstadt Mettmann)\"},{\"@type\":\"BreadcrumbList\",\"@id\":\"https:\/\/www.mettmann.de\/web\/radverkehrskonzept-erste-massnahme-wurde-umgesetzt\/#breadcrumb\",\"itemListElement\":[{\"@type\":\"ListItem\",\"position\":1,\"name\":\"Startseite\",\"item\":\"https:\/\/www.mettmann.de\/web\/\"},{\"@type\":\"ListItem\",\"position\":2,\"name\":\"Radverkehrskonzept: Erste Ma\u00dfnahme wurde umgesetzt\"}]},{\"@type\":\"WebSite\",\"@id\":\"https:\/\/www.mettmann.de\/web\/#website\",\"url\":\"https:\/\/www.mettmann.de\/web\/\",\"name\":\"Stadtverwaltung Mettmann\",\"description\":\"Internetseite der Kreisstadt Mettmann\",\"publisher\":{\"@id\":\"https:\/\/www.mettmann.de\/web\/#organization\"},\"potentialAction\":[{\"@type\":\"SearchAction\",\"target\":{\"@type\":\"EntryPoint\",\"urlTemplate\":\"https:\/\/www.mettmann.de\/web\/?s={search_term_string}\"},\"query-input\":{\"@type\":\"PropertyValueSpecification\",\"valueRequired\":true,\"valueName\":\"search_term_string\"}}],\"inLanguage\":\"de\"},{\"@type\":\"Organization\",\"@id\":\"https:\/\/www.mettmann.de\/web\/#organization\",\"name\":\"Kreisstadt Mettmann\",\"url\":\"https:\/\/www.mettmann.de\/web\/\",\"logo\":{\"@type\":\"ImageObject\",\"inLanguage\":\"de\",\"@id\":\"https:\/\/www.mettmann.de\/web\/#\/schema\/logo\/image\/\",\"url\":\"https:\/\/www.mettmann.de\/web\/wp-content\/uploads\/2019\/08\/Kreisstadt_Mettmann_Logo_RGB_150dpi.png\",\"contentUrl\":\"https:\/\/www.mettmann.de\/web\/wp-content\/uploads\/2019\/08\/Kreisstadt_Mettmann_Logo_RGB_150dpi.png\",\"width\":1302,\"height\":191,\"caption\":\"Kreisstadt Mettmann\"},\"image\":{\"@id\":\"https:\/\/www.mettmann.de\/web\/#\/schema\/logo\/image\/\"},\"sameAs\":[\"https:\/\/www.facebook.com\/kreisstadt.mettmann\",\"https:\/\/de.wikipedia.org\/wiki\/Mettmann\"]},{\"@type\":\"Person\",\"@id\":\"https:\/\/www.mettmann.de\/web\/#\/schema\/person\/c0deeeba8d377efe8e769dc7f56c2292\",\"name\":\"LekiesT\"}]}<\/script>\n<!-- \/ Yoast SEO plugin. -->","yoast_head_json":{"title":"Radverkehrskonzept: Erste Ma\u00dfnahme wurde umgesetzt","description":"Als erste Ma\u00dfnahme aus dem Mettmanner Radverkehrskonzept wurde die Einbahnstra\u00dfenregelung auf der Posener Stra\u00dfe f\u00fcr Radfahrer aufgehoben.","robots":{"index":"index","follow":"follow","max-snippet":"max-snippet:-1","max-image-preview":"max-image-preview:large","max-video-preview":"max-video-preview:-1"},"canonical":"https:\/\/www.mettmann.de\/web\/radverkehrskonzept-erste-massnahme-wurde-umgesetzt\/","og_locale":"de_DE","og_type":"article","og_title":"Radverkehrskonzept: Erste Ma\u00dfnahme wurde umgesetzt","og_description":"Foto: Kreisstadt Mettmann","og_url":"https:\/\/www.mettmann.de\/web\/radverkehrskonzept-erste-massnahme-wurde-umgesetzt\/","og_site_name":"Stadtverwaltung Mettmann","article_publisher":"https:\/\/www.facebook.com\/kreisstadt.mettmann","article_published_time":"2022-07-13T13:38:00+00:00","og_image":[{"width":2016,"height":1512,"url":"https:\/\/www.mettmann.de\/web\/wp-content\/uploads\/2022\/07\/Posener-Strasse.jpg","type":"image\/jpeg"}],"author":"LekiesT","twitter_card":"summary_large_image","twitter_misc":{"Verfasst von":"LekiesT"},"schema":{"@context":"https:\/\/schema.org","@graph":[{"@type":"Article","@id":"https:\/\/www.mettmann.de\/web\/radverkehrskonzept-erste-massnahme-wurde-umgesetzt\/#article","isPartOf":{"@id":"https:\/\/www.mettmann.de\/web\/radverkehrskonzept-erste-massnahme-wurde-umgesetzt\/"},"author":{"name":"LekiesT","@id":"https:\/\/www.mettmann.de\/web\/#\/schema\/person\/c0deeeba8d377efe8e769dc7f56c2292"},"headline":"Radverkehrskonzept: Erste Ma\u00dfnahme wurde umgesetzt","datePublished":"2022-07-13T13:38:00+00:00","mainEntityOfPage":{"@id":"https:\/\/www.mettmann.de\/web\/radverkehrskonzept-erste-massnahme-wurde-umgesetzt\/"},"wordCount":90,"publisher":{"@id":"https:\/\/www.mettmann.de\/web\/#organization"},"image":{"@id":"https:\/\/www.mettmann.de\/web\/radverkehrskonzept-erste-massnahme-wurde-umgesetzt\/#primaryimage"},"thumbnailUrl":"https:\/\/www.mettmann.de\/web\/wp-content\/uploads\/2022\/07\/Posener-Strasse.jpg","keywords":["Berliner Stra\u00dfe","Mettmann","Posener Stra\u00dfe","Radverkehrskonzept"],"inLanguage":"de"},{"@type":"WebPage","@id":"https:\/\/www.mettmann.de\/web\/radverkehrskonzept-erste-massnahme-wurde-umgesetzt\/","url":"https:\/\/www.mettmann.de\/web\/radverkehrskonzept-erste-massnahme-wurde-umgesetzt\/","name":"Radverkehrskonzept: Erste Ma\u00dfnahme wurde umgesetzt","isPartOf":{"@id":"https:\/\/www.mettmann.de\/web\/#website"},"primaryImageOfPage":{"@id":"https:\/\/www.mettmann.de\/web\/radverkehrskonzept-erste-massnahme-wurde-umgesetzt\/#primaryimage"},"image":{"@id":"https:\/\/www.mettmann.de\/web\/radverkehrskonzept-erste-massnahme-wurde-umgesetzt\/#primaryimage"},"thumbnailUrl":"https:\/\/www.mettmann.de\/web\/wp-content\/uploads\/2022\/07\/Posener-Strasse.jpg","datePublished":"2022-07-13T13:38:00+00:00","description":"Als erste Ma\u00dfnahme aus dem Mettmanner Radverkehrskonzept wurde die Einbahnstra\u00dfenregelung auf der Posener Stra\u00dfe f\u00fcr Radfahrer aufgehoben.","breadcrumb":{"@id":"https:\/\/www.mettmann.de\/web\/radverkehrskonzept-erste-massnahme-wurde-umgesetzt\/#breadcrumb"},"inLanguage":"de","potentialAction":[{"@type":"ReadAction","target":["https:\/\/www.mettmann.de\/web\/radverkehrskonzept-erste-massnahme-wurde-umgesetzt\/"]}]},{"@type":"ImageObject","inLanguage":"de","@id":"https:\/\/www.mettmann.de\/web\/radverkehrskonzept-erste-massnahme-wurde-umgesetzt\/#primaryimage","url":"https:\/\/www.mettmann.de\/web\/wp-content\/uploads\/2022\/07\/Posener-Strasse.jpg","contentUrl":"https:\/\/www.mettmann.de\/web\/wp-content\/uploads\/2022\/07\/Posener-Strasse.jpg","width":2016,"height":1512,"caption":"Auf der Posener Stra\u00dfe d\u00fcrfen Radler entgegen der Einbahnstra\u00dfe fahren. (Foto: Kreisstadt Mettmann)"},{"@type":"BreadcrumbList","@id":"https:\/\/www.mettmann.de\/web\/radverkehrskonzept-erste-massnahme-wurde-umgesetzt\/#breadcrumb","itemListElement":[{"@type":"ListItem","position":1,"name":"Startseite","item":"https:\/\/www.mettmann.de\/web\/"},{"@type":"ListItem","position":2,"name":"Radverkehrskonzept: Erste Ma\u00dfnahme wurde umgesetzt"}]},{"@type":"WebSite","@id":"https:\/\/www.mettmann.de\/web\/#website","url":"https:\/\/www.mettmann.de\/web\/","name":"Stadtverwaltung Mettmann","description":"Internetseite der Kreisstadt Mettmann","publisher":{"@id":"https:\/\/www.mettmann.de\/web\/#organization"},"potentialAction":[{"@type":"SearchAction","target":{"@type":"EntryPoint","urlTemplate":"https:\/\/www.mettmann.de\/web\/?s={search_term_string}"},"query-input":{"@type":"PropertyValueSpecification","valueRequired":true,"valueName":"search_term_string"}}],"inLanguage":"de"},{"@type":"Organization","@id":"https:\/\/www.mettmann.de\/web\/#organization","name":"Kreisstadt Mettmann","url":"https:\/\/www.mettmann.de\/web\/","logo":{"@type":"ImageObject","inLanguage":"de","@id":"https:\/\/www.mettmann.de\/web\/#\/schema\/logo\/image\/","url":"https:\/\/www.mettmann.de\/web\/wp-content\/uploads\/2019\/08\/Kreisstadt_Mettmann_Logo_RGB_150dpi.png","contentUrl":"https:\/\/www.mettmann.de\/web\/wp-content\/uploads\/2019\/08\/Kreisstadt_Mettmann_Logo_RGB_150dpi.png","width":1302,"height":191,"caption":"Kreisstadt Mettmann"},"image":{"@id":"https:\/\/www.mettmann.de\/web\/#\/schema\/logo\/image\/"},"sameAs":["https:\/\/www.facebook.com\/kreisstadt.mettmann","https:\/\/de.wikipedia.org\/wiki\/Mettmann"]},{"@type":"Person","@id":"https:\/\/www.mettmann.de\/web\/#\/schema\/person\/c0deeeba8d377efe8e769dc7f56c2292","name":"LekiesT"}]}},"_links":{"self":[{"href":"https:\/\/www.mettmann.de\/web\/wp-json\/wp\/v2\/posts\/21523","targetHints":{"allow":["GET"]}}],"collection":[{"href":"https:\/\/www.mettmann.de\/web\/wp-json\/wp\/v2\/posts"}],"about":[{"href":"https:\/\/www.mettmann.de\/web\/wp-json\/wp\/v2\/types\/post"}],"author":[{"embeddable":true,"href":"https:\/\/www.mettmann.de\/web\/wp-json\/wp\/v2\/users\/2"}],"replies":[{"embeddable":true,"href":"https:\/\/www.mettmann.de\/web\/wp-json\/wp\/v2\/comments?post=21523"}],"version-history":[{"count":11,"href":"https:\/\/www.mettmann.de\/web\/wp-json\/wp\/v2\/posts\/21523\/revisions"}],"predecessor-version":[{"id":21535,"href":"https:\/\/www.mettmann.de\/web\/wp-json\/wp\/v2\/posts\/21523\/revisions\/21535"}],"wp:featuredmedia":[{"embeddable":true,"href":"https:\/\/www.mettmann.de\/web\/wp-json\/wp\/v2\/media\/21527"}],"wp:attachment":[{"href":"https:\/\/www.mettmann.de\/web\/wp-json\/wp\/v2\/media?parent=21523"}],"wp:term":[{"taxonomy":"category","embeddable":true,"href":"https:\/\/www.mettmann.de\/web\/wp-json\/wp\/v2\/categories?post=21523"},{"taxonomy":"post_tag","embeddable":true,"href":"https:\/\/www.mettmann.de\/web\/wp-json\/wp\/v2\/tags?post=21523"}],"curies":[{"name":"wp","href":"https:\/\/api.w.org\/{rel}","templated":true}]}}