{"id":22637,"date":"2022-09-09T08:20:14","date_gmt":"2022-09-09T06:20:14","guid":{"rendered":"https:\/\/www.mettmann.de\/web\/?p=22637"},"modified":"2022-09-09T08:42:32","modified_gmt":"2022-09-09T06:42:32","slug":"frauen-netzwerk-morgen-wieder-maedelssachen-flohmarkt","status":"publish","type":"post","link":"https:\/\/www.mettmann.de\/web\/frauen-netzwerk-morgen-wieder-maedelssachen-flohmarkt\/","title":{"rendered":"Frauen-Netzwerk: Morgen wieder M\u00e4delssachen-Flohmarkt"},"content":{"rendered":"<p>Von 10 bis 15 Uhr veranstaltet das Frauen-Netzwerk der Stadt Mettmann am morgigen Samstag, 10. September, einen M\u00e4delssachen-Flohmarkt auf den Kirchplatz der evangelischen Kirche an der Freiheitstra\u00dfe. Der Flohmarkt wurde um eine Stunde verl\u00e4ngert und vergr\u00f6\u00dfert, sodass diesmal noch l\u00e4nger und noch mehr gest\u00f6bert werden kann.<\/p>\n<p>Auf dem Flohmarkt gibt es allerlei nette Dinge f\u00fcr die Frau. Die Palette reicht von Kleidung \u00fcber Deko und Schmuck bis hin zu B\u00fcchern. Es werden nur gebrauchte Sachen angeboten, Kinder- und Babysachen gibt es nicht. Auf dem Flohmarkt f\u00fcr M\u00e4dels geht es um Dinge direkt f\u00fcr Frauen.<\/p>\n<p>Der Flohmarkt des Frauen-Netzwerks ist eine Veranstaltung f\u00fcr den guten Zweck. Der Einnahmen\u00fcberschuss geht in diesem Jahr an die Mettmanner Tafel. Alle Beteiligten freuen sich wie immer auf einen sch\u00f6nen Flohmarkttag bei netten Gespr\u00e4chen, guten Gesch\u00e4ften, einem Gl\u00e4schen Sekt und h\u00fcbschen Dingen f\u00fcr die Frau.<\/p>\n","protected":false},"excerpt":{"rendered":"<p>Von 10 bis 15 Uhr veranstaltet das Frauen-Netzwerk der Stadt Mettmann am morgigen Samstag, 10. September, einen M\u00e4delssachen-Flohmarkt auf den Kirchplatz der evangelischen Kirche an der Freiheitstra\u00dfe. Der Flohmarkt wurde um eine Stunde verl\u00e4ngert und&#8230;<\/p>\n","protected":false},"author":2,"featured_media":22306,"comment_status":"closed","ping_status":"closed","sticky":false,"template":"","format":"standard","meta":{"ngg_post_thumbnail":0,"footnotes":""},"categories":[1],"tags":[],"class_list":["post-22637","post","type-post","status-publish","format-standard","has-post-thumbnail","hentry","category-allgemein"],"yoast_head":"<!-- This site is optimized with the Yoast SEO plugin v27.2 - https:\/\/yoast.com\/product\/yoast-seo-wordpress\/ -->\n<title>Frauen-Netzwerk: Morgen wieder M\u00e4delssachen-Flohmarkt<\/title>\n<meta name=\"robots\" content=\"index, follow, max-snippet:-1, max-image-preview:large, max-video-preview:-1\" \/>\n<link rel=\"canonical\" href=\"https:\/\/www.mettmann.de\/web\/frauen-netzwerk-morgen-wieder-maedelssachen-flohmarkt\/\" \/>\n<meta property=\"og:locale\" content=\"de_DE\" \/>\n<meta property=\"og:type\" content=\"article\" \/>\n<meta property=\"og:title\" content=\"Frauen-Netzwerk: Morgen wieder M\u00e4delssachen-Flohmarkt\" \/>\n<meta property=\"og:description\" content=\"Foto: privat\" \/>\n<meta property=\"og:url\" content=\"https:\/\/www.mettmann.de\/web\/frauen-netzwerk-morgen-wieder-maedelssachen-flohmarkt\/\" \/>\n<meta property=\"og:site_name\" content=\"Stadtverwaltung Mettmann\" \/>\n<meta property=\"article:publisher\" content=\"https:\/\/www.facebook.com\/kreisstadt.mettmann\" \/>\n<meta property=\"article:published_time\" content=\"2022-09-09T06:20:14+00:00\" \/>\n<meta property=\"article:modified_time\" content=\"2022-09-09T06:42:32+00:00\" \/>\n<meta property=\"og:image\" content=\"https:\/\/www.mettmann.de\/web\/wp-content\/uploads\/2022\/08\/Maedelssachen-Flohmarkt.png\" \/>\n\t<meta property=\"og:image:width\" content=\"690\" \/>\n\t<meta property=\"og:image:height\" content=\"433\" \/>\n\t<meta property=\"og:image:type\" content=\"image\/png\" \/>\n<meta name=\"author\" content=\"LekiesT\" \/>\n<meta name=\"twitter:card\" content=\"summary_large_image\" \/>\n<meta name=\"twitter:label1\" content=\"Verfasst von\" \/>\n\t<meta name=\"twitter:data1\" content=\"LekiesT\" \/>\n\t<meta name=\"twitter:label2\" content=\"Gesch\u00e4tzte Lesezeit\" \/>\n\t<meta name=\"twitter:data2\" content=\"1\u00a0Minute\" \/>\n<script type=\"application\/ld+json\" class=\"yoast-schema-graph\">{\"@context\":\"https:\/\/schema.org\",\"@graph\":[{\"@type\":\"Article\",\"@id\":\"https:\/\/www.mettmann.de\/web\/frauen-netzwerk-morgen-wieder-maedelssachen-flohmarkt\/#article\",\"isPartOf\":{\"@id\":\"https:\/\/www.mettmann.de\/web\/frauen-netzwerk-morgen-wieder-maedelssachen-flohmarkt\/\"},\"author\":{\"name\":\"LekiesT\",\"@id\":\"https:\/\/www.mettmann.de\/web\/#\/schema\/person\/c0deeeba8d377efe8e769dc7f56c2292\"},\"headline\":\"Frauen-Netzwerk: Morgen wieder M\u00e4delssachen-Flohmarkt\",\"datePublished\":\"2022-09-09T06:20:14+00:00\",\"dateModified\":\"2022-09-09T06:42:32+00:00\",\"mainEntityOfPage\":{\"@id\":\"https:\/\/www.mettmann.de\/web\/frauen-netzwerk-morgen-wieder-maedelssachen-flohmarkt\/\"},\"wordCount\":160,\"publisher\":{\"@id\":\"https:\/\/www.mettmann.de\/web\/#organization\"},\"image\":{\"@id\":\"https:\/\/www.mettmann.de\/web\/frauen-netzwerk-morgen-wieder-maedelssachen-flohmarkt\/#primaryimage\"},\"thumbnailUrl\":\"https:\/\/www.mettmann.de\/web\/wp-content\/uploads\/2022\/08\/Maedelssachen-Flohmarkt.png\",\"inLanguage\":\"de\"},{\"@type\":\"WebPage\",\"@id\":\"https:\/\/www.mettmann.de\/web\/frauen-netzwerk-morgen-wieder-maedelssachen-flohmarkt\/\",\"url\":\"https:\/\/www.mettmann.de\/web\/frauen-netzwerk-morgen-wieder-maedelssachen-flohmarkt\/\",\"name\":\"Frauen-Netzwerk: Morgen wieder M\u00e4delssachen-Flohmarkt\",\"isPartOf\":{\"@id\":\"https:\/\/www.mettmann.de\/web\/#website\"},\"primaryImageOfPage\":{\"@id\":\"https:\/\/www.mettmann.de\/web\/frauen-netzwerk-morgen-wieder-maedelssachen-flohmarkt\/#primaryimage\"},\"image\":{\"@id\":\"https:\/\/www.mettmann.de\/web\/frauen-netzwerk-morgen-wieder-maedelssachen-flohmarkt\/#primaryimage\"},\"thumbnailUrl\":\"https:\/\/www.mettmann.de\/web\/wp-content\/uploads\/2022\/08\/Maedelssachen-Flohmarkt.png\",\"datePublished\":\"2022-09-09T06:20:14+00:00\",\"dateModified\":\"2022-09-09T06:42:32+00:00\",\"breadcrumb\":{\"@id\":\"https:\/\/www.mettmann.de\/web\/frauen-netzwerk-morgen-wieder-maedelssachen-flohmarkt\/#breadcrumb\"},\"inLanguage\":\"de\",\"potentialAction\":[{\"@type\":\"ReadAction\",\"target\":[\"https:\/\/www.mettmann.de\/web\/frauen-netzwerk-morgen-wieder-maedelssachen-flohmarkt\/\"]}]},{\"@type\":\"ImageObject\",\"inLanguage\":\"de\",\"@id\":\"https:\/\/www.mettmann.de\/web\/frauen-netzwerk-morgen-wieder-maedelssachen-flohmarkt\/#primaryimage\",\"url\":\"https:\/\/www.mettmann.de\/web\/wp-content\/uploads\/2022\/08\/Maedelssachen-Flohmarkt.png\",\"contentUrl\":\"https:\/\/www.mettmann.de\/web\/wp-content\/uploads\/2022\/08\/Maedelssachen-Flohmarkt.png\",\"width\":690,\"height\":433,\"caption\":\"Auch B\u00fcrgermeisterin Sandra Pietschmann schaute im vergangenen Jahr auf dem M\u00e4delssachen-Flohmarkt des Frauen-Netzwerks vorbei. (Foto: privat)\"},{\"@type\":\"BreadcrumbList\",\"@id\":\"https:\/\/www.mettmann.de\/web\/frauen-netzwerk-morgen-wieder-maedelssachen-flohmarkt\/#breadcrumb\",\"itemListElement\":[{\"@type\":\"ListItem\",\"position\":1,\"name\":\"Startseite\",\"item\":\"https:\/\/www.mettmann.de\/web\/\"},{\"@type\":\"ListItem\",\"position\":2,\"name\":\"Frauen-Netzwerk: Morgen wieder M\u00e4delssachen-Flohmarkt\"}]},{\"@type\":\"WebSite\",\"@id\":\"https:\/\/www.mettmann.de\/web\/#website\",\"url\":\"https:\/\/www.mettmann.de\/web\/\",\"name\":\"Stadtverwaltung Mettmann\",\"description\":\"Internetseite der Kreisstadt Mettmann\",\"publisher\":{\"@id\":\"https:\/\/www.mettmann.de\/web\/#organization\"},\"potentialAction\":[{\"@type\":\"SearchAction\",\"target\":{\"@type\":\"EntryPoint\",\"urlTemplate\":\"https:\/\/www.mettmann.de\/web\/?s={search_term_string}\"},\"query-input\":{\"@type\":\"PropertyValueSpecification\",\"valueRequired\":true,\"valueName\":\"search_term_string\"}}],\"inLanguage\":\"de\"},{\"@type\":\"Organization\",\"@id\":\"https:\/\/www.mettmann.de\/web\/#organization\",\"name\":\"Kreisstadt Mettmann\",\"url\":\"https:\/\/www.mettmann.de\/web\/\",\"logo\":{\"@type\":\"ImageObject\",\"inLanguage\":\"de\",\"@id\":\"https:\/\/www.mettmann.de\/web\/#\/schema\/logo\/image\/\",\"url\":\"https:\/\/www.mettmann.de\/web\/wp-content\/uploads\/2019\/08\/Kreisstadt_Mettmann_Logo_RGB_150dpi.png\",\"contentUrl\":\"https:\/\/www.mettmann.de\/web\/wp-content\/uploads\/2019\/08\/Kreisstadt_Mettmann_Logo_RGB_150dpi.png\",\"width\":1302,\"height\":191,\"caption\":\"Kreisstadt Mettmann\"},\"image\":{\"@id\":\"https:\/\/www.mettmann.de\/web\/#\/schema\/logo\/image\/\"},\"sameAs\":[\"https:\/\/www.facebook.com\/kreisstadt.mettmann\",\"https:\/\/de.wikipedia.org\/wiki\/Mettmann\"]},{\"@type\":\"Person\",\"@id\":\"https:\/\/www.mettmann.de\/web\/#\/schema\/person\/c0deeeba8d377efe8e769dc7f56c2292\",\"name\":\"LekiesT\"}]}<\/script>\n<!-- \/ Yoast SEO plugin. -->","yoast_head_json":{"title":"Frauen-Netzwerk: Morgen wieder M\u00e4delssachen-Flohmarkt","robots":{"index":"index","follow":"follow","max-snippet":"max-snippet:-1","max-image-preview":"max-image-preview:large","max-video-preview":"max-video-preview:-1"},"canonical":"https:\/\/www.mettmann.de\/web\/frauen-netzwerk-morgen-wieder-maedelssachen-flohmarkt\/","og_locale":"de_DE","og_type":"article","og_title":"Frauen-Netzwerk: Morgen wieder M\u00e4delssachen-Flohmarkt","og_description":"Foto: privat","og_url":"https:\/\/www.mettmann.de\/web\/frauen-netzwerk-morgen-wieder-maedelssachen-flohmarkt\/","og_site_name":"Stadtverwaltung Mettmann","article_publisher":"https:\/\/www.facebook.com\/kreisstadt.mettmann","article_published_time":"2022-09-09T06:20:14+00:00","article_modified_time":"2022-09-09T06:42:32+00:00","og_image":[{"width":690,"height":433,"url":"https:\/\/www.mettmann.de\/web\/wp-content\/uploads\/2022\/08\/Maedelssachen-Flohmarkt.png","type":"image\/png"}],"author":"LekiesT","twitter_card":"summary_large_image","twitter_misc":{"Verfasst von":"LekiesT","Gesch\u00e4tzte Lesezeit":"1\u00a0Minute"},"schema":{"@context":"https:\/\/schema.org","@graph":[{"@type":"Article","@id":"https:\/\/www.mettmann.de\/web\/frauen-netzwerk-morgen-wieder-maedelssachen-flohmarkt\/#article","isPartOf":{"@id":"https:\/\/www.mettmann.de\/web\/frauen-netzwerk-morgen-wieder-maedelssachen-flohmarkt\/"},"author":{"name":"LekiesT","@id":"https:\/\/www.mettmann.de\/web\/#\/schema\/person\/c0deeeba8d377efe8e769dc7f56c2292"},"headline":"Frauen-Netzwerk: Morgen wieder M\u00e4delssachen-Flohmarkt","datePublished":"2022-09-09T06:20:14+00:00","dateModified":"2022-09-09T06:42:32+00:00","mainEntityOfPage":{"@id":"https:\/\/www.mettmann.de\/web\/frauen-netzwerk-morgen-wieder-maedelssachen-flohmarkt\/"},"wordCount":160,"publisher":{"@id":"https:\/\/www.mettmann.de\/web\/#organization"},"image":{"@id":"https:\/\/www.mettmann.de\/web\/frauen-netzwerk-morgen-wieder-maedelssachen-flohmarkt\/#primaryimage"},"thumbnailUrl":"https:\/\/www.mettmann.de\/web\/wp-content\/uploads\/2022\/08\/Maedelssachen-Flohmarkt.png","inLanguage":"de"},{"@type":"WebPage","@id":"https:\/\/www.mettmann.de\/web\/frauen-netzwerk-morgen-wieder-maedelssachen-flohmarkt\/","url":"https:\/\/www.mettmann.de\/web\/frauen-netzwerk-morgen-wieder-maedelssachen-flohmarkt\/","name":"Frauen-Netzwerk: Morgen wieder M\u00e4delssachen-Flohmarkt","isPartOf":{"@id":"https:\/\/www.mettmann.de\/web\/#website"},"primaryImageOfPage":{"@id":"https:\/\/www.mettmann.de\/web\/frauen-netzwerk-morgen-wieder-maedelssachen-flohmarkt\/#primaryimage"},"image":{"@id":"https:\/\/www.mettmann.de\/web\/frauen-netzwerk-morgen-wieder-maedelssachen-flohmarkt\/#primaryimage"},"thumbnailUrl":"https:\/\/www.mettmann.de\/web\/wp-content\/uploads\/2022\/08\/Maedelssachen-Flohmarkt.png","datePublished":"2022-09-09T06:20:14+00:00","dateModified":"2022-09-09T06:42:32+00:00","breadcrumb":{"@id":"https:\/\/www.mettmann.de\/web\/frauen-netzwerk-morgen-wieder-maedelssachen-flohmarkt\/#breadcrumb"},"inLanguage":"de","potentialAction":[{"@type":"ReadAction","target":["https:\/\/www.mettmann.de\/web\/frauen-netzwerk-morgen-wieder-maedelssachen-flohmarkt\/"]}]},{"@type":"ImageObject","inLanguage":"de","@id":"https:\/\/www.mettmann.de\/web\/frauen-netzwerk-morgen-wieder-maedelssachen-flohmarkt\/#primaryimage","url":"https:\/\/www.mettmann.de\/web\/wp-content\/uploads\/2022\/08\/Maedelssachen-Flohmarkt.png","contentUrl":"https:\/\/www.mettmann.de\/web\/wp-content\/uploads\/2022\/08\/Maedelssachen-Flohmarkt.png","width":690,"height":433,"caption":"Auch B\u00fcrgermeisterin Sandra Pietschmann schaute im vergangenen Jahr auf dem M\u00e4delssachen-Flohmarkt des Frauen-Netzwerks vorbei. (Foto: privat)"},{"@type":"BreadcrumbList","@id":"https:\/\/www.mettmann.de\/web\/frauen-netzwerk-morgen-wieder-maedelssachen-flohmarkt\/#breadcrumb","itemListElement":[{"@type":"ListItem","position":1,"name":"Startseite","item":"https:\/\/www.mettmann.de\/web\/"},{"@type":"ListItem","position":2,"name":"Frauen-Netzwerk: Morgen wieder M\u00e4delssachen-Flohmarkt"}]},{"@type":"WebSite","@id":"https:\/\/www.mettmann.de\/web\/#website","url":"https:\/\/www.mettmann.de\/web\/","name":"Stadtverwaltung Mettmann","description":"Internetseite der Kreisstadt Mettmann","publisher":{"@id":"https:\/\/www.mettmann.de\/web\/#organization"},"potentialAction":[{"@type":"SearchAction","target":{"@type":"EntryPoint","urlTemplate":"https:\/\/www.mettmann.de\/web\/?s={search_term_string}"},"query-input":{"@type":"PropertyValueSpecification","valueRequired":true,"valueName":"search_term_string"}}],"inLanguage":"de"},{"@type":"Organization","@id":"https:\/\/www.mettmann.de\/web\/#organization","name":"Kreisstadt Mettmann","url":"https:\/\/www.mettmann.de\/web\/","logo":{"@type":"ImageObject","inLanguage":"de","@id":"https:\/\/www.mettmann.de\/web\/#\/schema\/logo\/image\/","url":"https:\/\/www.mettmann.de\/web\/wp-content\/uploads\/2019\/08\/Kreisstadt_Mettmann_Logo_RGB_150dpi.png","contentUrl":"https:\/\/www.mettmann.de\/web\/wp-content\/uploads\/2019\/08\/Kreisstadt_Mettmann_Logo_RGB_150dpi.png","width":1302,"height":191,"caption":"Kreisstadt Mettmann"},"image":{"@id":"https:\/\/www.mettmann.de\/web\/#\/schema\/logo\/image\/"},"sameAs":["https:\/\/www.facebook.com\/kreisstadt.mettmann","https:\/\/de.wikipedia.org\/wiki\/Mettmann"]},{"@type":"Person","@id":"https:\/\/www.mettmann.de\/web\/#\/schema\/person\/c0deeeba8d377efe8e769dc7f56c2292","name":"LekiesT"}]}},"_links":{"self":[{"href":"https:\/\/www.mettmann.de\/web\/wp-json\/wp\/v2\/posts\/22637","targetHints":{"allow":["GET"]}}],"collection":[{"href":"https:\/\/www.mettmann.de\/web\/wp-json\/wp\/v2\/posts"}],"about":[{"href":"https:\/\/www.mettmann.de\/web\/wp-json\/wp\/v2\/types\/post"}],"author":[{"embeddable":true,"href":"https:\/\/www.mettmann.de\/web\/wp-json\/wp\/v2\/users\/2"}],"replies":[{"embeddable":true,"href":"https:\/\/www.mettmann.de\/web\/wp-json\/wp\/v2\/comments?post=22637"}],"version-history":[{"count":2,"href":"https:\/\/www.mettmann.de\/web\/wp-json\/wp\/v2\/posts\/22637\/revisions"}],"predecessor-version":[{"id":22639,"href":"https:\/\/www.mettmann.de\/web\/wp-json\/wp\/v2\/posts\/22637\/revisions\/22639"}],"wp:featuredmedia":[{"embeddable":true,"href":"https:\/\/www.mettmann.de\/web\/wp-json\/wp\/v2\/media\/22306"}],"wp:attachment":[{"href":"https:\/\/www.mettmann.de\/web\/wp-json\/wp\/v2\/media?parent=22637"}],"wp:term":[{"taxonomy":"category","embeddable":true,"href":"https:\/\/www.mettmann.de\/web\/wp-json\/wp\/v2\/categories?post=22637"},{"taxonomy":"post_tag","embeddable":true,"href":"https:\/\/www.mettmann.de\/web\/wp-json\/wp\/v2\/tags?post=22637"}],"curies":[{"name":"wp","href":"https:\/\/api.w.org\/{rel}","templated":true}]}}