{"id":2295,"date":"2019-11-08T09:14:26","date_gmt":"2019-11-08T08:14:26","guid":{"rendered":"https:\/\/www.mettmann.de\/web\/?p=2295"},"modified":"2019-11-08T09:16:00","modified_gmt":"2019-11-08T08:16:00","slug":"zickzack-linien-sollen-aufstellflaeche-fuer-die-feuerwehr-markieren","status":"publish","type":"post","link":"https:\/\/www.mettmann.de\/web\/zickzack-linien-sollen-aufstellflaeche-fuer-die-feuerwehr-markieren\/","title":{"rendered":"&#8222;Zickzack-Linien&#8220; sollen Aufstellfl\u00e4che f\u00fcr die Feuerwehr markieren"},"content":{"rendered":"<p><span style=\"font-family: Muli;\">An der Ecke D\u00fcsseldorfer Stra\u00dfe \/ Lutterbecker Stra\u00dfe befindet sich eine sogenannte Aufstellfl\u00e4che f\u00fcr die Feuerwehr. Sollte es in diesem Bereich in einem der umliegenden Mehrfamilienh\u00e4user oder im Kino brennen, ben\u00f6tigt die Feuerwehr den Platz f\u00fcr ihre L\u00f6schfahrzeuge. Die Fl\u00e4chen sind durch eine entsprechende Beschilderung gekennzeichnet. Autos d\u00fcrfen in diesem Bereich nicht parken.<\/span><\/p>\n<p><span style=\"font-family: Muli;\">Dennoch wird die Feuerwehrzone regelm\u00e4\u00dfig immer wieder zugeparkt. In der Vergangenheit sollen sogar Rettungsfahrzeuge, die im Einsatz waren, durch parkende Autos behindert worden sein, so eine Anwohnerin. Sie forderte deshalb im B\u00fcrgerausschuss am vergangenen Dienstag,\u00a0 die Fl\u00e4che f\u00fcr Autofahrer durch eine zus\u00e4tzliche Markierung auf dem Boden besser sichtbar zu machen. Erster Beigeordneter Dietrich Stang f\u00fchrte aus, dass die Ordnungsbeh\u00f6rde an der Ecke D\u00fcsseldorfer- \/ Lutterbecker Stra\u00dfe permanent kontrolliere, dennoch dort vor allem in den Abendstunden wild geparkt werde.<\/span><\/p>\n<p><span style=\"font-family: Muli;\">Da sich die Aufstellfl\u00e4che f\u00fcr die Feuerwehr in einem verkehrsberuhigten Bereich befindet, sei das Parken nur auf den gekennzeichneten Fl\u00e4chen erlaubt. Durch die Beschilderung und den verkehrsberuhigten Bereich sei die Parkregelung\u00a0eindeutig geregelt, erkl\u00e4rte Baudezernent Kurt Werner Geschorec. Dennoch stimmten die Mitglieder des B\u00fcrgerausschusses mehrheitlich daf\u00fcr, dass die Fl\u00e4che mit einer Grenzmarkierung (\u201eZickzack-Linien\u201c) versehen wird. Zudem wird die Verwaltung ein Verkehrsschild umsetzen, so dass es besser von Autofahrern erkannt wird.<\/span><\/p>\n<p>&nbsp;<\/p>\n","protected":false},"excerpt":{"rendered":"<p>An der Ecke D\u00fcsseldorfer Stra\u00dfe \/ Lutterbecker Stra\u00dfe befindet sich eine sogenannte Aufstellfl\u00e4che f\u00fcr die Feuerwehr. Sollte es in diesem Bereich in einem der umliegenden Mehrfamilienh\u00e4user oder im Kino brennen, ben\u00f6tigt die Feuerwehr den Platz&#8230;<\/p>\n","protected":false},"author":2,"featured_media":2305,"comment_status":"closed","ping_status":"open","sticky":false,"template":"","format":"standard","meta":{"ngg_post_thumbnail":0,"footnotes":""},"categories":[1],"tags":[],"class_list":["post-2295","post","type-post","status-publish","format-standard","has-post-thumbnail","hentry","category-allgemein"],"yoast_head":"<!-- This site is optimized with the Yoast SEO plugin v27.2 - https:\/\/yoast.com\/product\/yoast-seo-wordpress\/ -->\n<title>&quot;Zickzack-Linien&quot; sollen Aufstellfl\u00e4che f\u00fcr die Feuerwehr markieren<\/title>\n<meta name=\"robots\" content=\"index, follow, max-snippet:-1, max-image-preview:large, max-video-preview:-1\" \/>\n<link rel=\"canonical\" href=\"https:\/\/www.mettmann.de\/web\/zickzack-linien-sollen-aufstellflaeche-fuer-die-feuerwehr-markieren\/\" \/>\n<meta property=\"og:locale\" content=\"de_DE\" \/>\n<meta property=\"og:type\" content=\"article\" \/>\n<meta property=\"og:title\" content=\"&quot;Zickzack-Linien&quot; sollen Aufstellfl\u00e4che f\u00fcr die Feuerwehr markieren\" \/>\n<meta property=\"og:description\" content=\"An der Ecke D\u00fcsseldorfer Stra\u00dfe \/ Lutterbecker Stra\u00dfe befindet sich eine sogenannte Aufstellfl\u00e4che f\u00fcr die Feuerwehr. Sollte es in diesem Bereich in einem der umliegenden Mehrfamilienh\u00e4user oder im Kino brennen, ben\u00f6tigt die Feuerwehr den Platz...\" \/>\n<meta property=\"og:url\" content=\"https:\/\/www.mettmann.de\/web\/zickzack-linien-sollen-aufstellflaeche-fuer-die-feuerwehr-markieren\/\" \/>\n<meta property=\"og:site_name\" content=\"Stadtverwaltung Mettmann\" \/>\n<meta property=\"article:publisher\" content=\"https:\/\/www.facebook.com\/kreisstadt.mettmann\" \/>\n<meta property=\"article:published_time\" content=\"2019-11-08T08:14:26+00:00\" \/>\n<meta property=\"article:modified_time\" content=\"2019-11-08T08:16:00+00:00\" \/>\n<meta property=\"og:image\" content=\"https:\/\/www.mettmann.de\/web\/wp-content\/uploads\/2019\/11\/Lutterbecker-Stra\u00dfe-1024x768.jpg\" \/>\n\t<meta property=\"og:image:width\" content=\"1024\" \/>\n\t<meta property=\"og:image:height\" content=\"768\" \/>\n\t<meta property=\"og:image:type\" content=\"image\/jpeg\" \/>\n<meta name=\"author\" content=\"LekiesT\" \/>\n<meta name=\"twitter:card\" content=\"summary_large_image\" \/>\n<meta name=\"twitter:label1\" content=\"Verfasst von\" \/>\n\t<meta name=\"twitter:data1\" content=\"LekiesT\" \/>\n\t<meta name=\"twitter:label2\" content=\"Gesch\u00e4tzte Lesezeit\" \/>\n\t<meta name=\"twitter:data2\" content=\"1\u00a0Minute\" \/>\n<script type=\"application\/ld+json\" class=\"yoast-schema-graph\">{\"@context\":\"https:\/\/schema.org\",\"@graph\":[{\"@type\":\"Article\",\"@id\":\"https:\/\/www.mettmann.de\/web\/zickzack-linien-sollen-aufstellflaeche-fuer-die-feuerwehr-markieren\/#article\",\"isPartOf\":{\"@id\":\"https:\/\/www.mettmann.de\/web\/zickzack-linien-sollen-aufstellflaeche-fuer-die-feuerwehr-markieren\/\"},\"author\":{\"name\":\"LekiesT\",\"@id\":\"https:\/\/www.mettmann.de\/web\/#\/schema\/person\/c0deeeba8d377efe8e769dc7f56c2292\"},\"headline\":\"&#8222;Zickzack-Linien&#8220; sollen Aufstellfl\u00e4che f\u00fcr die Feuerwehr markieren\",\"datePublished\":\"2019-11-08T08:14:26+00:00\",\"dateModified\":\"2019-11-08T08:16:00+00:00\",\"mainEntityOfPage\":{\"@id\":\"https:\/\/www.mettmann.de\/web\/zickzack-linien-sollen-aufstellflaeche-fuer-die-feuerwehr-markieren\/\"},\"wordCount\":236,\"publisher\":{\"@id\":\"https:\/\/www.mettmann.de\/web\/#organization\"},\"image\":{\"@id\":\"https:\/\/www.mettmann.de\/web\/zickzack-linien-sollen-aufstellflaeche-fuer-die-feuerwehr-markieren\/#primaryimage\"},\"thumbnailUrl\":\"https:\/\/www.mettmann.de\/web\/wp-content\/uploads\/2019\/11\/Lutterbecker-Stra\u00dfe.jpg\",\"inLanguage\":\"de\"},{\"@type\":\"WebPage\",\"@id\":\"https:\/\/www.mettmann.de\/web\/zickzack-linien-sollen-aufstellflaeche-fuer-die-feuerwehr-markieren\/\",\"url\":\"https:\/\/www.mettmann.de\/web\/zickzack-linien-sollen-aufstellflaeche-fuer-die-feuerwehr-markieren\/\",\"name\":\"\\\"Zickzack-Linien\\\" sollen Aufstellfl\u00e4che f\u00fcr die Feuerwehr markieren\",\"isPartOf\":{\"@id\":\"https:\/\/www.mettmann.de\/web\/#website\"},\"primaryImageOfPage\":{\"@id\":\"https:\/\/www.mettmann.de\/web\/zickzack-linien-sollen-aufstellflaeche-fuer-die-feuerwehr-markieren\/#primaryimage\"},\"image\":{\"@id\":\"https:\/\/www.mettmann.de\/web\/zickzack-linien-sollen-aufstellflaeche-fuer-die-feuerwehr-markieren\/#primaryimage\"},\"thumbnailUrl\":\"https:\/\/www.mettmann.de\/web\/wp-content\/uploads\/2019\/11\/Lutterbecker-Stra\u00dfe.jpg\",\"datePublished\":\"2019-11-08T08:14:26+00:00\",\"dateModified\":\"2019-11-08T08:16:00+00:00\",\"breadcrumb\":{\"@id\":\"https:\/\/www.mettmann.de\/web\/zickzack-linien-sollen-aufstellflaeche-fuer-die-feuerwehr-markieren\/#breadcrumb\"},\"inLanguage\":\"de\",\"potentialAction\":[{\"@type\":\"ReadAction\",\"target\":[\"https:\/\/www.mettmann.de\/web\/zickzack-linien-sollen-aufstellflaeche-fuer-die-feuerwehr-markieren\/\"]}]},{\"@type\":\"ImageObject\",\"inLanguage\":\"de\",\"@id\":\"https:\/\/www.mettmann.de\/web\/zickzack-linien-sollen-aufstellflaeche-fuer-die-feuerwehr-markieren\/#primaryimage\",\"url\":\"https:\/\/www.mettmann.de\/web\/wp-content\/uploads\/2019\/11\/Lutterbecker-Stra\u00dfe.jpg\",\"contentUrl\":\"https:\/\/www.mettmann.de\/web\/wp-content\/uploads\/2019\/11\/Lutterbecker-Stra\u00dfe.jpg\",\"width\":4032,\"height\":3024,\"caption\":\"Die Lutterbecker Stra\u00dfe wird in H\u00f6he der Hausnummer 3 gesperrt. (Archivfoto: Kreisstadt Mettmann)\"},{\"@type\":\"BreadcrumbList\",\"@id\":\"https:\/\/www.mettmann.de\/web\/zickzack-linien-sollen-aufstellflaeche-fuer-die-feuerwehr-markieren\/#breadcrumb\",\"itemListElement\":[{\"@type\":\"ListItem\",\"position\":1,\"name\":\"Startseite\",\"item\":\"https:\/\/www.mettmann.de\/web\/\"},{\"@type\":\"ListItem\",\"position\":2,\"name\":\"&#8222;Zickzack-Linien&#8220; sollen Aufstellfl\u00e4che f\u00fcr die Feuerwehr markieren\"}]},{\"@type\":\"WebSite\",\"@id\":\"https:\/\/www.mettmann.de\/web\/#website\",\"url\":\"https:\/\/www.mettmann.de\/web\/\",\"name\":\"Stadtverwaltung Mettmann\",\"description\":\"Internetseite der Kreisstadt Mettmann\",\"publisher\":{\"@id\":\"https:\/\/www.mettmann.de\/web\/#organization\"},\"potentialAction\":[{\"@type\":\"SearchAction\",\"target\":{\"@type\":\"EntryPoint\",\"urlTemplate\":\"https:\/\/www.mettmann.de\/web\/?s={search_term_string}\"},\"query-input\":{\"@type\":\"PropertyValueSpecification\",\"valueRequired\":true,\"valueName\":\"search_term_string\"}}],\"inLanguage\":\"de\"},{\"@type\":\"Organization\",\"@id\":\"https:\/\/www.mettmann.de\/web\/#organization\",\"name\":\"Kreisstadt Mettmann\",\"url\":\"https:\/\/www.mettmann.de\/web\/\",\"logo\":{\"@type\":\"ImageObject\",\"inLanguage\":\"de\",\"@id\":\"https:\/\/www.mettmann.de\/web\/#\/schema\/logo\/image\/\",\"url\":\"https:\/\/www.mettmann.de\/web\/wp-content\/uploads\/2019\/08\/Kreisstadt_Mettmann_Logo_RGB_150dpi.png\",\"contentUrl\":\"https:\/\/www.mettmann.de\/web\/wp-content\/uploads\/2019\/08\/Kreisstadt_Mettmann_Logo_RGB_150dpi.png\",\"width\":1302,\"height\":191,\"caption\":\"Kreisstadt Mettmann\"},\"image\":{\"@id\":\"https:\/\/www.mettmann.de\/web\/#\/schema\/logo\/image\/\"},\"sameAs\":[\"https:\/\/www.facebook.com\/kreisstadt.mettmann\",\"https:\/\/de.wikipedia.org\/wiki\/Mettmann\"]},{\"@type\":\"Person\",\"@id\":\"https:\/\/www.mettmann.de\/web\/#\/schema\/person\/c0deeeba8d377efe8e769dc7f56c2292\",\"name\":\"LekiesT\"}]}<\/script>\n<!-- \/ Yoast SEO plugin. -->","yoast_head_json":{"title":"\"Zickzack-Linien\" sollen Aufstellfl\u00e4che f\u00fcr die Feuerwehr markieren","robots":{"index":"index","follow":"follow","max-snippet":"max-snippet:-1","max-image-preview":"max-image-preview:large","max-video-preview":"max-video-preview:-1"},"canonical":"https:\/\/www.mettmann.de\/web\/zickzack-linien-sollen-aufstellflaeche-fuer-die-feuerwehr-markieren\/","og_locale":"de_DE","og_type":"article","og_title":"\"Zickzack-Linien\" sollen Aufstellfl\u00e4che f\u00fcr die Feuerwehr markieren","og_description":"An der Ecke D\u00fcsseldorfer Stra\u00dfe \/ Lutterbecker Stra\u00dfe befindet sich eine sogenannte Aufstellfl\u00e4che f\u00fcr die Feuerwehr. Sollte es in diesem Bereich in einem der umliegenden Mehrfamilienh\u00e4user oder im Kino brennen, ben\u00f6tigt die Feuerwehr den Platz...","og_url":"https:\/\/www.mettmann.de\/web\/zickzack-linien-sollen-aufstellflaeche-fuer-die-feuerwehr-markieren\/","og_site_name":"Stadtverwaltung Mettmann","article_publisher":"https:\/\/www.facebook.com\/kreisstadt.mettmann","article_published_time":"2019-11-08T08:14:26+00:00","article_modified_time":"2019-11-08T08:16:00+00:00","og_image":[{"width":1024,"height":768,"url":"https:\/\/www.mettmann.de\/web\/wp-content\/uploads\/2019\/11\/Lutterbecker-Stra\u00dfe-1024x768.jpg","type":"image\/jpeg"}],"author":"LekiesT","twitter_card":"summary_large_image","twitter_misc":{"Verfasst von":"LekiesT","Gesch\u00e4tzte Lesezeit":"1\u00a0Minute"},"schema":{"@context":"https:\/\/schema.org","@graph":[{"@type":"Article","@id":"https:\/\/www.mettmann.de\/web\/zickzack-linien-sollen-aufstellflaeche-fuer-die-feuerwehr-markieren\/#article","isPartOf":{"@id":"https:\/\/www.mettmann.de\/web\/zickzack-linien-sollen-aufstellflaeche-fuer-die-feuerwehr-markieren\/"},"author":{"name":"LekiesT","@id":"https:\/\/www.mettmann.de\/web\/#\/schema\/person\/c0deeeba8d377efe8e769dc7f56c2292"},"headline":"&#8222;Zickzack-Linien&#8220; sollen Aufstellfl\u00e4che f\u00fcr die Feuerwehr markieren","datePublished":"2019-11-08T08:14:26+00:00","dateModified":"2019-11-08T08:16:00+00:00","mainEntityOfPage":{"@id":"https:\/\/www.mettmann.de\/web\/zickzack-linien-sollen-aufstellflaeche-fuer-die-feuerwehr-markieren\/"},"wordCount":236,"publisher":{"@id":"https:\/\/www.mettmann.de\/web\/#organization"},"image":{"@id":"https:\/\/www.mettmann.de\/web\/zickzack-linien-sollen-aufstellflaeche-fuer-die-feuerwehr-markieren\/#primaryimage"},"thumbnailUrl":"https:\/\/www.mettmann.de\/web\/wp-content\/uploads\/2019\/11\/Lutterbecker-Stra\u00dfe.jpg","inLanguage":"de"},{"@type":"WebPage","@id":"https:\/\/www.mettmann.de\/web\/zickzack-linien-sollen-aufstellflaeche-fuer-die-feuerwehr-markieren\/","url":"https:\/\/www.mettmann.de\/web\/zickzack-linien-sollen-aufstellflaeche-fuer-die-feuerwehr-markieren\/","name":"\"Zickzack-Linien\" sollen Aufstellfl\u00e4che f\u00fcr die Feuerwehr markieren","isPartOf":{"@id":"https:\/\/www.mettmann.de\/web\/#website"},"primaryImageOfPage":{"@id":"https:\/\/www.mettmann.de\/web\/zickzack-linien-sollen-aufstellflaeche-fuer-die-feuerwehr-markieren\/#primaryimage"},"image":{"@id":"https:\/\/www.mettmann.de\/web\/zickzack-linien-sollen-aufstellflaeche-fuer-die-feuerwehr-markieren\/#primaryimage"},"thumbnailUrl":"https:\/\/www.mettmann.de\/web\/wp-content\/uploads\/2019\/11\/Lutterbecker-Stra\u00dfe.jpg","datePublished":"2019-11-08T08:14:26+00:00","dateModified":"2019-11-08T08:16:00+00:00","breadcrumb":{"@id":"https:\/\/www.mettmann.de\/web\/zickzack-linien-sollen-aufstellflaeche-fuer-die-feuerwehr-markieren\/#breadcrumb"},"inLanguage":"de","potentialAction":[{"@type":"ReadAction","target":["https:\/\/www.mettmann.de\/web\/zickzack-linien-sollen-aufstellflaeche-fuer-die-feuerwehr-markieren\/"]}]},{"@type":"ImageObject","inLanguage":"de","@id":"https:\/\/www.mettmann.de\/web\/zickzack-linien-sollen-aufstellflaeche-fuer-die-feuerwehr-markieren\/#primaryimage","url":"https:\/\/www.mettmann.de\/web\/wp-content\/uploads\/2019\/11\/Lutterbecker-Stra\u00dfe.jpg","contentUrl":"https:\/\/www.mettmann.de\/web\/wp-content\/uploads\/2019\/11\/Lutterbecker-Stra\u00dfe.jpg","width":4032,"height":3024,"caption":"Die Lutterbecker Stra\u00dfe wird in H\u00f6he der Hausnummer 3 gesperrt. (Archivfoto: Kreisstadt Mettmann)"},{"@type":"BreadcrumbList","@id":"https:\/\/www.mettmann.de\/web\/zickzack-linien-sollen-aufstellflaeche-fuer-die-feuerwehr-markieren\/#breadcrumb","itemListElement":[{"@type":"ListItem","position":1,"name":"Startseite","item":"https:\/\/www.mettmann.de\/web\/"},{"@type":"ListItem","position":2,"name":"&#8222;Zickzack-Linien&#8220; sollen Aufstellfl\u00e4che f\u00fcr die Feuerwehr markieren"}]},{"@type":"WebSite","@id":"https:\/\/www.mettmann.de\/web\/#website","url":"https:\/\/www.mettmann.de\/web\/","name":"Stadtverwaltung Mettmann","description":"Internetseite der Kreisstadt Mettmann","publisher":{"@id":"https:\/\/www.mettmann.de\/web\/#organization"},"potentialAction":[{"@type":"SearchAction","target":{"@type":"EntryPoint","urlTemplate":"https:\/\/www.mettmann.de\/web\/?s={search_term_string}"},"query-input":{"@type":"PropertyValueSpecification","valueRequired":true,"valueName":"search_term_string"}}],"inLanguage":"de"},{"@type":"Organization","@id":"https:\/\/www.mettmann.de\/web\/#organization","name":"Kreisstadt Mettmann","url":"https:\/\/www.mettmann.de\/web\/","logo":{"@type":"ImageObject","inLanguage":"de","@id":"https:\/\/www.mettmann.de\/web\/#\/schema\/logo\/image\/","url":"https:\/\/www.mettmann.de\/web\/wp-content\/uploads\/2019\/08\/Kreisstadt_Mettmann_Logo_RGB_150dpi.png","contentUrl":"https:\/\/www.mettmann.de\/web\/wp-content\/uploads\/2019\/08\/Kreisstadt_Mettmann_Logo_RGB_150dpi.png","width":1302,"height":191,"caption":"Kreisstadt Mettmann"},"image":{"@id":"https:\/\/www.mettmann.de\/web\/#\/schema\/logo\/image\/"},"sameAs":["https:\/\/www.facebook.com\/kreisstadt.mettmann","https:\/\/de.wikipedia.org\/wiki\/Mettmann"]},{"@type":"Person","@id":"https:\/\/www.mettmann.de\/web\/#\/schema\/person\/c0deeeba8d377efe8e769dc7f56c2292","name":"LekiesT"}]}},"_links":{"self":[{"href":"https:\/\/www.mettmann.de\/web\/wp-json\/wp\/v2\/posts\/2295","targetHints":{"allow":["GET"]}}],"collection":[{"href":"https:\/\/www.mettmann.de\/web\/wp-json\/wp\/v2\/posts"}],"about":[{"href":"https:\/\/www.mettmann.de\/web\/wp-json\/wp\/v2\/types\/post"}],"author":[{"embeddable":true,"href":"https:\/\/www.mettmann.de\/web\/wp-json\/wp\/v2\/users\/2"}],"replies":[{"embeddable":true,"href":"https:\/\/www.mettmann.de\/web\/wp-json\/wp\/v2\/comments?post=2295"}],"version-history":[{"count":5,"href":"https:\/\/www.mettmann.de\/web\/wp-json\/wp\/v2\/posts\/2295\/revisions"}],"predecessor-version":[{"id":2310,"href":"https:\/\/www.mettmann.de\/web\/wp-json\/wp\/v2\/posts\/2295\/revisions\/2310"}],"wp:featuredmedia":[{"embeddable":true,"href":"https:\/\/www.mettmann.de\/web\/wp-json\/wp\/v2\/media\/2305"}],"wp:attachment":[{"href":"https:\/\/www.mettmann.de\/web\/wp-json\/wp\/v2\/media?parent=2295"}],"wp:term":[{"taxonomy":"category","embeddable":true,"href":"https:\/\/www.mettmann.de\/web\/wp-json\/wp\/v2\/categories?post=2295"},{"taxonomy":"post_tag","embeddable":true,"href":"https:\/\/www.mettmann.de\/web\/wp-json\/wp\/v2\/tags?post=2295"}],"curies":[{"name":"wp","href":"https:\/\/api.w.org\/{rel}","templated":true}]}}