{"id":23849,"date":"2022-11-29T13:48:51","date_gmt":"2022-11-29T12:48:51","guid":{"rendered":"https:\/\/www.mettmann.de\/web\/?p=23849"},"modified":"2022-11-29T13:49:10","modified_gmt":"2022-11-29T12:49:10","slug":"4-dezember-verkaufsoffener-sonntag-in-innenstadt","status":"publish","type":"post","link":"https:\/\/www.mettmann.de\/web\/4-dezember-verkaufsoffener-sonntag-in-innenstadt\/","title":{"rendered":"4. Dezember: Verkaufsoffener Sonntag in der Innenstadt"},"content":{"rendered":"<p>Weihnachten naht mit gro\u00dfen Schritten. Wer sich entspannt auf Geschenke-Suche begeben m\u00f6chte, hat dazu am kommenden Sonntag Gelegenheit. Der Mettmanner Einzelhandel \u00f6ffnet am 4. Dezember zum Blotschenmarkt seine T\u00fcren und l\u00e4dt zwischen 13 und 18 Uhr zum gem\u00fctlichen Bummeln und Einkaufen ein.<\/p>\n<p>Ob aktuelle Wintermode, h\u00fcbsche und gut riechende Geschenkartikel, eine neue Brille, Blumen und Gestecke, Hundebedarf oder bunte Spielwaren \u2013 zahlreiche H\u00e4ndlerinnen und H\u00e4ndler in der Innenstadt freuen sich, ihren Kundinnen und Kunden ein sch\u00f6nes Advents-Einkaufserlebnis zu bieten. Davor oder danach lohnt sich ein Besuch auf dem Blotschenmarkt, um sich inmitten weihnachtlicher D\u00fcfte bei einem hei\u00dfen Getr\u00e4nk aufzuw\u00e4rmen und zum Abschluss eine Protion Gr\u00fcnkohl, eine Bratwurst oder Kartoffelpuffer zu essen. Und f\u00fcr die Verdauung noch ein Schneeb\u00e4llchen hinterher.<\/p>\n<p>Die Galerie K\u00f6nigshof bietet ihren Kundinnen und Kunden kostenfreies Parken am verkaufsoffenen Sonntag an \u2013 ben\u00f6tigt wird daf\u00fcr ein Coupon aus einem Couponblatt, der vor dem Ausfahren eingescannt werden muss. F\u00fcr die kleinen Galerie-Besucher gibt es nicht nur weihnachtliches Ballonbasteln und Kinderschminken \u2013 ein Weihnachtself verteilt sogar Geschenke.<\/p>\n<p>An den verkaufsoffenen Sonntagen darf der Einzelhandel von 13 bis 18 Uhr \u00f6ffnen. Die Teilnahme der Gesch\u00e4fte ist allerdings freiwillig. Bitte haben Sie Verst\u00e4ndnis, dass nicht jedes Gesch\u00e4ft diese Gelegenheit f\u00fcr sich nutzen wird.<\/p>\n<p>Der Blotschenmarkt auf dem Marktplatz ist am 4. Dezember von 12 bis 21 Uhr ge\u00f6ffnet.<\/p>\n","protected":false},"excerpt":{"rendered":"<p>Weihnachten naht mit gro\u00dfen Schritten. Wer sich entspannt auf Geschenke-Suche begeben m\u00f6chte, hat dazu am kommenden Sonntag Gelegenheit. Der Mettmanner Einzelhandel \u00f6ffnet am 4. Dezember zum Blotschenmarkt seine T\u00fcren und l\u00e4dt zwischen 13 und 18&#8230;<\/p>\n","protected":false},"author":2,"featured_media":8652,"comment_status":"closed","ping_status":"closed","sticky":false,"template":"","format":"standard","meta":{"ngg_post_thumbnail":0,"footnotes":""},"categories":[1],"tags":[355,3148,4,356],"class_list":["post-23849","post","type-post","status-publish","format-standard","has-post-thumbnail","hentry","category-allgemein","tag-blotschenmarkt","tag-galerie-koenigshog","tag-mettmann","tag-verkaufsoffener-sonntag"],"yoast_head":"<!-- This site is optimized with the Yoast SEO plugin v27.2 - https:\/\/yoast.com\/product\/yoast-seo-wordpress\/ -->\n<title>4. Dezember: Verkaufsoffener Sonntag in der Innenstadt<\/title>\n<meta name=\"robots\" content=\"index, follow, max-snippet:-1, max-image-preview:large, max-video-preview:-1\" \/>\n<link rel=\"canonical\" href=\"https:\/\/www.mettmann.de\/web\/4-dezember-verkaufsoffener-sonntag-in-innenstadt\/\" \/>\n<meta property=\"og:locale\" content=\"de_DE\" \/>\n<meta property=\"og:type\" content=\"article\" \/>\n<meta property=\"og:title\" content=\"4. Dezember: Verkaufsoffener Sonntag in der Innenstadt\" \/>\n<meta property=\"og:description\" content=\"Weihnachten naht mit gro\u00dfen Schritten. Wer sich entspannt auf Geschenke-Suche begeben m\u00f6chte, hat dazu am kommenden Sonntag Gelegenheit. Der Mettmanner Einzelhandel \u00f6ffnet am 4. Dezember zum Blotschenmarkt seine T\u00fcren und l\u00e4dt zwischen 13 und 18...\" \/>\n<meta property=\"og:url\" content=\"https:\/\/www.mettmann.de\/web\/4-dezember-verkaufsoffener-sonntag-in-innenstadt\/\" \/>\n<meta property=\"og:site_name\" content=\"Stadtverwaltung Mettmann\" \/>\n<meta property=\"article:publisher\" content=\"https:\/\/www.facebook.com\/kreisstadt.mettmann\" \/>\n<meta property=\"article:published_time\" content=\"2022-11-29T12:48:51+00:00\" \/>\n<meta property=\"article:modified_time\" content=\"2022-11-29T12:49:10+00:00\" \/>\n<meta property=\"og:image\" content=\"https:\/\/www.mettmann.de\/web\/wp-content\/uploads\/2020\/11\/Innenstadt-scaled.jpg\" \/>\n\t<meta property=\"og:image:width\" content=\"2560\" \/>\n\t<meta property=\"og:image:height\" content=\"1440\" \/>\n\t<meta property=\"og:image:type\" content=\"image\/jpeg\" \/>\n<meta name=\"author\" content=\"LekiesT\" \/>\n<meta name=\"twitter:card\" content=\"summary_large_image\" \/>\n<meta name=\"twitter:label1\" content=\"Verfasst von\" \/>\n\t<meta name=\"twitter:data1\" content=\"LekiesT\" \/>\n\t<meta name=\"twitter:label2\" content=\"Gesch\u00e4tzte Lesezeit\" \/>\n\t<meta name=\"twitter:data2\" content=\"2\u00a0Minuten\" \/>\n<script type=\"application\/ld+json\" class=\"yoast-schema-graph\">{\"@context\":\"https:\/\/schema.org\",\"@graph\":[{\"@type\":\"Article\",\"@id\":\"https:\/\/www.mettmann.de\/web\/4-dezember-verkaufsoffener-sonntag-in-innenstadt\/#article\",\"isPartOf\":{\"@id\":\"https:\/\/www.mettmann.de\/web\/4-dezember-verkaufsoffener-sonntag-in-innenstadt\/\"},\"author\":{\"name\":\"LekiesT\",\"@id\":\"https:\/\/www.mettmann.de\/web\/#\/schema\/person\/c0deeeba8d377efe8e769dc7f56c2292\"},\"headline\":\"4. Dezember: Verkaufsoffener Sonntag in der Innenstadt\",\"datePublished\":\"2022-11-29T12:48:51+00:00\",\"dateModified\":\"2022-11-29T12:49:10+00:00\",\"mainEntityOfPage\":{\"@id\":\"https:\/\/www.mettmann.de\/web\/4-dezember-verkaufsoffener-sonntag-in-innenstadt\/\"},\"wordCount\":236,\"publisher\":{\"@id\":\"https:\/\/www.mettmann.de\/web\/#organization\"},\"image\":{\"@id\":\"https:\/\/www.mettmann.de\/web\/4-dezember-verkaufsoffener-sonntag-in-innenstadt\/#primaryimage\"},\"thumbnailUrl\":\"https:\/\/www.mettmann.de\/web\/wp-content\/uploads\/2020\/11\/Innenstadt-scaled.jpg\",\"keywords\":[\"Blotschenmarkt\",\"Galerie K\u00f6nigshog\",\"Mettmann\",\"Verkaufsoffener Sonntag\"],\"inLanguage\":\"de\"},{\"@type\":\"WebPage\",\"@id\":\"https:\/\/www.mettmann.de\/web\/4-dezember-verkaufsoffener-sonntag-in-innenstadt\/\",\"url\":\"https:\/\/www.mettmann.de\/web\/4-dezember-verkaufsoffener-sonntag-in-innenstadt\/\",\"name\":\"4. Dezember: Verkaufsoffener Sonntag in der Innenstadt\",\"isPartOf\":{\"@id\":\"https:\/\/www.mettmann.de\/web\/#website\"},\"primaryImageOfPage\":{\"@id\":\"https:\/\/www.mettmann.de\/web\/4-dezember-verkaufsoffener-sonntag-in-innenstadt\/#primaryimage\"},\"image\":{\"@id\":\"https:\/\/www.mettmann.de\/web\/4-dezember-verkaufsoffener-sonntag-in-innenstadt\/#primaryimage\"},\"thumbnailUrl\":\"https:\/\/www.mettmann.de\/web\/wp-content\/uploads\/2020\/11\/Innenstadt-scaled.jpg\",\"datePublished\":\"2022-11-29T12:48:51+00:00\",\"dateModified\":\"2022-11-29T12:49:10+00:00\",\"breadcrumb\":{\"@id\":\"https:\/\/www.mettmann.de\/web\/4-dezember-verkaufsoffener-sonntag-in-innenstadt\/#breadcrumb\"},\"inLanguage\":\"de\",\"potentialAction\":[{\"@type\":\"ReadAction\",\"target\":[\"https:\/\/www.mettmann.de\/web\/4-dezember-verkaufsoffener-sonntag-in-innenstadt\/\"]}]},{\"@type\":\"ImageObject\",\"inLanguage\":\"de\",\"@id\":\"https:\/\/www.mettmann.de\/web\/4-dezember-verkaufsoffener-sonntag-in-innenstadt\/#primaryimage\",\"url\":\"https:\/\/www.mettmann.de\/web\/wp-content\/uploads\/2020\/11\/Innenstadt-scaled.jpg\",\"contentUrl\":\"https:\/\/www.mettmann.de\/web\/wp-content\/uploads\/2020\/11\/Innenstadt-scaled.jpg\",\"width\":2560,\"height\":1440,\"caption\":\"In der Innenstadt und der Galerie K\u00f6nigshof \u00f6ffnen die Gesch\u00e4fte am 7. Dezember ab 13 Uhr zum verkaufsoffenen Sonntag. (Archivfoto: Kreisstadt Mettmann)\"},{\"@type\":\"BreadcrumbList\",\"@id\":\"https:\/\/www.mettmann.de\/web\/4-dezember-verkaufsoffener-sonntag-in-innenstadt\/#breadcrumb\",\"itemListElement\":[{\"@type\":\"ListItem\",\"position\":1,\"name\":\"Startseite\",\"item\":\"https:\/\/www.mettmann.de\/web\/\"},{\"@type\":\"ListItem\",\"position\":2,\"name\":\"4. Dezember: Verkaufsoffener Sonntag in der Innenstadt\"}]},{\"@type\":\"WebSite\",\"@id\":\"https:\/\/www.mettmann.de\/web\/#website\",\"url\":\"https:\/\/www.mettmann.de\/web\/\",\"name\":\"Stadtverwaltung Mettmann\",\"description\":\"Internetseite der Kreisstadt Mettmann\",\"publisher\":{\"@id\":\"https:\/\/www.mettmann.de\/web\/#organization\"},\"potentialAction\":[{\"@type\":\"SearchAction\",\"target\":{\"@type\":\"EntryPoint\",\"urlTemplate\":\"https:\/\/www.mettmann.de\/web\/?s={search_term_string}\"},\"query-input\":{\"@type\":\"PropertyValueSpecification\",\"valueRequired\":true,\"valueName\":\"search_term_string\"}}],\"inLanguage\":\"de\"},{\"@type\":\"Organization\",\"@id\":\"https:\/\/www.mettmann.de\/web\/#organization\",\"name\":\"Kreisstadt Mettmann\",\"url\":\"https:\/\/www.mettmann.de\/web\/\",\"logo\":{\"@type\":\"ImageObject\",\"inLanguage\":\"de\",\"@id\":\"https:\/\/www.mettmann.de\/web\/#\/schema\/logo\/image\/\",\"url\":\"https:\/\/www.mettmann.de\/web\/wp-content\/uploads\/2019\/08\/Kreisstadt_Mettmann_Logo_RGB_150dpi.png\",\"contentUrl\":\"https:\/\/www.mettmann.de\/web\/wp-content\/uploads\/2019\/08\/Kreisstadt_Mettmann_Logo_RGB_150dpi.png\",\"width\":1302,\"height\":191,\"caption\":\"Kreisstadt Mettmann\"},\"image\":{\"@id\":\"https:\/\/www.mettmann.de\/web\/#\/schema\/logo\/image\/\"},\"sameAs\":[\"https:\/\/www.facebook.com\/kreisstadt.mettmann\",\"https:\/\/de.wikipedia.org\/wiki\/Mettmann\"]},{\"@type\":\"Person\",\"@id\":\"https:\/\/www.mettmann.de\/web\/#\/schema\/person\/c0deeeba8d377efe8e769dc7f56c2292\",\"name\":\"LekiesT\"}]}<\/script>\n<!-- \/ Yoast SEO plugin. -->","yoast_head_json":{"title":"4. Dezember: Verkaufsoffener Sonntag in der Innenstadt","robots":{"index":"index","follow":"follow","max-snippet":"max-snippet:-1","max-image-preview":"max-image-preview:large","max-video-preview":"max-video-preview:-1"},"canonical":"https:\/\/www.mettmann.de\/web\/4-dezember-verkaufsoffener-sonntag-in-innenstadt\/","og_locale":"de_DE","og_type":"article","og_title":"4. Dezember: Verkaufsoffener Sonntag in der Innenstadt","og_description":"Weihnachten naht mit gro\u00dfen Schritten. Wer sich entspannt auf Geschenke-Suche begeben m\u00f6chte, hat dazu am kommenden Sonntag Gelegenheit. Der Mettmanner Einzelhandel \u00f6ffnet am 4. Dezember zum Blotschenmarkt seine T\u00fcren und l\u00e4dt zwischen 13 und 18...","og_url":"https:\/\/www.mettmann.de\/web\/4-dezember-verkaufsoffener-sonntag-in-innenstadt\/","og_site_name":"Stadtverwaltung Mettmann","article_publisher":"https:\/\/www.facebook.com\/kreisstadt.mettmann","article_published_time":"2022-11-29T12:48:51+00:00","article_modified_time":"2022-11-29T12:49:10+00:00","og_image":[{"width":2560,"height":1440,"url":"https:\/\/www.mettmann.de\/web\/wp-content\/uploads\/2020\/11\/Innenstadt-scaled.jpg","type":"image\/jpeg"}],"author":"LekiesT","twitter_card":"summary_large_image","twitter_misc":{"Verfasst von":"LekiesT","Gesch\u00e4tzte Lesezeit":"2\u00a0Minuten"},"schema":{"@context":"https:\/\/schema.org","@graph":[{"@type":"Article","@id":"https:\/\/www.mettmann.de\/web\/4-dezember-verkaufsoffener-sonntag-in-innenstadt\/#article","isPartOf":{"@id":"https:\/\/www.mettmann.de\/web\/4-dezember-verkaufsoffener-sonntag-in-innenstadt\/"},"author":{"name":"LekiesT","@id":"https:\/\/www.mettmann.de\/web\/#\/schema\/person\/c0deeeba8d377efe8e769dc7f56c2292"},"headline":"4. Dezember: Verkaufsoffener Sonntag in der Innenstadt","datePublished":"2022-11-29T12:48:51+00:00","dateModified":"2022-11-29T12:49:10+00:00","mainEntityOfPage":{"@id":"https:\/\/www.mettmann.de\/web\/4-dezember-verkaufsoffener-sonntag-in-innenstadt\/"},"wordCount":236,"publisher":{"@id":"https:\/\/www.mettmann.de\/web\/#organization"},"image":{"@id":"https:\/\/www.mettmann.de\/web\/4-dezember-verkaufsoffener-sonntag-in-innenstadt\/#primaryimage"},"thumbnailUrl":"https:\/\/www.mettmann.de\/web\/wp-content\/uploads\/2020\/11\/Innenstadt-scaled.jpg","keywords":["Blotschenmarkt","Galerie K\u00f6nigshog","Mettmann","Verkaufsoffener Sonntag"],"inLanguage":"de"},{"@type":"WebPage","@id":"https:\/\/www.mettmann.de\/web\/4-dezember-verkaufsoffener-sonntag-in-innenstadt\/","url":"https:\/\/www.mettmann.de\/web\/4-dezember-verkaufsoffener-sonntag-in-innenstadt\/","name":"4. Dezember: Verkaufsoffener Sonntag in der Innenstadt","isPartOf":{"@id":"https:\/\/www.mettmann.de\/web\/#website"},"primaryImageOfPage":{"@id":"https:\/\/www.mettmann.de\/web\/4-dezember-verkaufsoffener-sonntag-in-innenstadt\/#primaryimage"},"image":{"@id":"https:\/\/www.mettmann.de\/web\/4-dezember-verkaufsoffener-sonntag-in-innenstadt\/#primaryimage"},"thumbnailUrl":"https:\/\/www.mettmann.de\/web\/wp-content\/uploads\/2020\/11\/Innenstadt-scaled.jpg","datePublished":"2022-11-29T12:48:51+00:00","dateModified":"2022-11-29T12:49:10+00:00","breadcrumb":{"@id":"https:\/\/www.mettmann.de\/web\/4-dezember-verkaufsoffener-sonntag-in-innenstadt\/#breadcrumb"},"inLanguage":"de","potentialAction":[{"@type":"ReadAction","target":["https:\/\/www.mettmann.de\/web\/4-dezember-verkaufsoffener-sonntag-in-innenstadt\/"]}]},{"@type":"ImageObject","inLanguage":"de","@id":"https:\/\/www.mettmann.de\/web\/4-dezember-verkaufsoffener-sonntag-in-innenstadt\/#primaryimage","url":"https:\/\/www.mettmann.de\/web\/wp-content\/uploads\/2020\/11\/Innenstadt-scaled.jpg","contentUrl":"https:\/\/www.mettmann.de\/web\/wp-content\/uploads\/2020\/11\/Innenstadt-scaled.jpg","width":2560,"height":1440,"caption":"In der Innenstadt und der Galerie K\u00f6nigshof \u00f6ffnen die Gesch\u00e4fte am 7. Dezember ab 13 Uhr zum verkaufsoffenen Sonntag. (Archivfoto: Kreisstadt Mettmann)"},{"@type":"BreadcrumbList","@id":"https:\/\/www.mettmann.de\/web\/4-dezember-verkaufsoffener-sonntag-in-innenstadt\/#breadcrumb","itemListElement":[{"@type":"ListItem","position":1,"name":"Startseite","item":"https:\/\/www.mettmann.de\/web\/"},{"@type":"ListItem","position":2,"name":"4. Dezember: Verkaufsoffener Sonntag in der Innenstadt"}]},{"@type":"WebSite","@id":"https:\/\/www.mettmann.de\/web\/#website","url":"https:\/\/www.mettmann.de\/web\/","name":"Stadtverwaltung Mettmann","description":"Internetseite der Kreisstadt Mettmann","publisher":{"@id":"https:\/\/www.mettmann.de\/web\/#organization"},"potentialAction":[{"@type":"SearchAction","target":{"@type":"EntryPoint","urlTemplate":"https:\/\/www.mettmann.de\/web\/?s={search_term_string}"},"query-input":{"@type":"PropertyValueSpecification","valueRequired":true,"valueName":"search_term_string"}}],"inLanguage":"de"},{"@type":"Organization","@id":"https:\/\/www.mettmann.de\/web\/#organization","name":"Kreisstadt Mettmann","url":"https:\/\/www.mettmann.de\/web\/","logo":{"@type":"ImageObject","inLanguage":"de","@id":"https:\/\/www.mettmann.de\/web\/#\/schema\/logo\/image\/","url":"https:\/\/www.mettmann.de\/web\/wp-content\/uploads\/2019\/08\/Kreisstadt_Mettmann_Logo_RGB_150dpi.png","contentUrl":"https:\/\/www.mettmann.de\/web\/wp-content\/uploads\/2019\/08\/Kreisstadt_Mettmann_Logo_RGB_150dpi.png","width":1302,"height":191,"caption":"Kreisstadt Mettmann"},"image":{"@id":"https:\/\/www.mettmann.de\/web\/#\/schema\/logo\/image\/"},"sameAs":["https:\/\/www.facebook.com\/kreisstadt.mettmann","https:\/\/de.wikipedia.org\/wiki\/Mettmann"]},{"@type":"Person","@id":"https:\/\/www.mettmann.de\/web\/#\/schema\/person\/c0deeeba8d377efe8e769dc7f56c2292","name":"LekiesT"}]}},"_links":{"self":[{"href":"https:\/\/www.mettmann.de\/web\/wp-json\/wp\/v2\/posts\/23849","targetHints":{"allow":["GET"]}}],"collection":[{"href":"https:\/\/www.mettmann.de\/web\/wp-json\/wp\/v2\/posts"}],"about":[{"href":"https:\/\/www.mettmann.de\/web\/wp-json\/wp\/v2\/types\/post"}],"author":[{"embeddable":true,"href":"https:\/\/www.mettmann.de\/web\/wp-json\/wp\/v2\/users\/2"}],"replies":[{"embeddable":true,"href":"https:\/\/www.mettmann.de\/web\/wp-json\/wp\/v2\/comments?post=23849"}],"version-history":[{"count":6,"href":"https:\/\/www.mettmann.de\/web\/wp-json\/wp\/v2\/posts\/23849\/revisions"}],"predecessor-version":[{"id":23855,"href":"https:\/\/www.mettmann.de\/web\/wp-json\/wp\/v2\/posts\/23849\/revisions\/23855"}],"wp:featuredmedia":[{"embeddable":true,"href":"https:\/\/www.mettmann.de\/web\/wp-json\/wp\/v2\/media\/8652"}],"wp:attachment":[{"href":"https:\/\/www.mettmann.de\/web\/wp-json\/wp\/v2\/media?parent=23849"}],"wp:term":[{"taxonomy":"category","embeddable":true,"href":"https:\/\/www.mettmann.de\/web\/wp-json\/wp\/v2\/categories?post=23849"},{"taxonomy":"post_tag","embeddable":true,"href":"https:\/\/www.mettmann.de\/web\/wp-json\/wp\/v2\/tags?post=23849"}],"curies":[{"name":"wp","href":"https:\/\/api.w.org\/{rel}","templated":true}]}}