{"id":23878,"date":"2022-12-06T14:05:31","date_gmt":"2022-12-06T13:05:31","guid":{"rendered":"https:\/\/www.mettmann.de\/web\/?p=23878"},"modified":"2022-12-06T14:10:57","modified_gmt":"2022-12-06T13:10:57","slug":"informationsabend-zum-glasfaserprojekt-am-8-dezember-im-hhg","status":"publish","type":"post","link":"https:\/\/www.mettmann.de\/web\/informationsabend-zum-glasfaserprojekt-am-8-dezember-im-hhg\/","title":{"rendered":"Informationsabend zum Glasfaserprojekt am 8. Dezember im HHG"},"content":{"rendered":"<p>Die Deutsche Glasfaser l\u00e4dt am 8. Dezember zu einem Informationsabend \u00fcber das aktuell laufende Glasfaserprojekt in Metzkausen und Obschwarzbach ein. Die Veranstaltung beginnt um 19 Uhr und findet in der Aula des Heinrich-Heine-Gymnasiums, Hasselbeckstra\u00dfe 2, statt. Eingeladen zum \u201eGro\u00dfen Internet-Empfang\u201c sind sowohl Kundinnen und Kunden der Deutschen Glasfaser, als auch interessierte B\u00fcrgerinnen und B\u00fcrger.<\/p>\n<p>Neben Informationen zu den M\u00f6glichkeiten und Vorteilen von Glasfaser erfahren die Besucherinnen und Besucher alles rund um die Themen Hausanschluss, Installation der Endger\u00e4te sowie m\u00f6gliche Serviceleistungen. Es besteht zudem die M\u00f6glichkeit, Fragen zu stellen und direkt mit den Expertinnen und Experten der Deutschen Glasfaser ins Gespr\u00e4ch zu kommen.<\/p>\n<p>\u00dcber die kostenlose Bau-Hotline der Deutschen Glasfaser k\u00f6nnen au\u00dferdem Fragen zum Bau des Glasfaser-Netzes gestellt werden. Sie erreichen die Hotline montags bis freitags von 8-20 Uhr unter Telefon 02861 \u2013 890 60 940.<\/p>\n","protected":false},"excerpt":{"rendered":"<p>Die Deutsche Glasfaser l\u00e4dt am 8. Dezember zu einem Informationsabend \u00fcber das aktuell laufende Glasfaserprojekt in Metzkausen und Obschwarzbach ein. Die Veranstaltung beginnt um 19 Uhr und findet in der Aula des Heinrich-Heine-Gymnasiums, Hasselbeckstra\u00dfe 2,&#8230;<\/p>\n","protected":false},"author":5,"featured_media":12959,"comment_status":"closed","ping_status":"closed","sticky":false,"template":"","format":"standard","meta":{"ngg_post_thumbnail":0,"footnotes":""},"categories":[1],"tags":[2336,2052,2335,2489,2343,326,324,4,106,580],"class_list":["post-23878","post","type-post","status-publish","format-standard","has-post-thumbnail","hentry","category-allgemein","tag-deutsche-glasfaser","tag-glasfaser","tag-glasfaseranschluss","tag-glasfaserausbau","tag-glasfasernetz","tag-heinrich-heine-gymnasium","tag-hhg","tag-mettmann","tag-metzkausen","tag-obschwarzbach"],"yoast_head":"<!-- This site is optimized with the Yoast SEO plugin v27.2 - https:\/\/yoast.com\/product\/yoast-seo-wordpress\/ -->\n<title>Informationsabend zum Glasfaserprojekt am 8. Dezember im HHG<\/title>\n<meta name=\"robots\" content=\"index, follow, max-snippet:-1, max-image-preview:large, max-video-preview:-1\" \/>\n<link rel=\"canonical\" href=\"https:\/\/www.mettmann.de\/web\/informationsabend-zum-glasfaserprojekt-am-8-dezember-im-hhg\/\" \/>\n<meta property=\"og:locale\" content=\"de_DE\" \/>\n<meta property=\"og:type\" content=\"article\" \/>\n<meta property=\"og:title\" content=\"Informationsabend zum Glasfaserprojekt am 8. Dezember im HHG\" \/>\n<meta property=\"og:description\" content=\"Symbofoto: chaitawat \/ pixabay\" \/>\n<meta property=\"og:url\" content=\"https:\/\/www.mettmann.de\/web\/informationsabend-zum-glasfaserprojekt-am-8-dezember-im-hhg\/\" \/>\n<meta property=\"og:site_name\" content=\"Stadtverwaltung Mettmann\" \/>\n<meta property=\"article:publisher\" content=\"https:\/\/www.facebook.com\/kreisstadt.mettmann\" \/>\n<meta property=\"article:published_time\" content=\"2022-12-06T13:05:31+00:00\" \/>\n<meta property=\"article:modified_time\" content=\"2022-12-06T13:10:57+00:00\" \/>\n<meta property=\"og:image\" content=\"https:\/\/www.mettmann.de\/web\/wp-content\/uploads\/2021\/05\/Glasfaser.jpg\" \/>\n\t<meta property=\"og:image:width\" content=\"1280\" \/>\n\t<meta property=\"og:image:height\" content=\"853\" \/>\n\t<meta property=\"og:image:type\" content=\"image\/jpeg\" \/>\n<meta name=\"author\" content=\"Vertretung\" \/>\n<meta name=\"twitter:card\" content=\"summary_large_image\" \/>\n<meta name=\"twitter:label1\" content=\"Verfasst von\" \/>\n\t<meta name=\"twitter:data1\" content=\"Vertretung\" \/>\n\t<meta name=\"twitter:label2\" content=\"Gesch\u00e4tzte Lesezeit\" \/>\n\t<meta name=\"twitter:data2\" content=\"1\u00a0Minute\" \/>\n<script type=\"application\/ld+json\" class=\"yoast-schema-graph\">{\"@context\":\"https:\/\/schema.org\",\"@graph\":[{\"@type\":\"Article\",\"@id\":\"https:\/\/www.mettmann.de\/web\/informationsabend-zum-glasfaserprojekt-am-8-dezember-im-hhg\/#article\",\"isPartOf\":{\"@id\":\"https:\/\/www.mettmann.de\/web\/informationsabend-zum-glasfaserprojekt-am-8-dezember-im-hhg\/\"},\"author\":{\"name\":\"Vertretung\",\"@id\":\"https:\/\/www.mettmann.de\/web\/#\/schema\/person\/151b8a29c0a554098d0d16aa781a5a87\"},\"headline\":\"Informationsabend zum Glasfaserprojekt am 8. Dezember im HHG\",\"datePublished\":\"2022-12-06T13:05:31+00:00\",\"dateModified\":\"2022-12-06T13:10:57+00:00\",\"mainEntityOfPage\":{\"@id\":\"https:\/\/www.mettmann.de\/web\/informationsabend-zum-glasfaserprojekt-am-8-dezember-im-hhg\/\"},\"wordCount\":146,\"publisher\":{\"@id\":\"https:\/\/www.mettmann.de\/web\/#organization\"},\"image\":{\"@id\":\"https:\/\/www.mettmann.de\/web\/informationsabend-zum-glasfaserprojekt-am-8-dezember-im-hhg\/#primaryimage\"},\"thumbnailUrl\":\"https:\/\/www.mettmann.de\/web\/wp-content\/uploads\/2021\/05\/Glasfaser.jpg\",\"keywords\":[\"Deutsche Glasfaser\",\"Glasfaser\",\"Glasfaseranschluss\",\"Glasfaserausbau\",\"Glasfasernetz\",\"Heinrich-Heine-Gymnasium\",\"HHG\",\"Mettmann\",\"Metzkausen\",\"Obschwarzbach\"],\"inLanguage\":\"de\"},{\"@type\":\"WebPage\",\"@id\":\"https:\/\/www.mettmann.de\/web\/informationsabend-zum-glasfaserprojekt-am-8-dezember-im-hhg\/\",\"url\":\"https:\/\/www.mettmann.de\/web\/informationsabend-zum-glasfaserprojekt-am-8-dezember-im-hhg\/\",\"name\":\"Informationsabend zum Glasfaserprojekt am 8. Dezember im HHG\",\"isPartOf\":{\"@id\":\"https:\/\/www.mettmann.de\/web\/#website\"},\"primaryImageOfPage\":{\"@id\":\"https:\/\/www.mettmann.de\/web\/informationsabend-zum-glasfaserprojekt-am-8-dezember-im-hhg\/#primaryimage\"},\"image\":{\"@id\":\"https:\/\/www.mettmann.de\/web\/informationsabend-zum-glasfaserprojekt-am-8-dezember-im-hhg\/#primaryimage\"},\"thumbnailUrl\":\"https:\/\/www.mettmann.de\/web\/wp-content\/uploads\/2021\/05\/Glasfaser.jpg\",\"datePublished\":\"2022-12-06T13:05:31+00:00\",\"dateModified\":\"2022-12-06T13:10:57+00:00\",\"breadcrumb\":{\"@id\":\"https:\/\/www.mettmann.de\/web\/informationsabend-zum-glasfaserprojekt-am-8-dezember-im-hhg\/#breadcrumb\"},\"inLanguage\":\"de\",\"potentialAction\":[{\"@type\":\"ReadAction\",\"target\":[\"https:\/\/www.mettmann.de\/web\/informationsabend-zum-glasfaserprojekt-am-8-dezember-im-hhg\/\"]}]},{\"@type\":\"ImageObject\",\"inLanguage\":\"de\",\"@id\":\"https:\/\/www.mettmann.de\/web\/informationsabend-zum-glasfaserprojekt-am-8-dezember-im-hhg\/#primaryimage\",\"url\":\"https:\/\/www.mettmann.de\/web\/wp-content\/uploads\/2021\/05\/Glasfaser.jpg\",\"contentUrl\":\"https:\/\/www.mettmann.de\/web\/wp-content\/uploads\/2021\/05\/Glasfaser.jpg\",\"width\":1280,\"height\":853,\"caption\":\"Glasfaser blau\"},{\"@type\":\"BreadcrumbList\",\"@id\":\"https:\/\/www.mettmann.de\/web\/informationsabend-zum-glasfaserprojekt-am-8-dezember-im-hhg\/#breadcrumb\",\"itemListElement\":[{\"@type\":\"ListItem\",\"position\":1,\"name\":\"Startseite\",\"item\":\"https:\/\/www.mettmann.de\/web\/\"},{\"@type\":\"ListItem\",\"position\":2,\"name\":\"Informationsabend zum Glasfaserprojekt am 8. Dezember im HHG\"}]},{\"@type\":\"WebSite\",\"@id\":\"https:\/\/www.mettmann.de\/web\/#website\",\"url\":\"https:\/\/www.mettmann.de\/web\/\",\"name\":\"Stadtverwaltung Mettmann\",\"description\":\"Internetseite der Kreisstadt Mettmann\",\"publisher\":{\"@id\":\"https:\/\/www.mettmann.de\/web\/#organization\"},\"potentialAction\":[{\"@type\":\"SearchAction\",\"target\":{\"@type\":\"EntryPoint\",\"urlTemplate\":\"https:\/\/www.mettmann.de\/web\/?s={search_term_string}\"},\"query-input\":{\"@type\":\"PropertyValueSpecification\",\"valueRequired\":true,\"valueName\":\"search_term_string\"}}],\"inLanguage\":\"de\"},{\"@type\":\"Organization\",\"@id\":\"https:\/\/www.mettmann.de\/web\/#organization\",\"name\":\"Kreisstadt Mettmann\",\"url\":\"https:\/\/www.mettmann.de\/web\/\",\"logo\":{\"@type\":\"ImageObject\",\"inLanguage\":\"de\",\"@id\":\"https:\/\/www.mettmann.de\/web\/#\/schema\/logo\/image\/\",\"url\":\"https:\/\/www.mettmann.de\/web\/wp-content\/uploads\/2019\/08\/Kreisstadt_Mettmann_Logo_RGB_150dpi.png\",\"contentUrl\":\"https:\/\/www.mettmann.de\/web\/wp-content\/uploads\/2019\/08\/Kreisstadt_Mettmann_Logo_RGB_150dpi.png\",\"width\":1302,\"height\":191,\"caption\":\"Kreisstadt Mettmann\"},\"image\":{\"@id\":\"https:\/\/www.mettmann.de\/web\/#\/schema\/logo\/image\/\"},\"sameAs\":[\"https:\/\/www.facebook.com\/kreisstadt.mettmann\",\"https:\/\/de.wikipedia.org\/wiki\/Mettmann\"]},{\"@type\":\"Person\",\"@id\":\"https:\/\/www.mettmann.de\/web\/#\/schema\/person\/151b8a29c0a554098d0d16aa781a5a87\",\"name\":\"Vertretung\"}]}<\/script>\n<!-- \/ Yoast SEO plugin. -->","yoast_head_json":{"title":"Informationsabend zum Glasfaserprojekt am 8. Dezember im HHG","robots":{"index":"index","follow":"follow","max-snippet":"max-snippet:-1","max-image-preview":"max-image-preview:large","max-video-preview":"max-video-preview:-1"},"canonical":"https:\/\/www.mettmann.de\/web\/informationsabend-zum-glasfaserprojekt-am-8-dezember-im-hhg\/","og_locale":"de_DE","og_type":"article","og_title":"Informationsabend zum Glasfaserprojekt am 8. Dezember im HHG","og_description":"Symbofoto: chaitawat \/ pixabay","og_url":"https:\/\/www.mettmann.de\/web\/informationsabend-zum-glasfaserprojekt-am-8-dezember-im-hhg\/","og_site_name":"Stadtverwaltung Mettmann","article_publisher":"https:\/\/www.facebook.com\/kreisstadt.mettmann","article_published_time":"2022-12-06T13:05:31+00:00","article_modified_time":"2022-12-06T13:10:57+00:00","og_image":[{"width":1280,"height":853,"url":"https:\/\/www.mettmann.de\/web\/wp-content\/uploads\/2021\/05\/Glasfaser.jpg","type":"image\/jpeg"}],"author":"Vertretung","twitter_card":"summary_large_image","twitter_misc":{"Verfasst von":"Vertretung","Gesch\u00e4tzte Lesezeit":"1\u00a0Minute"},"schema":{"@context":"https:\/\/schema.org","@graph":[{"@type":"Article","@id":"https:\/\/www.mettmann.de\/web\/informationsabend-zum-glasfaserprojekt-am-8-dezember-im-hhg\/#article","isPartOf":{"@id":"https:\/\/www.mettmann.de\/web\/informationsabend-zum-glasfaserprojekt-am-8-dezember-im-hhg\/"},"author":{"name":"Vertretung","@id":"https:\/\/www.mettmann.de\/web\/#\/schema\/person\/151b8a29c0a554098d0d16aa781a5a87"},"headline":"Informationsabend zum Glasfaserprojekt am 8. Dezember im HHG","datePublished":"2022-12-06T13:05:31+00:00","dateModified":"2022-12-06T13:10:57+00:00","mainEntityOfPage":{"@id":"https:\/\/www.mettmann.de\/web\/informationsabend-zum-glasfaserprojekt-am-8-dezember-im-hhg\/"},"wordCount":146,"publisher":{"@id":"https:\/\/www.mettmann.de\/web\/#organization"},"image":{"@id":"https:\/\/www.mettmann.de\/web\/informationsabend-zum-glasfaserprojekt-am-8-dezember-im-hhg\/#primaryimage"},"thumbnailUrl":"https:\/\/www.mettmann.de\/web\/wp-content\/uploads\/2021\/05\/Glasfaser.jpg","keywords":["Deutsche Glasfaser","Glasfaser","Glasfaseranschluss","Glasfaserausbau","Glasfasernetz","Heinrich-Heine-Gymnasium","HHG","Mettmann","Metzkausen","Obschwarzbach"],"inLanguage":"de"},{"@type":"WebPage","@id":"https:\/\/www.mettmann.de\/web\/informationsabend-zum-glasfaserprojekt-am-8-dezember-im-hhg\/","url":"https:\/\/www.mettmann.de\/web\/informationsabend-zum-glasfaserprojekt-am-8-dezember-im-hhg\/","name":"Informationsabend zum Glasfaserprojekt am 8. Dezember im HHG","isPartOf":{"@id":"https:\/\/www.mettmann.de\/web\/#website"},"primaryImageOfPage":{"@id":"https:\/\/www.mettmann.de\/web\/informationsabend-zum-glasfaserprojekt-am-8-dezember-im-hhg\/#primaryimage"},"image":{"@id":"https:\/\/www.mettmann.de\/web\/informationsabend-zum-glasfaserprojekt-am-8-dezember-im-hhg\/#primaryimage"},"thumbnailUrl":"https:\/\/www.mettmann.de\/web\/wp-content\/uploads\/2021\/05\/Glasfaser.jpg","datePublished":"2022-12-06T13:05:31+00:00","dateModified":"2022-12-06T13:10:57+00:00","breadcrumb":{"@id":"https:\/\/www.mettmann.de\/web\/informationsabend-zum-glasfaserprojekt-am-8-dezember-im-hhg\/#breadcrumb"},"inLanguage":"de","potentialAction":[{"@type":"ReadAction","target":["https:\/\/www.mettmann.de\/web\/informationsabend-zum-glasfaserprojekt-am-8-dezember-im-hhg\/"]}]},{"@type":"ImageObject","inLanguage":"de","@id":"https:\/\/www.mettmann.de\/web\/informationsabend-zum-glasfaserprojekt-am-8-dezember-im-hhg\/#primaryimage","url":"https:\/\/www.mettmann.de\/web\/wp-content\/uploads\/2021\/05\/Glasfaser.jpg","contentUrl":"https:\/\/www.mettmann.de\/web\/wp-content\/uploads\/2021\/05\/Glasfaser.jpg","width":1280,"height":853,"caption":"Glasfaser blau"},{"@type":"BreadcrumbList","@id":"https:\/\/www.mettmann.de\/web\/informationsabend-zum-glasfaserprojekt-am-8-dezember-im-hhg\/#breadcrumb","itemListElement":[{"@type":"ListItem","position":1,"name":"Startseite","item":"https:\/\/www.mettmann.de\/web\/"},{"@type":"ListItem","position":2,"name":"Informationsabend zum Glasfaserprojekt am 8. Dezember im HHG"}]},{"@type":"WebSite","@id":"https:\/\/www.mettmann.de\/web\/#website","url":"https:\/\/www.mettmann.de\/web\/","name":"Stadtverwaltung Mettmann","description":"Internetseite der Kreisstadt Mettmann","publisher":{"@id":"https:\/\/www.mettmann.de\/web\/#organization"},"potentialAction":[{"@type":"SearchAction","target":{"@type":"EntryPoint","urlTemplate":"https:\/\/www.mettmann.de\/web\/?s={search_term_string}"},"query-input":{"@type":"PropertyValueSpecification","valueRequired":true,"valueName":"search_term_string"}}],"inLanguage":"de"},{"@type":"Organization","@id":"https:\/\/www.mettmann.de\/web\/#organization","name":"Kreisstadt Mettmann","url":"https:\/\/www.mettmann.de\/web\/","logo":{"@type":"ImageObject","inLanguage":"de","@id":"https:\/\/www.mettmann.de\/web\/#\/schema\/logo\/image\/","url":"https:\/\/www.mettmann.de\/web\/wp-content\/uploads\/2019\/08\/Kreisstadt_Mettmann_Logo_RGB_150dpi.png","contentUrl":"https:\/\/www.mettmann.de\/web\/wp-content\/uploads\/2019\/08\/Kreisstadt_Mettmann_Logo_RGB_150dpi.png","width":1302,"height":191,"caption":"Kreisstadt Mettmann"},"image":{"@id":"https:\/\/www.mettmann.de\/web\/#\/schema\/logo\/image\/"},"sameAs":["https:\/\/www.facebook.com\/kreisstadt.mettmann","https:\/\/de.wikipedia.org\/wiki\/Mettmann"]},{"@type":"Person","@id":"https:\/\/www.mettmann.de\/web\/#\/schema\/person\/151b8a29c0a554098d0d16aa781a5a87","name":"Vertretung"}]}},"_links":{"self":[{"href":"https:\/\/www.mettmann.de\/web\/wp-json\/wp\/v2\/posts\/23878","targetHints":{"allow":["GET"]}}],"collection":[{"href":"https:\/\/www.mettmann.de\/web\/wp-json\/wp\/v2\/posts"}],"about":[{"href":"https:\/\/www.mettmann.de\/web\/wp-json\/wp\/v2\/types\/post"}],"author":[{"embeddable":true,"href":"https:\/\/www.mettmann.de\/web\/wp-json\/wp\/v2\/users\/5"}],"replies":[{"embeddable":true,"href":"https:\/\/www.mettmann.de\/web\/wp-json\/wp\/v2\/comments?post=23878"}],"version-history":[{"count":5,"href":"https:\/\/www.mettmann.de\/web\/wp-json\/wp\/v2\/posts\/23878\/revisions"}],"predecessor-version":[{"id":23959,"href":"https:\/\/www.mettmann.de\/web\/wp-json\/wp\/v2\/posts\/23878\/revisions\/23959"}],"wp:featuredmedia":[{"embeddable":true,"href":"https:\/\/www.mettmann.de\/web\/wp-json\/wp\/v2\/media\/12959"}],"wp:attachment":[{"href":"https:\/\/www.mettmann.de\/web\/wp-json\/wp\/v2\/media?parent=23878"}],"wp:term":[{"taxonomy":"category","embeddable":true,"href":"https:\/\/www.mettmann.de\/web\/wp-json\/wp\/v2\/categories?post=23878"},{"taxonomy":"post_tag","embeddable":true,"href":"https:\/\/www.mettmann.de\/web\/wp-json\/wp\/v2\/tags?post=23878"}],"curies":[{"name":"wp","href":"https:\/\/api.w.org\/{rel}","templated":true}]}}