{"id":23974,"date":"2022-12-07T09:04:23","date_gmt":"2022-12-07T08:04:23","guid":{"rendered":"https:\/\/www.mettmann.de\/web\/?p=23974"},"modified":"2022-12-07T13:23:02","modified_gmt":"2022-12-07T12:23:02","slug":"nicht-oeffentlichkeit-ist-kein-ausdruck-mangelnder-transparenz","status":"publish","type":"post","link":"https:\/\/www.mettmann.de\/web\/nicht-oeffentlichkeit-ist-kein-ausdruck-mangelnder-transparenz\/","title":{"rendered":"Nicht-\u00d6ffentlichkeit ist kein Ausdruck mangelnder Transparenz"},"content":{"rendered":"<p>In j\u00fcngster Vergangenheit ist vor allem in den sozialen Medien kritisiert worden, dass bestimmte Angelegenheiten des Rates in nicht-\u00f6ffentlichen Sitzungen behandelt und beraten wurden. Dazu hat Dr. Richard Bley, der Leiter der st\u00e4dtischen Justiziariat, eine Erkl\u00e4rung abgegeben.<\/p>\n<p>Beratungen in nicht\u00f6ffentlicher Sitzung des Rates und seiner Aussch\u00fcsse sind, so Dr. Bley, keineswegs Ausdruck fehlender Transparenz, wie vielfach auch von Fraktionsmitgliedern, vorwiegend einer kleinen Fraktion in den sozialen Medien behauptet wurde. \u201eVielmehr sind sie das Ergebnis eines rechtlichen Abw\u00e4gungsprozesses und im Einzelfall stets rechtlich geboten\u201c, so der Jurist.<\/p>\n<p>Die Gesch\u00e4ftsordnung des Rates der Stadt Mettmann, die sich der Rat selbst gegeben hat, regele das Vorgehen klar in \u00a7 7 (2). Sie mache von der M\u00f6glichkeit der Nicht-\u00d6ffentlichkeit bei Personal- und Liegenschaftsangelegenheiten sowie Auftragsvergaben Gebrauch. In solchen F\u00e4llen sei daher ein Ausschluss der \u00d6ffentlichkeit verbindlich vorgegeben.<\/p>\n<p>An diese Gesch\u00e4ftsordnung, so Dr. Bley weiter, seien die B\u00fcrgermeisterin und die Ratsmitglieder gebunden. Ein Ratsbeschluss entgegen der Gesch\u00e4ftsordnung m\u00fcsste als Versto\u00df gegen die Gesch\u00e4ftsordnung durch die B\u00fcrgermeisterin sogar beanstandet werden, weil die Gesch\u00e4ftsordnung \u201eTeil des geltenden Rechts\u201c sei. Der Beschluss w\u00e4re damit nicht rechtskr\u00e4ftig.<\/p>\n<p><strong>Ausf\u00fchrliche Informationen zu dem Thema gibt es<\/strong> <a href=\"https:\/\/www.mettmann.de\/web\/wp-content\/uploads\/2022\/12\/221129-Zur-Nichtoeffentlichkeit-von-Sitzungen-im-Rat-und-im-Ausschuss.pdf\" target=\"_blank\" rel=\"noopener\">hier.<\/a><\/p>\n<p>&nbsp;<\/p>\n","protected":false},"excerpt":{"rendered":"<p>In j\u00fcngster Vergangenheit ist vor allem in den sozialen Medien kritisiert worden, dass bestimmte Angelegenheiten des Rates in nicht-\u00f6ffentlichen Sitzungen behandelt und beraten wurden. Dazu hat Dr. Richard Bley, der Leiter der st\u00e4dtischen Justiziariat, eine&#8230;<\/p>\n","protected":false},"author":2,"featured_media":9191,"comment_status":"closed","ping_status":"closed","sticky":false,"template":"","format":"standard","meta":{"ngg_post_thumbnail":0,"footnotes":""},"categories":[1],"tags":[610,3169,4,3166,981],"class_list":["post-23974","post","type-post","status-publish","format-standard","has-post-thumbnail","hentry","category-allgemein","tag-ausschuesse","tag-geschaeftsordnung","tag-mettmann","tag-nicht-oeffentlichkeit","tag-rat"],"yoast_head":"<!-- This site is optimized with the Yoast SEO plugin v27.2 - https:\/\/yoast.com\/product\/yoast-seo-wordpress\/ -->\n<title>Nicht-\u00d6ffentlichkeit ist kein Ausdruck mangelnder Transparenz<\/title>\n<meta name=\"robots\" content=\"index, follow, max-snippet:-1, max-image-preview:large, max-video-preview:-1\" \/>\n<link rel=\"canonical\" href=\"https:\/\/www.mettmann.de\/web\/nicht-oeffentlichkeit-ist-kein-ausdruck-mangelnder-transparenz\/\" \/>\n<meta property=\"og:locale\" content=\"de_DE\" \/>\n<meta property=\"og:type\" content=\"article\" \/>\n<meta property=\"og:title\" content=\"Nicht-\u00d6ffentlichkeit ist kein Ausdruck mangelnder Transparenz\" \/>\n<meta property=\"og:description\" content=\"Archivfoto: Kreisstadt Mettmann\" \/>\n<meta property=\"og:url\" content=\"https:\/\/www.mettmann.de\/web\/nicht-oeffentlichkeit-ist-kein-ausdruck-mangelnder-transparenz\/\" \/>\n<meta property=\"og:site_name\" content=\"Stadtverwaltung Mettmann\" \/>\n<meta property=\"article:publisher\" content=\"https:\/\/www.facebook.com\/kreisstadt.mettmann\" \/>\n<meta property=\"article:published_time\" content=\"2022-12-07T08:04:23+00:00\" \/>\n<meta property=\"article:modified_time\" content=\"2022-12-07T12:23:02+00:00\" \/>\n<meta property=\"og:image\" content=\"https:\/\/www.mettmann.de\/web\/wp-content\/uploads\/2020\/11\/Rat-Nov-2020-1024x681.jpg\" \/>\n\t<meta property=\"og:image:width\" content=\"1024\" \/>\n\t<meta property=\"og:image:height\" content=\"681\" \/>\n\t<meta property=\"og:image:type\" content=\"image\/jpeg\" \/>\n<meta name=\"author\" content=\"LekiesT\" \/>\n<meta name=\"twitter:card\" content=\"summary_large_image\" \/>\n<meta name=\"twitter:label1\" content=\"Verfasst von\" \/>\n\t<meta name=\"twitter:data1\" content=\"LekiesT\" \/>\n\t<meta name=\"twitter:label2\" content=\"Gesch\u00e4tzte Lesezeit\" \/>\n\t<meta name=\"twitter:data2\" content=\"2\u00a0Minuten\" \/>\n<script type=\"application\/ld+json\" class=\"yoast-schema-graph\">{\"@context\":\"https:\/\/schema.org\",\"@graph\":[{\"@type\":\"Article\",\"@id\":\"https:\/\/www.mettmann.de\/web\/nicht-oeffentlichkeit-ist-kein-ausdruck-mangelnder-transparenz\/#article\",\"isPartOf\":{\"@id\":\"https:\/\/www.mettmann.de\/web\/nicht-oeffentlichkeit-ist-kein-ausdruck-mangelnder-transparenz\/\"},\"author\":{\"name\":\"LekiesT\",\"@id\":\"https:\/\/www.mettmann.de\/web\/#\/schema\/person\/c0deeeba8d377efe8e769dc7f56c2292\"},\"headline\":\"Nicht-\u00d6ffentlichkeit ist kein Ausdruck mangelnder Transparenz\",\"datePublished\":\"2022-12-07T08:04:23+00:00\",\"dateModified\":\"2022-12-07T12:23:02+00:00\",\"mainEntityOfPage\":{\"@id\":\"https:\/\/www.mettmann.de\/web\/nicht-oeffentlichkeit-ist-kein-ausdruck-mangelnder-transparenz\/\"},\"wordCount\":212,\"publisher\":{\"@id\":\"https:\/\/www.mettmann.de\/web\/#organization\"},\"image\":{\"@id\":\"https:\/\/www.mettmann.de\/web\/nicht-oeffentlichkeit-ist-kein-ausdruck-mangelnder-transparenz\/#primaryimage\"},\"thumbnailUrl\":\"https:\/\/www.mettmann.de\/web\/wp-content\/uploads\/2020\/12\/rat-der-stadt-mettmann.jpg\",\"keywords\":[\"Aussch\u00fcsse\",\"Gesch\u00e4ftsordnung\",\"Mettmann\",\"Nicht-\u00d6ffentlichkeit\",\"Rat\"],\"inLanguage\":\"de\"},{\"@type\":\"WebPage\",\"@id\":\"https:\/\/www.mettmann.de\/web\/nicht-oeffentlichkeit-ist-kein-ausdruck-mangelnder-transparenz\/\",\"url\":\"https:\/\/www.mettmann.de\/web\/nicht-oeffentlichkeit-ist-kein-ausdruck-mangelnder-transparenz\/\",\"name\":\"Nicht-\u00d6ffentlichkeit ist kein Ausdruck mangelnder Transparenz\",\"isPartOf\":{\"@id\":\"https:\/\/www.mettmann.de\/web\/#website\"},\"primaryImageOfPage\":{\"@id\":\"https:\/\/www.mettmann.de\/web\/nicht-oeffentlichkeit-ist-kein-ausdruck-mangelnder-transparenz\/#primaryimage\"},\"image\":{\"@id\":\"https:\/\/www.mettmann.de\/web\/nicht-oeffentlichkeit-ist-kein-ausdruck-mangelnder-transparenz\/#primaryimage\"},\"thumbnailUrl\":\"https:\/\/www.mettmann.de\/web\/wp-content\/uploads\/2020\/12\/rat-der-stadt-mettmann.jpg\",\"datePublished\":\"2022-12-07T08:04:23+00:00\",\"dateModified\":\"2022-12-07T12:23:02+00:00\",\"breadcrumb\":{\"@id\":\"https:\/\/www.mettmann.de\/web\/nicht-oeffentlichkeit-ist-kein-ausdruck-mangelnder-transparenz\/#breadcrumb\"},\"inLanguage\":\"de\",\"potentialAction\":[{\"@type\":\"ReadAction\",\"target\":[\"https:\/\/www.mettmann.de\/web\/nicht-oeffentlichkeit-ist-kein-ausdruck-mangelnder-transparenz\/\"]}]},{\"@type\":\"ImageObject\",\"inLanguage\":\"de\",\"@id\":\"https:\/\/www.mettmann.de\/web\/nicht-oeffentlichkeit-ist-kein-ausdruck-mangelnder-transparenz\/#primaryimage\",\"url\":\"https:\/\/www.mettmann.de\/web\/wp-content\/uploads\/2020\/12\/rat-der-stadt-mettmann.jpg\",\"contentUrl\":\"https:\/\/www.mettmann.de\/web\/wp-content\/uploads\/2020\/12\/rat-der-stadt-mettmann.jpg\",\"width\":2268,\"height\":1275,\"caption\":\"Bis zur Schlie\u00dfung der Stadthalle tagte dort der Stadtrat. (Archivfoto: Kreisstadt Mettmann)\"},{\"@type\":\"BreadcrumbList\",\"@id\":\"https:\/\/www.mettmann.de\/web\/nicht-oeffentlichkeit-ist-kein-ausdruck-mangelnder-transparenz\/#breadcrumb\",\"itemListElement\":[{\"@type\":\"ListItem\",\"position\":1,\"name\":\"Startseite\",\"item\":\"https:\/\/www.mettmann.de\/web\/\"},{\"@type\":\"ListItem\",\"position\":2,\"name\":\"Nicht-\u00d6ffentlichkeit ist kein Ausdruck mangelnder Transparenz\"}]},{\"@type\":\"WebSite\",\"@id\":\"https:\/\/www.mettmann.de\/web\/#website\",\"url\":\"https:\/\/www.mettmann.de\/web\/\",\"name\":\"Stadtverwaltung Mettmann\",\"description\":\"Internetseite der Kreisstadt Mettmann\",\"publisher\":{\"@id\":\"https:\/\/www.mettmann.de\/web\/#organization\"},\"potentialAction\":[{\"@type\":\"SearchAction\",\"target\":{\"@type\":\"EntryPoint\",\"urlTemplate\":\"https:\/\/www.mettmann.de\/web\/?s={search_term_string}\"},\"query-input\":{\"@type\":\"PropertyValueSpecification\",\"valueRequired\":true,\"valueName\":\"search_term_string\"}}],\"inLanguage\":\"de\"},{\"@type\":\"Organization\",\"@id\":\"https:\/\/www.mettmann.de\/web\/#organization\",\"name\":\"Kreisstadt Mettmann\",\"url\":\"https:\/\/www.mettmann.de\/web\/\",\"logo\":{\"@type\":\"ImageObject\",\"inLanguage\":\"de\",\"@id\":\"https:\/\/www.mettmann.de\/web\/#\/schema\/logo\/image\/\",\"url\":\"https:\/\/www.mettmann.de\/web\/wp-content\/uploads\/2019\/08\/Kreisstadt_Mettmann_Logo_RGB_150dpi.png\",\"contentUrl\":\"https:\/\/www.mettmann.de\/web\/wp-content\/uploads\/2019\/08\/Kreisstadt_Mettmann_Logo_RGB_150dpi.png\",\"width\":1302,\"height\":191,\"caption\":\"Kreisstadt Mettmann\"},\"image\":{\"@id\":\"https:\/\/www.mettmann.de\/web\/#\/schema\/logo\/image\/\"},\"sameAs\":[\"https:\/\/www.facebook.com\/kreisstadt.mettmann\",\"https:\/\/de.wikipedia.org\/wiki\/Mettmann\"]},{\"@type\":\"Person\",\"@id\":\"https:\/\/www.mettmann.de\/web\/#\/schema\/person\/c0deeeba8d377efe8e769dc7f56c2292\",\"name\":\"LekiesT\"}]}<\/script>\n<!-- \/ Yoast SEO plugin. -->","yoast_head_json":{"title":"Nicht-\u00d6ffentlichkeit ist kein Ausdruck mangelnder Transparenz","robots":{"index":"index","follow":"follow","max-snippet":"max-snippet:-1","max-image-preview":"max-image-preview:large","max-video-preview":"max-video-preview:-1"},"canonical":"https:\/\/www.mettmann.de\/web\/nicht-oeffentlichkeit-ist-kein-ausdruck-mangelnder-transparenz\/","og_locale":"de_DE","og_type":"article","og_title":"Nicht-\u00d6ffentlichkeit ist kein Ausdruck mangelnder Transparenz","og_description":"Archivfoto: Kreisstadt Mettmann","og_url":"https:\/\/www.mettmann.de\/web\/nicht-oeffentlichkeit-ist-kein-ausdruck-mangelnder-transparenz\/","og_site_name":"Stadtverwaltung Mettmann","article_publisher":"https:\/\/www.facebook.com\/kreisstadt.mettmann","article_published_time":"2022-12-07T08:04:23+00:00","article_modified_time":"2022-12-07T12:23:02+00:00","og_image":[{"width":1024,"height":681,"url":"https:\/\/www.mettmann.de\/web\/wp-content\/uploads\/2020\/11\/Rat-Nov-2020-1024x681.jpg","type":"image\/jpeg"}],"author":"LekiesT","twitter_card":"summary_large_image","twitter_misc":{"Verfasst von":"LekiesT","Gesch\u00e4tzte Lesezeit":"2\u00a0Minuten"},"schema":{"@context":"https:\/\/schema.org","@graph":[{"@type":"Article","@id":"https:\/\/www.mettmann.de\/web\/nicht-oeffentlichkeit-ist-kein-ausdruck-mangelnder-transparenz\/#article","isPartOf":{"@id":"https:\/\/www.mettmann.de\/web\/nicht-oeffentlichkeit-ist-kein-ausdruck-mangelnder-transparenz\/"},"author":{"name":"LekiesT","@id":"https:\/\/www.mettmann.de\/web\/#\/schema\/person\/c0deeeba8d377efe8e769dc7f56c2292"},"headline":"Nicht-\u00d6ffentlichkeit ist kein Ausdruck mangelnder Transparenz","datePublished":"2022-12-07T08:04:23+00:00","dateModified":"2022-12-07T12:23:02+00:00","mainEntityOfPage":{"@id":"https:\/\/www.mettmann.de\/web\/nicht-oeffentlichkeit-ist-kein-ausdruck-mangelnder-transparenz\/"},"wordCount":212,"publisher":{"@id":"https:\/\/www.mettmann.de\/web\/#organization"},"image":{"@id":"https:\/\/www.mettmann.de\/web\/nicht-oeffentlichkeit-ist-kein-ausdruck-mangelnder-transparenz\/#primaryimage"},"thumbnailUrl":"https:\/\/www.mettmann.de\/web\/wp-content\/uploads\/2020\/12\/rat-der-stadt-mettmann.jpg","keywords":["Aussch\u00fcsse","Gesch\u00e4ftsordnung","Mettmann","Nicht-\u00d6ffentlichkeit","Rat"],"inLanguage":"de"},{"@type":"WebPage","@id":"https:\/\/www.mettmann.de\/web\/nicht-oeffentlichkeit-ist-kein-ausdruck-mangelnder-transparenz\/","url":"https:\/\/www.mettmann.de\/web\/nicht-oeffentlichkeit-ist-kein-ausdruck-mangelnder-transparenz\/","name":"Nicht-\u00d6ffentlichkeit ist kein Ausdruck mangelnder Transparenz","isPartOf":{"@id":"https:\/\/www.mettmann.de\/web\/#website"},"primaryImageOfPage":{"@id":"https:\/\/www.mettmann.de\/web\/nicht-oeffentlichkeit-ist-kein-ausdruck-mangelnder-transparenz\/#primaryimage"},"image":{"@id":"https:\/\/www.mettmann.de\/web\/nicht-oeffentlichkeit-ist-kein-ausdruck-mangelnder-transparenz\/#primaryimage"},"thumbnailUrl":"https:\/\/www.mettmann.de\/web\/wp-content\/uploads\/2020\/12\/rat-der-stadt-mettmann.jpg","datePublished":"2022-12-07T08:04:23+00:00","dateModified":"2022-12-07T12:23:02+00:00","breadcrumb":{"@id":"https:\/\/www.mettmann.de\/web\/nicht-oeffentlichkeit-ist-kein-ausdruck-mangelnder-transparenz\/#breadcrumb"},"inLanguage":"de","potentialAction":[{"@type":"ReadAction","target":["https:\/\/www.mettmann.de\/web\/nicht-oeffentlichkeit-ist-kein-ausdruck-mangelnder-transparenz\/"]}]},{"@type":"ImageObject","inLanguage":"de","@id":"https:\/\/www.mettmann.de\/web\/nicht-oeffentlichkeit-ist-kein-ausdruck-mangelnder-transparenz\/#primaryimage","url":"https:\/\/www.mettmann.de\/web\/wp-content\/uploads\/2020\/12\/rat-der-stadt-mettmann.jpg","contentUrl":"https:\/\/www.mettmann.de\/web\/wp-content\/uploads\/2020\/12\/rat-der-stadt-mettmann.jpg","width":2268,"height":1275,"caption":"Bis zur Schlie\u00dfung der Stadthalle tagte dort der Stadtrat. (Archivfoto: Kreisstadt Mettmann)"},{"@type":"BreadcrumbList","@id":"https:\/\/www.mettmann.de\/web\/nicht-oeffentlichkeit-ist-kein-ausdruck-mangelnder-transparenz\/#breadcrumb","itemListElement":[{"@type":"ListItem","position":1,"name":"Startseite","item":"https:\/\/www.mettmann.de\/web\/"},{"@type":"ListItem","position":2,"name":"Nicht-\u00d6ffentlichkeit ist kein Ausdruck mangelnder Transparenz"}]},{"@type":"WebSite","@id":"https:\/\/www.mettmann.de\/web\/#website","url":"https:\/\/www.mettmann.de\/web\/","name":"Stadtverwaltung Mettmann","description":"Internetseite der Kreisstadt Mettmann","publisher":{"@id":"https:\/\/www.mettmann.de\/web\/#organization"},"potentialAction":[{"@type":"SearchAction","target":{"@type":"EntryPoint","urlTemplate":"https:\/\/www.mettmann.de\/web\/?s={search_term_string}"},"query-input":{"@type":"PropertyValueSpecification","valueRequired":true,"valueName":"search_term_string"}}],"inLanguage":"de"},{"@type":"Organization","@id":"https:\/\/www.mettmann.de\/web\/#organization","name":"Kreisstadt Mettmann","url":"https:\/\/www.mettmann.de\/web\/","logo":{"@type":"ImageObject","inLanguage":"de","@id":"https:\/\/www.mettmann.de\/web\/#\/schema\/logo\/image\/","url":"https:\/\/www.mettmann.de\/web\/wp-content\/uploads\/2019\/08\/Kreisstadt_Mettmann_Logo_RGB_150dpi.png","contentUrl":"https:\/\/www.mettmann.de\/web\/wp-content\/uploads\/2019\/08\/Kreisstadt_Mettmann_Logo_RGB_150dpi.png","width":1302,"height":191,"caption":"Kreisstadt Mettmann"},"image":{"@id":"https:\/\/www.mettmann.de\/web\/#\/schema\/logo\/image\/"},"sameAs":["https:\/\/www.facebook.com\/kreisstadt.mettmann","https:\/\/de.wikipedia.org\/wiki\/Mettmann"]},{"@type":"Person","@id":"https:\/\/www.mettmann.de\/web\/#\/schema\/person\/c0deeeba8d377efe8e769dc7f56c2292","name":"LekiesT"}]}},"_links":{"self":[{"href":"https:\/\/www.mettmann.de\/web\/wp-json\/wp\/v2\/posts\/23974","targetHints":{"allow":["GET"]}}],"collection":[{"href":"https:\/\/www.mettmann.de\/web\/wp-json\/wp\/v2\/posts"}],"about":[{"href":"https:\/\/www.mettmann.de\/web\/wp-json\/wp\/v2\/types\/post"}],"author":[{"embeddable":true,"href":"https:\/\/www.mettmann.de\/web\/wp-json\/wp\/v2\/users\/2"}],"replies":[{"embeddable":true,"href":"https:\/\/www.mettmann.de\/web\/wp-json\/wp\/v2\/comments?post=23974"}],"version-history":[{"count":3,"href":"https:\/\/www.mettmann.de\/web\/wp-json\/wp\/v2\/posts\/23974\/revisions"}],"predecessor-version":[{"id":23986,"href":"https:\/\/www.mettmann.de\/web\/wp-json\/wp\/v2\/posts\/23974\/revisions\/23986"}],"wp:featuredmedia":[{"embeddable":true,"href":"https:\/\/www.mettmann.de\/web\/wp-json\/wp\/v2\/media\/9191"}],"wp:attachment":[{"href":"https:\/\/www.mettmann.de\/web\/wp-json\/wp\/v2\/media?parent=23974"}],"wp:term":[{"taxonomy":"category","embeddable":true,"href":"https:\/\/www.mettmann.de\/web\/wp-json\/wp\/v2\/categories?post=23974"},{"taxonomy":"post_tag","embeddable":true,"href":"https:\/\/www.mettmann.de\/web\/wp-json\/wp\/v2\/tags?post=23974"}],"curies":[{"name":"wp","href":"https:\/\/api.w.org\/{rel}","templated":true}]}}