{"id":2447,"date":"2019-11-15T11:16:42","date_gmt":"2019-11-15T10:16:42","guid":{"rendered":"https:\/\/www.mettmann.de\/web\/?p=2447"},"modified":"2019-11-15T11:18:54","modified_gmt":"2019-11-15T10:18:54","slug":"sitzung-des-sozialausschusses-am-19-november","status":"publish","type":"post","link":"https:\/\/www.mettmann.de\/web\/sitzung-des-sozialausschusses-am-19-november\/","title":{"rendered":"Sitzung des Sozialausschusses am 19. November"},"content":{"rendered":"<p><span style=\"font-family: Muli;\">Am Dienstag, 19. November, wird der \u00f6ffentliche Teil der 3. Sitzung des Sozial- und Familienausschusses in diesem Jahr um 17 Uhr im gro\u00dfen Sitzungssaal (1. Stockwerk), Neanderstra\u00dfe 85, er\u00f6ffnet.<\/span><\/p>\n<p><span style=\"font-family: Muli;\">Folgende Themen stehen auf der Tagesordnung: Vorstellung der App f\u00fcr Senioren \u201eGut versorgt in Mettmann\u201c, Vorstellung des Projekts \u201eWohnungsmanagement f\u00fcr Fl\u00fcchtlinge\u201c, Bericht \u00fcber die Arbeit der Tafel, Jahresbericht der Schuldnerberatung, Sachstandsbericht zum Projekt \u201eDemokratie leben\u201c, Sachstandsbericht zum Integrationskonzept, Bericht zur aktuellen Situation der Fl\u00fcchtlinge in Mettmann, Sachstandsbericht zum Gewaltschutzkonzept sowie ein Bericht zur Sozialplanung.<\/span><\/p>\n","protected":false},"excerpt":{"rendered":"<p>Am Dienstag, 19. November, wird der \u00f6ffentliche Teil der 3. Sitzung des Sozial- und Familienausschusses in diesem Jahr um 17 Uhr im gro\u00dfen Sitzungssaal (1. Stockwerk), Neanderstra\u00dfe 85, er\u00f6ffnet. Folgende Themen stehen auf der Tagesordnung:&#8230;<\/p>\n","protected":false},"author":2,"featured_media":749,"comment_status":"closed","ping_status":"open","sticky":false,"template":"","format":"standard","meta":{"ngg_post_thumbnail":0,"footnotes":""},"categories":[1],"tags":[],"class_list":["post-2447","post","type-post","status-publish","format-standard","has-post-thumbnail","hentry","category-allgemein"],"yoast_head":"<!-- This site is optimized with the Yoast SEO plugin v27.2 - https:\/\/yoast.com\/product\/yoast-seo-wordpress\/ -->\n<title>Sitzung des Sozialausschusses am 19. November<\/title>\n<meta name=\"robots\" content=\"index, follow, max-snippet:-1, max-image-preview:large, max-video-preview:-1\" \/>\n<link rel=\"canonical\" href=\"https:\/\/www.mettmann.de\/web\/sitzung-des-sozialausschusses-am-19-november\/\" \/>\n<meta property=\"og:locale\" content=\"de_DE\" \/>\n<meta property=\"og:type\" content=\"article\" \/>\n<meta property=\"og:title\" content=\"Sitzung des Sozialausschusses am 19. November\" \/>\n<meta property=\"og:description\" content=\"Am Dienstag, 19. November, wird der \u00f6ffentliche Teil der 3. Sitzung des Sozial- und Familienausschusses in diesem Jahr um 17 Uhr im gro\u00dfen Sitzungssaal (1. Stockwerk), Neanderstra\u00dfe 85, er\u00f6ffnet. Folgende Themen stehen auf der Tagesordnung:...\" \/>\n<meta property=\"og:url\" content=\"https:\/\/www.mettmann.de\/web\/sitzung-des-sozialausschusses-am-19-november\/\" \/>\n<meta property=\"og:site_name\" content=\"Stadtverwaltung Mettmann\" \/>\n<meta property=\"article:publisher\" content=\"https:\/\/www.facebook.com\/kreisstadt.mettmann\" \/>\n<meta property=\"article:published_time\" content=\"2019-11-15T10:16:42+00:00\" \/>\n<meta property=\"article:modified_time\" content=\"2019-11-15T10:18:54+00:00\" \/>\n<meta property=\"og:image\" content=\"https:\/\/www.mettmann.de\/web\/wp-content\/uploads\/2019\/09\/calendar-1990453_1280.jpg\" \/>\n\t<meta property=\"og:image:width\" content=\"1280\" \/>\n\t<meta property=\"og:image:height\" content=\"853\" \/>\n\t<meta property=\"og:image:type\" content=\"image\/jpeg\" \/>\n<meta name=\"author\" content=\"LekiesT\" \/>\n<meta name=\"twitter:card\" content=\"summary_large_image\" \/>\n<meta name=\"twitter:label1\" content=\"Verfasst von\" \/>\n\t<meta name=\"twitter:data1\" content=\"LekiesT\" \/>\n<script type=\"application\/ld+json\" class=\"yoast-schema-graph\">{\"@context\":\"https:\/\/schema.org\",\"@graph\":[{\"@type\":\"Article\",\"@id\":\"https:\/\/www.mettmann.de\/web\/sitzung-des-sozialausschusses-am-19-november\/#article\",\"isPartOf\":{\"@id\":\"https:\/\/www.mettmann.de\/web\/sitzung-des-sozialausschusses-am-19-november\/\"},\"author\":{\"name\":\"LekiesT\",\"@id\":\"https:\/\/www.mettmann.de\/web\/#\/schema\/person\/c0deeeba8d377efe8e769dc7f56c2292\"},\"headline\":\"Sitzung des Sozialausschusses am 19. November\",\"datePublished\":\"2019-11-15T10:16:42+00:00\",\"dateModified\":\"2019-11-15T10:18:54+00:00\",\"mainEntityOfPage\":{\"@id\":\"https:\/\/www.mettmann.de\/web\/sitzung-des-sozialausschusses-am-19-november\/\"},\"wordCount\":90,\"publisher\":{\"@id\":\"https:\/\/www.mettmann.de\/web\/#organization\"},\"image\":{\"@id\":\"https:\/\/www.mettmann.de\/web\/sitzung-des-sozialausschusses-am-19-november\/#primaryimage\"},\"thumbnailUrl\":\"https:\/\/www.mettmann.de\/web\/wp-content\/uploads\/2019\/09\/calendar-1990453_1280.jpg\",\"inLanguage\":\"de\"},{\"@type\":\"WebPage\",\"@id\":\"https:\/\/www.mettmann.de\/web\/sitzung-des-sozialausschusses-am-19-november\/\",\"url\":\"https:\/\/www.mettmann.de\/web\/sitzung-des-sozialausschusses-am-19-november\/\",\"name\":\"Sitzung des Sozialausschusses am 19. November\",\"isPartOf\":{\"@id\":\"https:\/\/www.mettmann.de\/web\/#website\"},\"primaryImageOfPage\":{\"@id\":\"https:\/\/www.mettmann.de\/web\/sitzung-des-sozialausschusses-am-19-november\/#primaryimage\"},\"image\":{\"@id\":\"https:\/\/www.mettmann.de\/web\/sitzung-des-sozialausschusses-am-19-november\/#primaryimage\"},\"thumbnailUrl\":\"https:\/\/www.mettmann.de\/web\/wp-content\/uploads\/2019\/09\/calendar-1990453_1280.jpg\",\"datePublished\":\"2019-11-15T10:16:42+00:00\",\"dateModified\":\"2019-11-15T10:18:54+00:00\",\"breadcrumb\":{\"@id\":\"https:\/\/www.mettmann.de\/web\/sitzung-des-sozialausschusses-am-19-november\/#breadcrumb\"},\"inLanguage\":\"de\",\"potentialAction\":[{\"@type\":\"ReadAction\",\"target\":[\"https:\/\/www.mettmann.de\/web\/sitzung-des-sozialausschusses-am-19-november\/\"]}]},{\"@type\":\"ImageObject\",\"inLanguage\":\"de\",\"@id\":\"https:\/\/www.mettmann.de\/web\/sitzung-des-sozialausschusses-am-19-november\/#primaryimage\",\"url\":\"https:\/\/www.mettmann.de\/web\/wp-content\/uploads\/2019\/09\/calendar-1990453_1280.jpg\",\"contentUrl\":\"https:\/\/www.mettmann.de\/web\/wp-content\/uploads\/2019\/09\/calendar-1990453_1280.jpg\",\"width\":1280,\"height\":853,\"caption\":\"Symbolfoto: webandi \/ pixabay\"},{\"@type\":\"BreadcrumbList\",\"@id\":\"https:\/\/www.mettmann.de\/web\/sitzung-des-sozialausschusses-am-19-november\/#breadcrumb\",\"itemListElement\":[{\"@type\":\"ListItem\",\"position\":1,\"name\":\"Startseite\",\"item\":\"https:\/\/www.mettmann.de\/web\/\"},{\"@type\":\"ListItem\",\"position\":2,\"name\":\"Sitzung des Sozialausschusses am 19. November\"}]},{\"@type\":\"WebSite\",\"@id\":\"https:\/\/www.mettmann.de\/web\/#website\",\"url\":\"https:\/\/www.mettmann.de\/web\/\",\"name\":\"Stadtverwaltung Mettmann\",\"description\":\"Internetseite der Kreisstadt Mettmann\",\"publisher\":{\"@id\":\"https:\/\/www.mettmann.de\/web\/#organization\"},\"potentialAction\":[{\"@type\":\"SearchAction\",\"target\":{\"@type\":\"EntryPoint\",\"urlTemplate\":\"https:\/\/www.mettmann.de\/web\/?s={search_term_string}\"},\"query-input\":{\"@type\":\"PropertyValueSpecification\",\"valueRequired\":true,\"valueName\":\"search_term_string\"}}],\"inLanguage\":\"de\"},{\"@type\":\"Organization\",\"@id\":\"https:\/\/www.mettmann.de\/web\/#organization\",\"name\":\"Kreisstadt Mettmann\",\"url\":\"https:\/\/www.mettmann.de\/web\/\",\"logo\":{\"@type\":\"ImageObject\",\"inLanguage\":\"de\",\"@id\":\"https:\/\/www.mettmann.de\/web\/#\/schema\/logo\/image\/\",\"url\":\"https:\/\/www.mettmann.de\/web\/wp-content\/uploads\/2019\/08\/Kreisstadt_Mettmann_Logo_RGB_150dpi.png\",\"contentUrl\":\"https:\/\/www.mettmann.de\/web\/wp-content\/uploads\/2019\/08\/Kreisstadt_Mettmann_Logo_RGB_150dpi.png\",\"width\":1302,\"height\":191,\"caption\":\"Kreisstadt Mettmann\"},\"image\":{\"@id\":\"https:\/\/www.mettmann.de\/web\/#\/schema\/logo\/image\/\"},\"sameAs\":[\"https:\/\/www.facebook.com\/kreisstadt.mettmann\",\"https:\/\/de.wikipedia.org\/wiki\/Mettmann\"]},{\"@type\":\"Person\",\"@id\":\"https:\/\/www.mettmann.de\/web\/#\/schema\/person\/c0deeeba8d377efe8e769dc7f56c2292\",\"name\":\"LekiesT\"}]}<\/script>\n<!-- \/ Yoast SEO plugin. -->","yoast_head_json":{"title":"Sitzung des Sozialausschusses am 19. November","robots":{"index":"index","follow":"follow","max-snippet":"max-snippet:-1","max-image-preview":"max-image-preview:large","max-video-preview":"max-video-preview:-1"},"canonical":"https:\/\/www.mettmann.de\/web\/sitzung-des-sozialausschusses-am-19-november\/","og_locale":"de_DE","og_type":"article","og_title":"Sitzung des Sozialausschusses am 19. November","og_description":"Am Dienstag, 19. November, wird der \u00f6ffentliche Teil der 3. Sitzung des Sozial- und Familienausschusses in diesem Jahr um 17 Uhr im gro\u00dfen Sitzungssaal (1. Stockwerk), Neanderstra\u00dfe 85, er\u00f6ffnet. Folgende Themen stehen auf der Tagesordnung:...","og_url":"https:\/\/www.mettmann.de\/web\/sitzung-des-sozialausschusses-am-19-november\/","og_site_name":"Stadtverwaltung Mettmann","article_publisher":"https:\/\/www.facebook.com\/kreisstadt.mettmann","article_published_time":"2019-11-15T10:16:42+00:00","article_modified_time":"2019-11-15T10:18:54+00:00","og_image":[{"width":1280,"height":853,"url":"https:\/\/www.mettmann.de\/web\/wp-content\/uploads\/2019\/09\/calendar-1990453_1280.jpg","type":"image\/jpeg"}],"author":"LekiesT","twitter_card":"summary_large_image","twitter_misc":{"Verfasst von":"LekiesT"},"schema":{"@context":"https:\/\/schema.org","@graph":[{"@type":"Article","@id":"https:\/\/www.mettmann.de\/web\/sitzung-des-sozialausschusses-am-19-november\/#article","isPartOf":{"@id":"https:\/\/www.mettmann.de\/web\/sitzung-des-sozialausschusses-am-19-november\/"},"author":{"name":"LekiesT","@id":"https:\/\/www.mettmann.de\/web\/#\/schema\/person\/c0deeeba8d377efe8e769dc7f56c2292"},"headline":"Sitzung des Sozialausschusses am 19. November","datePublished":"2019-11-15T10:16:42+00:00","dateModified":"2019-11-15T10:18:54+00:00","mainEntityOfPage":{"@id":"https:\/\/www.mettmann.de\/web\/sitzung-des-sozialausschusses-am-19-november\/"},"wordCount":90,"publisher":{"@id":"https:\/\/www.mettmann.de\/web\/#organization"},"image":{"@id":"https:\/\/www.mettmann.de\/web\/sitzung-des-sozialausschusses-am-19-november\/#primaryimage"},"thumbnailUrl":"https:\/\/www.mettmann.de\/web\/wp-content\/uploads\/2019\/09\/calendar-1990453_1280.jpg","inLanguage":"de"},{"@type":"WebPage","@id":"https:\/\/www.mettmann.de\/web\/sitzung-des-sozialausschusses-am-19-november\/","url":"https:\/\/www.mettmann.de\/web\/sitzung-des-sozialausschusses-am-19-november\/","name":"Sitzung des Sozialausschusses am 19. November","isPartOf":{"@id":"https:\/\/www.mettmann.de\/web\/#website"},"primaryImageOfPage":{"@id":"https:\/\/www.mettmann.de\/web\/sitzung-des-sozialausschusses-am-19-november\/#primaryimage"},"image":{"@id":"https:\/\/www.mettmann.de\/web\/sitzung-des-sozialausschusses-am-19-november\/#primaryimage"},"thumbnailUrl":"https:\/\/www.mettmann.de\/web\/wp-content\/uploads\/2019\/09\/calendar-1990453_1280.jpg","datePublished":"2019-11-15T10:16:42+00:00","dateModified":"2019-11-15T10:18:54+00:00","breadcrumb":{"@id":"https:\/\/www.mettmann.de\/web\/sitzung-des-sozialausschusses-am-19-november\/#breadcrumb"},"inLanguage":"de","potentialAction":[{"@type":"ReadAction","target":["https:\/\/www.mettmann.de\/web\/sitzung-des-sozialausschusses-am-19-november\/"]}]},{"@type":"ImageObject","inLanguage":"de","@id":"https:\/\/www.mettmann.de\/web\/sitzung-des-sozialausschusses-am-19-november\/#primaryimage","url":"https:\/\/www.mettmann.de\/web\/wp-content\/uploads\/2019\/09\/calendar-1990453_1280.jpg","contentUrl":"https:\/\/www.mettmann.de\/web\/wp-content\/uploads\/2019\/09\/calendar-1990453_1280.jpg","width":1280,"height":853,"caption":"Symbolfoto: webandi \/ pixabay"},{"@type":"BreadcrumbList","@id":"https:\/\/www.mettmann.de\/web\/sitzung-des-sozialausschusses-am-19-november\/#breadcrumb","itemListElement":[{"@type":"ListItem","position":1,"name":"Startseite","item":"https:\/\/www.mettmann.de\/web\/"},{"@type":"ListItem","position":2,"name":"Sitzung des Sozialausschusses am 19. November"}]},{"@type":"WebSite","@id":"https:\/\/www.mettmann.de\/web\/#website","url":"https:\/\/www.mettmann.de\/web\/","name":"Stadtverwaltung Mettmann","description":"Internetseite der Kreisstadt Mettmann","publisher":{"@id":"https:\/\/www.mettmann.de\/web\/#organization"},"potentialAction":[{"@type":"SearchAction","target":{"@type":"EntryPoint","urlTemplate":"https:\/\/www.mettmann.de\/web\/?s={search_term_string}"},"query-input":{"@type":"PropertyValueSpecification","valueRequired":true,"valueName":"search_term_string"}}],"inLanguage":"de"},{"@type":"Organization","@id":"https:\/\/www.mettmann.de\/web\/#organization","name":"Kreisstadt Mettmann","url":"https:\/\/www.mettmann.de\/web\/","logo":{"@type":"ImageObject","inLanguage":"de","@id":"https:\/\/www.mettmann.de\/web\/#\/schema\/logo\/image\/","url":"https:\/\/www.mettmann.de\/web\/wp-content\/uploads\/2019\/08\/Kreisstadt_Mettmann_Logo_RGB_150dpi.png","contentUrl":"https:\/\/www.mettmann.de\/web\/wp-content\/uploads\/2019\/08\/Kreisstadt_Mettmann_Logo_RGB_150dpi.png","width":1302,"height":191,"caption":"Kreisstadt Mettmann"},"image":{"@id":"https:\/\/www.mettmann.de\/web\/#\/schema\/logo\/image\/"},"sameAs":["https:\/\/www.facebook.com\/kreisstadt.mettmann","https:\/\/de.wikipedia.org\/wiki\/Mettmann"]},{"@type":"Person","@id":"https:\/\/www.mettmann.de\/web\/#\/schema\/person\/c0deeeba8d377efe8e769dc7f56c2292","name":"LekiesT"}]}},"_links":{"self":[{"href":"https:\/\/www.mettmann.de\/web\/wp-json\/wp\/v2\/posts\/2447","targetHints":{"allow":["GET"]}}],"collection":[{"href":"https:\/\/www.mettmann.de\/web\/wp-json\/wp\/v2\/posts"}],"about":[{"href":"https:\/\/www.mettmann.de\/web\/wp-json\/wp\/v2\/types\/post"}],"author":[{"embeddable":true,"href":"https:\/\/www.mettmann.de\/web\/wp-json\/wp\/v2\/users\/2"}],"replies":[{"embeddable":true,"href":"https:\/\/www.mettmann.de\/web\/wp-json\/wp\/v2\/comments?post=2447"}],"version-history":[{"count":3,"href":"https:\/\/www.mettmann.de\/web\/wp-json\/wp\/v2\/posts\/2447\/revisions"}],"predecessor-version":[{"id":2450,"href":"https:\/\/www.mettmann.de\/web\/wp-json\/wp\/v2\/posts\/2447\/revisions\/2450"}],"wp:featuredmedia":[{"embeddable":true,"href":"https:\/\/www.mettmann.de\/web\/wp-json\/wp\/v2\/media\/749"}],"wp:attachment":[{"href":"https:\/\/www.mettmann.de\/web\/wp-json\/wp\/v2\/media?parent=2447"}],"wp:term":[{"taxonomy":"category","embeddable":true,"href":"https:\/\/www.mettmann.de\/web\/wp-json\/wp\/v2\/categories?post=2447"},{"taxonomy":"post_tag","embeddable":true,"href":"https:\/\/www.mettmann.de\/web\/wp-json\/wp\/v2\/tags?post=2447"}],"curies":[{"name":"wp","href":"https:\/\/api.w.org\/{rel}","templated":true}]}}