{"id":27510,"date":"2023-05-08T10:55:36","date_gmt":"2023-05-08T08:55:36","guid":{"rendered":"https:\/\/www.mettmann.de\/web\/?p=27510"},"modified":"2023-05-08T10:55:36","modified_gmt":"2023-05-08T08:55:36","slug":"seniorenrat-ist-samstag-wieder-auf-dem-wochenmarkt","status":"publish","type":"post","link":"https:\/\/www.mettmann.de\/web\/seniorenrat-ist-samstag-wieder-auf-dem-wochenmarkt\/","title":{"rendered":"Seniorenrat ist Samstag wieder auf dem Wochenmarkt"},"content":{"rendered":"<p>Der Seniorenrat ist am Samstag, 13. Mai, von 10.30 bis 12.30 Uhr wieder auf dem Wochenmarkt am Frankenheim anzutreffen. Auch au\u00dferhalb von Sprechstunden und Sitzungen m\u00f6chte der Seniorenrat Kontakt zu \u00e4lteren Mitb\u00fcrgerinnen und Mitb\u00fcrgern aufbauen. Vertreterinnen und Vertreter des Seniorenrates stehen an diesem Tag f\u00fcr Gespr\u00e4che und Ausk\u00fcnfte zur Verf\u00fcgung. Seniorenratsmitglied Doris K\u00fchn: \u201eWir freuen uns auf nette Gespr\u00e4che.\u201c<\/p>\n<p>In der vergangenen Woche hatte der Seniorenrat mit den Gewinnern des letzten Preisausschreibens der Senioren-Zeitung &#8222;Das Tor&#8220; das Neanderthal Museum und die Fundstelle mit H\u00f6hlenblick besucht. Das Wetter war sonnig und warm, der Ausblick von der Fundstelle einmalig. Im Museums-Cafe gab es f\u00fcr jeden Teilnehmer noch Kaffee und Kuchen. &#8222;Alle sind schon gespannt auf das n\u00e4chste Mettmanner Tor und das Preisausschreiben \u201aWer kennt sich aus in Mettmann\u2018&#8220;, so Doris K\u00fchn.<\/p>\n","protected":false},"excerpt":{"rendered":"<p>Der Seniorenrat ist am Samstag, 13. Mai, von 10.30 bis 12.30 Uhr wieder auf dem Wochenmarkt am Frankenheim anzutreffen. Auch au\u00dferhalb von Sprechstunden und Sitzungen m\u00f6chte der Seniorenrat Kontakt zu \u00e4lteren Mitb\u00fcrgerinnen und Mitb\u00fcrgern aufbauen&#8230;.<\/p>\n","protected":false},"author":2,"featured_media":26656,"comment_status":"closed","ping_status":"closed","sticky":false,"template":"","format":"standard","meta":{"ngg_post_thumbnail":0,"footnotes":""},"categories":[1],"tags":[4,76,198],"class_list":["post-27510","post","type-post","status-publish","format-standard","has-post-thumbnail","hentry","category-allgemein","tag-mettmann","tag-seniorenrat","tag-sprechstunde"],"yoast_head":"<!-- This site is optimized with the Yoast SEO plugin v27.2 - https:\/\/yoast.com\/product\/yoast-seo-wordpress\/ -->\n<title>Seniorenrat ist Samstag wieder auf dem Wochenmarkt<\/title>\n<meta name=\"robots\" content=\"index, follow, max-snippet:-1, max-image-preview:large, max-video-preview:-1\" \/>\n<link rel=\"canonical\" href=\"https:\/\/www.mettmann.de\/web\/seniorenrat-ist-samstag-wieder-auf-dem-wochenmarkt\/\" \/>\n<meta property=\"og:locale\" content=\"de_DE\" \/>\n<meta property=\"og:type\" content=\"article\" \/>\n<meta property=\"og:title\" content=\"Seniorenrat ist Samstag wieder auf dem Wochenmarkt\" \/>\n<meta property=\"og:description\" content=\"Der Seniorenrat ist am Samstag, 13. Mai, von 10.30 bis 12.30 Uhr wieder auf dem Wochenmarkt am Frankenheim anzutreffen. Auch au\u00dferhalb von Sprechstunden und Sitzungen m\u00f6chte der Seniorenrat Kontakt zu \u00e4lteren Mitb\u00fcrgerinnen und Mitb\u00fcrgern aufbauen....\" \/>\n<meta property=\"og:url\" content=\"https:\/\/www.mettmann.de\/web\/seniorenrat-ist-samstag-wieder-auf-dem-wochenmarkt\/\" \/>\n<meta property=\"og:site_name\" content=\"Stadtverwaltung Mettmann\" \/>\n<meta property=\"article:publisher\" content=\"https:\/\/www.facebook.com\/kreisstadt.mettmann\" \/>\n<meta property=\"article:published_time\" content=\"2023-05-08T08:55:36+00:00\" \/>\n<meta property=\"og:image\" content=\"https:\/\/www.mettmann.de\/web\/wp-content\/uploads\/2023\/04\/Seniorenrat-auf-dem-Wochenmarkt.jpg\" \/>\n\t<meta property=\"og:image:width\" content=\"1438\" \/>\n\t<meta property=\"og:image:height\" content=\"842\" \/>\n\t<meta property=\"og:image:type\" content=\"image\/jpeg\" \/>\n<meta name=\"author\" content=\"LekiesT\" \/>\n<meta name=\"twitter:card\" content=\"summary_large_image\" \/>\n<meta name=\"twitter:label1\" content=\"Verfasst von\" \/>\n\t<meta name=\"twitter:data1\" content=\"LekiesT\" \/>\n\t<meta name=\"twitter:label2\" content=\"Gesch\u00e4tzte Lesezeit\" \/>\n\t<meta name=\"twitter:data2\" content=\"1\u00a0Minute\" \/>\n<script type=\"application\/ld+json\" class=\"yoast-schema-graph\">{\"@context\":\"https:\/\/schema.org\",\"@graph\":[{\"@type\":\"Article\",\"@id\":\"https:\/\/www.mettmann.de\/web\/seniorenrat-ist-samstag-wieder-auf-dem-wochenmarkt\/#article\",\"isPartOf\":{\"@id\":\"https:\/\/www.mettmann.de\/web\/seniorenrat-ist-samstag-wieder-auf-dem-wochenmarkt\/\"},\"author\":{\"name\":\"LekiesT\",\"@id\":\"https:\/\/www.mettmann.de\/web\/#\/schema\/person\/c0deeeba8d377efe8e769dc7f56c2292\"},\"headline\":\"Seniorenrat ist Samstag wieder auf dem Wochenmarkt\",\"datePublished\":\"2023-05-08T08:55:36+00:00\",\"mainEntityOfPage\":{\"@id\":\"https:\/\/www.mettmann.de\/web\/seniorenrat-ist-samstag-wieder-auf-dem-wochenmarkt\/\"},\"wordCount\":147,\"publisher\":{\"@id\":\"https:\/\/www.mettmann.de\/web\/#organization\"},\"image\":{\"@id\":\"https:\/\/www.mettmann.de\/web\/seniorenrat-ist-samstag-wieder-auf-dem-wochenmarkt\/#primaryimage\"},\"thumbnailUrl\":\"https:\/\/www.mettmann.de\/web\/wp-content\/uploads\/2023\/04\/Seniorenrat-auf-dem-Wochenmarkt.jpg\",\"keywords\":[\"Mettmann\",\"Seniorenrat\",\"Sprechstunde\"],\"inLanguage\":\"de\"},{\"@type\":\"WebPage\",\"@id\":\"https:\/\/www.mettmann.de\/web\/seniorenrat-ist-samstag-wieder-auf-dem-wochenmarkt\/\",\"url\":\"https:\/\/www.mettmann.de\/web\/seniorenrat-ist-samstag-wieder-auf-dem-wochenmarkt\/\",\"name\":\"Seniorenrat ist Samstag wieder auf dem Wochenmarkt\",\"isPartOf\":{\"@id\":\"https:\/\/www.mettmann.de\/web\/#website\"},\"primaryImageOfPage\":{\"@id\":\"https:\/\/www.mettmann.de\/web\/seniorenrat-ist-samstag-wieder-auf-dem-wochenmarkt\/#primaryimage\"},\"image\":{\"@id\":\"https:\/\/www.mettmann.de\/web\/seniorenrat-ist-samstag-wieder-auf-dem-wochenmarkt\/#primaryimage\"},\"thumbnailUrl\":\"https:\/\/www.mettmann.de\/web\/wp-content\/uploads\/2023\/04\/Seniorenrat-auf-dem-Wochenmarkt.jpg\",\"datePublished\":\"2023-05-08T08:55:36+00:00\",\"breadcrumb\":{\"@id\":\"https:\/\/www.mettmann.de\/web\/seniorenrat-ist-samstag-wieder-auf-dem-wochenmarkt\/#breadcrumb\"},\"inLanguage\":\"de\",\"potentialAction\":[{\"@type\":\"ReadAction\",\"target\":[\"https:\/\/www.mettmann.de\/web\/seniorenrat-ist-samstag-wieder-auf-dem-wochenmarkt\/\"]}]},{\"@type\":\"ImageObject\",\"inLanguage\":\"de\",\"@id\":\"https:\/\/www.mettmann.de\/web\/seniorenrat-ist-samstag-wieder-auf-dem-wochenmarkt\/#primaryimage\",\"url\":\"https:\/\/www.mettmann.de\/web\/wp-content\/uploads\/2023\/04\/Seniorenrat-auf-dem-Wochenmarkt.jpg\",\"contentUrl\":\"https:\/\/www.mettmann.de\/web\/wp-content\/uploads\/2023\/04\/Seniorenrat-auf-dem-Wochenmarkt.jpg\",\"width\":1438,\"height\":842,\"caption\":\"Die Mitglieder des Seniorenrates sind an ihren gelben Westen zu erkennen. (Foto: privat)\"},{\"@type\":\"BreadcrumbList\",\"@id\":\"https:\/\/www.mettmann.de\/web\/seniorenrat-ist-samstag-wieder-auf-dem-wochenmarkt\/#breadcrumb\",\"itemListElement\":[{\"@type\":\"ListItem\",\"position\":1,\"name\":\"Startseite\",\"item\":\"https:\/\/www.mettmann.de\/web\/\"},{\"@type\":\"ListItem\",\"position\":2,\"name\":\"Seniorenrat ist Samstag wieder auf dem Wochenmarkt\"}]},{\"@type\":\"WebSite\",\"@id\":\"https:\/\/www.mettmann.de\/web\/#website\",\"url\":\"https:\/\/www.mettmann.de\/web\/\",\"name\":\"Stadtverwaltung Mettmann\",\"description\":\"Internetseite der Kreisstadt Mettmann\",\"publisher\":{\"@id\":\"https:\/\/www.mettmann.de\/web\/#organization\"},\"potentialAction\":[{\"@type\":\"SearchAction\",\"target\":{\"@type\":\"EntryPoint\",\"urlTemplate\":\"https:\/\/www.mettmann.de\/web\/?s={search_term_string}\"},\"query-input\":{\"@type\":\"PropertyValueSpecification\",\"valueRequired\":true,\"valueName\":\"search_term_string\"}}],\"inLanguage\":\"de\"},{\"@type\":\"Organization\",\"@id\":\"https:\/\/www.mettmann.de\/web\/#organization\",\"name\":\"Kreisstadt Mettmann\",\"url\":\"https:\/\/www.mettmann.de\/web\/\",\"logo\":{\"@type\":\"ImageObject\",\"inLanguage\":\"de\",\"@id\":\"https:\/\/www.mettmann.de\/web\/#\/schema\/logo\/image\/\",\"url\":\"https:\/\/www.mettmann.de\/web\/wp-content\/uploads\/2019\/08\/Kreisstadt_Mettmann_Logo_RGB_150dpi.png\",\"contentUrl\":\"https:\/\/www.mettmann.de\/web\/wp-content\/uploads\/2019\/08\/Kreisstadt_Mettmann_Logo_RGB_150dpi.png\",\"width\":1302,\"height\":191,\"caption\":\"Kreisstadt Mettmann\"},\"image\":{\"@id\":\"https:\/\/www.mettmann.de\/web\/#\/schema\/logo\/image\/\"},\"sameAs\":[\"https:\/\/www.facebook.com\/kreisstadt.mettmann\",\"https:\/\/de.wikipedia.org\/wiki\/Mettmann\"]},{\"@type\":\"Person\",\"@id\":\"https:\/\/www.mettmann.de\/web\/#\/schema\/person\/c0deeeba8d377efe8e769dc7f56c2292\",\"name\":\"LekiesT\"}]}<\/script>\n<!-- \/ Yoast SEO plugin. -->","yoast_head_json":{"title":"Seniorenrat ist Samstag wieder auf dem Wochenmarkt","robots":{"index":"index","follow":"follow","max-snippet":"max-snippet:-1","max-image-preview":"max-image-preview:large","max-video-preview":"max-video-preview:-1"},"canonical":"https:\/\/www.mettmann.de\/web\/seniorenrat-ist-samstag-wieder-auf-dem-wochenmarkt\/","og_locale":"de_DE","og_type":"article","og_title":"Seniorenrat ist Samstag wieder auf dem Wochenmarkt","og_description":"Der Seniorenrat ist am Samstag, 13. Mai, von 10.30 bis 12.30 Uhr wieder auf dem Wochenmarkt am Frankenheim anzutreffen. Auch au\u00dferhalb von Sprechstunden und Sitzungen m\u00f6chte der Seniorenrat Kontakt zu \u00e4lteren Mitb\u00fcrgerinnen und Mitb\u00fcrgern aufbauen....","og_url":"https:\/\/www.mettmann.de\/web\/seniorenrat-ist-samstag-wieder-auf-dem-wochenmarkt\/","og_site_name":"Stadtverwaltung Mettmann","article_publisher":"https:\/\/www.facebook.com\/kreisstadt.mettmann","article_published_time":"2023-05-08T08:55:36+00:00","og_image":[{"width":1438,"height":842,"url":"https:\/\/www.mettmann.de\/web\/wp-content\/uploads\/2023\/04\/Seniorenrat-auf-dem-Wochenmarkt.jpg","type":"image\/jpeg"}],"author":"LekiesT","twitter_card":"summary_large_image","twitter_misc":{"Verfasst von":"LekiesT","Gesch\u00e4tzte Lesezeit":"1\u00a0Minute"},"schema":{"@context":"https:\/\/schema.org","@graph":[{"@type":"Article","@id":"https:\/\/www.mettmann.de\/web\/seniorenrat-ist-samstag-wieder-auf-dem-wochenmarkt\/#article","isPartOf":{"@id":"https:\/\/www.mettmann.de\/web\/seniorenrat-ist-samstag-wieder-auf-dem-wochenmarkt\/"},"author":{"name":"LekiesT","@id":"https:\/\/www.mettmann.de\/web\/#\/schema\/person\/c0deeeba8d377efe8e769dc7f56c2292"},"headline":"Seniorenrat ist Samstag wieder auf dem Wochenmarkt","datePublished":"2023-05-08T08:55:36+00:00","mainEntityOfPage":{"@id":"https:\/\/www.mettmann.de\/web\/seniorenrat-ist-samstag-wieder-auf-dem-wochenmarkt\/"},"wordCount":147,"publisher":{"@id":"https:\/\/www.mettmann.de\/web\/#organization"},"image":{"@id":"https:\/\/www.mettmann.de\/web\/seniorenrat-ist-samstag-wieder-auf-dem-wochenmarkt\/#primaryimage"},"thumbnailUrl":"https:\/\/www.mettmann.de\/web\/wp-content\/uploads\/2023\/04\/Seniorenrat-auf-dem-Wochenmarkt.jpg","keywords":["Mettmann","Seniorenrat","Sprechstunde"],"inLanguage":"de"},{"@type":"WebPage","@id":"https:\/\/www.mettmann.de\/web\/seniorenrat-ist-samstag-wieder-auf-dem-wochenmarkt\/","url":"https:\/\/www.mettmann.de\/web\/seniorenrat-ist-samstag-wieder-auf-dem-wochenmarkt\/","name":"Seniorenrat ist Samstag wieder auf dem Wochenmarkt","isPartOf":{"@id":"https:\/\/www.mettmann.de\/web\/#website"},"primaryImageOfPage":{"@id":"https:\/\/www.mettmann.de\/web\/seniorenrat-ist-samstag-wieder-auf-dem-wochenmarkt\/#primaryimage"},"image":{"@id":"https:\/\/www.mettmann.de\/web\/seniorenrat-ist-samstag-wieder-auf-dem-wochenmarkt\/#primaryimage"},"thumbnailUrl":"https:\/\/www.mettmann.de\/web\/wp-content\/uploads\/2023\/04\/Seniorenrat-auf-dem-Wochenmarkt.jpg","datePublished":"2023-05-08T08:55:36+00:00","breadcrumb":{"@id":"https:\/\/www.mettmann.de\/web\/seniorenrat-ist-samstag-wieder-auf-dem-wochenmarkt\/#breadcrumb"},"inLanguage":"de","potentialAction":[{"@type":"ReadAction","target":["https:\/\/www.mettmann.de\/web\/seniorenrat-ist-samstag-wieder-auf-dem-wochenmarkt\/"]}]},{"@type":"ImageObject","inLanguage":"de","@id":"https:\/\/www.mettmann.de\/web\/seniorenrat-ist-samstag-wieder-auf-dem-wochenmarkt\/#primaryimage","url":"https:\/\/www.mettmann.de\/web\/wp-content\/uploads\/2023\/04\/Seniorenrat-auf-dem-Wochenmarkt.jpg","contentUrl":"https:\/\/www.mettmann.de\/web\/wp-content\/uploads\/2023\/04\/Seniorenrat-auf-dem-Wochenmarkt.jpg","width":1438,"height":842,"caption":"Die Mitglieder des Seniorenrates sind an ihren gelben Westen zu erkennen. (Foto: privat)"},{"@type":"BreadcrumbList","@id":"https:\/\/www.mettmann.de\/web\/seniorenrat-ist-samstag-wieder-auf-dem-wochenmarkt\/#breadcrumb","itemListElement":[{"@type":"ListItem","position":1,"name":"Startseite","item":"https:\/\/www.mettmann.de\/web\/"},{"@type":"ListItem","position":2,"name":"Seniorenrat ist Samstag wieder auf dem Wochenmarkt"}]},{"@type":"WebSite","@id":"https:\/\/www.mettmann.de\/web\/#website","url":"https:\/\/www.mettmann.de\/web\/","name":"Stadtverwaltung Mettmann","description":"Internetseite der Kreisstadt Mettmann","publisher":{"@id":"https:\/\/www.mettmann.de\/web\/#organization"},"potentialAction":[{"@type":"SearchAction","target":{"@type":"EntryPoint","urlTemplate":"https:\/\/www.mettmann.de\/web\/?s={search_term_string}"},"query-input":{"@type":"PropertyValueSpecification","valueRequired":true,"valueName":"search_term_string"}}],"inLanguage":"de"},{"@type":"Organization","@id":"https:\/\/www.mettmann.de\/web\/#organization","name":"Kreisstadt Mettmann","url":"https:\/\/www.mettmann.de\/web\/","logo":{"@type":"ImageObject","inLanguage":"de","@id":"https:\/\/www.mettmann.de\/web\/#\/schema\/logo\/image\/","url":"https:\/\/www.mettmann.de\/web\/wp-content\/uploads\/2019\/08\/Kreisstadt_Mettmann_Logo_RGB_150dpi.png","contentUrl":"https:\/\/www.mettmann.de\/web\/wp-content\/uploads\/2019\/08\/Kreisstadt_Mettmann_Logo_RGB_150dpi.png","width":1302,"height":191,"caption":"Kreisstadt Mettmann"},"image":{"@id":"https:\/\/www.mettmann.de\/web\/#\/schema\/logo\/image\/"},"sameAs":["https:\/\/www.facebook.com\/kreisstadt.mettmann","https:\/\/de.wikipedia.org\/wiki\/Mettmann"]},{"@type":"Person","@id":"https:\/\/www.mettmann.de\/web\/#\/schema\/person\/c0deeeba8d377efe8e769dc7f56c2292","name":"LekiesT"}]}},"_links":{"self":[{"href":"https:\/\/www.mettmann.de\/web\/wp-json\/wp\/v2\/posts\/27510","targetHints":{"allow":["GET"]}}],"collection":[{"href":"https:\/\/www.mettmann.de\/web\/wp-json\/wp\/v2\/posts"}],"about":[{"href":"https:\/\/www.mettmann.de\/web\/wp-json\/wp\/v2\/types\/post"}],"author":[{"embeddable":true,"href":"https:\/\/www.mettmann.de\/web\/wp-json\/wp\/v2\/users\/2"}],"replies":[{"embeddable":true,"href":"https:\/\/www.mettmann.de\/web\/wp-json\/wp\/v2\/comments?post=27510"}],"version-history":[{"count":6,"href":"https:\/\/www.mettmann.de\/web\/wp-json\/wp\/v2\/posts\/27510\/revisions"}],"predecessor-version":[{"id":27516,"href":"https:\/\/www.mettmann.de\/web\/wp-json\/wp\/v2\/posts\/27510\/revisions\/27516"}],"wp:featuredmedia":[{"embeddable":true,"href":"https:\/\/www.mettmann.de\/web\/wp-json\/wp\/v2\/media\/26656"}],"wp:attachment":[{"href":"https:\/\/www.mettmann.de\/web\/wp-json\/wp\/v2\/media?parent=27510"}],"wp:term":[{"taxonomy":"category","embeddable":true,"href":"https:\/\/www.mettmann.de\/web\/wp-json\/wp\/v2\/categories?post=27510"},{"taxonomy":"post_tag","embeddable":true,"href":"https:\/\/www.mettmann.de\/web\/wp-json\/wp\/v2\/tags?post=27510"}],"curies":[{"name":"wp","href":"https:\/\/api.w.org\/{rel}","templated":true}]}}