{"id":27544,"date":"2023-05-09T11:47:28","date_gmt":"2023-05-09T09:47:28","guid":{"rendered":"https:\/\/www.mettmann.de\/web\/?p=27544"},"modified":"2023-05-10T14:19:19","modified_gmt":"2023-05-10T12:19:19","slug":"verbesserung-der-radmobilitaet-gemeinsam-angehen","status":"publish","type":"post","link":"https:\/\/www.mettmann.de\/web\/verbesserung-der-radmobilitaet-gemeinsam-angehen\/","title":{"rendered":"&#8222;Verbesserung der Radmobilit\u00e4t gemeinsam angehen&#8220;"},"content":{"rendered":"<p>Der CDU-Landtagsabgeordnete Martin Str\u00e4\u00dfer hatte zum Thema Radmobilit\u00e4t eingeladen und konnte kompetente G\u00e4ste begr\u00fc\u00dfen: Jens Reiter, den Vorsitzenden des AFC Mettmann, B\u00fcrgermeisterin Sandra Pietschmann, die stellvertretende Landr\u00e4tin Annette Mick-Teubler, die gr\u00fcne Landtagsabgeordnete Ina Besche-Krastl und Michael Niklas, Mettmanner Ratsmitglied und leidenschaftlicher Radfahrer und ADFC-Mitglied sowie Ratsfrau und CDU-Stadtverbandsvorsitzende Gabriele Hruschka.<\/p>\n<p>In der gut zweist\u00fcndigen Diskussion ging es, so berichtet Str\u00e4\u00dfer in einer Pressemitteilung, nicht nur um allgemeine Konzepte zur Verbesserung der Radmobilit\u00e4t in Mettmann, sondern auch um konkrete Projekte, die \u2013 da waren sich alle einig \u2013 schnell umgesetzt werden m\u00fcssten.<\/p>\n<p>So sollten die Stra\u00dfensanierung und der Radweg an der L 239 m\u00f6glichst zeitnah und gemeinsam ungesetzt werden. \u201cWir brauchen eine L\u00f6sung f\u00fcr alle. Alle Verkehrsarten sind gleichberechtigt zu behandeln. Die Entscheidung der Bezirksregierung D\u00fcsseldorf als Planfeststellungsbeh\u00f6rde zur Stra\u00dfensanierung bleibt abzuwarten&#8220;, erkl\u00e4rte Str\u00e4\u00dfer. Einigkeit herschte auch dar\u00fcber, dass der L\u00fcckenschluss zwischen Metzkausen und Ratingen durch das Schwarzbachtal mit der Fortsetzung des gemeinsamen Geh- und Radweges so weit wie m\u00f6glich entlang der Fahrbahn erfolgen sollte. Str\u00e4\u00dfer erkl\u00e4rte dazu, dass sich der Kreis beim Radweg zus\u00e4tzlich engagieren k\u00f6nnte. Die Fraktionen von CDU und Gr\u00fcnen seien dazu im Kreistag bereits aktiv geworden. Die Kosten m\u00fcsse nat\u00fcrlich das Land \u00fcbernehmen.<\/p>\n<p>Besonders wichtig war allen auch die Verbindung von Mettmann zum Neanderthal Museum \u00fcber die Talstra\u00dfe. Dabei m\u00fcsse es zun\u00e4chst um eine Ert\u00fcchtigung der bereits bestehenden Radwege gehen. \u201eIch k\u00f6nnte mir vorstellen, dass hier die Stadt die Planung und Ausf\u00fchrung in die Hand nimmt, wenn der Kreis und eventuell das Land eine Erstattung zusagen. Der Aufwand darf aber nicht dazu f\u00fchren, dass andere wichtige st\u00e4dtische Projekte darunter leiden\u201c, erkl\u00e4rte B\u00fcrgermeisterin Pietschmann. Die weitere Anbindung zum und im Bereich des Museums liege dann aber beim Landesbetrieb.<\/p>\n<p>Auch die Verbesserung und der Ausbau innerst\u00e4dtischer Landstra\u00dfen (L156, Hasseler Stra\u00dfe, Berliner Stra\u00dfe und der L 156-Teil der D\u00fcsseldorfer Stra\u00dfe) z\u00e4hlte die Gespr\u00e4chsrunde zu den vordinglichen Projekten. Reiter und Niklas seien deshalb bereits in Gespr\u00e4chen mit Stra\u00dfen.NRW.&nbsp; \u201eAuch hier hat uns der Landesbetrieb in Aussicht gestellt, Kosten erstatten zu wollen, wenn die Stadt bei der Planung in Vorleistung geht. Dies kann auch durch die Beauftragung von Dritten erfolgen&#8220;, berichtete Niklas.<\/p>\n<p>&nbsp;<\/p>\n","protected":false},"excerpt":{"rendered":"<p>Der CDU-Landtagsabgeordnete Martin Str\u00e4\u00dfer hatte zum Thema Radmobilit\u00e4t eingeladen und konnte kompetente G\u00e4ste begr\u00fc\u00dfen: Jens Reiter, den Vorsitzenden des AFC Mettmann, B\u00fcrgermeisterin Sandra Pietschmann, die stellvertretende Landr\u00e4tin Annette Mick-Teubler, die gr\u00fcne Landtagsabgeordnete Ina Besche-Krastl und&#8230;<\/p>\n","protected":false},"author":2,"featured_media":27555,"comment_status":"closed","ping_status":"closed","sticky":false,"template":"","format":"standard","meta":{"ngg_post_thumbnail":0,"footnotes":""},"categories":[1],"tags":[787,3482,4,3483],"class_list":["post-27544","post","type-post","status-publish","format-standard","has-post-thumbnail","hentry","category-allgemein","tag-buergersprechstunde","tag-landtagsabgeordneter-martin-straesser","tag-mettmann","tag-radmobilitaet"],"yoast_head":"<!-- This site is optimized with the Yoast SEO plugin v27.2 - https:\/\/yoast.com\/product\/yoast-seo-wordpress\/ -->\n<title>&quot;Verbesserung der Radmobilit\u00e4t gemeinsam angehen&quot;<\/title>\n<meta name=\"robots\" content=\"index, follow, max-snippet:-1, max-image-preview:large, max-video-preview:-1\" \/>\n<link rel=\"canonical\" href=\"https:\/\/www.mettmann.de\/web\/verbesserung-der-radmobilitaet-gemeinsam-angehen\/\" \/>\n<meta property=\"og:locale\" content=\"de_DE\" \/>\n<meta property=\"og:type\" content=\"article\" \/>\n<meta property=\"og:title\" content=\"&quot;Verbesserung der Radmobilit\u00e4t gemeinsam angehen&quot;\" \/>\n<meta property=\"og:description\" content=\"Der CDU-Landtagsabgeordnete Martin Str\u00e4\u00dfer hatte zum Thema Radmobilit\u00e4t eingeladen und konnte kompetente G\u00e4ste begr\u00fc\u00dfen: Jens Reiter, den Vorsitzenden des AFC Mettmann, B\u00fcrgermeisterin Sandra Pietschmann, die stellvertretende Landr\u00e4tin Annette Mick-Teubler, die gr\u00fcne Landtagsabgeordnete Ina Besche-Krastl und...\" \/>\n<meta property=\"og:url\" content=\"https:\/\/www.mettmann.de\/web\/verbesserung-der-radmobilitaet-gemeinsam-angehen\/\" \/>\n<meta property=\"og:site_name\" content=\"Stadtverwaltung Mettmann\" \/>\n<meta property=\"article:publisher\" content=\"https:\/\/www.facebook.com\/kreisstadt.mettmann\" \/>\n<meta property=\"article:published_time\" content=\"2023-05-09T09:47:28+00:00\" \/>\n<meta property=\"article:modified_time\" content=\"2023-05-10T12:19:19+00:00\" \/>\n<meta property=\"og:image\" content=\"https:\/\/www.mettmann.de\/web\/wp-content\/uploads\/2023\/05\/CDU-Buergersprechstunde-zur-Radmobilitaet.jpg\" \/>\n\t<meta property=\"og:image:width\" content=\"2048\" \/>\n\t<meta property=\"og:image:height\" content=\"1536\" \/>\n\t<meta property=\"og:image:type\" content=\"image\/jpeg\" \/>\n<meta name=\"author\" content=\"LekiesT\" \/>\n<meta name=\"twitter:card\" content=\"summary_large_image\" \/>\n<meta name=\"twitter:label1\" content=\"Verfasst von\" \/>\n\t<meta name=\"twitter:data1\" content=\"LekiesT\" \/>\n\t<meta name=\"twitter:label2\" content=\"Gesch\u00e4tzte Lesezeit\" \/>\n\t<meta name=\"twitter:data2\" content=\"2\u00a0Minuten\" \/>\n<script type=\"application\/ld+json\" class=\"yoast-schema-graph\">{\"@context\":\"https:\/\/schema.org\",\"@graph\":[{\"@type\":\"Article\",\"@id\":\"https:\/\/www.mettmann.de\/web\/verbesserung-der-radmobilitaet-gemeinsam-angehen\/#article\",\"isPartOf\":{\"@id\":\"https:\/\/www.mettmann.de\/web\/verbesserung-der-radmobilitaet-gemeinsam-angehen\/\"},\"author\":{\"name\":\"LekiesT\",\"@id\":\"https:\/\/www.mettmann.de\/web\/#\/schema\/person\/c0deeeba8d377efe8e769dc7f56c2292\"},\"headline\":\"&#8222;Verbesserung der Radmobilit\u00e4t gemeinsam angehen&#8220;\",\"datePublished\":\"2023-05-09T09:47:28+00:00\",\"dateModified\":\"2023-05-10T12:19:19+00:00\",\"mainEntityOfPage\":{\"@id\":\"https:\/\/www.mettmann.de\/web\/verbesserung-der-radmobilitaet-gemeinsam-angehen\/\"},\"wordCount\":406,\"publisher\":{\"@id\":\"https:\/\/www.mettmann.de\/web\/#organization\"},\"image\":{\"@id\":\"https:\/\/www.mettmann.de\/web\/verbesserung-der-radmobilitaet-gemeinsam-angehen\/#primaryimage\"},\"thumbnailUrl\":\"https:\/\/www.mettmann.de\/web\/wp-content\/uploads\/2023\/05\/CDU-Buergersprechstunde-zur-Radmobilitaet.jpg\",\"keywords\":[\"B\u00fcrgersprechstunde\",\"Landtagsabgeordneter Martin Str\u00e4\u00dfer\",\"Mettmann\",\"Radmobilit\u00e4t\"],\"inLanguage\":\"de\"},{\"@type\":\"WebPage\",\"@id\":\"https:\/\/www.mettmann.de\/web\/verbesserung-der-radmobilitaet-gemeinsam-angehen\/\",\"url\":\"https:\/\/www.mettmann.de\/web\/verbesserung-der-radmobilitaet-gemeinsam-angehen\/\",\"name\":\"\\\"Verbesserung der Radmobilit\u00e4t gemeinsam angehen\\\"\",\"isPartOf\":{\"@id\":\"https:\/\/www.mettmann.de\/web\/#website\"},\"primaryImageOfPage\":{\"@id\":\"https:\/\/www.mettmann.de\/web\/verbesserung-der-radmobilitaet-gemeinsam-angehen\/#primaryimage\"},\"image\":{\"@id\":\"https:\/\/www.mettmann.de\/web\/verbesserung-der-radmobilitaet-gemeinsam-angehen\/#primaryimage\"},\"thumbnailUrl\":\"https:\/\/www.mettmann.de\/web\/wp-content\/uploads\/2023\/05\/CDU-Buergersprechstunde-zur-Radmobilitaet.jpg\",\"datePublished\":\"2023-05-09T09:47:28+00:00\",\"dateModified\":\"2023-05-10T12:19:19+00:00\",\"breadcrumb\":{\"@id\":\"https:\/\/www.mettmann.de\/web\/verbesserung-der-radmobilitaet-gemeinsam-angehen\/#breadcrumb\"},\"inLanguage\":\"de\",\"potentialAction\":[{\"@type\":\"ReadAction\",\"target\":[\"https:\/\/www.mettmann.de\/web\/verbesserung-der-radmobilitaet-gemeinsam-angehen\/\"]}]},{\"@type\":\"ImageObject\",\"inLanguage\":\"de\",\"@id\":\"https:\/\/www.mettmann.de\/web\/verbesserung-der-radmobilitaet-gemeinsam-angehen\/#primaryimage\",\"url\":\"https:\/\/www.mettmann.de\/web\/wp-content\/uploads\/2023\/05\/CDU-Buergersprechstunde-zur-Radmobilitaet.jpg\",\"contentUrl\":\"https:\/\/www.mettmann.de\/web\/wp-content\/uploads\/2023\/05\/CDU-Buergersprechstunde-zur-Radmobilitaet.jpg\",\"width\":2048,\"height\":1536,\"caption\":\"Landtagsabgeordneter Martin Str\u00e4\u00dfer (Mitte rechts) hatte zur B\u00fcrgersprechstunde zum Thema Radmobilit\u00e4t eingeladen. (Foto: privat)\"},{\"@type\":\"BreadcrumbList\",\"@id\":\"https:\/\/www.mettmann.de\/web\/verbesserung-der-radmobilitaet-gemeinsam-angehen\/#breadcrumb\",\"itemListElement\":[{\"@type\":\"ListItem\",\"position\":1,\"name\":\"Startseite\",\"item\":\"https:\/\/www.mettmann.de\/web\/\"},{\"@type\":\"ListItem\",\"position\":2,\"name\":\"&#8222;Verbesserung der Radmobilit\u00e4t gemeinsam angehen&#8220;\"}]},{\"@type\":\"WebSite\",\"@id\":\"https:\/\/www.mettmann.de\/web\/#website\",\"url\":\"https:\/\/www.mettmann.de\/web\/\",\"name\":\"Stadtverwaltung Mettmann\",\"description\":\"Internetseite der Kreisstadt Mettmann\",\"publisher\":{\"@id\":\"https:\/\/www.mettmann.de\/web\/#organization\"},\"potentialAction\":[{\"@type\":\"SearchAction\",\"target\":{\"@type\":\"EntryPoint\",\"urlTemplate\":\"https:\/\/www.mettmann.de\/web\/?s={search_term_string}\"},\"query-input\":{\"@type\":\"PropertyValueSpecification\",\"valueRequired\":true,\"valueName\":\"search_term_string\"}}],\"inLanguage\":\"de\"},{\"@type\":\"Organization\",\"@id\":\"https:\/\/www.mettmann.de\/web\/#organization\",\"name\":\"Kreisstadt Mettmann\",\"url\":\"https:\/\/www.mettmann.de\/web\/\",\"logo\":{\"@type\":\"ImageObject\",\"inLanguage\":\"de\",\"@id\":\"https:\/\/www.mettmann.de\/web\/#\/schema\/logo\/image\/\",\"url\":\"https:\/\/www.mettmann.de\/web\/wp-content\/uploads\/2019\/08\/Kreisstadt_Mettmann_Logo_RGB_150dpi.png\",\"contentUrl\":\"https:\/\/www.mettmann.de\/web\/wp-content\/uploads\/2019\/08\/Kreisstadt_Mettmann_Logo_RGB_150dpi.png\",\"width\":1302,\"height\":191,\"caption\":\"Kreisstadt Mettmann\"},\"image\":{\"@id\":\"https:\/\/www.mettmann.de\/web\/#\/schema\/logo\/image\/\"},\"sameAs\":[\"https:\/\/www.facebook.com\/kreisstadt.mettmann\",\"https:\/\/de.wikipedia.org\/wiki\/Mettmann\"]},{\"@type\":\"Person\",\"@id\":\"https:\/\/www.mettmann.de\/web\/#\/schema\/person\/c0deeeba8d377efe8e769dc7f56c2292\",\"name\":\"LekiesT\"}]}<\/script>\n<!-- \/ Yoast SEO plugin. -->","yoast_head_json":{"title":"\"Verbesserung der Radmobilit\u00e4t gemeinsam angehen\"","robots":{"index":"index","follow":"follow","max-snippet":"max-snippet:-1","max-image-preview":"max-image-preview:large","max-video-preview":"max-video-preview:-1"},"canonical":"https:\/\/www.mettmann.de\/web\/verbesserung-der-radmobilitaet-gemeinsam-angehen\/","og_locale":"de_DE","og_type":"article","og_title":"\"Verbesserung der Radmobilit\u00e4t gemeinsam angehen\"","og_description":"Der CDU-Landtagsabgeordnete Martin Str\u00e4\u00dfer hatte zum Thema Radmobilit\u00e4t eingeladen und konnte kompetente G\u00e4ste begr\u00fc\u00dfen: Jens Reiter, den Vorsitzenden des AFC Mettmann, B\u00fcrgermeisterin Sandra Pietschmann, die stellvertretende Landr\u00e4tin Annette Mick-Teubler, die gr\u00fcne Landtagsabgeordnete Ina Besche-Krastl und...","og_url":"https:\/\/www.mettmann.de\/web\/verbesserung-der-radmobilitaet-gemeinsam-angehen\/","og_site_name":"Stadtverwaltung Mettmann","article_publisher":"https:\/\/www.facebook.com\/kreisstadt.mettmann","article_published_time":"2023-05-09T09:47:28+00:00","article_modified_time":"2023-05-10T12:19:19+00:00","og_image":[{"width":2048,"height":1536,"url":"https:\/\/www.mettmann.de\/web\/wp-content\/uploads\/2023\/05\/CDU-Buergersprechstunde-zur-Radmobilitaet.jpg","type":"image\/jpeg"}],"author":"LekiesT","twitter_card":"summary_large_image","twitter_misc":{"Verfasst von":"LekiesT","Gesch\u00e4tzte Lesezeit":"2\u00a0Minuten"},"schema":{"@context":"https:\/\/schema.org","@graph":[{"@type":"Article","@id":"https:\/\/www.mettmann.de\/web\/verbesserung-der-radmobilitaet-gemeinsam-angehen\/#article","isPartOf":{"@id":"https:\/\/www.mettmann.de\/web\/verbesserung-der-radmobilitaet-gemeinsam-angehen\/"},"author":{"name":"LekiesT","@id":"https:\/\/www.mettmann.de\/web\/#\/schema\/person\/c0deeeba8d377efe8e769dc7f56c2292"},"headline":"&#8222;Verbesserung der Radmobilit\u00e4t gemeinsam angehen&#8220;","datePublished":"2023-05-09T09:47:28+00:00","dateModified":"2023-05-10T12:19:19+00:00","mainEntityOfPage":{"@id":"https:\/\/www.mettmann.de\/web\/verbesserung-der-radmobilitaet-gemeinsam-angehen\/"},"wordCount":406,"publisher":{"@id":"https:\/\/www.mettmann.de\/web\/#organization"},"image":{"@id":"https:\/\/www.mettmann.de\/web\/verbesserung-der-radmobilitaet-gemeinsam-angehen\/#primaryimage"},"thumbnailUrl":"https:\/\/www.mettmann.de\/web\/wp-content\/uploads\/2023\/05\/CDU-Buergersprechstunde-zur-Radmobilitaet.jpg","keywords":["B\u00fcrgersprechstunde","Landtagsabgeordneter Martin Str\u00e4\u00dfer","Mettmann","Radmobilit\u00e4t"],"inLanguage":"de"},{"@type":"WebPage","@id":"https:\/\/www.mettmann.de\/web\/verbesserung-der-radmobilitaet-gemeinsam-angehen\/","url":"https:\/\/www.mettmann.de\/web\/verbesserung-der-radmobilitaet-gemeinsam-angehen\/","name":"\"Verbesserung der Radmobilit\u00e4t gemeinsam angehen\"","isPartOf":{"@id":"https:\/\/www.mettmann.de\/web\/#website"},"primaryImageOfPage":{"@id":"https:\/\/www.mettmann.de\/web\/verbesserung-der-radmobilitaet-gemeinsam-angehen\/#primaryimage"},"image":{"@id":"https:\/\/www.mettmann.de\/web\/verbesserung-der-radmobilitaet-gemeinsam-angehen\/#primaryimage"},"thumbnailUrl":"https:\/\/www.mettmann.de\/web\/wp-content\/uploads\/2023\/05\/CDU-Buergersprechstunde-zur-Radmobilitaet.jpg","datePublished":"2023-05-09T09:47:28+00:00","dateModified":"2023-05-10T12:19:19+00:00","breadcrumb":{"@id":"https:\/\/www.mettmann.de\/web\/verbesserung-der-radmobilitaet-gemeinsam-angehen\/#breadcrumb"},"inLanguage":"de","potentialAction":[{"@type":"ReadAction","target":["https:\/\/www.mettmann.de\/web\/verbesserung-der-radmobilitaet-gemeinsam-angehen\/"]}]},{"@type":"ImageObject","inLanguage":"de","@id":"https:\/\/www.mettmann.de\/web\/verbesserung-der-radmobilitaet-gemeinsam-angehen\/#primaryimage","url":"https:\/\/www.mettmann.de\/web\/wp-content\/uploads\/2023\/05\/CDU-Buergersprechstunde-zur-Radmobilitaet.jpg","contentUrl":"https:\/\/www.mettmann.de\/web\/wp-content\/uploads\/2023\/05\/CDU-Buergersprechstunde-zur-Radmobilitaet.jpg","width":2048,"height":1536,"caption":"Landtagsabgeordneter Martin Str\u00e4\u00dfer (Mitte rechts) hatte zur B\u00fcrgersprechstunde zum Thema Radmobilit\u00e4t eingeladen. (Foto: privat)"},{"@type":"BreadcrumbList","@id":"https:\/\/www.mettmann.de\/web\/verbesserung-der-radmobilitaet-gemeinsam-angehen\/#breadcrumb","itemListElement":[{"@type":"ListItem","position":1,"name":"Startseite","item":"https:\/\/www.mettmann.de\/web\/"},{"@type":"ListItem","position":2,"name":"&#8222;Verbesserung der Radmobilit\u00e4t gemeinsam angehen&#8220;"}]},{"@type":"WebSite","@id":"https:\/\/www.mettmann.de\/web\/#website","url":"https:\/\/www.mettmann.de\/web\/","name":"Stadtverwaltung Mettmann","description":"Internetseite der Kreisstadt Mettmann","publisher":{"@id":"https:\/\/www.mettmann.de\/web\/#organization"},"potentialAction":[{"@type":"SearchAction","target":{"@type":"EntryPoint","urlTemplate":"https:\/\/www.mettmann.de\/web\/?s={search_term_string}"},"query-input":{"@type":"PropertyValueSpecification","valueRequired":true,"valueName":"search_term_string"}}],"inLanguage":"de"},{"@type":"Organization","@id":"https:\/\/www.mettmann.de\/web\/#organization","name":"Kreisstadt Mettmann","url":"https:\/\/www.mettmann.de\/web\/","logo":{"@type":"ImageObject","inLanguage":"de","@id":"https:\/\/www.mettmann.de\/web\/#\/schema\/logo\/image\/","url":"https:\/\/www.mettmann.de\/web\/wp-content\/uploads\/2019\/08\/Kreisstadt_Mettmann_Logo_RGB_150dpi.png","contentUrl":"https:\/\/www.mettmann.de\/web\/wp-content\/uploads\/2019\/08\/Kreisstadt_Mettmann_Logo_RGB_150dpi.png","width":1302,"height":191,"caption":"Kreisstadt Mettmann"},"image":{"@id":"https:\/\/www.mettmann.de\/web\/#\/schema\/logo\/image\/"},"sameAs":["https:\/\/www.facebook.com\/kreisstadt.mettmann","https:\/\/de.wikipedia.org\/wiki\/Mettmann"]},{"@type":"Person","@id":"https:\/\/www.mettmann.de\/web\/#\/schema\/person\/c0deeeba8d377efe8e769dc7f56c2292","name":"LekiesT"}]}},"_links":{"self":[{"href":"https:\/\/www.mettmann.de\/web\/wp-json\/wp\/v2\/posts\/27544","targetHints":{"allow":["GET"]}}],"collection":[{"href":"https:\/\/www.mettmann.de\/web\/wp-json\/wp\/v2\/posts"}],"about":[{"href":"https:\/\/www.mettmann.de\/web\/wp-json\/wp\/v2\/types\/post"}],"author":[{"embeddable":true,"href":"https:\/\/www.mettmann.de\/web\/wp-json\/wp\/v2\/users\/2"}],"replies":[{"embeddable":true,"href":"https:\/\/www.mettmann.de\/web\/wp-json\/wp\/v2\/comments?post=27544"}],"version-history":[{"count":8,"href":"https:\/\/www.mettmann.de\/web\/wp-json\/wp\/v2\/posts\/27544\/revisions"}],"predecessor-version":[{"id":27614,"href":"https:\/\/www.mettmann.de\/web\/wp-json\/wp\/v2\/posts\/27544\/revisions\/27614"}],"wp:featuredmedia":[{"embeddable":true,"href":"https:\/\/www.mettmann.de\/web\/wp-json\/wp\/v2\/media\/27555"}],"wp:attachment":[{"href":"https:\/\/www.mettmann.de\/web\/wp-json\/wp\/v2\/media?parent=27544"}],"wp:term":[{"taxonomy":"category","embeddable":true,"href":"https:\/\/www.mettmann.de\/web\/wp-json\/wp\/v2\/categories?post=27544"},{"taxonomy":"post_tag","embeddable":true,"href":"https:\/\/www.mettmann.de\/web\/wp-json\/wp\/v2\/tags?post=27544"}],"curies":[{"name":"wp","href":"https:\/\/api.w.org\/{rel}","templated":true}]}}