{"id":29659,"date":"2023-06-30T09:52:21","date_gmt":"2023-06-30T07:52:21","guid":{"rendered":"https:\/\/www.mettmann.de\/web\/?p=29659"},"modified":"2023-06-30T09:52:50","modified_gmt":"2023-06-30T07:52:50","slug":"12-mettmanner-weinsommer-findet-vom-7-bis-9-juli-rund-um-st-lambertus-statt","status":"publish","type":"post","link":"https:\/\/www.mettmann.de\/web\/12-mettmanner-weinsommer-findet-vom-7-bis-9-juli-rund-um-st-lambertus-statt\/","title":{"rendered":"12. Mettmanner Weinsommer findet vom 7. bis 9. Juli rund um St. Lambertus statt"},"content":{"rendered":"<p>Nach dem Sch\u00fctzenfest der St. Sebastianus Sch\u00fctzenbruderschaft mit der Johanniskirmes findet \u00fcbern\u00e4chstes Wochenende das n\u00e4chste gro\u00dfe Sommer-Event statt. Zum 12. Mal veranstaltet die Webegemeinschaft &#8222;Mettmann Impulse&#8220; auf dem Markt rund um St. Lambertus den Mettmanner Weinsommer und verwandelt den sch\u00f6nsten Platz der Stadt in die gr\u00f6\u00dfte Weinlaube des Kreises. Zur Er\u00f6ffnung am Freitag wird die Rheinhessische Weinprinzessin Anna Nierstheimer, erwartet, die mit fachkundigem Rat durch den ersten Weinsommer-Abend f\u00fchren wird.&nbsp;&nbsp;<\/p>\n<p>Zahlreiche Winzer aus den unterschiedlichen Weinanbaugebieten Deutschlands bieten drei Tage lang ihre Weine an. Mit einem trockenen Riesling, einem Sauvignon blanc oder einem fruchtigen Ros\u00e9 l\u00e4sst sich der Mettmanner Sommer ganz wunderbar genie\u00dfen. Dazu gibt es ein passendes Musikprogramm und selbstverst\u00e4ndlich wird auch an das leibliche Wohl der Besucherinnen und Besucher gedacht. Das kulinarische Angebot sieht u.a. finnischen Flammlachs, Flammkuchen, allerlei Gegrilltes, s\u00fc\u00dfe Cr\u00eapes &amp; herzhafte Galettes, Pasta, Fingerfood und leckere K\u00e4sespezialit\u00e4ten vor.<\/p>\n<p><img loading=\"lazy\" decoding=\"async\" class=\"alignnone wp-image-29670 size-large\" src=\"https:\/\/www.mettmann.de\/web\/wp-content\/uploads\/2023\/06\/Staende-Weinsommer-2023-1024x685.jpg\" alt=\"\" width=\"1024\" height=\"685\" srcset=\"https:\/\/www.mettmann.de\/web\/wp-content\/uploads\/2023\/06\/Staende-Weinsommer-2023-1024x685.jpg 1024w, https:\/\/www.mettmann.de\/web\/wp-content\/uploads\/2023\/06\/Staende-Weinsommer-2023-300x201.jpg 300w, https:\/\/www.mettmann.de\/web\/wp-content\/uploads\/2023\/06\/Staende-Weinsommer-2023-768x514.jpg 768w, https:\/\/www.mettmann.de\/web\/wp-content\/uploads\/2023\/06\/Staende-Weinsommer-2023.jpg 1064w\" sizes=\"auto, (max-width: 1024px) 100vw, 1024px\" \/><\/p>\n<p>Bereits am Donnerstag wird es ab 16 Uhr wieder eine Wein-Preview im Seniorenpark &#8222;Carpe Diem&#8220; geben, nat\u00fcrlich mit musikalischer Untermalung. Und am Abschluss-Sonntag wird&nbsp; ab 14 Uhr auf der B\u00fchne die traditionelle \u00f6ffentliche Weinprobe durchgef\u00fchrt, bei dem der Wein des Mettmanner Weinsommers 2023 gek\u00fcrt wird.<\/p>\n<p>Weitere Informationen zum Programm des 12. Mettmanner Weinsommers gibt unter <a href=\"http:\/\/www.weinsommer-mettmann.de\" target=\"_blank\" rel=\"noopener\">www.weinsommer-mettmann.de<\/a>.<\/p>\n<h3>Hammerplatz teilweise gesperrt<\/h3>\n<p>F\u00fcr die Winzer wird ein Teil des Parkplatzes auf dem Hammerplatz vom 7. bis 9. Juli gesperrt.<\/p>\n<p>&nbsp;<\/p>\n","protected":false},"excerpt":{"rendered":"<p>Nach dem Sch\u00fctzenfest der St. Sebastianus Sch\u00fctzenbruderschaft mit der Johanniskirmes findet \u00fcbern\u00e4chstes Wochenende das n\u00e4chste gro\u00dfe Sommer-Event statt. Zum 12. Mal veranstaltet die Webegemeinschaft &#8222;Mettmann Impulse&#8220; auf dem Markt rund um St. Lambertus den Mettmanner&#8230;<\/p>\n","protected":false},"author":2,"featured_media":21245,"comment_status":"closed","ping_status":"closed","sticky":false,"template":"","format":"standard","meta":{"ngg_post_thumbnail":0,"footnotes":""},"categories":[1],"tags":[3638,2059,4,541,964],"class_list":["post-29659","post","type-post","status-publish","format-standard","has-post-thumbnail","hentry","category-allgemein","tag-https-www-mettmann-de-web-wp-admin-media-upload-phppost_id29659typeimagetb_iframe1","tag-marktplatz","tag-mettmann","tag-st-lambertus","tag-weinsommer"],"yoast_head":"<!-- This site is optimized with the Yoast SEO plugin v27.2 - https:\/\/yoast.com\/product\/yoast-seo-wordpress\/ -->\n<title>12. Mettmanner Weinsommer findet vom 7. bis 9. Juli rund um St. Lambertus statt<\/title>\n<meta name=\"robots\" content=\"index, follow, max-snippet:-1, max-image-preview:large, max-video-preview:-1\" \/>\n<link rel=\"canonical\" href=\"https:\/\/www.mettmann.de\/web\/12-mettmanner-weinsommer-findet-vom-7-bis-9-juli-rund-um-st-lambertus-statt\/\" \/>\n<meta property=\"og:locale\" content=\"de_DE\" \/>\n<meta property=\"og:type\" content=\"article\" \/>\n<meta property=\"og:title\" content=\"12. Mettmanner Weinsommer findet vom 7. bis 9. Juli rund um St. Lambertus statt\" \/>\n<meta property=\"og:description\" content=\"Nach dem Sch\u00fctzenfest der St. Sebastianus Sch\u00fctzenbruderschaft mit der Johanniskirmes findet \u00fcbern\u00e4chstes Wochenende das n\u00e4chste gro\u00dfe Sommer-Event statt. Zum 12. Mal veranstaltet die Webegemeinschaft &#8222;Mettmann Impulse&#8220; auf dem Markt rund um St. Lambertus den Mettmanner...\" \/>\n<meta property=\"og:url\" content=\"https:\/\/www.mettmann.de\/web\/12-mettmanner-weinsommer-findet-vom-7-bis-9-juli-rund-um-st-lambertus-statt\/\" \/>\n<meta property=\"og:site_name\" content=\"Stadtverwaltung Mettmann\" \/>\n<meta property=\"article:publisher\" content=\"https:\/\/www.facebook.com\/kreisstadt.mettmann\" \/>\n<meta property=\"article:published_time\" content=\"2023-06-30T07:52:21+00:00\" \/>\n<meta property=\"article:modified_time\" content=\"2023-06-30T07:52:50+00:00\" \/>\n<meta property=\"og:image\" content=\"https:\/\/www.mettmann.de\/web\/wp-content\/uploads\/2022\/06\/Weinsommer-ME-Impulse-1024x591.png\" \/>\n\t<meta property=\"og:image:width\" content=\"1024\" \/>\n\t<meta property=\"og:image:height\" content=\"591\" \/>\n\t<meta property=\"og:image:type\" content=\"image\/png\" \/>\n<meta name=\"author\" content=\"LekiesT\" \/>\n<meta name=\"twitter:card\" content=\"summary_large_image\" \/>\n<meta name=\"twitter:label1\" content=\"Verfasst von\" \/>\n\t<meta name=\"twitter:data1\" content=\"LekiesT\" \/>\n\t<meta name=\"twitter:label2\" content=\"Gesch\u00e4tzte Lesezeit\" \/>\n\t<meta name=\"twitter:data2\" content=\"1\u00a0Minute\" \/>\n<script type=\"application\/ld+json\" class=\"yoast-schema-graph\">{\"@context\":\"https:\/\/schema.org\",\"@graph\":[{\"@type\":\"Article\",\"@id\":\"https:\/\/www.mettmann.de\/web\/12-mettmanner-weinsommer-findet-vom-7-bis-9-juli-rund-um-st-lambertus-statt\/#article\",\"isPartOf\":{\"@id\":\"https:\/\/www.mettmann.de\/web\/12-mettmanner-weinsommer-findet-vom-7-bis-9-juli-rund-um-st-lambertus-statt\/\"},\"author\":{\"name\":\"LekiesT\",\"@id\":\"https:\/\/www.mettmann.de\/web\/#\/schema\/person\/c0deeeba8d377efe8e769dc7f56c2292\"},\"headline\":\"12. Mettmanner Weinsommer findet vom 7. bis 9. Juli rund um St. Lambertus statt\",\"datePublished\":\"2023-06-30T07:52:21+00:00\",\"dateModified\":\"2023-06-30T07:52:50+00:00\",\"mainEntityOfPage\":{\"@id\":\"https:\/\/www.mettmann.de\/web\/12-mettmanner-weinsommer-findet-vom-7-bis-9-juli-rund-um-st-lambertus-statt\/\"},\"wordCount\":251,\"publisher\":{\"@id\":\"https:\/\/www.mettmann.de\/web\/#organization\"},\"image\":{\"@id\":\"https:\/\/www.mettmann.de\/web\/12-mettmanner-weinsommer-findet-vom-7-bis-9-juli-rund-um-st-lambertus-statt\/#primaryimage\"},\"thumbnailUrl\":\"https:\/\/www.mettmann.de\/web\/wp-content\/uploads\/2022\/06\/Weinsommer-ME-Impulse.png\",\"keywords\":[\"https:\/\/www.mettmann.de\/web\/wp-admin\/media-upload.php?post_id=29659&amp;type=image&amp;TB_iframe=1\",\"Marktplatz\",\"Mettmann\",\"St. Lambertus\",\"Weinsommer\"],\"inLanguage\":\"de\"},{\"@type\":\"WebPage\",\"@id\":\"https:\/\/www.mettmann.de\/web\/12-mettmanner-weinsommer-findet-vom-7-bis-9-juli-rund-um-st-lambertus-statt\/\",\"url\":\"https:\/\/www.mettmann.de\/web\/12-mettmanner-weinsommer-findet-vom-7-bis-9-juli-rund-um-st-lambertus-statt\/\",\"name\":\"12. Mettmanner Weinsommer findet vom 7. bis 9. Juli rund um St. Lambertus statt\",\"isPartOf\":{\"@id\":\"https:\/\/www.mettmann.de\/web\/#website\"},\"primaryImageOfPage\":{\"@id\":\"https:\/\/www.mettmann.de\/web\/12-mettmanner-weinsommer-findet-vom-7-bis-9-juli-rund-um-st-lambertus-statt\/#primaryimage\"},\"image\":{\"@id\":\"https:\/\/www.mettmann.de\/web\/12-mettmanner-weinsommer-findet-vom-7-bis-9-juli-rund-um-st-lambertus-statt\/#primaryimage\"},\"thumbnailUrl\":\"https:\/\/www.mettmann.de\/web\/wp-content\/uploads\/2022\/06\/Weinsommer-ME-Impulse.png\",\"datePublished\":\"2023-06-30T07:52:21+00:00\",\"dateModified\":\"2023-06-30T07:52:50+00:00\",\"breadcrumb\":{\"@id\":\"https:\/\/www.mettmann.de\/web\/12-mettmanner-weinsommer-findet-vom-7-bis-9-juli-rund-um-st-lambertus-statt\/#breadcrumb\"},\"inLanguage\":\"de\",\"potentialAction\":[{\"@type\":\"ReadAction\",\"target\":[\"https:\/\/www.mettmann.de\/web\/12-mettmanner-weinsommer-findet-vom-7-bis-9-juli-rund-um-st-lambertus-statt\/\"]}]},{\"@type\":\"ImageObject\",\"inLanguage\":\"de\",\"@id\":\"https:\/\/www.mettmann.de\/web\/12-mettmanner-weinsommer-findet-vom-7-bis-9-juli-rund-um-st-lambertus-statt\/#primaryimage\",\"url\":\"https:\/\/www.mettmann.de\/web\/wp-content\/uploads\/2022\/06\/Weinsommer-ME-Impulse.png\",\"contentUrl\":\"https:\/\/www.mettmann.de\/web\/wp-content\/uploads\/2022\/06\/Weinsommer-ME-Impulse.png\",\"width\":1574,\"height\":909,\"caption\":\"Stimmungsvolle Atmosph\u00e4re in den Abendstunden des Mettmanner Weinsommers. (Archivfoto: ME-Impulse)\"},{\"@type\":\"BreadcrumbList\",\"@id\":\"https:\/\/www.mettmann.de\/web\/12-mettmanner-weinsommer-findet-vom-7-bis-9-juli-rund-um-st-lambertus-statt\/#breadcrumb\",\"itemListElement\":[{\"@type\":\"ListItem\",\"position\":1,\"name\":\"Startseite\",\"item\":\"https:\/\/www.mettmann.de\/web\/\"},{\"@type\":\"ListItem\",\"position\":2,\"name\":\"12. Mettmanner Weinsommer findet vom 7. bis 9. Juli rund um St. Lambertus statt\"}]},{\"@type\":\"WebSite\",\"@id\":\"https:\/\/www.mettmann.de\/web\/#website\",\"url\":\"https:\/\/www.mettmann.de\/web\/\",\"name\":\"Stadtverwaltung Mettmann\",\"description\":\"Internetseite der Kreisstadt Mettmann\",\"publisher\":{\"@id\":\"https:\/\/www.mettmann.de\/web\/#organization\"},\"potentialAction\":[{\"@type\":\"SearchAction\",\"target\":{\"@type\":\"EntryPoint\",\"urlTemplate\":\"https:\/\/www.mettmann.de\/web\/?s={search_term_string}\"},\"query-input\":{\"@type\":\"PropertyValueSpecification\",\"valueRequired\":true,\"valueName\":\"search_term_string\"}}],\"inLanguage\":\"de\"},{\"@type\":\"Organization\",\"@id\":\"https:\/\/www.mettmann.de\/web\/#organization\",\"name\":\"Kreisstadt Mettmann\",\"url\":\"https:\/\/www.mettmann.de\/web\/\",\"logo\":{\"@type\":\"ImageObject\",\"inLanguage\":\"de\",\"@id\":\"https:\/\/www.mettmann.de\/web\/#\/schema\/logo\/image\/\",\"url\":\"https:\/\/www.mettmann.de\/web\/wp-content\/uploads\/2019\/08\/Kreisstadt_Mettmann_Logo_RGB_150dpi.png\",\"contentUrl\":\"https:\/\/www.mettmann.de\/web\/wp-content\/uploads\/2019\/08\/Kreisstadt_Mettmann_Logo_RGB_150dpi.png\",\"width\":1302,\"height\":191,\"caption\":\"Kreisstadt Mettmann\"},\"image\":{\"@id\":\"https:\/\/www.mettmann.de\/web\/#\/schema\/logo\/image\/\"},\"sameAs\":[\"https:\/\/www.facebook.com\/kreisstadt.mettmann\",\"https:\/\/de.wikipedia.org\/wiki\/Mettmann\"]},{\"@type\":\"Person\",\"@id\":\"https:\/\/www.mettmann.de\/web\/#\/schema\/person\/c0deeeba8d377efe8e769dc7f56c2292\",\"name\":\"LekiesT\"}]}<\/script>\n<!-- \/ Yoast SEO plugin. -->","yoast_head_json":{"title":"12. Mettmanner Weinsommer findet vom 7. bis 9. Juli rund um St. Lambertus statt","robots":{"index":"index","follow":"follow","max-snippet":"max-snippet:-1","max-image-preview":"max-image-preview:large","max-video-preview":"max-video-preview:-1"},"canonical":"https:\/\/www.mettmann.de\/web\/12-mettmanner-weinsommer-findet-vom-7-bis-9-juli-rund-um-st-lambertus-statt\/","og_locale":"de_DE","og_type":"article","og_title":"12. Mettmanner Weinsommer findet vom 7. bis 9. Juli rund um St. Lambertus statt","og_description":"Nach dem Sch\u00fctzenfest der St. Sebastianus Sch\u00fctzenbruderschaft mit der Johanniskirmes findet \u00fcbern\u00e4chstes Wochenende das n\u00e4chste gro\u00dfe Sommer-Event statt. Zum 12. Mal veranstaltet die Webegemeinschaft &#8222;Mettmann Impulse&#8220; auf dem Markt rund um St. Lambertus den Mettmanner...","og_url":"https:\/\/www.mettmann.de\/web\/12-mettmanner-weinsommer-findet-vom-7-bis-9-juli-rund-um-st-lambertus-statt\/","og_site_name":"Stadtverwaltung Mettmann","article_publisher":"https:\/\/www.facebook.com\/kreisstadt.mettmann","article_published_time":"2023-06-30T07:52:21+00:00","article_modified_time":"2023-06-30T07:52:50+00:00","og_image":[{"width":1024,"height":591,"url":"https:\/\/www.mettmann.de\/web\/wp-content\/uploads\/2022\/06\/Weinsommer-ME-Impulse-1024x591.png","type":"image\/png"}],"author":"LekiesT","twitter_card":"summary_large_image","twitter_misc":{"Verfasst von":"LekiesT","Gesch\u00e4tzte Lesezeit":"1\u00a0Minute"},"schema":{"@context":"https:\/\/schema.org","@graph":[{"@type":"Article","@id":"https:\/\/www.mettmann.de\/web\/12-mettmanner-weinsommer-findet-vom-7-bis-9-juli-rund-um-st-lambertus-statt\/#article","isPartOf":{"@id":"https:\/\/www.mettmann.de\/web\/12-mettmanner-weinsommer-findet-vom-7-bis-9-juli-rund-um-st-lambertus-statt\/"},"author":{"name":"LekiesT","@id":"https:\/\/www.mettmann.de\/web\/#\/schema\/person\/c0deeeba8d377efe8e769dc7f56c2292"},"headline":"12. Mettmanner Weinsommer findet vom 7. bis 9. Juli rund um St. Lambertus statt","datePublished":"2023-06-30T07:52:21+00:00","dateModified":"2023-06-30T07:52:50+00:00","mainEntityOfPage":{"@id":"https:\/\/www.mettmann.de\/web\/12-mettmanner-weinsommer-findet-vom-7-bis-9-juli-rund-um-st-lambertus-statt\/"},"wordCount":251,"publisher":{"@id":"https:\/\/www.mettmann.de\/web\/#organization"},"image":{"@id":"https:\/\/www.mettmann.de\/web\/12-mettmanner-weinsommer-findet-vom-7-bis-9-juli-rund-um-st-lambertus-statt\/#primaryimage"},"thumbnailUrl":"https:\/\/www.mettmann.de\/web\/wp-content\/uploads\/2022\/06\/Weinsommer-ME-Impulse.png","keywords":["https:\/\/www.mettmann.de\/web\/wp-admin\/media-upload.php?post_id=29659&amp;type=image&amp;TB_iframe=1","Marktplatz","Mettmann","St. Lambertus","Weinsommer"],"inLanguage":"de"},{"@type":"WebPage","@id":"https:\/\/www.mettmann.de\/web\/12-mettmanner-weinsommer-findet-vom-7-bis-9-juli-rund-um-st-lambertus-statt\/","url":"https:\/\/www.mettmann.de\/web\/12-mettmanner-weinsommer-findet-vom-7-bis-9-juli-rund-um-st-lambertus-statt\/","name":"12. Mettmanner Weinsommer findet vom 7. bis 9. Juli rund um St. Lambertus statt","isPartOf":{"@id":"https:\/\/www.mettmann.de\/web\/#website"},"primaryImageOfPage":{"@id":"https:\/\/www.mettmann.de\/web\/12-mettmanner-weinsommer-findet-vom-7-bis-9-juli-rund-um-st-lambertus-statt\/#primaryimage"},"image":{"@id":"https:\/\/www.mettmann.de\/web\/12-mettmanner-weinsommer-findet-vom-7-bis-9-juli-rund-um-st-lambertus-statt\/#primaryimage"},"thumbnailUrl":"https:\/\/www.mettmann.de\/web\/wp-content\/uploads\/2022\/06\/Weinsommer-ME-Impulse.png","datePublished":"2023-06-30T07:52:21+00:00","dateModified":"2023-06-30T07:52:50+00:00","breadcrumb":{"@id":"https:\/\/www.mettmann.de\/web\/12-mettmanner-weinsommer-findet-vom-7-bis-9-juli-rund-um-st-lambertus-statt\/#breadcrumb"},"inLanguage":"de","potentialAction":[{"@type":"ReadAction","target":["https:\/\/www.mettmann.de\/web\/12-mettmanner-weinsommer-findet-vom-7-bis-9-juli-rund-um-st-lambertus-statt\/"]}]},{"@type":"ImageObject","inLanguage":"de","@id":"https:\/\/www.mettmann.de\/web\/12-mettmanner-weinsommer-findet-vom-7-bis-9-juli-rund-um-st-lambertus-statt\/#primaryimage","url":"https:\/\/www.mettmann.de\/web\/wp-content\/uploads\/2022\/06\/Weinsommer-ME-Impulse.png","contentUrl":"https:\/\/www.mettmann.de\/web\/wp-content\/uploads\/2022\/06\/Weinsommer-ME-Impulse.png","width":1574,"height":909,"caption":"Stimmungsvolle Atmosph\u00e4re in den Abendstunden des Mettmanner Weinsommers. (Archivfoto: ME-Impulse)"},{"@type":"BreadcrumbList","@id":"https:\/\/www.mettmann.de\/web\/12-mettmanner-weinsommer-findet-vom-7-bis-9-juli-rund-um-st-lambertus-statt\/#breadcrumb","itemListElement":[{"@type":"ListItem","position":1,"name":"Startseite","item":"https:\/\/www.mettmann.de\/web\/"},{"@type":"ListItem","position":2,"name":"12. Mettmanner Weinsommer findet vom 7. bis 9. Juli rund um St. Lambertus statt"}]},{"@type":"WebSite","@id":"https:\/\/www.mettmann.de\/web\/#website","url":"https:\/\/www.mettmann.de\/web\/","name":"Stadtverwaltung Mettmann","description":"Internetseite der Kreisstadt Mettmann","publisher":{"@id":"https:\/\/www.mettmann.de\/web\/#organization"},"potentialAction":[{"@type":"SearchAction","target":{"@type":"EntryPoint","urlTemplate":"https:\/\/www.mettmann.de\/web\/?s={search_term_string}"},"query-input":{"@type":"PropertyValueSpecification","valueRequired":true,"valueName":"search_term_string"}}],"inLanguage":"de"},{"@type":"Organization","@id":"https:\/\/www.mettmann.de\/web\/#organization","name":"Kreisstadt Mettmann","url":"https:\/\/www.mettmann.de\/web\/","logo":{"@type":"ImageObject","inLanguage":"de","@id":"https:\/\/www.mettmann.de\/web\/#\/schema\/logo\/image\/","url":"https:\/\/www.mettmann.de\/web\/wp-content\/uploads\/2019\/08\/Kreisstadt_Mettmann_Logo_RGB_150dpi.png","contentUrl":"https:\/\/www.mettmann.de\/web\/wp-content\/uploads\/2019\/08\/Kreisstadt_Mettmann_Logo_RGB_150dpi.png","width":1302,"height":191,"caption":"Kreisstadt Mettmann"},"image":{"@id":"https:\/\/www.mettmann.de\/web\/#\/schema\/logo\/image\/"},"sameAs":["https:\/\/www.facebook.com\/kreisstadt.mettmann","https:\/\/de.wikipedia.org\/wiki\/Mettmann"]},{"@type":"Person","@id":"https:\/\/www.mettmann.de\/web\/#\/schema\/person\/c0deeeba8d377efe8e769dc7f56c2292","name":"LekiesT"}]}},"_links":{"self":[{"href":"https:\/\/www.mettmann.de\/web\/wp-json\/wp\/v2\/posts\/29659","targetHints":{"allow":["GET"]}}],"collection":[{"href":"https:\/\/www.mettmann.de\/web\/wp-json\/wp\/v2\/posts"}],"about":[{"href":"https:\/\/www.mettmann.de\/web\/wp-json\/wp\/v2\/types\/post"}],"author":[{"embeddable":true,"href":"https:\/\/www.mettmann.de\/web\/wp-json\/wp\/v2\/users\/2"}],"replies":[{"embeddable":true,"href":"https:\/\/www.mettmann.de\/web\/wp-json\/wp\/v2\/comments?post=29659"}],"version-history":[{"count":18,"href":"https:\/\/www.mettmann.de\/web\/wp-json\/wp\/v2\/posts\/29659\/revisions"}],"predecessor-version":[{"id":29678,"href":"https:\/\/www.mettmann.de\/web\/wp-json\/wp\/v2\/posts\/29659\/revisions\/29678"}],"wp:featuredmedia":[{"embeddable":true,"href":"https:\/\/www.mettmann.de\/web\/wp-json\/wp\/v2\/media\/21245"}],"wp:attachment":[{"href":"https:\/\/www.mettmann.de\/web\/wp-json\/wp\/v2\/media?parent=29659"}],"wp:term":[{"taxonomy":"category","embeddable":true,"href":"https:\/\/www.mettmann.de\/web\/wp-json\/wp\/v2\/categories?post=29659"},{"taxonomy":"post_tag","embeddable":true,"href":"https:\/\/www.mettmann.de\/web\/wp-json\/wp\/v2\/tags?post=29659"}],"curies":[{"name":"wp","href":"https:\/\/api.w.org\/{rel}","templated":true}]}}