{"id":34519,"date":"2023-11-02T11:48:26","date_gmt":"2023-11-02T10:48:26","guid":{"rendered":"https:\/\/www.mettmann.de\/web\/?p=34519"},"modified":"2023-11-02T11:52:14","modified_gmt":"2023-11-02T10:52:14","slug":"ehepaar-fiedrich-feierte-eiserne-hochzeit","status":"publish","type":"post","link":"https:\/\/www.mettmann.de\/web\/ehepaar-fiedrich-feierte-eiserne-hochzeit\/","title":{"rendered":"Ehepaar Fiedrich feierte Eiserne Hochzeit"},"content":{"rendered":"<p>Im Namen von Rat und Verwaltung hat die stellvertretende B\u00fcrgermeisterin Ute St\u00f6cker dem Ehepaar Lieselotte und Helmuth Fiedrich zur Eisernen Hochzeit gratuliert. Am 31. Oktober 1958 hatte das Paar vor 65 Jahren geheiratet.<\/p>\n<p>Lieselotte und Helmut Fiedrich stammen aus Ostpreu\u00dfen und hatten sich 1956 auf einer Tanzveranstaltung kennengelernt. Zwei Jahre sp\u00e4ter heirateten sie in Sensburg. Der Wunsch des Ehepaares, die alte Heimat Ostpreu\u00dfen, die zu Polen geh\u00f6rte, zu verlassen und nach Deutschland auszureisen, wurde zun\u00e4chst von den Beh\u00f6rden abgelehnt. Nach mehreren Absagen und Widerspr\u00fcchen durfte die Familie \u2013 1960 war Sohn Hartmut geboren worden \u2013 schlie\u00dflich 1967 Polen verlassen. Mettmann wurde die neue Heimat, wo auch die Eltern lebten.<\/p>\n<p>Fiedrich bekam eine Anstellung in der Nebenstelle Mettmann des Arbeitsamtes Wuppertal. Nach der Gebietsreform wurde die Mettmanner Nebenstelle dem Arbeitsamt D\u00fcsseldorf zugewiesen. Dort hat Fiedrich als Diplom-Verwaltungswirt und Arbeitsvermittler in 33 Jahren viele arbeitssuchende Menschen in Lohn und Brot gebracht. Lieselotte Fiedrich arbeitete bei den Krewel-Werken Mettmann und danach viele Jahre bei Pelzmoden Meinerzhagen in Mettmann.<\/p>\n","protected":false},"excerpt":{"rendered":"<p>Im Namen von Rat und Verwaltung hat die stellvertretende B\u00fcrgermeisterin Ute St\u00f6cker dem Ehepaar Lieselotte und Helmuth Fiedrich zur Eisernen Hochzeit gratuliert. Am 31. Oktober 1958 hatte das Paar vor 65 Jahren geheiratet. Lieselotte und&#8230;<\/p>\n","protected":false},"author":2,"featured_media":34536,"comment_status":"closed","ping_status":"closed","sticky":false,"template":"","format":"standard","meta":{"ngg_post_thumbnail":0,"footnotes":""},"categories":[1],"tags":[],"class_list":["post-34519","post","type-post","status-publish","format-standard","has-post-thumbnail","hentry","category-allgemein"],"yoast_head":"<!-- This site is optimized with the Yoast SEO plugin v27.2 - https:\/\/yoast.com\/product\/yoast-seo-wordpress\/ -->\n<title>Ehepaar Fiedrich feierte Eiserne Hochzeit<\/title>\n<meta name=\"robots\" content=\"index, follow, max-snippet:-1, max-image-preview:large, max-video-preview:-1\" \/>\n<link rel=\"canonical\" href=\"https:\/\/www.mettmann.de\/web\/ehepaar-fiedrich-feierte-eiserne-hochzeit\/\" \/>\n<meta property=\"og:locale\" content=\"de_DE\" \/>\n<meta property=\"og:type\" content=\"article\" \/>\n<meta property=\"og:title\" content=\"Ehepaar Fiedrich feierte Eiserne Hochzeit\" \/>\n<meta property=\"og:description\" content=\"Im Namen von Rat und Verwaltung hat die stellvertretende B\u00fcrgermeisterin Ute St\u00f6cker dem Ehepaar Lieselotte und Helmuth Fiedrich zur Eisernen Hochzeit gratuliert. Am 31. Oktober 1958 hatte das Paar vor 65 Jahren geheiratet. Lieselotte und...\" \/>\n<meta property=\"og:url\" content=\"https:\/\/www.mettmann.de\/web\/ehepaar-fiedrich-feierte-eiserne-hochzeit\/\" \/>\n<meta property=\"og:site_name\" content=\"Stadtverwaltung Mettmann\" \/>\n<meta property=\"article:publisher\" content=\"https:\/\/www.facebook.com\/kreisstadt.mettmann\" \/>\n<meta property=\"article:published_time\" content=\"2023-11-02T10:48:26+00:00\" \/>\n<meta property=\"article:modified_time\" content=\"2023-11-02T10:52:14+00:00\" \/>\n<meta property=\"og:image\" content=\"https:\/\/www.mettmann.de\/web\/wp-content\/uploads\/2023\/11\/Eiseren-Hochzeit-Ehepaar-Fiedrich.jpg\" \/>\n\t<meta property=\"og:image:width\" content=\"478\" \/>\n\t<meta property=\"og:image:height\" content=\"360\" \/>\n\t<meta property=\"og:image:type\" content=\"image\/jpeg\" \/>\n<meta name=\"author\" content=\"LekiesT\" \/>\n<meta name=\"twitter:card\" content=\"summary_large_image\" \/>\n<meta name=\"twitter:label1\" content=\"Verfasst von\" \/>\n\t<meta name=\"twitter:data1\" content=\"LekiesT\" \/>\n\t<meta name=\"twitter:label2\" content=\"Gesch\u00e4tzte Lesezeit\" \/>\n\t<meta name=\"twitter:data2\" content=\"1\u00a0Minute\" \/>\n<script type=\"application\/ld+json\" class=\"yoast-schema-graph\">{\"@context\":\"https:\/\/schema.org\",\"@graph\":[{\"@type\":\"Article\",\"@id\":\"https:\/\/www.mettmann.de\/web\/ehepaar-fiedrich-feierte-eiserne-hochzeit\/#article\",\"isPartOf\":{\"@id\":\"https:\/\/www.mettmann.de\/web\/ehepaar-fiedrich-feierte-eiserne-hochzeit\/\"},\"author\":{\"name\":\"LekiesT\",\"@id\":\"https:\/\/www.mettmann.de\/web\/#\/schema\/person\/c0deeeba8d377efe8e769dc7f56c2292\"},\"headline\":\"Ehepaar Fiedrich feierte Eiserne Hochzeit\",\"datePublished\":\"2023-11-02T10:48:26+00:00\",\"dateModified\":\"2023-11-02T10:52:14+00:00\",\"mainEntityOfPage\":{\"@id\":\"https:\/\/www.mettmann.de\/web\/ehepaar-fiedrich-feierte-eiserne-hochzeit\/\"},\"wordCount\":172,\"publisher\":{\"@id\":\"https:\/\/www.mettmann.de\/web\/#organization\"},\"image\":{\"@id\":\"https:\/\/www.mettmann.de\/web\/ehepaar-fiedrich-feierte-eiserne-hochzeit\/#primaryimage\"},\"thumbnailUrl\":\"https:\/\/www.mettmann.de\/web\/wp-content\/uploads\/2023\/11\/Eiseren-Hochzeit-Ehepaar-Fiedrich.jpg\",\"inLanguage\":\"de\"},{\"@type\":\"WebPage\",\"@id\":\"https:\/\/www.mettmann.de\/web\/ehepaar-fiedrich-feierte-eiserne-hochzeit\/\",\"url\":\"https:\/\/www.mettmann.de\/web\/ehepaar-fiedrich-feierte-eiserne-hochzeit\/\",\"name\":\"Ehepaar Fiedrich feierte Eiserne Hochzeit\",\"isPartOf\":{\"@id\":\"https:\/\/www.mettmann.de\/web\/#website\"},\"primaryImageOfPage\":{\"@id\":\"https:\/\/www.mettmann.de\/web\/ehepaar-fiedrich-feierte-eiserne-hochzeit\/#primaryimage\"},\"image\":{\"@id\":\"https:\/\/www.mettmann.de\/web\/ehepaar-fiedrich-feierte-eiserne-hochzeit\/#primaryimage\"},\"thumbnailUrl\":\"https:\/\/www.mettmann.de\/web\/wp-content\/uploads\/2023\/11\/Eiseren-Hochzeit-Ehepaar-Fiedrich.jpg\",\"datePublished\":\"2023-11-02T10:48:26+00:00\",\"dateModified\":\"2023-11-02T10:52:14+00:00\",\"breadcrumb\":{\"@id\":\"https:\/\/www.mettmann.de\/web\/ehepaar-fiedrich-feierte-eiserne-hochzeit\/#breadcrumb\"},\"inLanguage\":\"de\",\"potentialAction\":[{\"@type\":\"ReadAction\",\"target\":[\"https:\/\/www.mettmann.de\/web\/ehepaar-fiedrich-feierte-eiserne-hochzeit\/\"]}]},{\"@type\":\"ImageObject\",\"inLanguage\":\"de\",\"@id\":\"https:\/\/www.mettmann.de\/web\/ehepaar-fiedrich-feierte-eiserne-hochzeit\/#primaryimage\",\"url\":\"https:\/\/www.mettmann.de\/web\/wp-content\/uploads\/2023\/11\/Eiseren-Hochzeit-Ehepaar-Fiedrich.jpg\",\"contentUrl\":\"https:\/\/www.mettmann.de\/web\/wp-content\/uploads\/2023\/11\/Eiseren-Hochzeit-Ehepaar-Fiedrich.jpg\",\"width\":478,\"height\":360,\"caption\":\"Die stellvertretende B\u00fcrgermeisterin Ute St\u00f6cker gratulierte zur Eisernen Hochzeit. (Foto: privat)\"},{\"@type\":\"BreadcrumbList\",\"@id\":\"https:\/\/www.mettmann.de\/web\/ehepaar-fiedrich-feierte-eiserne-hochzeit\/#breadcrumb\",\"itemListElement\":[{\"@type\":\"ListItem\",\"position\":1,\"name\":\"Startseite\",\"item\":\"https:\/\/www.mettmann.de\/web\/\"},{\"@type\":\"ListItem\",\"position\":2,\"name\":\"Ehepaar Fiedrich feierte Eiserne Hochzeit\"}]},{\"@type\":\"WebSite\",\"@id\":\"https:\/\/www.mettmann.de\/web\/#website\",\"url\":\"https:\/\/www.mettmann.de\/web\/\",\"name\":\"Stadtverwaltung Mettmann\",\"description\":\"Internetseite der Kreisstadt Mettmann\",\"publisher\":{\"@id\":\"https:\/\/www.mettmann.de\/web\/#organization\"},\"potentialAction\":[{\"@type\":\"SearchAction\",\"target\":{\"@type\":\"EntryPoint\",\"urlTemplate\":\"https:\/\/www.mettmann.de\/web\/?s={search_term_string}\"},\"query-input\":{\"@type\":\"PropertyValueSpecification\",\"valueRequired\":true,\"valueName\":\"search_term_string\"}}],\"inLanguage\":\"de\"},{\"@type\":\"Organization\",\"@id\":\"https:\/\/www.mettmann.de\/web\/#organization\",\"name\":\"Kreisstadt Mettmann\",\"url\":\"https:\/\/www.mettmann.de\/web\/\",\"logo\":{\"@type\":\"ImageObject\",\"inLanguage\":\"de\",\"@id\":\"https:\/\/www.mettmann.de\/web\/#\/schema\/logo\/image\/\",\"url\":\"https:\/\/www.mettmann.de\/web\/wp-content\/uploads\/2019\/08\/Kreisstadt_Mettmann_Logo_RGB_150dpi.png\",\"contentUrl\":\"https:\/\/www.mettmann.de\/web\/wp-content\/uploads\/2019\/08\/Kreisstadt_Mettmann_Logo_RGB_150dpi.png\",\"width\":1302,\"height\":191,\"caption\":\"Kreisstadt Mettmann\"},\"image\":{\"@id\":\"https:\/\/www.mettmann.de\/web\/#\/schema\/logo\/image\/\"},\"sameAs\":[\"https:\/\/www.facebook.com\/kreisstadt.mettmann\",\"https:\/\/de.wikipedia.org\/wiki\/Mettmann\"]},{\"@type\":\"Person\",\"@id\":\"https:\/\/www.mettmann.de\/web\/#\/schema\/person\/c0deeeba8d377efe8e769dc7f56c2292\",\"name\":\"LekiesT\"}]}<\/script>\n<!-- \/ Yoast SEO plugin. -->","yoast_head_json":{"title":"Ehepaar Fiedrich feierte Eiserne Hochzeit","robots":{"index":"index","follow":"follow","max-snippet":"max-snippet:-1","max-image-preview":"max-image-preview:large","max-video-preview":"max-video-preview:-1"},"canonical":"https:\/\/www.mettmann.de\/web\/ehepaar-fiedrich-feierte-eiserne-hochzeit\/","og_locale":"de_DE","og_type":"article","og_title":"Ehepaar Fiedrich feierte Eiserne Hochzeit","og_description":"Im Namen von Rat und Verwaltung hat die stellvertretende B\u00fcrgermeisterin Ute St\u00f6cker dem Ehepaar Lieselotte und Helmuth Fiedrich zur Eisernen Hochzeit gratuliert. Am 31. Oktober 1958 hatte das Paar vor 65 Jahren geheiratet. Lieselotte und...","og_url":"https:\/\/www.mettmann.de\/web\/ehepaar-fiedrich-feierte-eiserne-hochzeit\/","og_site_name":"Stadtverwaltung Mettmann","article_publisher":"https:\/\/www.facebook.com\/kreisstadt.mettmann","article_published_time":"2023-11-02T10:48:26+00:00","article_modified_time":"2023-11-02T10:52:14+00:00","og_image":[{"width":478,"height":360,"url":"https:\/\/www.mettmann.de\/web\/wp-content\/uploads\/2023\/11\/Eiseren-Hochzeit-Ehepaar-Fiedrich.jpg","type":"image\/jpeg"}],"author":"LekiesT","twitter_card":"summary_large_image","twitter_misc":{"Verfasst von":"LekiesT","Gesch\u00e4tzte Lesezeit":"1\u00a0Minute"},"schema":{"@context":"https:\/\/schema.org","@graph":[{"@type":"Article","@id":"https:\/\/www.mettmann.de\/web\/ehepaar-fiedrich-feierte-eiserne-hochzeit\/#article","isPartOf":{"@id":"https:\/\/www.mettmann.de\/web\/ehepaar-fiedrich-feierte-eiserne-hochzeit\/"},"author":{"name":"LekiesT","@id":"https:\/\/www.mettmann.de\/web\/#\/schema\/person\/c0deeeba8d377efe8e769dc7f56c2292"},"headline":"Ehepaar Fiedrich feierte Eiserne Hochzeit","datePublished":"2023-11-02T10:48:26+00:00","dateModified":"2023-11-02T10:52:14+00:00","mainEntityOfPage":{"@id":"https:\/\/www.mettmann.de\/web\/ehepaar-fiedrich-feierte-eiserne-hochzeit\/"},"wordCount":172,"publisher":{"@id":"https:\/\/www.mettmann.de\/web\/#organization"},"image":{"@id":"https:\/\/www.mettmann.de\/web\/ehepaar-fiedrich-feierte-eiserne-hochzeit\/#primaryimage"},"thumbnailUrl":"https:\/\/www.mettmann.de\/web\/wp-content\/uploads\/2023\/11\/Eiseren-Hochzeit-Ehepaar-Fiedrich.jpg","inLanguage":"de"},{"@type":"WebPage","@id":"https:\/\/www.mettmann.de\/web\/ehepaar-fiedrich-feierte-eiserne-hochzeit\/","url":"https:\/\/www.mettmann.de\/web\/ehepaar-fiedrich-feierte-eiserne-hochzeit\/","name":"Ehepaar Fiedrich feierte Eiserne Hochzeit","isPartOf":{"@id":"https:\/\/www.mettmann.de\/web\/#website"},"primaryImageOfPage":{"@id":"https:\/\/www.mettmann.de\/web\/ehepaar-fiedrich-feierte-eiserne-hochzeit\/#primaryimage"},"image":{"@id":"https:\/\/www.mettmann.de\/web\/ehepaar-fiedrich-feierte-eiserne-hochzeit\/#primaryimage"},"thumbnailUrl":"https:\/\/www.mettmann.de\/web\/wp-content\/uploads\/2023\/11\/Eiseren-Hochzeit-Ehepaar-Fiedrich.jpg","datePublished":"2023-11-02T10:48:26+00:00","dateModified":"2023-11-02T10:52:14+00:00","breadcrumb":{"@id":"https:\/\/www.mettmann.de\/web\/ehepaar-fiedrich-feierte-eiserne-hochzeit\/#breadcrumb"},"inLanguage":"de","potentialAction":[{"@type":"ReadAction","target":["https:\/\/www.mettmann.de\/web\/ehepaar-fiedrich-feierte-eiserne-hochzeit\/"]}]},{"@type":"ImageObject","inLanguage":"de","@id":"https:\/\/www.mettmann.de\/web\/ehepaar-fiedrich-feierte-eiserne-hochzeit\/#primaryimage","url":"https:\/\/www.mettmann.de\/web\/wp-content\/uploads\/2023\/11\/Eiseren-Hochzeit-Ehepaar-Fiedrich.jpg","contentUrl":"https:\/\/www.mettmann.de\/web\/wp-content\/uploads\/2023\/11\/Eiseren-Hochzeit-Ehepaar-Fiedrich.jpg","width":478,"height":360,"caption":"Die stellvertretende B\u00fcrgermeisterin Ute St\u00f6cker gratulierte zur Eisernen Hochzeit. (Foto: privat)"},{"@type":"BreadcrumbList","@id":"https:\/\/www.mettmann.de\/web\/ehepaar-fiedrich-feierte-eiserne-hochzeit\/#breadcrumb","itemListElement":[{"@type":"ListItem","position":1,"name":"Startseite","item":"https:\/\/www.mettmann.de\/web\/"},{"@type":"ListItem","position":2,"name":"Ehepaar Fiedrich feierte Eiserne Hochzeit"}]},{"@type":"WebSite","@id":"https:\/\/www.mettmann.de\/web\/#website","url":"https:\/\/www.mettmann.de\/web\/","name":"Stadtverwaltung Mettmann","description":"Internetseite der Kreisstadt Mettmann","publisher":{"@id":"https:\/\/www.mettmann.de\/web\/#organization"},"potentialAction":[{"@type":"SearchAction","target":{"@type":"EntryPoint","urlTemplate":"https:\/\/www.mettmann.de\/web\/?s={search_term_string}"},"query-input":{"@type":"PropertyValueSpecification","valueRequired":true,"valueName":"search_term_string"}}],"inLanguage":"de"},{"@type":"Organization","@id":"https:\/\/www.mettmann.de\/web\/#organization","name":"Kreisstadt Mettmann","url":"https:\/\/www.mettmann.de\/web\/","logo":{"@type":"ImageObject","inLanguage":"de","@id":"https:\/\/www.mettmann.de\/web\/#\/schema\/logo\/image\/","url":"https:\/\/www.mettmann.de\/web\/wp-content\/uploads\/2019\/08\/Kreisstadt_Mettmann_Logo_RGB_150dpi.png","contentUrl":"https:\/\/www.mettmann.de\/web\/wp-content\/uploads\/2019\/08\/Kreisstadt_Mettmann_Logo_RGB_150dpi.png","width":1302,"height":191,"caption":"Kreisstadt Mettmann"},"image":{"@id":"https:\/\/www.mettmann.de\/web\/#\/schema\/logo\/image\/"},"sameAs":["https:\/\/www.facebook.com\/kreisstadt.mettmann","https:\/\/de.wikipedia.org\/wiki\/Mettmann"]},{"@type":"Person","@id":"https:\/\/www.mettmann.de\/web\/#\/schema\/person\/c0deeeba8d377efe8e769dc7f56c2292","name":"LekiesT"}]}},"_links":{"self":[{"href":"https:\/\/www.mettmann.de\/web\/wp-json\/wp\/v2\/posts\/34519","targetHints":{"allow":["GET"]}}],"collection":[{"href":"https:\/\/www.mettmann.de\/web\/wp-json\/wp\/v2\/posts"}],"about":[{"href":"https:\/\/www.mettmann.de\/web\/wp-json\/wp\/v2\/types\/post"}],"author":[{"embeddable":true,"href":"https:\/\/www.mettmann.de\/web\/wp-json\/wp\/v2\/users\/2"}],"replies":[{"embeddable":true,"href":"https:\/\/www.mettmann.de\/web\/wp-json\/wp\/v2\/comments?post=34519"}],"version-history":[{"count":7,"href":"https:\/\/www.mettmann.de\/web\/wp-json\/wp\/v2\/posts\/34519\/revisions"}],"predecessor-version":[{"id":34535,"href":"https:\/\/www.mettmann.de\/web\/wp-json\/wp\/v2\/posts\/34519\/revisions\/34535"}],"wp:featuredmedia":[{"embeddable":true,"href":"https:\/\/www.mettmann.de\/web\/wp-json\/wp\/v2\/media\/34536"}],"wp:attachment":[{"href":"https:\/\/www.mettmann.de\/web\/wp-json\/wp\/v2\/media?parent=34519"}],"wp:term":[{"taxonomy":"category","embeddable":true,"href":"https:\/\/www.mettmann.de\/web\/wp-json\/wp\/v2\/categories?post=34519"},{"taxonomy":"post_tag","embeddable":true,"href":"https:\/\/www.mettmann.de\/web\/wp-json\/wp\/v2\/tags?post=34519"}],"curies":[{"name":"wp","href":"https:\/\/api.w.org\/{rel}","templated":true}]}}