{"id":4111,"date":"2020-02-25T16:13:43","date_gmt":"2020-02-25T15:13:43","guid":{"rendered":"https:\/\/www.mettmann.de\/web\/?p=4111"},"modified":"2020-02-27T09:55:01","modified_gmt":"2020-02-27T08:55:01","slug":"runder-tisch-fuer-fluechtlingsunterstuetzung-tagt","status":"publish","type":"post","link":"https:\/\/www.mettmann.de\/web\/runder-tisch-fuer-fluechtlingsunterstuetzung-tagt\/","title":{"rendered":"Runder Tisch f\u00fcr Fl\u00fcchtlingsunterst\u00fctzung tagt"},"content":{"rendered":"<p>Am Donnerstag, 12. M\u00e4rz, tagt zum ersten Mal in diesem Jahr der Runde Tisch f\u00fcr Fl\u00fcchtlingsunterst\u00fctzung um 17 Uhr im gro\u00dfen Sitzungssaal des Rathauses, Neanderstra\u00dfe 85.<\/p>\n<p>Eingeladen sind vor allem Personen und Institutionen, die sich ehrenamtlich um gefl\u00fcchtete Menschen in Mettmann k\u00fcmmern. Das Dezernat Bildung, Jugend und Soziales sowie die Integrationsbeauftragte Susanne Butzke werden von der Arbeit und Projekten aus dem Bereich der Fl\u00fcchtlingsunterst\u00fctzung berichten.<\/p>\n<p>Dar\u00fcber hinaus soll der Runde Tisch f\u00fcr Fl\u00fcchtlingsunterst\u00fctzung dem Austausch untereinander und dem Aufbau neuer Kontakte dienen. Werden weitere Gespr\u00e4chsschwerpunkte gew\u00fcnscht, k\u00f6nnen sich die Teilnehmer vorab an Susanne Butzke wenden, Telefon 02104 \/ 174 2355, E-Mail <a href=\"mailto:susanne.butzke@mettmann.de\">susanne.butzke@mettmann.de<\/a>.<\/p>\n<p>Weitere Termine in diesem Jahr sind am 20. August und 10. Dezember geplant.<\/p>\n<p>&nbsp;<\/p>\n","protected":false},"excerpt":{"rendered":"<p>Am Donnerstag, 12. M\u00e4rz, tagt zum ersten Mal in diesem Jahr der Runde Tisch f\u00fcr Fl\u00fcchtlingsunterst\u00fctzung um 17 Uhr im gro\u00dfen Sitzungssaal des Rathauses, Neanderstra\u00dfe 85. Eingeladen sind vor allem Personen und Institutionen, die sich&#8230;<\/p>\n","protected":false},"author":2,"featured_media":849,"comment_status":"closed","ping_status":"open","sticky":false,"template":"","format":"standard","meta":{"ngg_post_thumbnail":0,"footnotes":""},"categories":[1],"tags":[],"class_list":["post-4111","post","type-post","status-publish","format-standard","has-post-thumbnail","hentry","category-allgemein"],"yoast_head":"<!-- This site is optimized with the Yoast SEO plugin v27.2 - https:\/\/yoast.com\/product\/yoast-seo-wordpress\/ -->\n<title>Runder Tisch f\u00fcr Fl\u00fcchtlingsunterst\u00fctzung tagt<\/title>\n<meta name=\"robots\" content=\"index, follow, max-snippet:-1, max-image-preview:large, max-video-preview:-1\" \/>\n<link rel=\"canonical\" href=\"https:\/\/www.mettmann.de\/web\/runder-tisch-fuer-fluechtlingsunterstuetzung-tagt\/\" \/>\n<meta property=\"og:locale\" content=\"de_DE\" \/>\n<meta property=\"og:type\" content=\"article\" \/>\n<meta property=\"og:title\" content=\"Runder Tisch f\u00fcr Fl\u00fcchtlingsunterst\u00fctzung tagt\" \/>\n<meta property=\"og:description\" content=\"Am Donnerstag, 12. M\u00e4rz, tagt zum ersten Mal in diesem Jahr der Runde Tisch f\u00fcr Fl\u00fcchtlingsunterst\u00fctzung um 17 Uhr im gro\u00dfen Sitzungssaal des Rathauses, Neanderstra\u00dfe 85. Eingeladen sind vor allem Personen und Institutionen, die sich...\" \/>\n<meta property=\"og:url\" content=\"https:\/\/www.mettmann.de\/web\/runder-tisch-fuer-fluechtlingsunterstuetzung-tagt\/\" \/>\n<meta property=\"og:site_name\" content=\"Stadtverwaltung Mettmann\" \/>\n<meta property=\"article:publisher\" content=\"https:\/\/www.facebook.com\/kreisstadt.mettmann\" \/>\n<meta property=\"article:published_time\" content=\"2020-02-25T15:13:43+00:00\" \/>\n<meta property=\"article:modified_time\" content=\"2020-02-27T08:55:01+00:00\" \/>\n<meta property=\"og:image\" content=\"https:\/\/www.mettmann.de\/web\/wp-content\/uploads\/2019\/09\/termin_rainer_sturm_pixelio.jpg\" \/>\n\t<meta property=\"og:image:width\" content=\"945\" \/>\n\t<meta property=\"og:image:height\" content=\"630\" \/>\n\t<meta property=\"og:image:type\" content=\"image\/jpeg\" \/>\n<meta name=\"author\" content=\"LekiesT\" \/>\n<meta name=\"twitter:card\" content=\"summary_large_image\" \/>\n<meta name=\"twitter:label1\" content=\"Verfasst von\" \/>\n\t<meta name=\"twitter:data1\" content=\"LekiesT\" \/>\n\t<meta name=\"twitter:label2\" content=\"Gesch\u00e4tzte Lesezeit\" \/>\n\t<meta name=\"twitter:data2\" content=\"1\u00a0Minute\" \/>\n<script type=\"application\/ld+json\" class=\"yoast-schema-graph\">{\"@context\":\"https:\/\/schema.org\",\"@graph\":[{\"@type\":\"Article\",\"@id\":\"https:\/\/www.mettmann.de\/web\/runder-tisch-fuer-fluechtlingsunterstuetzung-tagt\/#article\",\"isPartOf\":{\"@id\":\"https:\/\/www.mettmann.de\/web\/runder-tisch-fuer-fluechtlingsunterstuetzung-tagt\/\"},\"author\":{\"name\":\"LekiesT\",\"@id\":\"https:\/\/www.mettmann.de\/web\/#\/schema\/person\/c0deeeba8d377efe8e769dc7f56c2292\"},\"headline\":\"Runder Tisch f\u00fcr Fl\u00fcchtlingsunterst\u00fctzung tagt\",\"datePublished\":\"2020-02-25T15:13:43+00:00\",\"dateModified\":\"2020-02-27T08:55:01+00:00\",\"mainEntityOfPage\":{\"@id\":\"https:\/\/www.mettmann.de\/web\/runder-tisch-fuer-fluechtlingsunterstuetzung-tagt\/\"},\"wordCount\":135,\"publisher\":{\"@id\":\"https:\/\/www.mettmann.de\/web\/#organization\"},\"image\":{\"@id\":\"https:\/\/www.mettmann.de\/web\/runder-tisch-fuer-fluechtlingsunterstuetzung-tagt\/#primaryimage\"},\"thumbnailUrl\":\"https:\/\/www.mettmann.de\/web\/wp-content\/uploads\/2019\/09\/termin_rainer_sturm_pixelio.jpg\",\"inLanguage\":\"de\"},{\"@type\":\"WebPage\",\"@id\":\"https:\/\/www.mettmann.de\/web\/runder-tisch-fuer-fluechtlingsunterstuetzung-tagt\/\",\"url\":\"https:\/\/www.mettmann.de\/web\/runder-tisch-fuer-fluechtlingsunterstuetzung-tagt\/\",\"name\":\"Runder Tisch f\u00fcr Fl\u00fcchtlingsunterst\u00fctzung tagt\",\"isPartOf\":{\"@id\":\"https:\/\/www.mettmann.de\/web\/#website\"},\"primaryImageOfPage\":{\"@id\":\"https:\/\/www.mettmann.de\/web\/runder-tisch-fuer-fluechtlingsunterstuetzung-tagt\/#primaryimage\"},\"image\":{\"@id\":\"https:\/\/www.mettmann.de\/web\/runder-tisch-fuer-fluechtlingsunterstuetzung-tagt\/#primaryimage\"},\"thumbnailUrl\":\"https:\/\/www.mettmann.de\/web\/wp-content\/uploads\/2019\/09\/termin_rainer_sturm_pixelio.jpg\",\"datePublished\":\"2020-02-25T15:13:43+00:00\",\"dateModified\":\"2020-02-27T08:55:01+00:00\",\"breadcrumb\":{\"@id\":\"https:\/\/www.mettmann.de\/web\/runder-tisch-fuer-fluechtlingsunterstuetzung-tagt\/#breadcrumb\"},\"inLanguage\":\"de\",\"potentialAction\":[{\"@type\":\"ReadAction\",\"target\":[\"https:\/\/www.mettmann.de\/web\/runder-tisch-fuer-fluechtlingsunterstuetzung-tagt\/\"]}]},{\"@type\":\"ImageObject\",\"inLanguage\":\"de\",\"@id\":\"https:\/\/www.mettmann.de\/web\/runder-tisch-fuer-fluechtlingsunterstuetzung-tagt\/#primaryimage\",\"url\":\"https:\/\/www.mettmann.de\/web\/wp-content\/uploads\/2019\/09\/termin_rainer_sturm_pixelio.jpg\",\"contentUrl\":\"https:\/\/www.mettmann.de\/web\/wp-content\/uploads\/2019\/09\/termin_rainer_sturm_pixelio.jpg\",\"width\":945,\"height\":630,\"caption\":\"Symbolfoto: Rainer Sturm \/ Pixelio\"},{\"@type\":\"BreadcrumbList\",\"@id\":\"https:\/\/www.mettmann.de\/web\/runder-tisch-fuer-fluechtlingsunterstuetzung-tagt\/#breadcrumb\",\"itemListElement\":[{\"@type\":\"ListItem\",\"position\":1,\"name\":\"Startseite\",\"item\":\"https:\/\/www.mettmann.de\/web\/\"},{\"@type\":\"ListItem\",\"position\":2,\"name\":\"Runder Tisch f\u00fcr Fl\u00fcchtlingsunterst\u00fctzung tagt\"}]},{\"@type\":\"WebSite\",\"@id\":\"https:\/\/www.mettmann.de\/web\/#website\",\"url\":\"https:\/\/www.mettmann.de\/web\/\",\"name\":\"Stadtverwaltung Mettmann\",\"description\":\"Internetseite der Kreisstadt Mettmann\",\"publisher\":{\"@id\":\"https:\/\/www.mettmann.de\/web\/#organization\"},\"potentialAction\":[{\"@type\":\"SearchAction\",\"target\":{\"@type\":\"EntryPoint\",\"urlTemplate\":\"https:\/\/www.mettmann.de\/web\/?s={search_term_string}\"},\"query-input\":{\"@type\":\"PropertyValueSpecification\",\"valueRequired\":true,\"valueName\":\"search_term_string\"}}],\"inLanguage\":\"de\"},{\"@type\":\"Organization\",\"@id\":\"https:\/\/www.mettmann.de\/web\/#organization\",\"name\":\"Kreisstadt Mettmann\",\"url\":\"https:\/\/www.mettmann.de\/web\/\",\"logo\":{\"@type\":\"ImageObject\",\"inLanguage\":\"de\",\"@id\":\"https:\/\/www.mettmann.de\/web\/#\/schema\/logo\/image\/\",\"url\":\"https:\/\/www.mettmann.de\/web\/wp-content\/uploads\/2019\/08\/Kreisstadt_Mettmann_Logo_RGB_150dpi.png\",\"contentUrl\":\"https:\/\/www.mettmann.de\/web\/wp-content\/uploads\/2019\/08\/Kreisstadt_Mettmann_Logo_RGB_150dpi.png\",\"width\":1302,\"height\":191,\"caption\":\"Kreisstadt Mettmann\"},\"image\":{\"@id\":\"https:\/\/www.mettmann.de\/web\/#\/schema\/logo\/image\/\"},\"sameAs\":[\"https:\/\/www.facebook.com\/kreisstadt.mettmann\",\"https:\/\/de.wikipedia.org\/wiki\/Mettmann\"]},{\"@type\":\"Person\",\"@id\":\"https:\/\/www.mettmann.de\/web\/#\/schema\/person\/c0deeeba8d377efe8e769dc7f56c2292\",\"name\":\"LekiesT\"}]}<\/script>\n<!-- \/ Yoast SEO plugin. -->","yoast_head_json":{"title":"Runder Tisch f\u00fcr Fl\u00fcchtlingsunterst\u00fctzung tagt","robots":{"index":"index","follow":"follow","max-snippet":"max-snippet:-1","max-image-preview":"max-image-preview:large","max-video-preview":"max-video-preview:-1"},"canonical":"https:\/\/www.mettmann.de\/web\/runder-tisch-fuer-fluechtlingsunterstuetzung-tagt\/","og_locale":"de_DE","og_type":"article","og_title":"Runder Tisch f\u00fcr Fl\u00fcchtlingsunterst\u00fctzung tagt","og_description":"Am Donnerstag, 12. M\u00e4rz, tagt zum ersten Mal in diesem Jahr der Runde Tisch f\u00fcr Fl\u00fcchtlingsunterst\u00fctzung um 17 Uhr im gro\u00dfen Sitzungssaal des Rathauses, Neanderstra\u00dfe 85. Eingeladen sind vor allem Personen und Institutionen, die sich...","og_url":"https:\/\/www.mettmann.de\/web\/runder-tisch-fuer-fluechtlingsunterstuetzung-tagt\/","og_site_name":"Stadtverwaltung Mettmann","article_publisher":"https:\/\/www.facebook.com\/kreisstadt.mettmann","article_published_time":"2020-02-25T15:13:43+00:00","article_modified_time":"2020-02-27T08:55:01+00:00","og_image":[{"width":945,"height":630,"url":"https:\/\/www.mettmann.de\/web\/wp-content\/uploads\/2019\/09\/termin_rainer_sturm_pixelio.jpg","type":"image\/jpeg"}],"author":"LekiesT","twitter_card":"summary_large_image","twitter_misc":{"Verfasst von":"LekiesT","Gesch\u00e4tzte Lesezeit":"1\u00a0Minute"},"schema":{"@context":"https:\/\/schema.org","@graph":[{"@type":"Article","@id":"https:\/\/www.mettmann.de\/web\/runder-tisch-fuer-fluechtlingsunterstuetzung-tagt\/#article","isPartOf":{"@id":"https:\/\/www.mettmann.de\/web\/runder-tisch-fuer-fluechtlingsunterstuetzung-tagt\/"},"author":{"name":"LekiesT","@id":"https:\/\/www.mettmann.de\/web\/#\/schema\/person\/c0deeeba8d377efe8e769dc7f56c2292"},"headline":"Runder Tisch f\u00fcr Fl\u00fcchtlingsunterst\u00fctzung tagt","datePublished":"2020-02-25T15:13:43+00:00","dateModified":"2020-02-27T08:55:01+00:00","mainEntityOfPage":{"@id":"https:\/\/www.mettmann.de\/web\/runder-tisch-fuer-fluechtlingsunterstuetzung-tagt\/"},"wordCount":135,"publisher":{"@id":"https:\/\/www.mettmann.de\/web\/#organization"},"image":{"@id":"https:\/\/www.mettmann.de\/web\/runder-tisch-fuer-fluechtlingsunterstuetzung-tagt\/#primaryimage"},"thumbnailUrl":"https:\/\/www.mettmann.de\/web\/wp-content\/uploads\/2019\/09\/termin_rainer_sturm_pixelio.jpg","inLanguage":"de"},{"@type":"WebPage","@id":"https:\/\/www.mettmann.de\/web\/runder-tisch-fuer-fluechtlingsunterstuetzung-tagt\/","url":"https:\/\/www.mettmann.de\/web\/runder-tisch-fuer-fluechtlingsunterstuetzung-tagt\/","name":"Runder Tisch f\u00fcr Fl\u00fcchtlingsunterst\u00fctzung tagt","isPartOf":{"@id":"https:\/\/www.mettmann.de\/web\/#website"},"primaryImageOfPage":{"@id":"https:\/\/www.mettmann.de\/web\/runder-tisch-fuer-fluechtlingsunterstuetzung-tagt\/#primaryimage"},"image":{"@id":"https:\/\/www.mettmann.de\/web\/runder-tisch-fuer-fluechtlingsunterstuetzung-tagt\/#primaryimage"},"thumbnailUrl":"https:\/\/www.mettmann.de\/web\/wp-content\/uploads\/2019\/09\/termin_rainer_sturm_pixelio.jpg","datePublished":"2020-02-25T15:13:43+00:00","dateModified":"2020-02-27T08:55:01+00:00","breadcrumb":{"@id":"https:\/\/www.mettmann.de\/web\/runder-tisch-fuer-fluechtlingsunterstuetzung-tagt\/#breadcrumb"},"inLanguage":"de","potentialAction":[{"@type":"ReadAction","target":["https:\/\/www.mettmann.de\/web\/runder-tisch-fuer-fluechtlingsunterstuetzung-tagt\/"]}]},{"@type":"ImageObject","inLanguage":"de","@id":"https:\/\/www.mettmann.de\/web\/runder-tisch-fuer-fluechtlingsunterstuetzung-tagt\/#primaryimage","url":"https:\/\/www.mettmann.de\/web\/wp-content\/uploads\/2019\/09\/termin_rainer_sturm_pixelio.jpg","contentUrl":"https:\/\/www.mettmann.de\/web\/wp-content\/uploads\/2019\/09\/termin_rainer_sturm_pixelio.jpg","width":945,"height":630,"caption":"Symbolfoto: Rainer Sturm \/ Pixelio"},{"@type":"BreadcrumbList","@id":"https:\/\/www.mettmann.de\/web\/runder-tisch-fuer-fluechtlingsunterstuetzung-tagt\/#breadcrumb","itemListElement":[{"@type":"ListItem","position":1,"name":"Startseite","item":"https:\/\/www.mettmann.de\/web\/"},{"@type":"ListItem","position":2,"name":"Runder Tisch f\u00fcr Fl\u00fcchtlingsunterst\u00fctzung tagt"}]},{"@type":"WebSite","@id":"https:\/\/www.mettmann.de\/web\/#website","url":"https:\/\/www.mettmann.de\/web\/","name":"Stadtverwaltung Mettmann","description":"Internetseite der Kreisstadt Mettmann","publisher":{"@id":"https:\/\/www.mettmann.de\/web\/#organization"},"potentialAction":[{"@type":"SearchAction","target":{"@type":"EntryPoint","urlTemplate":"https:\/\/www.mettmann.de\/web\/?s={search_term_string}"},"query-input":{"@type":"PropertyValueSpecification","valueRequired":true,"valueName":"search_term_string"}}],"inLanguage":"de"},{"@type":"Organization","@id":"https:\/\/www.mettmann.de\/web\/#organization","name":"Kreisstadt Mettmann","url":"https:\/\/www.mettmann.de\/web\/","logo":{"@type":"ImageObject","inLanguage":"de","@id":"https:\/\/www.mettmann.de\/web\/#\/schema\/logo\/image\/","url":"https:\/\/www.mettmann.de\/web\/wp-content\/uploads\/2019\/08\/Kreisstadt_Mettmann_Logo_RGB_150dpi.png","contentUrl":"https:\/\/www.mettmann.de\/web\/wp-content\/uploads\/2019\/08\/Kreisstadt_Mettmann_Logo_RGB_150dpi.png","width":1302,"height":191,"caption":"Kreisstadt Mettmann"},"image":{"@id":"https:\/\/www.mettmann.de\/web\/#\/schema\/logo\/image\/"},"sameAs":["https:\/\/www.facebook.com\/kreisstadt.mettmann","https:\/\/de.wikipedia.org\/wiki\/Mettmann"]},{"@type":"Person","@id":"https:\/\/www.mettmann.de\/web\/#\/schema\/person\/c0deeeba8d377efe8e769dc7f56c2292","name":"LekiesT"}]}},"_links":{"self":[{"href":"https:\/\/www.mettmann.de\/web\/wp-json\/wp\/v2\/posts\/4111","targetHints":{"allow":["GET"]}}],"collection":[{"href":"https:\/\/www.mettmann.de\/web\/wp-json\/wp\/v2\/posts"}],"about":[{"href":"https:\/\/www.mettmann.de\/web\/wp-json\/wp\/v2\/types\/post"}],"author":[{"embeddable":true,"href":"https:\/\/www.mettmann.de\/web\/wp-json\/wp\/v2\/users\/2"}],"replies":[{"embeddable":true,"href":"https:\/\/www.mettmann.de\/web\/wp-json\/wp\/v2\/comments?post=4111"}],"version-history":[{"count":6,"href":"https:\/\/www.mettmann.de\/web\/wp-json\/wp\/v2\/posts\/4111\/revisions"}],"predecessor-version":[{"id":4126,"href":"https:\/\/www.mettmann.de\/web\/wp-json\/wp\/v2\/posts\/4111\/revisions\/4126"}],"wp:featuredmedia":[{"embeddable":true,"href":"https:\/\/www.mettmann.de\/web\/wp-json\/wp\/v2\/media\/849"}],"wp:attachment":[{"href":"https:\/\/www.mettmann.de\/web\/wp-json\/wp\/v2\/media?parent=4111"}],"wp:term":[{"taxonomy":"category","embeddable":true,"href":"https:\/\/www.mettmann.de\/web\/wp-json\/wp\/v2\/categories?post=4111"},{"taxonomy":"post_tag","embeddable":true,"href":"https:\/\/www.mettmann.de\/web\/wp-json\/wp\/v2\/tags?post=4111"}],"curies":[{"name":"wp","href":"https:\/\/api.w.org\/{rel}","templated":true}]}}