{"id":41837,"date":"2024-07-03T13:55:27","date_gmt":"2024-07-03T11:55:27","guid":{"rendered":"https:\/\/www.mettmann.de\/web\/?p=41837"},"modified":"2024-07-03T14:04:34","modified_gmt":"2024-07-03T12:04:34","slug":"empfang-der-schuetzen-im-rathaus","status":"publish","type":"post","link":"https:\/\/www.mettmann.de\/web\/empfang-der-schuetzen-im-rathaus\/","title":{"rendered":"Empfang der Sch\u00fctzen im Rathaus"},"content":{"rendered":"<p>Zum Ende des diesj\u00e4hrigen Sch\u00fctzenfestes der St. Sebastianus Sch\u00fctzenbruderschaft hatte B\u00fcrgermeisterin Sandra Pietschmann am Montagabend zum Stadtempfang ins Rathaus eingeladen. Sie dankte den scheidenden Majest\u00e4ten und w\u00fcnschte dem Kaiserpaar Christoph Brenger mit Tochter Lena Gebauer, dem Jungsch\u00fctzenprinzen Dustin L\u00fcckemann sowie dem Sch\u00fclerprinzen Sam Goldberg ein unvergessliches Jahr mit vielen sch\u00f6nen Stunden. Ihr Dank galt aber auch allen, die daf\u00fcr gesorgt hatten, dass sowohl das Sch\u00fctzenfest als auch die Kirmes ein gro\u00dfer Erfolg waren.<\/p>\n<p>1. Brudermeister Daniel Gebauer wiederrum dankte den Mitarbeiterinnen und Mitarbeitern der Stadtverwaltung, die das Sch\u00fctzenteam um Kirmesb\u00fcrgermeister Volker Stein und Gesch\u00e4ftsf\u00fchrer Soeren Gamper hervorragend unterst\u00fctzt h\u00e4tten, allen voran Nathalie Villi\u00e8re vom Veranstaltungsmanagement. &nbsp;<\/p>\n<div id=\"attachment_41853\" style=\"width: 1034px\" class=\"wp-caption alignnone\"><img loading=\"lazy\" decoding=\"async\" aria-describedby=\"caption-attachment-41853\" class=\"wp-image-41853 size-large\" src=\"https:\/\/www.mettmann.de\/web\/wp-content\/uploads\/2024\/07\/Tambour-und-Fanfarencorps-im-Rathaussaal-1024x768.jpg\" alt=\"\" width=\"1024\" height=\"768\" srcset=\"https:\/\/www.mettmann.de\/web\/wp-content\/uploads\/2024\/07\/Tambour-und-Fanfarencorps-im-Rathaussaal-1024x768.jpg 1024w, https:\/\/www.mettmann.de\/web\/wp-content\/uploads\/2024\/07\/Tambour-und-Fanfarencorps-im-Rathaussaal-300x225.jpg 300w, https:\/\/www.mettmann.de\/web\/wp-content\/uploads\/2024\/07\/Tambour-und-Fanfarencorps-im-Rathaussaal-768x576.jpg 768w, https:\/\/www.mettmann.de\/web\/wp-content\/uploads\/2024\/07\/Tambour-und-Fanfarencorps-im-Rathaussaal-1536x1152.jpg 1536w, https:\/\/www.mettmann.de\/web\/wp-content\/uploads\/2024\/07\/Tambour-und-Fanfarencorps-im-Rathaussaal-2048x1536.jpg 2048w\" sizes=\"auto, (max-width: 1024px) 100vw, 1024px\" \/><p id=\"caption-attachment-41853\" class=\"wp-caption-text\">B\u00fcrgermeisterin Sandra Pietschmann l\u00e4sst die Musiker des Tambour- und Fanfarencorps durch den Rathaussaal marschieren. (Foto: Kreisstadt Mettmann)<\/p><\/div>\n<p>Beim Auftritt des Tambour- und Fanfarencorps der Sch\u00fctzenbruderschaft \u00fcberreichte Tambourmajor Kurt Haase den Tambourstab an B\u00fcrgermeisterin Pietschmann, die nicht blo\u00df das Kommando \u00fcbernahm, sondern die Musiker, den Tambourstab schwingend, durch die Sitzreihen im festlich geschm\u00fcckten Rathaussaal f\u00fchrte. Sp\u00e4ter am Abend wurden die neuen Majest\u00e4ten im Festzelt auf dem K\u00f6nigshofplatz inthronisiert.<\/p>\n","protected":false},"excerpt":{"rendered":"<p>Zum Ende des diesj\u00e4hrigen Sch\u00fctzenfestes der St. Sebastianus Sch\u00fctzenbruderschaft hatte B\u00fcrgermeisterin Sandra Pietschmann am Montagabend zum Stadtempfang ins Rathaus eingeladen. Sie dankte den scheidenden Majest\u00e4ten und w\u00fcnschte dem Kaiserpaar Christoph Brenger mit Tochter Lena Gebauer,&#8230;<\/p>\n","protected":false},"author":2,"featured_media":41849,"comment_status":"closed","ping_status":"closed","sticky":false,"template":"","format":"standard","meta":{"ngg_post_thumbnail":0,"footnotes":""},"categories":[1],"tags":[2903,2881,4,2880,4313],"class_list":["post-41837","post","type-post","status-publish","format-standard","has-post-thumbnail","hentry","category-allgemein","tag-bruderschaft","tag-johanniskirmes","tag-mettmann","tag-st-sebastianus-schuetzenbruderschaft","tag-stadtempfang-der-schuetzen"],"yoast_head":"<!-- This site is optimized with the Yoast SEO plugin v27.2 - https:\/\/yoast.com\/product\/yoast-seo-wordpress\/ -->\n<title>Empfang der Sch\u00fctzen im Rathaus<\/title>\n<meta name=\"robots\" content=\"index, follow, max-snippet:-1, max-image-preview:large, max-video-preview:-1\" \/>\n<link rel=\"canonical\" href=\"https:\/\/www.mettmann.de\/web\/empfang-der-schuetzen-im-rathaus\/\" \/>\n<meta property=\"og:locale\" content=\"de_DE\" \/>\n<meta property=\"og:type\" content=\"article\" \/>\n<meta property=\"og:title\" content=\"Empfang der Sch\u00fctzen im Rathaus\" \/>\n<meta property=\"og:description\" content=\"Foto: Kreisstadt Mettmann\" \/>\n<meta property=\"og:url\" content=\"https:\/\/www.mettmann.de\/web\/empfang-der-schuetzen-im-rathaus\/\" \/>\n<meta property=\"og:site_name\" content=\"Stadtverwaltung Mettmann\" \/>\n<meta property=\"article:publisher\" content=\"https:\/\/www.facebook.com\/kreisstadt.mettmann\" \/>\n<meta property=\"article:published_time\" content=\"2024-07-03T11:55:27+00:00\" \/>\n<meta property=\"article:modified_time\" content=\"2024-07-03T12:04:34+00:00\" \/>\n<meta property=\"og:image\" content=\"https:\/\/www.mettmann.de\/web\/wp-content\/uploads\/2024\/07\/Stadtempfang-der-Schuetzen-2024-scaled.jpg\" \/>\n\t<meta property=\"og:image:width\" content=\"2560\" \/>\n\t<meta property=\"og:image:height\" content=\"1920\" \/>\n\t<meta property=\"og:image:type\" content=\"image\/jpeg\" \/>\n<meta name=\"author\" content=\"LekiesT\" \/>\n<meta name=\"twitter:card\" content=\"summary_large_image\" \/>\n<meta name=\"twitter:label1\" content=\"Verfasst von\" \/>\n\t<meta name=\"twitter:data1\" content=\"LekiesT\" \/>\n\t<meta name=\"twitter:label2\" content=\"Gesch\u00e4tzte Lesezeit\" \/>\n\t<meta name=\"twitter:data2\" content=\"1\u00a0Minute\" \/>\n<script type=\"application\/ld+json\" class=\"yoast-schema-graph\">{\"@context\":\"https:\/\/schema.org\",\"@graph\":[{\"@type\":\"Article\",\"@id\":\"https:\/\/www.mettmann.de\/web\/empfang-der-schuetzen-im-rathaus\/#article\",\"isPartOf\":{\"@id\":\"https:\/\/www.mettmann.de\/web\/empfang-der-schuetzen-im-rathaus\/\"},\"author\":{\"name\":\"LekiesT\",\"@id\":\"https:\/\/www.mettmann.de\/web\/#\/schema\/person\/c0deeeba8d377efe8e769dc7f56c2292\"},\"headline\":\"Empfang der Sch\u00fctzen im Rathaus\",\"datePublished\":\"2024-07-03T11:55:27+00:00\",\"dateModified\":\"2024-07-03T12:04:34+00:00\",\"mainEntityOfPage\":{\"@id\":\"https:\/\/www.mettmann.de\/web\/empfang-der-schuetzen-im-rathaus\/\"},\"wordCount\":214,\"publisher\":{\"@id\":\"https:\/\/www.mettmann.de\/web\/#organization\"},\"image\":{\"@id\":\"https:\/\/www.mettmann.de\/web\/empfang-der-schuetzen-im-rathaus\/#primaryimage\"},\"thumbnailUrl\":\"https:\/\/www.mettmann.de\/web\/wp-content\/uploads\/2024\/07\/Stadtempfang-der-Schuetzen-2024-scaled.jpg\",\"keywords\":[\"Bruderschaft\",\"Johanniskirmes\",\"Mettmann\",\"St. Sebastianus-Sch\u00fctzenbruderschaft\",\"Stadtempfang der Sch\u00fctzen\"],\"inLanguage\":\"de\"},{\"@type\":\"WebPage\",\"@id\":\"https:\/\/www.mettmann.de\/web\/empfang-der-schuetzen-im-rathaus\/\",\"url\":\"https:\/\/www.mettmann.de\/web\/empfang-der-schuetzen-im-rathaus\/\",\"name\":\"Empfang der Sch\u00fctzen im Rathaus\",\"isPartOf\":{\"@id\":\"https:\/\/www.mettmann.de\/web\/#website\"},\"primaryImageOfPage\":{\"@id\":\"https:\/\/www.mettmann.de\/web\/empfang-der-schuetzen-im-rathaus\/#primaryimage\"},\"image\":{\"@id\":\"https:\/\/www.mettmann.de\/web\/empfang-der-schuetzen-im-rathaus\/#primaryimage\"},\"thumbnailUrl\":\"https:\/\/www.mettmann.de\/web\/wp-content\/uploads\/2024\/07\/Stadtempfang-der-Schuetzen-2024-scaled.jpg\",\"datePublished\":\"2024-07-03T11:55:27+00:00\",\"dateModified\":\"2024-07-03T12:04:34+00:00\",\"breadcrumb\":{\"@id\":\"https:\/\/www.mettmann.de\/web\/empfang-der-schuetzen-im-rathaus\/#breadcrumb\"},\"inLanguage\":\"de\",\"potentialAction\":[{\"@type\":\"ReadAction\",\"target\":[\"https:\/\/www.mettmann.de\/web\/empfang-der-schuetzen-im-rathaus\/\"]}]},{\"@type\":\"ImageObject\",\"inLanguage\":\"de\",\"@id\":\"https:\/\/www.mettmann.de\/web\/empfang-der-schuetzen-im-rathaus\/#primaryimage\",\"url\":\"https:\/\/www.mettmann.de\/web\/wp-content\/uploads\/2024\/07\/Stadtempfang-der-Schuetzen-2024-scaled.jpg\",\"contentUrl\":\"https:\/\/www.mettmann.de\/web\/wp-content\/uploads\/2024\/07\/Stadtempfang-der-Schuetzen-2024-scaled.jpg\",\"width\":2560,\"height\":1920,\"caption\":\"Die Sch\u00fctzen sind vor dem Rathaus angetreten. Oberst Stefan Prangenberg macht B\u00fcrgermeisterin Sandra Pietschmann Meldung. (Foto: Kreisstadt Mettmann)\"},{\"@type\":\"BreadcrumbList\",\"@id\":\"https:\/\/www.mettmann.de\/web\/empfang-der-schuetzen-im-rathaus\/#breadcrumb\",\"itemListElement\":[{\"@type\":\"ListItem\",\"position\":1,\"name\":\"Startseite\",\"item\":\"https:\/\/www.mettmann.de\/web\/\"},{\"@type\":\"ListItem\",\"position\":2,\"name\":\"Empfang der Sch\u00fctzen im Rathaus\"}]},{\"@type\":\"WebSite\",\"@id\":\"https:\/\/www.mettmann.de\/web\/#website\",\"url\":\"https:\/\/www.mettmann.de\/web\/\",\"name\":\"Stadtverwaltung Mettmann\",\"description\":\"Internetseite der Kreisstadt Mettmann\",\"publisher\":{\"@id\":\"https:\/\/www.mettmann.de\/web\/#organization\"},\"potentialAction\":[{\"@type\":\"SearchAction\",\"target\":{\"@type\":\"EntryPoint\",\"urlTemplate\":\"https:\/\/www.mettmann.de\/web\/?s={search_term_string}\"},\"query-input\":{\"@type\":\"PropertyValueSpecification\",\"valueRequired\":true,\"valueName\":\"search_term_string\"}}],\"inLanguage\":\"de\"},{\"@type\":\"Organization\",\"@id\":\"https:\/\/www.mettmann.de\/web\/#organization\",\"name\":\"Kreisstadt Mettmann\",\"url\":\"https:\/\/www.mettmann.de\/web\/\",\"logo\":{\"@type\":\"ImageObject\",\"inLanguage\":\"de\",\"@id\":\"https:\/\/www.mettmann.de\/web\/#\/schema\/logo\/image\/\",\"url\":\"https:\/\/www.mettmann.de\/web\/wp-content\/uploads\/2019\/08\/Kreisstadt_Mettmann_Logo_RGB_150dpi.png\",\"contentUrl\":\"https:\/\/www.mettmann.de\/web\/wp-content\/uploads\/2019\/08\/Kreisstadt_Mettmann_Logo_RGB_150dpi.png\",\"width\":1302,\"height\":191,\"caption\":\"Kreisstadt Mettmann\"},\"image\":{\"@id\":\"https:\/\/www.mettmann.de\/web\/#\/schema\/logo\/image\/\"},\"sameAs\":[\"https:\/\/www.facebook.com\/kreisstadt.mettmann\",\"https:\/\/de.wikipedia.org\/wiki\/Mettmann\"]},{\"@type\":\"Person\",\"@id\":\"https:\/\/www.mettmann.de\/web\/#\/schema\/person\/c0deeeba8d377efe8e769dc7f56c2292\",\"name\":\"LekiesT\"}]}<\/script>\n<!-- \/ Yoast SEO plugin. -->","yoast_head_json":{"title":"Empfang der Sch\u00fctzen im Rathaus","robots":{"index":"index","follow":"follow","max-snippet":"max-snippet:-1","max-image-preview":"max-image-preview:large","max-video-preview":"max-video-preview:-1"},"canonical":"https:\/\/www.mettmann.de\/web\/empfang-der-schuetzen-im-rathaus\/","og_locale":"de_DE","og_type":"article","og_title":"Empfang der Sch\u00fctzen im Rathaus","og_description":"Foto: Kreisstadt Mettmann","og_url":"https:\/\/www.mettmann.de\/web\/empfang-der-schuetzen-im-rathaus\/","og_site_name":"Stadtverwaltung Mettmann","article_publisher":"https:\/\/www.facebook.com\/kreisstadt.mettmann","article_published_time":"2024-07-03T11:55:27+00:00","article_modified_time":"2024-07-03T12:04:34+00:00","og_image":[{"width":2560,"height":1920,"url":"https:\/\/www.mettmann.de\/web\/wp-content\/uploads\/2024\/07\/Stadtempfang-der-Schuetzen-2024-scaled.jpg","type":"image\/jpeg"}],"author":"LekiesT","twitter_card":"summary_large_image","twitter_misc":{"Verfasst von":"LekiesT","Gesch\u00e4tzte Lesezeit":"1\u00a0Minute"},"schema":{"@context":"https:\/\/schema.org","@graph":[{"@type":"Article","@id":"https:\/\/www.mettmann.de\/web\/empfang-der-schuetzen-im-rathaus\/#article","isPartOf":{"@id":"https:\/\/www.mettmann.de\/web\/empfang-der-schuetzen-im-rathaus\/"},"author":{"name":"LekiesT","@id":"https:\/\/www.mettmann.de\/web\/#\/schema\/person\/c0deeeba8d377efe8e769dc7f56c2292"},"headline":"Empfang der Sch\u00fctzen im Rathaus","datePublished":"2024-07-03T11:55:27+00:00","dateModified":"2024-07-03T12:04:34+00:00","mainEntityOfPage":{"@id":"https:\/\/www.mettmann.de\/web\/empfang-der-schuetzen-im-rathaus\/"},"wordCount":214,"publisher":{"@id":"https:\/\/www.mettmann.de\/web\/#organization"},"image":{"@id":"https:\/\/www.mettmann.de\/web\/empfang-der-schuetzen-im-rathaus\/#primaryimage"},"thumbnailUrl":"https:\/\/www.mettmann.de\/web\/wp-content\/uploads\/2024\/07\/Stadtempfang-der-Schuetzen-2024-scaled.jpg","keywords":["Bruderschaft","Johanniskirmes","Mettmann","St. Sebastianus-Sch\u00fctzenbruderschaft","Stadtempfang der Sch\u00fctzen"],"inLanguage":"de"},{"@type":"WebPage","@id":"https:\/\/www.mettmann.de\/web\/empfang-der-schuetzen-im-rathaus\/","url":"https:\/\/www.mettmann.de\/web\/empfang-der-schuetzen-im-rathaus\/","name":"Empfang der Sch\u00fctzen im Rathaus","isPartOf":{"@id":"https:\/\/www.mettmann.de\/web\/#website"},"primaryImageOfPage":{"@id":"https:\/\/www.mettmann.de\/web\/empfang-der-schuetzen-im-rathaus\/#primaryimage"},"image":{"@id":"https:\/\/www.mettmann.de\/web\/empfang-der-schuetzen-im-rathaus\/#primaryimage"},"thumbnailUrl":"https:\/\/www.mettmann.de\/web\/wp-content\/uploads\/2024\/07\/Stadtempfang-der-Schuetzen-2024-scaled.jpg","datePublished":"2024-07-03T11:55:27+00:00","dateModified":"2024-07-03T12:04:34+00:00","breadcrumb":{"@id":"https:\/\/www.mettmann.de\/web\/empfang-der-schuetzen-im-rathaus\/#breadcrumb"},"inLanguage":"de","potentialAction":[{"@type":"ReadAction","target":["https:\/\/www.mettmann.de\/web\/empfang-der-schuetzen-im-rathaus\/"]}]},{"@type":"ImageObject","inLanguage":"de","@id":"https:\/\/www.mettmann.de\/web\/empfang-der-schuetzen-im-rathaus\/#primaryimage","url":"https:\/\/www.mettmann.de\/web\/wp-content\/uploads\/2024\/07\/Stadtempfang-der-Schuetzen-2024-scaled.jpg","contentUrl":"https:\/\/www.mettmann.de\/web\/wp-content\/uploads\/2024\/07\/Stadtempfang-der-Schuetzen-2024-scaled.jpg","width":2560,"height":1920,"caption":"Die Sch\u00fctzen sind vor dem Rathaus angetreten. Oberst Stefan Prangenberg macht B\u00fcrgermeisterin Sandra Pietschmann Meldung. (Foto: Kreisstadt Mettmann)"},{"@type":"BreadcrumbList","@id":"https:\/\/www.mettmann.de\/web\/empfang-der-schuetzen-im-rathaus\/#breadcrumb","itemListElement":[{"@type":"ListItem","position":1,"name":"Startseite","item":"https:\/\/www.mettmann.de\/web\/"},{"@type":"ListItem","position":2,"name":"Empfang der Sch\u00fctzen im Rathaus"}]},{"@type":"WebSite","@id":"https:\/\/www.mettmann.de\/web\/#website","url":"https:\/\/www.mettmann.de\/web\/","name":"Stadtverwaltung Mettmann","description":"Internetseite der Kreisstadt Mettmann","publisher":{"@id":"https:\/\/www.mettmann.de\/web\/#organization"},"potentialAction":[{"@type":"SearchAction","target":{"@type":"EntryPoint","urlTemplate":"https:\/\/www.mettmann.de\/web\/?s={search_term_string}"},"query-input":{"@type":"PropertyValueSpecification","valueRequired":true,"valueName":"search_term_string"}}],"inLanguage":"de"},{"@type":"Organization","@id":"https:\/\/www.mettmann.de\/web\/#organization","name":"Kreisstadt Mettmann","url":"https:\/\/www.mettmann.de\/web\/","logo":{"@type":"ImageObject","inLanguage":"de","@id":"https:\/\/www.mettmann.de\/web\/#\/schema\/logo\/image\/","url":"https:\/\/www.mettmann.de\/web\/wp-content\/uploads\/2019\/08\/Kreisstadt_Mettmann_Logo_RGB_150dpi.png","contentUrl":"https:\/\/www.mettmann.de\/web\/wp-content\/uploads\/2019\/08\/Kreisstadt_Mettmann_Logo_RGB_150dpi.png","width":1302,"height":191,"caption":"Kreisstadt Mettmann"},"image":{"@id":"https:\/\/www.mettmann.de\/web\/#\/schema\/logo\/image\/"},"sameAs":["https:\/\/www.facebook.com\/kreisstadt.mettmann","https:\/\/de.wikipedia.org\/wiki\/Mettmann"]},{"@type":"Person","@id":"https:\/\/www.mettmann.de\/web\/#\/schema\/person\/c0deeeba8d377efe8e769dc7f56c2292","name":"LekiesT"}]}},"_links":{"self":[{"href":"https:\/\/www.mettmann.de\/web\/wp-json\/wp\/v2\/posts\/41837","targetHints":{"allow":["GET"]}}],"collection":[{"href":"https:\/\/www.mettmann.de\/web\/wp-json\/wp\/v2\/posts"}],"about":[{"href":"https:\/\/www.mettmann.de\/web\/wp-json\/wp\/v2\/types\/post"}],"author":[{"embeddable":true,"href":"https:\/\/www.mettmann.de\/web\/wp-json\/wp\/v2\/users\/2"}],"replies":[{"embeddable":true,"href":"https:\/\/www.mettmann.de\/web\/wp-json\/wp\/v2\/comments?post=41837"}],"version-history":[{"count":11,"href":"https:\/\/www.mettmann.de\/web\/wp-json\/wp\/v2\/posts\/41837\/revisions"}],"predecessor-version":[{"id":41858,"href":"https:\/\/www.mettmann.de\/web\/wp-json\/wp\/v2\/posts\/41837\/revisions\/41858"}],"wp:featuredmedia":[{"embeddable":true,"href":"https:\/\/www.mettmann.de\/web\/wp-json\/wp\/v2\/media\/41849"}],"wp:attachment":[{"href":"https:\/\/www.mettmann.de\/web\/wp-json\/wp\/v2\/media?parent=41837"}],"wp:term":[{"taxonomy":"category","embeddable":true,"href":"https:\/\/www.mettmann.de\/web\/wp-json\/wp\/v2\/categories?post=41837"},{"taxonomy":"post_tag","embeddable":true,"href":"https:\/\/www.mettmann.de\/web\/wp-json\/wp\/v2\/tags?post=41837"}],"curies":[{"name":"wp","href":"https:\/\/api.w.org\/{rel}","templated":true}]}}