{"id":43981,"date":"2024-10-01T09:31:05","date_gmt":"2024-10-01T07:31:05","guid":{"rendered":"https:\/\/www.mettmann.de\/web\/?p=43981"},"modified":"2024-10-01T09:31:05","modified_gmt":"2024-10-01T07:31:05","slug":"geschichtenzeit-in-der-stadtbibliothek-am-05-10-2024","status":"publish","type":"post","link":"https:\/\/www.mettmann.de\/web\/geschichtenzeit-in-der-stadtbibliothek-am-05-10-2024\/","title":{"rendered":"GeschichtenZeit in der Stadtbibliothek am 05.10.2024"},"content":{"rendered":"<p>Am Samstag, den 05.10.2024, findet in der Stadtbibliothek von 11.00 bis 11.30 Uhr die Vorlesestunde f\u00fcr Kinder von drei bis sechs Jahren statt.<\/p>\n<p>In dieser GeschichtenZeit liest Vorlesepatin Silke Bogner die Geschichte &#8222;Was macht die kleine Gans im Herbst&#8220; von Elli Woolard vor.<\/p>\n<p>Zum Inhalt: <em>Als der Sommer in den Herbst \u00fcbergeht, sp\u00fcrt die kleine Gans eine Ver\u00e4nderung in der Luft: Ein k\u00fchler Wind weht und die Bl\u00e4tter verf\u00e4rben sich rot und goldgelb. Die kleine Gans ahnt, dass sie etwas Wichtiges zu tun hat &#8211; aber was? Die Biber hacken Holz, die Eichh\u00f6rnchen lagern N\u00fcsse in der Erde und die B\u00e4ren sind damit besch\u00e4ftigt, eine gem\u00fctliche H\u00f6hle zu bauen. Die kleine Gans versucht, mitzumachen, aber ohne gro\u00dfen Erfolg. Bis sie schlie\u00dflich mutig feststellt, dass ihre Fl\u00fcgel nicht zum Holzhacken, zum Graben oder Bauen gemacht sind, sondern f\u00fcr etwas Gro\u00dfartiges: zum Fliegen &#8230;<\/em><\/p>\n<p>Nach dem Vorlesen wird gemeinsam zum Thema gemalt und gebastelt.<br \/>\nDie Teilnahme an der GeschichtenZeit ist kostenfrei. Eine Anmeldung ist nicht erforderlich.<\/p>\n<p>&nbsp;<\/p>\n<p>&nbsp;<\/p>\n<p>&nbsp;<\/p>\n","protected":false},"excerpt":{"rendered":"<p>Am Samstag, den 05.10.2024, findet in der Stadtbibliothek von 11.00 bis 11.30 Uhr die Vorlesestunde f\u00fcr Kinder von drei bis sechs Jahren statt. In dieser GeschichtenZeit liest Vorlesepatin Silke Bogner die Geschichte &#8222;Was macht die&#8230;<\/p>\n","protected":false},"author":5,"featured_media":35,"comment_status":"closed","ping_status":"closed","sticky":false,"template":"","format":"standard","meta":{"ngg_post_thumbnail":0,"footnotes":""},"categories":[1],"tags":[123,2198,28],"class_list":["post-43981","post","type-post","status-publish","format-standard","has-post-thumbnail","hentry","category-allgemein","tag-geschichtenzeit","tag-stadt-mettmann","tag-stadtbibliothek"],"yoast_head":"<!-- This site is optimized with the Yoast SEO plugin v27.2 - https:\/\/yoast.com\/product\/yoast-seo-wordpress\/ -->\n<title>GeschichtenZeit in der Stadtbibliothek am 05.10.2024<\/title>\n<meta name=\"robots\" content=\"index, follow, max-snippet:-1, max-image-preview:large, max-video-preview:-1\" \/>\n<link rel=\"canonical\" href=\"https:\/\/www.mettmann.de\/web\/geschichtenzeit-in-der-stadtbibliothek-am-05-10-2024\/\" \/>\n<meta property=\"og:locale\" content=\"de_DE\" \/>\n<meta property=\"og:type\" content=\"article\" \/>\n<meta property=\"og:title\" content=\"GeschichtenZeit in der Stadtbibliothek am 05.10.2024\" \/>\n<meta property=\"og:description\" content=\"Am Samstag, den 05.10.2024, findet in der Stadtbibliothek von 11.00 bis 11.30 Uhr die Vorlesestunde f\u00fcr Kinder von drei bis sechs Jahren statt. In dieser GeschichtenZeit liest Vorlesepatin Silke Bogner die Geschichte &#8222;Was macht die...\" \/>\n<meta property=\"og:url\" content=\"https:\/\/www.mettmann.de\/web\/geschichtenzeit-in-der-stadtbibliothek-am-05-10-2024\/\" \/>\n<meta property=\"og:site_name\" content=\"Stadtverwaltung Mettmann\" \/>\n<meta property=\"article:publisher\" content=\"https:\/\/www.facebook.com\/kreisstadt.mettmann\" \/>\n<meta property=\"article:published_time\" content=\"2024-10-01T07:31:05+00:00\" \/>\n<meta property=\"og:image\" content=\"https:\/\/www.mettmann.de\/web\/wp-content\/uploads\/2019\/08\/books-3482286_1280-e1605523798229.jpg\" \/>\n\t<meta property=\"og:image:width\" content=\"1280\" \/>\n\t<meta property=\"og:image:height\" content=\"720\" \/>\n\t<meta property=\"og:image:type\" content=\"image\/jpeg\" \/>\n<meta name=\"author\" content=\"Vertretung\" \/>\n<meta name=\"twitter:card\" content=\"summary_large_image\" \/>\n<meta name=\"twitter:label1\" content=\"Verfasst von\" \/>\n\t<meta name=\"twitter:data1\" content=\"Vertretung\" \/>\n\t<meta name=\"twitter:label2\" content=\"Gesch\u00e4tzte Lesezeit\" \/>\n\t<meta name=\"twitter:data2\" content=\"2\u00a0Minuten\" \/>\n<script type=\"application\/ld+json\" class=\"yoast-schema-graph\">{\"@context\":\"https:\/\/schema.org\",\"@graph\":[{\"@type\":\"Article\",\"@id\":\"https:\/\/www.mettmann.de\/web\/geschichtenzeit-in-der-stadtbibliothek-am-05-10-2024\/#article\",\"isPartOf\":{\"@id\":\"https:\/\/www.mettmann.de\/web\/geschichtenzeit-in-der-stadtbibliothek-am-05-10-2024\/\"},\"author\":{\"name\":\"Vertretung\",\"@id\":\"https:\/\/www.mettmann.de\/web\/#\/schema\/person\/151b8a29c0a554098d0d16aa781a5a87\"},\"headline\":\"GeschichtenZeit in der Stadtbibliothek am 05.10.2024\",\"datePublished\":\"2024-10-01T07:31:05+00:00\",\"mainEntityOfPage\":{\"@id\":\"https:\/\/www.mettmann.de\/web\/geschichtenzeit-in-der-stadtbibliothek-am-05-10-2024\/\"},\"wordCount\":185,\"publisher\":{\"@id\":\"https:\/\/www.mettmann.de\/web\/#organization\"},\"image\":{\"@id\":\"https:\/\/www.mettmann.de\/web\/geschichtenzeit-in-der-stadtbibliothek-am-05-10-2024\/#primaryimage\"},\"thumbnailUrl\":\"https:\/\/www.mettmann.de\/web\/wp-content\/uploads\/2019\/08\/books-3482286_1280-e1605523798229.jpg\",\"keywords\":[\"Geschichtenzeit\",\"Stadt Mettmann\",\"Stadtbibliothek\"],\"inLanguage\":\"de\"},{\"@type\":\"WebPage\",\"@id\":\"https:\/\/www.mettmann.de\/web\/geschichtenzeit-in-der-stadtbibliothek-am-05-10-2024\/\",\"url\":\"https:\/\/www.mettmann.de\/web\/geschichtenzeit-in-der-stadtbibliothek-am-05-10-2024\/\",\"name\":\"GeschichtenZeit in der Stadtbibliothek am 05.10.2024\",\"isPartOf\":{\"@id\":\"https:\/\/www.mettmann.de\/web\/#website\"},\"primaryImageOfPage\":{\"@id\":\"https:\/\/www.mettmann.de\/web\/geschichtenzeit-in-der-stadtbibliothek-am-05-10-2024\/#primaryimage\"},\"image\":{\"@id\":\"https:\/\/www.mettmann.de\/web\/geschichtenzeit-in-der-stadtbibliothek-am-05-10-2024\/#primaryimage\"},\"thumbnailUrl\":\"https:\/\/www.mettmann.de\/web\/wp-content\/uploads\/2019\/08\/books-3482286_1280-e1605523798229.jpg\",\"datePublished\":\"2024-10-01T07:31:05+00:00\",\"breadcrumb\":{\"@id\":\"https:\/\/www.mettmann.de\/web\/geschichtenzeit-in-der-stadtbibliothek-am-05-10-2024\/#breadcrumb\"},\"inLanguage\":\"de\",\"potentialAction\":[{\"@type\":\"ReadAction\",\"target\":[\"https:\/\/www.mettmann.de\/web\/geschichtenzeit-in-der-stadtbibliothek-am-05-10-2024\/\"]}]},{\"@type\":\"ImageObject\",\"inLanguage\":\"de\",\"@id\":\"https:\/\/www.mettmann.de\/web\/geschichtenzeit-in-der-stadtbibliothek-am-05-10-2024\/#primaryimage\",\"url\":\"https:\/\/www.mettmann.de\/web\/wp-content\/uploads\/2019\/08\/books-3482286_1280-e1605523798229.jpg\",\"contentUrl\":\"https:\/\/www.mettmann.de\/web\/wp-content\/uploads\/2019\/08\/books-3482286_1280-e1605523798229.jpg\",\"width\":1280,\"height\":720,\"caption\":\"Symbolfoto: MichaelGaida \/ Pixabay\"},{\"@type\":\"BreadcrumbList\",\"@id\":\"https:\/\/www.mettmann.de\/web\/geschichtenzeit-in-der-stadtbibliothek-am-05-10-2024\/#breadcrumb\",\"itemListElement\":[{\"@type\":\"ListItem\",\"position\":1,\"name\":\"Startseite\",\"item\":\"https:\/\/www.mettmann.de\/web\/\"},{\"@type\":\"ListItem\",\"position\":2,\"name\":\"GeschichtenZeit in der Stadtbibliothek am 05.10.2024\"}]},{\"@type\":\"WebSite\",\"@id\":\"https:\/\/www.mettmann.de\/web\/#website\",\"url\":\"https:\/\/www.mettmann.de\/web\/\",\"name\":\"Stadtverwaltung Mettmann\",\"description\":\"Internetseite der Kreisstadt Mettmann\",\"publisher\":{\"@id\":\"https:\/\/www.mettmann.de\/web\/#organization\"},\"potentialAction\":[{\"@type\":\"SearchAction\",\"target\":{\"@type\":\"EntryPoint\",\"urlTemplate\":\"https:\/\/www.mettmann.de\/web\/?s={search_term_string}\"},\"query-input\":{\"@type\":\"PropertyValueSpecification\",\"valueRequired\":true,\"valueName\":\"search_term_string\"}}],\"inLanguage\":\"de\"},{\"@type\":\"Organization\",\"@id\":\"https:\/\/www.mettmann.de\/web\/#organization\",\"name\":\"Kreisstadt Mettmann\",\"url\":\"https:\/\/www.mettmann.de\/web\/\",\"logo\":{\"@type\":\"ImageObject\",\"inLanguage\":\"de\",\"@id\":\"https:\/\/www.mettmann.de\/web\/#\/schema\/logo\/image\/\",\"url\":\"https:\/\/www.mettmann.de\/web\/wp-content\/uploads\/2019\/08\/Kreisstadt_Mettmann_Logo_RGB_150dpi.png\",\"contentUrl\":\"https:\/\/www.mettmann.de\/web\/wp-content\/uploads\/2019\/08\/Kreisstadt_Mettmann_Logo_RGB_150dpi.png\",\"width\":1302,\"height\":191,\"caption\":\"Kreisstadt Mettmann\"},\"image\":{\"@id\":\"https:\/\/www.mettmann.de\/web\/#\/schema\/logo\/image\/\"},\"sameAs\":[\"https:\/\/www.facebook.com\/kreisstadt.mettmann\",\"https:\/\/de.wikipedia.org\/wiki\/Mettmann\"]},{\"@type\":\"Person\",\"@id\":\"https:\/\/www.mettmann.de\/web\/#\/schema\/person\/151b8a29c0a554098d0d16aa781a5a87\",\"name\":\"Vertretung\"}]}<\/script>\n<!-- \/ Yoast SEO plugin. -->","yoast_head_json":{"title":"GeschichtenZeit in der Stadtbibliothek am 05.10.2024","robots":{"index":"index","follow":"follow","max-snippet":"max-snippet:-1","max-image-preview":"max-image-preview:large","max-video-preview":"max-video-preview:-1"},"canonical":"https:\/\/www.mettmann.de\/web\/geschichtenzeit-in-der-stadtbibliothek-am-05-10-2024\/","og_locale":"de_DE","og_type":"article","og_title":"GeschichtenZeit in der Stadtbibliothek am 05.10.2024","og_description":"Am Samstag, den 05.10.2024, findet in der Stadtbibliothek von 11.00 bis 11.30 Uhr die Vorlesestunde f\u00fcr Kinder von drei bis sechs Jahren statt. In dieser GeschichtenZeit liest Vorlesepatin Silke Bogner die Geschichte &#8222;Was macht die...","og_url":"https:\/\/www.mettmann.de\/web\/geschichtenzeit-in-der-stadtbibliothek-am-05-10-2024\/","og_site_name":"Stadtverwaltung Mettmann","article_publisher":"https:\/\/www.facebook.com\/kreisstadt.mettmann","article_published_time":"2024-10-01T07:31:05+00:00","og_image":[{"width":1280,"height":720,"url":"https:\/\/www.mettmann.de\/web\/wp-content\/uploads\/2019\/08\/books-3482286_1280-e1605523798229.jpg","type":"image\/jpeg"}],"author":"Vertretung","twitter_card":"summary_large_image","twitter_misc":{"Verfasst von":"Vertretung","Gesch\u00e4tzte Lesezeit":"2\u00a0Minuten"},"schema":{"@context":"https:\/\/schema.org","@graph":[{"@type":"Article","@id":"https:\/\/www.mettmann.de\/web\/geschichtenzeit-in-der-stadtbibliothek-am-05-10-2024\/#article","isPartOf":{"@id":"https:\/\/www.mettmann.de\/web\/geschichtenzeit-in-der-stadtbibliothek-am-05-10-2024\/"},"author":{"name":"Vertretung","@id":"https:\/\/www.mettmann.de\/web\/#\/schema\/person\/151b8a29c0a554098d0d16aa781a5a87"},"headline":"GeschichtenZeit in der Stadtbibliothek am 05.10.2024","datePublished":"2024-10-01T07:31:05+00:00","mainEntityOfPage":{"@id":"https:\/\/www.mettmann.de\/web\/geschichtenzeit-in-der-stadtbibliothek-am-05-10-2024\/"},"wordCount":185,"publisher":{"@id":"https:\/\/www.mettmann.de\/web\/#organization"},"image":{"@id":"https:\/\/www.mettmann.de\/web\/geschichtenzeit-in-der-stadtbibliothek-am-05-10-2024\/#primaryimage"},"thumbnailUrl":"https:\/\/www.mettmann.de\/web\/wp-content\/uploads\/2019\/08\/books-3482286_1280-e1605523798229.jpg","keywords":["Geschichtenzeit","Stadt Mettmann","Stadtbibliothek"],"inLanguage":"de"},{"@type":"WebPage","@id":"https:\/\/www.mettmann.de\/web\/geschichtenzeit-in-der-stadtbibliothek-am-05-10-2024\/","url":"https:\/\/www.mettmann.de\/web\/geschichtenzeit-in-der-stadtbibliothek-am-05-10-2024\/","name":"GeschichtenZeit in der Stadtbibliothek am 05.10.2024","isPartOf":{"@id":"https:\/\/www.mettmann.de\/web\/#website"},"primaryImageOfPage":{"@id":"https:\/\/www.mettmann.de\/web\/geschichtenzeit-in-der-stadtbibliothek-am-05-10-2024\/#primaryimage"},"image":{"@id":"https:\/\/www.mettmann.de\/web\/geschichtenzeit-in-der-stadtbibliothek-am-05-10-2024\/#primaryimage"},"thumbnailUrl":"https:\/\/www.mettmann.de\/web\/wp-content\/uploads\/2019\/08\/books-3482286_1280-e1605523798229.jpg","datePublished":"2024-10-01T07:31:05+00:00","breadcrumb":{"@id":"https:\/\/www.mettmann.de\/web\/geschichtenzeit-in-der-stadtbibliothek-am-05-10-2024\/#breadcrumb"},"inLanguage":"de","potentialAction":[{"@type":"ReadAction","target":["https:\/\/www.mettmann.de\/web\/geschichtenzeit-in-der-stadtbibliothek-am-05-10-2024\/"]}]},{"@type":"ImageObject","inLanguage":"de","@id":"https:\/\/www.mettmann.de\/web\/geschichtenzeit-in-der-stadtbibliothek-am-05-10-2024\/#primaryimage","url":"https:\/\/www.mettmann.de\/web\/wp-content\/uploads\/2019\/08\/books-3482286_1280-e1605523798229.jpg","contentUrl":"https:\/\/www.mettmann.de\/web\/wp-content\/uploads\/2019\/08\/books-3482286_1280-e1605523798229.jpg","width":1280,"height":720,"caption":"Symbolfoto: MichaelGaida \/ Pixabay"},{"@type":"BreadcrumbList","@id":"https:\/\/www.mettmann.de\/web\/geschichtenzeit-in-der-stadtbibliothek-am-05-10-2024\/#breadcrumb","itemListElement":[{"@type":"ListItem","position":1,"name":"Startseite","item":"https:\/\/www.mettmann.de\/web\/"},{"@type":"ListItem","position":2,"name":"GeschichtenZeit in der Stadtbibliothek am 05.10.2024"}]},{"@type":"WebSite","@id":"https:\/\/www.mettmann.de\/web\/#website","url":"https:\/\/www.mettmann.de\/web\/","name":"Stadtverwaltung Mettmann","description":"Internetseite der Kreisstadt Mettmann","publisher":{"@id":"https:\/\/www.mettmann.de\/web\/#organization"},"potentialAction":[{"@type":"SearchAction","target":{"@type":"EntryPoint","urlTemplate":"https:\/\/www.mettmann.de\/web\/?s={search_term_string}"},"query-input":{"@type":"PropertyValueSpecification","valueRequired":true,"valueName":"search_term_string"}}],"inLanguage":"de"},{"@type":"Organization","@id":"https:\/\/www.mettmann.de\/web\/#organization","name":"Kreisstadt Mettmann","url":"https:\/\/www.mettmann.de\/web\/","logo":{"@type":"ImageObject","inLanguage":"de","@id":"https:\/\/www.mettmann.de\/web\/#\/schema\/logo\/image\/","url":"https:\/\/www.mettmann.de\/web\/wp-content\/uploads\/2019\/08\/Kreisstadt_Mettmann_Logo_RGB_150dpi.png","contentUrl":"https:\/\/www.mettmann.de\/web\/wp-content\/uploads\/2019\/08\/Kreisstadt_Mettmann_Logo_RGB_150dpi.png","width":1302,"height":191,"caption":"Kreisstadt Mettmann"},"image":{"@id":"https:\/\/www.mettmann.de\/web\/#\/schema\/logo\/image\/"},"sameAs":["https:\/\/www.facebook.com\/kreisstadt.mettmann","https:\/\/de.wikipedia.org\/wiki\/Mettmann"]},{"@type":"Person","@id":"https:\/\/www.mettmann.de\/web\/#\/schema\/person\/151b8a29c0a554098d0d16aa781a5a87","name":"Vertretung"}]}},"_links":{"self":[{"href":"https:\/\/www.mettmann.de\/web\/wp-json\/wp\/v2\/posts\/43981","targetHints":{"allow":["GET"]}}],"collection":[{"href":"https:\/\/www.mettmann.de\/web\/wp-json\/wp\/v2\/posts"}],"about":[{"href":"https:\/\/www.mettmann.de\/web\/wp-json\/wp\/v2\/types\/post"}],"author":[{"embeddable":true,"href":"https:\/\/www.mettmann.de\/web\/wp-json\/wp\/v2\/users\/5"}],"replies":[{"embeddable":true,"href":"https:\/\/www.mettmann.de\/web\/wp-json\/wp\/v2\/comments?post=43981"}],"version-history":[{"count":1,"href":"https:\/\/www.mettmann.de\/web\/wp-json\/wp\/v2\/posts\/43981\/revisions"}],"predecessor-version":[{"id":43982,"href":"https:\/\/www.mettmann.de\/web\/wp-json\/wp\/v2\/posts\/43981\/revisions\/43982"}],"wp:featuredmedia":[{"embeddable":true,"href":"https:\/\/www.mettmann.de\/web\/wp-json\/wp\/v2\/media\/35"}],"wp:attachment":[{"href":"https:\/\/www.mettmann.de\/web\/wp-json\/wp\/v2\/media?parent=43981"}],"wp:term":[{"taxonomy":"category","embeddable":true,"href":"https:\/\/www.mettmann.de\/web\/wp-json\/wp\/v2\/categories?post=43981"},{"taxonomy":"post_tag","embeddable":true,"href":"https:\/\/www.mettmann.de\/web\/wp-json\/wp\/v2\/tags?post=43981"}],"curies":[{"name":"wp","href":"https:\/\/api.w.org\/{rel}","templated":true}]}}