{"id":44354,"date":"2024-10-15T09:47:35","date_gmt":"2024-10-15T07:47:35","guid":{"rendered":"https:\/\/www.mettmann.de\/web\/?p=44354"},"modified":"2024-10-15T09:47:35","modified_gmt":"2024-10-15T07:47:35","slug":"buergerausschuss-wird-abgesagt","status":"publish","type":"post","link":"https:\/\/www.mettmann.de\/web\/buergerausschuss-wird-abgesagt\/","title":{"rendered":"B\u00fcrgerausschuss wird abgesagt"},"content":{"rendered":"<p>Die f\u00fcr den 29. Oktober geplante Sitzung des B\u00fcrgerausschusses f\u00e4llt aus. In Absprache mit Florian Peters, dem Vorsitzenden des Ausschusses, wurde die Absage beschlossen, da keine B\u00fcrgeranregungen f\u00fcr die Sitzungen eingegangen sind.<\/p>\n","protected":false},"excerpt":{"rendered":"<p>Die f\u00fcr den 29. Oktober geplante Sitzung des B\u00fcrgerausschusses f\u00e4llt aus. In Absprache mit Florian Peters, dem Vorsitzenden des Ausschusses, wurde die Absage beschlossen, da keine B\u00fcrgeranregungen f\u00fcr die Sitzungen eingegangen sind.<\/p>\n","protected":false},"author":2,"featured_media":9887,"comment_status":"closed","ping_status":"closed","sticky":false,"template":"","format":"standard","meta":{"ngg_post_thumbnail":0,"footnotes":""},"categories":[1],"tags":[627,132,4],"class_list":["post-44354","post","type-post","status-publish","format-standard","has-post-thumbnail","hentry","category-allgemein","tag-buergeranregungen","tag-buergerausschuss","tag-mettmann"],"yoast_head":"<!-- This site is optimized with the Yoast SEO plugin v27.2 - https:\/\/yoast.com\/product\/yoast-seo-wordpress\/ -->\n<title>B\u00fcrgerausschuss wird abgesagt<\/title>\n<meta name=\"robots\" content=\"index, follow, max-snippet:-1, max-image-preview:large, max-video-preview:-1\" \/>\n<link rel=\"canonical\" href=\"https:\/\/www.mettmann.de\/web\/buergerausschuss-wird-abgesagt\/\" \/>\n<meta property=\"og:locale\" content=\"de_DE\" \/>\n<meta property=\"og:type\" content=\"article\" \/>\n<meta property=\"og:title\" content=\"B\u00fcrgerausschuss wird abgesagt\" \/>\n<meta property=\"og:description\" content=\"Die f\u00fcr den 29. Oktober geplante Sitzung des B\u00fcrgerausschusses f\u00e4llt aus. In Absprache mit Florian Peters, dem Vorsitzenden des Ausschusses, wurde die Absage beschlossen, da keine B\u00fcrgeranregungen f\u00fcr die Sitzungen eingegangen sind.\" \/>\n<meta property=\"og:url\" content=\"https:\/\/www.mettmann.de\/web\/buergerausschuss-wird-abgesagt\/\" \/>\n<meta property=\"og:site_name\" content=\"Stadtverwaltung Mettmann\" \/>\n<meta property=\"article:publisher\" content=\"https:\/\/www.facebook.com\/kreisstadt.mettmann\" \/>\n<meta property=\"article:published_time\" content=\"2024-10-15T07:47:35+00:00\" \/>\n<meta property=\"og:image\" content=\"https:\/\/www.mettmann.de\/web\/wp-content\/uploads\/2021\/01\/Terminkalender.jpg\" \/>\n\t<meta property=\"og:image:width\" content=\"1920\" \/>\n\t<meta property=\"og:image:height\" content=\"1280\" \/>\n\t<meta property=\"og:image:type\" content=\"image\/jpeg\" \/>\n<meta name=\"author\" content=\"LekiesT\" \/>\n<meta name=\"twitter:card\" content=\"summary_large_image\" \/>\n<meta name=\"twitter:label1\" content=\"Verfasst von\" \/>\n\t<meta name=\"twitter:data1\" content=\"LekiesT\" \/>\n\t<meta name=\"twitter:label2\" content=\"Gesch\u00e4tzte Lesezeit\" \/>\n\t<meta name=\"twitter:data2\" content=\"1\u00a0Minute\" \/>\n<script type=\"application\/ld+json\" class=\"yoast-schema-graph\">{\"@context\":\"https:\/\/schema.org\",\"@graph\":[{\"@type\":\"Article\",\"@id\":\"https:\/\/www.mettmann.de\/web\/buergerausschuss-wird-abgesagt\/#article\",\"isPartOf\":{\"@id\":\"https:\/\/www.mettmann.de\/web\/buergerausschuss-wird-abgesagt\/\"},\"author\":{\"name\":\"LekiesT\",\"@id\":\"https:\/\/www.mettmann.de\/web\/#\/schema\/person\/c0deeeba8d377efe8e769dc7f56c2292\"},\"headline\":\"B\u00fcrgerausschuss wird abgesagt\",\"datePublished\":\"2024-10-15T07:47:35+00:00\",\"mainEntityOfPage\":{\"@id\":\"https:\/\/www.mettmann.de\/web\/buergerausschuss-wird-abgesagt\/\"},\"wordCount\":40,\"publisher\":{\"@id\":\"https:\/\/www.mettmann.de\/web\/#organization\"},\"image\":{\"@id\":\"https:\/\/www.mettmann.de\/web\/buergerausschuss-wird-abgesagt\/#primaryimage\"},\"thumbnailUrl\":\"https:\/\/www.mettmann.de\/web\/wp-content\/uploads\/2021\/01\/Terminkalender.jpg\",\"keywords\":[\"B\u00fcrgeranregungen\",\"B\u00fcrgerausschuss\",\"Mettmann\"],\"inLanguage\":\"de\"},{\"@type\":\"WebPage\",\"@id\":\"https:\/\/www.mettmann.de\/web\/buergerausschuss-wird-abgesagt\/\",\"url\":\"https:\/\/www.mettmann.de\/web\/buergerausschuss-wird-abgesagt\/\",\"name\":\"B\u00fcrgerausschuss wird abgesagt\",\"isPartOf\":{\"@id\":\"https:\/\/www.mettmann.de\/web\/#website\"},\"primaryImageOfPage\":{\"@id\":\"https:\/\/www.mettmann.de\/web\/buergerausschuss-wird-abgesagt\/#primaryimage\"},\"image\":{\"@id\":\"https:\/\/www.mettmann.de\/web\/buergerausschuss-wird-abgesagt\/#primaryimage\"},\"thumbnailUrl\":\"https:\/\/www.mettmann.de\/web\/wp-content\/uploads\/2021\/01\/Terminkalender.jpg\",\"datePublished\":\"2024-10-15T07:47:35+00:00\",\"breadcrumb\":{\"@id\":\"https:\/\/www.mettmann.de\/web\/buergerausschuss-wird-abgesagt\/#breadcrumb\"},\"inLanguage\":\"de\",\"potentialAction\":[{\"@type\":\"ReadAction\",\"target\":[\"https:\/\/www.mettmann.de\/web\/buergerausschuss-wird-abgesagt\/\"]}]},{\"@type\":\"ImageObject\",\"inLanguage\":\"de\",\"@id\":\"https:\/\/www.mettmann.de\/web\/buergerausschuss-wird-abgesagt\/#primaryimage\",\"url\":\"https:\/\/www.mettmann.de\/web\/wp-content\/uploads\/2021\/01\/Terminkalender.jpg\",\"contentUrl\":\"https:\/\/www.mettmann.de\/web\/wp-content\/uploads\/2021\/01\/Terminkalender.jpg\",\"width\":1920,\"height\":1280,\"caption\":\"Symbolfoto: Myriams-Fotos \/ Pixabay\"},{\"@type\":\"BreadcrumbList\",\"@id\":\"https:\/\/www.mettmann.de\/web\/buergerausschuss-wird-abgesagt\/#breadcrumb\",\"itemListElement\":[{\"@type\":\"ListItem\",\"position\":1,\"name\":\"Startseite\",\"item\":\"https:\/\/www.mettmann.de\/web\/\"},{\"@type\":\"ListItem\",\"position\":2,\"name\":\"B\u00fcrgerausschuss wird abgesagt\"}]},{\"@type\":\"WebSite\",\"@id\":\"https:\/\/www.mettmann.de\/web\/#website\",\"url\":\"https:\/\/www.mettmann.de\/web\/\",\"name\":\"Stadtverwaltung Mettmann\",\"description\":\"Internetseite der Kreisstadt Mettmann\",\"publisher\":{\"@id\":\"https:\/\/www.mettmann.de\/web\/#organization\"},\"potentialAction\":[{\"@type\":\"SearchAction\",\"target\":{\"@type\":\"EntryPoint\",\"urlTemplate\":\"https:\/\/www.mettmann.de\/web\/?s={search_term_string}\"},\"query-input\":{\"@type\":\"PropertyValueSpecification\",\"valueRequired\":true,\"valueName\":\"search_term_string\"}}],\"inLanguage\":\"de\"},{\"@type\":\"Organization\",\"@id\":\"https:\/\/www.mettmann.de\/web\/#organization\",\"name\":\"Kreisstadt Mettmann\",\"url\":\"https:\/\/www.mettmann.de\/web\/\",\"logo\":{\"@type\":\"ImageObject\",\"inLanguage\":\"de\",\"@id\":\"https:\/\/www.mettmann.de\/web\/#\/schema\/logo\/image\/\",\"url\":\"https:\/\/www.mettmann.de\/web\/wp-content\/uploads\/2019\/08\/Kreisstadt_Mettmann_Logo_RGB_150dpi.png\",\"contentUrl\":\"https:\/\/www.mettmann.de\/web\/wp-content\/uploads\/2019\/08\/Kreisstadt_Mettmann_Logo_RGB_150dpi.png\",\"width\":1302,\"height\":191,\"caption\":\"Kreisstadt Mettmann\"},\"image\":{\"@id\":\"https:\/\/www.mettmann.de\/web\/#\/schema\/logo\/image\/\"},\"sameAs\":[\"https:\/\/www.facebook.com\/kreisstadt.mettmann\",\"https:\/\/de.wikipedia.org\/wiki\/Mettmann\"]},{\"@type\":\"Person\",\"@id\":\"https:\/\/www.mettmann.de\/web\/#\/schema\/person\/c0deeeba8d377efe8e769dc7f56c2292\",\"name\":\"LekiesT\"}]}<\/script>\n<!-- \/ Yoast SEO plugin. -->","yoast_head_json":{"title":"B\u00fcrgerausschuss wird abgesagt","robots":{"index":"index","follow":"follow","max-snippet":"max-snippet:-1","max-image-preview":"max-image-preview:large","max-video-preview":"max-video-preview:-1"},"canonical":"https:\/\/www.mettmann.de\/web\/buergerausschuss-wird-abgesagt\/","og_locale":"de_DE","og_type":"article","og_title":"B\u00fcrgerausschuss wird abgesagt","og_description":"Die f\u00fcr den 29. Oktober geplante Sitzung des B\u00fcrgerausschusses f\u00e4llt aus. In Absprache mit Florian Peters, dem Vorsitzenden des Ausschusses, wurde die Absage beschlossen, da keine B\u00fcrgeranregungen f\u00fcr die Sitzungen eingegangen sind.","og_url":"https:\/\/www.mettmann.de\/web\/buergerausschuss-wird-abgesagt\/","og_site_name":"Stadtverwaltung Mettmann","article_publisher":"https:\/\/www.facebook.com\/kreisstadt.mettmann","article_published_time":"2024-10-15T07:47:35+00:00","og_image":[{"width":1920,"height":1280,"url":"https:\/\/www.mettmann.de\/web\/wp-content\/uploads\/2021\/01\/Terminkalender.jpg","type":"image\/jpeg"}],"author":"LekiesT","twitter_card":"summary_large_image","twitter_misc":{"Verfasst von":"LekiesT","Gesch\u00e4tzte Lesezeit":"1\u00a0Minute"},"schema":{"@context":"https:\/\/schema.org","@graph":[{"@type":"Article","@id":"https:\/\/www.mettmann.de\/web\/buergerausschuss-wird-abgesagt\/#article","isPartOf":{"@id":"https:\/\/www.mettmann.de\/web\/buergerausschuss-wird-abgesagt\/"},"author":{"name":"LekiesT","@id":"https:\/\/www.mettmann.de\/web\/#\/schema\/person\/c0deeeba8d377efe8e769dc7f56c2292"},"headline":"B\u00fcrgerausschuss wird abgesagt","datePublished":"2024-10-15T07:47:35+00:00","mainEntityOfPage":{"@id":"https:\/\/www.mettmann.de\/web\/buergerausschuss-wird-abgesagt\/"},"wordCount":40,"publisher":{"@id":"https:\/\/www.mettmann.de\/web\/#organization"},"image":{"@id":"https:\/\/www.mettmann.de\/web\/buergerausschuss-wird-abgesagt\/#primaryimage"},"thumbnailUrl":"https:\/\/www.mettmann.de\/web\/wp-content\/uploads\/2021\/01\/Terminkalender.jpg","keywords":["B\u00fcrgeranregungen","B\u00fcrgerausschuss","Mettmann"],"inLanguage":"de"},{"@type":"WebPage","@id":"https:\/\/www.mettmann.de\/web\/buergerausschuss-wird-abgesagt\/","url":"https:\/\/www.mettmann.de\/web\/buergerausschuss-wird-abgesagt\/","name":"B\u00fcrgerausschuss wird abgesagt","isPartOf":{"@id":"https:\/\/www.mettmann.de\/web\/#website"},"primaryImageOfPage":{"@id":"https:\/\/www.mettmann.de\/web\/buergerausschuss-wird-abgesagt\/#primaryimage"},"image":{"@id":"https:\/\/www.mettmann.de\/web\/buergerausschuss-wird-abgesagt\/#primaryimage"},"thumbnailUrl":"https:\/\/www.mettmann.de\/web\/wp-content\/uploads\/2021\/01\/Terminkalender.jpg","datePublished":"2024-10-15T07:47:35+00:00","breadcrumb":{"@id":"https:\/\/www.mettmann.de\/web\/buergerausschuss-wird-abgesagt\/#breadcrumb"},"inLanguage":"de","potentialAction":[{"@type":"ReadAction","target":["https:\/\/www.mettmann.de\/web\/buergerausschuss-wird-abgesagt\/"]}]},{"@type":"ImageObject","inLanguage":"de","@id":"https:\/\/www.mettmann.de\/web\/buergerausschuss-wird-abgesagt\/#primaryimage","url":"https:\/\/www.mettmann.de\/web\/wp-content\/uploads\/2021\/01\/Terminkalender.jpg","contentUrl":"https:\/\/www.mettmann.de\/web\/wp-content\/uploads\/2021\/01\/Terminkalender.jpg","width":1920,"height":1280,"caption":"Symbolfoto: Myriams-Fotos \/ Pixabay"},{"@type":"BreadcrumbList","@id":"https:\/\/www.mettmann.de\/web\/buergerausschuss-wird-abgesagt\/#breadcrumb","itemListElement":[{"@type":"ListItem","position":1,"name":"Startseite","item":"https:\/\/www.mettmann.de\/web\/"},{"@type":"ListItem","position":2,"name":"B\u00fcrgerausschuss wird abgesagt"}]},{"@type":"WebSite","@id":"https:\/\/www.mettmann.de\/web\/#website","url":"https:\/\/www.mettmann.de\/web\/","name":"Stadtverwaltung Mettmann","description":"Internetseite der Kreisstadt Mettmann","publisher":{"@id":"https:\/\/www.mettmann.de\/web\/#organization"},"potentialAction":[{"@type":"SearchAction","target":{"@type":"EntryPoint","urlTemplate":"https:\/\/www.mettmann.de\/web\/?s={search_term_string}"},"query-input":{"@type":"PropertyValueSpecification","valueRequired":true,"valueName":"search_term_string"}}],"inLanguage":"de"},{"@type":"Organization","@id":"https:\/\/www.mettmann.de\/web\/#organization","name":"Kreisstadt Mettmann","url":"https:\/\/www.mettmann.de\/web\/","logo":{"@type":"ImageObject","inLanguage":"de","@id":"https:\/\/www.mettmann.de\/web\/#\/schema\/logo\/image\/","url":"https:\/\/www.mettmann.de\/web\/wp-content\/uploads\/2019\/08\/Kreisstadt_Mettmann_Logo_RGB_150dpi.png","contentUrl":"https:\/\/www.mettmann.de\/web\/wp-content\/uploads\/2019\/08\/Kreisstadt_Mettmann_Logo_RGB_150dpi.png","width":1302,"height":191,"caption":"Kreisstadt Mettmann"},"image":{"@id":"https:\/\/www.mettmann.de\/web\/#\/schema\/logo\/image\/"},"sameAs":["https:\/\/www.facebook.com\/kreisstadt.mettmann","https:\/\/de.wikipedia.org\/wiki\/Mettmann"]},{"@type":"Person","@id":"https:\/\/www.mettmann.de\/web\/#\/schema\/person\/c0deeeba8d377efe8e769dc7f56c2292","name":"LekiesT"}]}},"_links":{"self":[{"href":"https:\/\/www.mettmann.de\/web\/wp-json\/wp\/v2\/posts\/44354","targetHints":{"allow":["GET"]}}],"collection":[{"href":"https:\/\/www.mettmann.de\/web\/wp-json\/wp\/v2\/posts"}],"about":[{"href":"https:\/\/www.mettmann.de\/web\/wp-json\/wp\/v2\/types\/post"}],"author":[{"embeddable":true,"href":"https:\/\/www.mettmann.de\/web\/wp-json\/wp\/v2\/users\/2"}],"replies":[{"embeddable":true,"href":"https:\/\/www.mettmann.de\/web\/wp-json\/wp\/v2\/comments?post=44354"}],"version-history":[{"count":2,"href":"https:\/\/www.mettmann.de\/web\/wp-json\/wp\/v2\/posts\/44354\/revisions"}],"predecessor-version":[{"id":44356,"href":"https:\/\/www.mettmann.de\/web\/wp-json\/wp\/v2\/posts\/44354\/revisions\/44356"}],"wp:featuredmedia":[{"embeddable":true,"href":"https:\/\/www.mettmann.de\/web\/wp-json\/wp\/v2\/media\/9887"}],"wp:attachment":[{"href":"https:\/\/www.mettmann.de\/web\/wp-json\/wp\/v2\/media?parent=44354"}],"wp:term":[{"taxonomy":"category","embeddable":true,"href":"https:\/\/www.mettmann.de\/web\/wp-json\/wp\/v2\/categories?post=44354"},{"taxonomy":"post_tag","embeddable":true,"href":"https:\/\/www.mettmann.de\/web\/wp-json\/wp\/v2\/tags?post=44354"}],"curies":[{"name":"wp","href":"https:\/\/api.w.org\/{rel}","templated":true}]}}