{"id":46648,"date":"2025-01-10T11:20:21","date_gmt":"2025-01-10T10:20:21","guid":{"rendered":"https:\/\/www.mettmann.de\/web\/?p=46648"},"modified":"2025-01-10T11:23:33","modified_gmt":"2025-01-10T10:23:33","slug":"bundestagswahl-wahlberechtigte-sollten-verkuerzten-briefwahlzeitraum-beachten","status":"publish","type":"post","link":"https:\/\/www.mettmann.de\/web\/bundestagswahl-wahlberechtigte-sollten-verkuerzten-briefwahlzeitraum-beachten\/","title":{"rendered":"Bundestagswahl: Wahlberechtigte sollten verk\u00fcrzten Briefwahlzeitraum beachten"},"content":{"rendered":"<p>Bundeswahlleiterin Ruth Brand wirbt f\u00fcr eine hohe Wahlbeteiligung bei der Bundestagswahl 2025: \u201eJede abgegebene Stimme ist ein Zeichen f\u00fcr eine starke Demokratie.\u201c Brand weist darauf hin, dass Wahlberechtigte, die bei der vorgezogenen Wahl zum Deutschen Bundestag am 23.&nbsp;Februar&nbsp;2025 ihre Stimme per Briefwahl abgeben m\u00f6chten, den verk\u00fcrzten Briefwahlzeitraum ber\u00fccksichtigen sollten.<\/p>\n<p>Die Briefwahlunterlagen sollten schneller bei der Gemeinde beantragt, ausgef\u00fcllt und zur\u00fcckgeschickt werden als dies bei einer Bundestagswahl zum regul\u00e4ren Ende einer Legislaturperiode der Fall ist. Der verk\u00fcrzte Briefwahlzeitraum sei unmittelbare und logische Konsequenz einer vorgezogenen Neuwahl.<\/p>\n<p>Entsprechend bereiten sich die meisten Wahl\u00e4mter in Deutschland auf einen Beginn der Briefwahl zwischen dem 6. und 10. Februar 2025 vor. Ein fr\u00fcherer Beginn wird in den meisten der 299 Wahlkreise nicht m\u00f6glich sein, da die Stimmzettel erst gedruckt werden k\u00f6nnen, wenn die Wahlvorschl\u00e4ge zugelassen sind und am 30. Januar 2025 die Landeswahlaussch\u00fcsse und der Bundeswahlausschuss \u00fcber etwaige Beschwerden entschieden haben. Der Druck der Stimmzettel und ihre Auslieferung an die Gemeindebeh\u00f6rden werden einige Tage in Anspruch nehmen, bevor die Briefwahl beginnen kann.<\/p>\n<p><strong>Rechtzeitiger Eingang der Briefwahlunterlagen entscheidend<\/strong><\/p>\n<p>Die Wahlbriefe m\u00fcssen sp\u00e4testens am Wahltag, 23. Februar 2025, um 18 Uhr bei der auf dem Wahlbrief aufgedruckten zust\u00e4ndigen Stelle eingegangen sein. Hierf\u00fcr tragen nach dem Bundeswahlgesetz die W\u00e4hlerinnen und W\u00e4hler selbst die Verantwortung. Versp\u00e4tet eingehende Wahlbriefe k\u00f6nnen nicht ber\u00fccksichtigt werden.<\/p>\n<p>Die Bundeswahlleiterin empfiehlt Wahlberechtigten, die ihre Stimme per Briefwahl abgeben m\u00f6chten, sich fr\u00fchzeitig darum zu k\u00fcmmern: Der f\u00fcr die Briefwahl n\u00f6tige Wahlschein kann bei der Gemeinde des Hauptwohnortes pers\u00f6nlich oder schriftlich, zum Beispiel auch per Fax oder E-Mail, beantragt werden. Ene telefonische Antragstellung ist nicht m\u00f6glich.<\/p>\n<p>Die Deutsche Post stellt laut Bundeswahlleiterin sicher, dass Wahlbriefe, die bis sp\u00e4testens Donnerstag, 20. Februar 2025, vor der letzten Leerung des jeweiligen Briefkastens eingeworfen beziehungsweise in einer Postfiliale abgegeben werden, rechtzeitig die auf dem Wahlbrief aufgedruckte Stelle erreichen.<\/p>\n<p>Wer den Erhalt der Briefwahlunterlagen per Post nicht abwarten m\u00f6chte, kann im Antrag auf Erteilung eines Wahlscheins auch angeben, die Briefwahlunterlagen direkt beim Wahlamt abzuholen, oder den Antrag pers\u00f6nlich dort stellen. Vor Ort kann man den Stimmzettel ausf\u00fcllen und den Wahlbrief direkt abgeben.<\/p>\n<p>Wer dagegen seine Briefwahlunterlagen nicht rechtzeitig erh\u00e4lt oder verloren hat, kann sp\u00e4testens bis zum Samstag vor der Wahl, 22. Februar 2025, um 12 Uhr zu seinem Wahlamt gehen. Wenn man dort glaubhaft versichert, dass man die Briefwahlunterlagen nicht erhalten oder verloren hat, wird ein neuer Wahlschein erteilt. Der vorherige Wahlschein wird in diesem Fall f\u00fcr ung\u00fcltig erkl\u00e4rt.<\/p>\n","protected":false},"excerpt":{"rendered":"<p>Bundeswahlleiterin Ruth Brand wirbt f\u00fcr eine hohe Wahlbeteiligung bei der Bundestagswahl 2025: \u201eJede abgegebene Stimme ist ein Zeichen f\u00fcr eine starke Demokratie.\u201c Brand weist darauf hin, dass Wahlberechtigte, die bei der vorgezogenen Wahl zum Deutschen&#8230;<\/p>\n","protected":false},"author":2,"featured_media":44896,"comment_status":"closed","ping_status":"closed","sticky":false,"template":"","format":"standard","meta":{"ngg_post_thumbnail":0,"footnotes":""},"categories":[1],"tags":[1239,2214,4],"class_list":["post-46648","post","type-post","status-publish","format-standard","has-post-thumbnail","hentry","category-allgemein","tag-briefwahl","tag-bundestagswahl","tag-mettmann"],"yoast_head":"<!-- This site is optimized with the Yoast SEO plugin v27.2 - https:\/\/yoast.com\/product\/yoast-seo-wordpress\/ -->\n<title>Bundestagswahl: Wahlberechtigte sollten verk\u00fcrzten Briefwahlzeitraum beachten<\/title>\n<meta name=\"robots\" content=\"index, follow, max-snippet:-1, max-image-preview:large, max-video-preview:-1\" \/>\n<link rel=\"canonical\" href=\"https:\/\/www.mettmann.de\/web\/bundestagswahl-wahlberechtigte-sollten-verkuerzten-briefwahlzeitraum-beachten\/\" \/>\n<meta property=\"og:locale\" content=\"de_DE\" \/>\n<meta property=\"og:type\" content=\"article\" \/>\n<meta property=\"og:title\" content=\"Bundestagswahl: Wahlberechtigte sollten verk\u00fcrzten Briefwahlzeitraum beachten\" \/>\n<meta property=\"og:description\" content=\"Symbolfoto: blickpixel \/ Pixabay\" \/>\n<meta property=\"og:url\" content=\"https:\/\/www.mettmann.de\/web\/bundestagswahl-wahlberechtigte-sollten-verkuerzten-briefwahlzeitraum-beachten\/\" \/>\n<meta property=\"og:site_name\" content=\"Stadtverwaltung Mettmann\" \/>\n<meta property=\"article:publisher\" content=\"https:\/\/www.facebook.com\/kreisstadt.mettmann\" \/>\n<meta property=\"article:published_time\" content=\"2025-01-10T10:20:21+00:00\" \/>\n<meta property=\"article:modified_time\" content=\"2025-01-10T10:23:33+00:00\" \/>\n<meta property=\"og:image\" content=\"https:\/\/www.mettmann.de\/web\/wp-content\/uploads\/2024\/11\/Bundestagswahl-2025.jpg\" \/>\n\t<meta property=\"og:image:width\" content=\"1280\" \/>\n\t<meta property=\"og:image:height\" content=\"890\" \/>\n\t<meta property=\"og:image:type\" content=\"image\/jpeg\" \/>\n<meta name=\"author\" content=\"LekiesT\" \/>\n<meta name=\"twitter:card\" content=\"summary_large_image\" \/>\n<meta name=\"twitter:label1\" content=\"Verfasst von\" \/>\n\t<meta name=\"twitter:data1\" content=\"LekiesT\" \/>\n\t<meta name=\"twitter:label2\" content=\"Gesch\u00e4tzte Lesezeit\" \/>\n\t<meta name=\"twitter:data2\" content=\"3\u00a0Minuten\" \/>\n<script type=\"application\/ld+json\" class=\"yoast-schema-graph\">{\"@context\":\"https:\/\/schema.org\",\"@graph\":[{\"@type\":\"Article\",\"@id\":\"https:\/\/www.mettmann.de\/web\/bundestagswahl-wahlberechtigte-sollten-verkuerzten-briefwahlzeitraum-beachten\/#article\",\"isPartOf\":{\"@id\":\"https:\/\/www.mettmann.de\/web\/bundestagswahl-wahlberechtigte-sollten-verkuerzten-briefwahlzeitraum-beachten\/\"},\"author\":{\"name\":\"LekiesT\",\"@id\":\"https:\/\/www.mettmann.de\/web\/#\/schema\/person\/c0deeeba8d377efe8e769dc7f56c2292\"},\"headline\":\"Bundestagswahl: Wahlberechtigte sollten verk\u00fcrzten Briefwahlzeitraum beachten\",\"datePublished\":\"2025-01-10T10:20:21+00:00\",\"dateModified\":\"2025-01-10T10:23:33+00:00\",\"mainEntityOfPage\":{\"@id\":\"https:\/\/www.mettmann.de\/web\/bundestagswahl-wahlberechtigte-sollten-verkuerzten-briefwahlzeitraum-beachten\/\"},\"wordCount\":432,\"publisher\":{\"@id\":\"https:\/\/www.mettmann.de\/web\/#organization\"},\"image\":{\"@id\":\"https:\/\/www.mettmann.de\/web\/bundestagswahl-wahlberechtigte-sollten-verkuerzten-briefwahlzeitraum-beachten\/#primaryimage\"},\"thumbnailUrl\":\"https:\/\/www.mettmann.de\/web\/wp-content\/uploads\/2024\/11\/Bundestagswahl-2025.jpg\",\"keywords\":[\"Briefwahl\",\"Bundestagswahl\",\"Mettmann\"],\"inLanguage\":\"de\"},{\"@type\":\"WebPage\",\"@id\":\"https:\/\/www.mettmann.de\/web\/bundestagswahl-wahlberechtigte-sollten-verkuerzten-briefwahlzeitraum-beachten\/\",\"url\":\"https:\/\/www.mettmann.de\/web\/bundestagswahl-wahlberechtigte-sollten-verkuerzten-briefwahlzeitraum-beachten\/\",\"name\":\"Bundestagswahl: Wahlberechtigte sollten verk\u00fcrzten Briefwahlzeitraum beachten\",\"isPartOf\":{\"@id\":\"https:\/\/www.mettmann.de\/web\/#website\"},\"primaryImageOfPage\":{\"@id\":\"https:\/\/www.mettmann.de\/web\/bundestagswahl-wahlberechtigte-sollten-verkuerzten-briefwahlzeitraum-beachten\/#primaryimage\"},\"image\":{\"@id\":\"https:\/\/www.mettmann.de\/web\/bundestagswahl-wahlberechtigte-sollten-verkuerzten-briefwahlzeitraum-beachten\/#primaryimage\"},\"thumbnailUrl\":\"https:\/\/www.mettmann.de\/web\/wp-content\/uploads\/2024\/11\/Bundestagswahl-2025.jpg\",\"datePublished\":\"2025-01-10T10:20:21+00:00\",\"dateModified\":\"2025-01-10T10:23:33+00:00\",\"breadcrumb\":{\"@id\":\"https:\/\/www.mettmann.de\/web\/bundestagswahl-wahlberechtigte-sollten-verkuerzten-briefwahlzeitraum-beachten\/#breadcrumb\"},\"inLanguage\":\"de\",\"potentialAction\":[{\"@type\":\"ReadAction\",\"target\":[\"https:\/\/www.mettmann.de\/web\/bundestagswahl-wahlberechtigte-sollten-verkuerzten-briefwahlzeitraum-beachten\/\"]}]},{\"@type\":\"ImageObject\",\"inLanguage\":\"de\",\"@id\":\"https:\/\/www.mettmann.de\/web\/bundestagswahl-wahlberechtigte-sollten-verkuerzten-briefwahlzeitraum-beachten\/#primaryimage\",\"url\":\"https:\/\/www.mettmann.de\/web\/wp-content\/uploads\/2024\/11\/Bundestagswahl-2025.jpg\",\"contentUrl\":\"https:\/\/www.mettmann.de\/web\/wp-content\/uploads\/2024\/11\/Bundestagswahl-2025.jpg\",\"width\":1280,\"height\":890,\"caption\":\"Symbolfoto: blickpixel \/ Pixabay\"},{\"@type\":\"BreadcrumbList\",\"@id\":\"https:\/\/www.mettmann.de\/web\/bundestagswahl-wahlberechtigte-sollten-verkuerzten-briefwahlzeitraum-beachten\/#breadcrumb\",\"itemListElement\":[{\"@type\":\"ListItem\",\"position\":1,\"name\":\"Startseite\",\"item\":\"https:\/\/www.mettmann.de\/web\/\"},{\"@type\":\"ListItem\",\"position\":2,\"name\":\"Bundestagswahl: Wahlberechtigte sollten verk\u00fcrzten Briefwahlzeitraum beachten\"}]},{\"@type\":\"WebSite\",\"@id\":\"https:\/\/www.mettmann.de\/web\/#website\",\"url\":\"https:\/\/www.mettmann.de\/web\/\",\"name\":\"Stadtverwaltung Mettmann\",\"description\":\"Internetseite der Kreisstadt Mettmann\",\"publisher\":{\"@id\":\"https:\/\/www.mettmann.de\/web\/#organization\"},\"potentialAction\":[{\"@type\":\"SearchAction\",\"target\":{\"@type\":\"EntryPoint\",\"urlTemplate\":\"https:\/\/www.mettmann.de\/web\/?s={search_term_string}\"},\"query-input\":{\"@type\":\"PropertyValueSpecification\",\"valueRequired\":true,\"valueName\":\"search_term_string\"}}],\"inLanguage\":\"de\"},{\"@type\":\"Organization\",\"@id\":\"https:\/\/www.mettmann.de\/web\/#organization\",\"name\":\"Kreisstadt Mettmann\",\"url\":\"https:\/\/www.mettmann.de\/web\/\",\"logo\":{\"@type\":\"ImageObject\",\"inLanguage\":\"de\",\"@id\":\"https:\/\/www.mettmann.de\/web\/#\/schema\/logo\/image\/\",\"url\":\"https:\/\/www.mettmann.de\/web\/wp-content\/uploads\/2019\/08\/Kreisstadt_Mettmann_Logo_RGB_150dpi.png\",\"contentUrl\":\"https:\/\/www.mettmann.de\/web\/wp-content\/uploads\/2019\/08\/Kreisstadt_Mettmann_Logo_RGB_150dpi.png\",\"width\":1302,\"height\":191,\"caption\":\"Kreisstadt Mettmann\"},\"image\":{\"@id\":\"https:\/\/www.mettmann.de\/web\/#\/schema\/logo\/image\/\"},\"sameAs\":[\"https:\/\/www.facebook.com\/kreisstadt.mettmann\",\"https:\/\/de.wikipedia.org\/wiki\/Mettmann\"]},{\"@type\":\"Person\",\"@id\":\"https:\/\/www.mettmann.de\/web\/#\/schema\/person\/c0deeeba8d377efe8e769dc7f56c2292\",\"name\":\"LekiesT\"}]}<\/script>\n<!-- \/ Yoast SEO plugin. -->","yoast_head_json":{"title":"Bundestagswahl: Wahlberechtigte sollten verk\u00fcrzten Briefwahlzeitraum beachten","robots":{"index":"index","follow":"follow","max-snippet":"max-snippet:-1","max-image-preview":"max-image-preview:large","max-video-preview":"max-video-preview:-1"},"canonical":"https:\/\/www.mettmann.de\/web\/bundestagswahl-wahlberechtigte-sollten-verkuerzten-briefwahlzeitraum-beachten\/","og_locale":"de_DE","og_type":"article","og_title":"Bundestagswahl: Wahlberechtigte sollten verk\u00fcrzten Briefwahlzeitraum beachten","og_description":"Symbolfoto: blickpixel \/ Pixabay","og_url":"https:\/\/www.mettmann.de\/web\/bundestagswahl-wahlberechtigte-sollten-verkuerzten-briefwahlzeitraum-beachten\/","og_site_name":"Stadtverwaltung Mettmann","article_publisher":"https:\/\/www.facebook.com\/kreisstadt.mettmann","article_published_time":"2025-01-10T10:20:21+00:00","article_modified_time":"2025-01-10T10:23:33+00:00","og_image":[{"width":1280,"height":890,"url":"https:\/\/www.mettmann.de\/web\/wp-content\/uploads\/2024\/11\/Bundestagswahl-2025.jpg","type":"image\/jpeg"}],"author":"LekiesT","twitter_card":"summary_large_image","twitter_misc":{"Verfasst von":"LekiesT","Gesch\u00e4tzte Lesezeit":"3\u00a0Minuten"},"schema":{"@context":"https:\/\/schema.org","@graph":[{"@type":"Article","@id":"https:\/\/www.mettmann.de\/web\/bundestagswahl-wahlberechtigte-sollten-verkuerzten-briefwahlzeitraum-beachten\/#article","isPartOf":{"@id":"https:\/\/www.mettmann.de\/web\/bundestagswahl-wahlberechtigte-sollten-verkuerzten-briefwahlzeitraum-beachten\/"},"author":{"name":"LekiesT","@id":"https:\/\/www.mettmann.de\/web\/#\/schema\/person\/c0deeeba8d377efe8e769dc7f56c2292"},"headline":"Bundestagswahl: Wahlberechtigte sollten verk\u00fcrzten Briefwahlzeitraum beachten","datePublished":"2025-01-10T10:20:21+00:00","dateModified":"2025-01-10T10:23:33+00:00","mainEntityOfPage":{"@id":"https:\/\/www.mettmann.de\/web\/bundestagswahl-wahlberechtigte-sollten-verkuerzten-briefwahlzeitraum-beachten\/"},"wordCount":432,"publisher":{"@id":"https:\/\/www.mettmann.de\/web\/#organization"},"image":{"@id":"https:\/\/www.mettmann.de\/web\/bundestagswahl-wahlberechtigte-sollten-verkuerzten-briefwahlzeitraum-beachten\/#primaryimage"},"thumbnailUrl":"https:\/\/www.mettmann.de\/web\/wp-content\/uploads\/2024\/11\/Bundestagswahl-2025.jpg","keywords":["Briefwahl","Bundestagswahl","Mettmann"],"inLanguage":"de"},{"@type":"WebPage","@id":"https:\/\/www.mettmann.de\/web\/bundestagswahl-wahlberechtigte-sollten-verkuerzten-briefwahlzeitraum-beachten\/","url":"https:\/\/www.mettmann.de\/web\/bundestagswahl-wahlberechtigte-sollten-verkuerzten-briefwahlzeitraum-beachten\/","name":"Bundestagswahl: Wahlberechtigte sollten verk\u00fcrzten Briefwahlzeitraum beachten","isPartOf":{"@id":"https:\/\/www.mettmann.de\/web\/#website"},"primaryImageOfPage":{"@id":"https:\/\/www.mettmann.de\/web\/bundestagswahl-wahlberechtigte-sollten-verkuerzten-briefwahlzeitraum-beachten\/#primaryimage"},"image":{"@id":"https:\/\/www.mettmann.de\/web\/bundestagswahl-wahlberechtigte-sollten-verkuerzten-briefwahlzeitraum-beachten\/#primaryimage"},"thumbnailUrl":"https:\/\/www.mettmann.de\/web\/wp-content\/uploads\/2024\/11\/Bundestagswahl-2025.jpg","datePublished":"2025-01-10T10:20:21+00:00","dateModified":"2025-01-10T10:23:33+00:00","breadcrumb":{"@id":"https:\/\/www.mettmann.de\/web\/bundestagswahl-wahlberechtigte-sollten-verkuerzten-briefwahlzeitraum-beachten\/#breadcrumb"},"inLanguage":"de","potentialAction":[{"@type":"ReadAction","target":["https:\/\/www.mettmann.de\/web\/bundestagswahl-wahlberechtigte-sollten-verkuerzten-briefwahlzeitraum-beachten\/"]}]},{"@type":"ImageObject","inLanguage":"de","@id":"https:\/\/www.mettmann.de\/web\/bundestagswahl-wahlberechtigte-sollten-verkuerzten-briefwahlzeitraum-beachten\/#primaryimage","url":"https:\/\/www.mettmann.de\/web\/wp-content\/uploads\/2024\/11\/Bundestagswahl-2025.jpg","contentUrl":"https:\/\/www.mettmann.de\/web\/wp-content\/uploads\/2024\/11\/Bundestagswahl-2025.jpg","width":1280,"height":890,"caption":"Symbolfoto: blickpixel \/ Pixabay"},{"@type":"BreadcrumbList","@id":"https:\/\/www.mettmann.de\/web\/bundestagswahl-wahlberechtigte-sollten-verkuerzten-briefwahlzeitraum-beachten\/#breadcrumb","itemListElement":[{"@type":"ListItem","position":1,"name":"Startseite","item":"https:\/\/www.mettmann.de\/web\/"},{"@type":"ListItem","position":2,"name":"Bundestagswahl: Wahlberechtigte sollten verk\u00fcrzten Briefwahlzeitraum beachten"}]},{"@type":"WebSite","@id":"https:\/\/www.mettmann.de\/web\/#website","url":"https:\/\/www.mettmann.de\/web\/","name":"Stadtverwaltung Mettmann","description":"Internetseite der Kreisstadt Mettmann","publisher":{"@id":"https:\/\/www.mettmann.de\/web\/#organization"},"potentialAction":[{"@type":"SearchAction","target":{"@type":"EntryPoint","urlTemplate":"https:\/\/www.mettmann.de\/web\/?s={search_term_string}"},"query-input":{"@type":"PropertyValueSpecification","valueRequired":true,"valueName":"search_term_string"}}],"inLanguage":"de"},{"@type":"Organization","@id":"https:\/\/www.mettmann.de\/web\/#organization","name":"Kreisstadt Mettmann","url":"https:\/\/www.mettmann.de\/web\/","logo":{"@type":"ImageObject","inLanguage":"de","@id":"https:\/\/www.mettmann.de\/web\/#\/schema\/logo\/image\/","url":"https:\/\/www.mettmann.de\/web\/wp-content\/uploads\/2019\/08\/Kreisstadt_Mettmann_Logo_RGB_150dpi.png","contentUrl":"https:\/\/www.mettmann.de\/web\/wp-content\/uploads\/2019\/08\/Kreisstadt_Mettmann_Logo_RGB_150dpi.png","width":1302,"height":191,"caption":"Kreisstadt Mettmann"},"image":{"@id":"https:\/\/www.mettmann.de\/web\/#\/schema\/logo\/image\/"},"sameAs":["https:\/\/www.facebook.com\/kreisstadt.mettmann","https:\/\/de.wikipedia.org\/wiki\/Mettmann"]},{"@type":"Person","@id":"https:\/\/www.mettmann.de\/web\/#\/schema\/person\/c0deeeba8d377efe8e769dc7f56c2292","name":"LekiesT"}]}},"_links":{"self":[{"href":"https:\/\/www.mettmann.de\/web\/wp-json\/wp\/v2\/posts\/46648","targetHints":{"allow":["GET"]}}],"collection":[{"href":"https:\/\/www.mettmann.de\/web\/wp-json\/wp\/v2\/posts"}],"about":[{"href":"https:\/\/www.mettmann.de\/web\/wp-json\/wp\/v2\/types\/post"}],"author":[{"embeddable":true,"href":"https:\/\/www.mettmann.de\/web\/wp-json\/wp\/v2\/users\/2"}],"replies":[{"embeddable":true,"href":"https:\/\/www.mettmann.de\/web\/wp-json\/wp\/v2\/comments?post=46648"}],"version-history":[{"count":3,"href":"https:\/\/www.mettmann.de\/web\/wp-json\/wp\/v2\/posts\/46648\/revisions"}],"predecessor-version":[{"id":46651,"href":"https:\/\/www.mettmann.de\/web\/wp-json\/wp\/v2\/posts\/46648\/revisions\/46651"}],"wp:featuredmedia":[{"embeddable":true,"href":"https:\/\/www.mettmann.de\/web\/wp-json\/wp\/v2\/media\/44896"}],"wp:attachment":[{"href":"https:\/\/www.mettmann.de\/web\/wp-json\/wp\/v2\/media?parent=46648"}],"wp:term":[{"taxonomy":"category","embeddable":true,"href":"https:\/\/www.mettmann.de\/web\/wp-json\/wp\/v2\/categories?post=46648"},{"taxonomy":"post_tag","embeddable":true,"href":"https:\/\/www.mettmann.de\/web\/wp-json\/wp\/v2\/tags?post=46648"}],"curies":[{"name":"wp","href":"https:\/\/api.w.org\/{rel}","templated":true}]}}