{"id":46922,"date":"2025-01-24T15:08:37","date_gmt":"2025-01-24T14:08:37","guid":{"rendered":"https:\/\/www.mettmann.de\/web\/?p=46922"},"modified":"2025-01-24T15:08:37","modified_gmt":"2025-01-24T14:08:37","slug":"wichtige-mitteilung-kita-an-der-rheinstrasse","status":"publish","type":"post","link":"https:\/\/www.mettmann.de\/web\/wichtige-mitteilung-kita-an-der-rheinstrasse\/","title":{"rendered":"Wichtige Mitteilung: Kita an der Rheinstra\u00dfe"},"content":{"rendered":"<p>Wir m\u00f6chten Sie \u00fcber eine technische Ma\u00dfnahme informieren, die in unserer Kita an der Rheinstra\u00dfe in diesem Moment durchgef\u00fchrt wird, um die Sicherheit der Kinder und des Geb\u00e4udes zu gew\u00e4hrleisten.<\/p>\n<p><strong>Worum geht es? <\/strong><\/p>\n<p>In einem Abstellraum der Kita wurde ein Wasserschaden festgestellt. Um diesen Wasserschaden genauer zu \u00fcberpr\u00fcfen, wurde am heutigen Freitag, 24.01.2025, die Gipskartondecke durch eine hinzugezogene Fachfirma ge\u00f6ffnet. Dabei wurde festgestellt, dass Holzbinder des Foyerdaches durch eingedrungene Feuchtigkeit besch\u00e4digt wurden. Ein Statiker wurde umgehend hinzugezogen, um die Situation umfassend einzusch\u00e4tzen. Gemeinsam mit einer Dachdeckerfirma wurde dann direkt eine L\u00f6sung entwickelt, um die betroffenen Holzbinder zu st\u00fctzen. Diese Ma\u00dfnahme stellt sicher, dass die Standsicherheit des Foyerdaches weiterhin gew\u00e4hrleistet ist. W\u00e4hrend der Abst\u00fctzarbeiten wird der betroffene Bereich kurzfristig gesperrt, so dass Kinder und Mitarbeitende diesen Bereich tempor\u00e4r nicht betreten d\u00fcrfen. So wird eine Gef\u00e4hrdung der Kinder und Mitarbeitenden zu jeder Zeit verhindert.<\/p>\n<p><strong>Wie geht es nun weiter?<\/strong><\/p>\n<p>Der Kita-Betrieb kann wie gewohnt weiterlaufen. Die Sicherungsma\u00dfnahmen werden noch heute abgeschlossen. Die jetzt durchgef\u00fchrten Arbeiten sind eine erste und wichtige Ma\u00dfnahme zur Sicherung. Diese umgehend ergriffene Ma\u00dfnahme bietet nun die M\u00f6glichkeit, die anstehenden Erhaltungs- und Sanierungsma\u00dfnahmen am Dach gr\u00fcndlich zu planen und zu einem geeigneten, zeitnahen Zeitpunkt vorzunehmen. Die Instandsetzungsarbeiten werden durch die Stadt nach M\u00f6glichkeit so terminiert, dass der laufende KITA-Betrieb nicht oder aber nur in geringem Ma\u00dfe beeintr\u00e4chtigt wird und die Versorgung der Kinder gegeben ist. Nach M\u00f6glichkeit sollen diese Arbeiten w\u00e4hren der Betriebsschlie\u00dfung im Sommer erfolgen.<\/p>\n<p>Bei Fragen oder Anliegen steht Ihnen die Abteilungsleitung Kindertagesbetreuung der Kreisstadt Mettmann gerne zur Verf\u00fcgung.<\/p>\n","protected":false},"excerpt":{"rendered":"<p>Wir m\u00f6chten Sie \u00fcber eine technische Ma\u00dfnahme informieren, die in unserer Kita an der Rheinstra\u00dfe in diesem Moment durchgef\u00fchrt wird, um die Sicherheit der Kinder und des Geb\u00e4udes zu gew\u00e4hrleisten. Worum geht es? In einem&#8230;<\/p>\n","protected":false},"author":2,"featured_media":372,"comment_status":"closed","ping_status":"closed","sticky":false,"template":"","format":"standard","meta":{"ngg_post_thumbnail":0,"footnotes":""},"categories":[1],"tags":[],"class_list":["post-46922","post","type-post","status-publish","format-standard","has-post-thumbnail","hentry","category-allgemein"],"yoast_head":"<!-- This site is optimized with the Yoast SEO plugin v27.2 - https:\/\/yoast.com\/product\/yoast-seo-wordpress\/ -->\n<title>Wichtige Mitteilung: Kita an der Rheinstra\u00dfe<\/title>\n<meta name=\"robots\" content=\"index, follow, max-snippet:-1, max-image-preview:large, max-video-preview:-1\" \/>\n<link rel=\"canonical\" href=\"https:\/\/www.mettmann.de\/web\/wichtige-mitteilung-kita-an-der-rheinstrasse\/\" \/>\n<meta property=\"og:locale\" content=\"de_DE\" \/>\n<meta property=\"og:type\" content=\"article\" \/>\n<meta property=\"og:title\" content=\"Wichtige Mitteilung: Kita an der Rheinstra\u00dfe\" \/>\n<meta property=\"og:description\" content=\"Wir m\u00f6chten Sie \u00fcber eine technische Ma\u00dfnahme informieren, die in unserer Kita an der Rheinstra\u00dfe in diesem Moment durchgef\u00fchrt wird, um die Sicherheit der Kinder und des Geb\u00e4udes zu gew\u00e4hrleisten. Worum geht es? In einem...\" \/>\n<meta property=\"og:url\" content=\"https:\/\/www.mettmann.de\/web\/wichtige-mitteilung-kita-an-der-rheinstrasse\/\" \/>\n<meta property=\"og:site_name\" content=\"Stadtverwaltung Mettmann\" \/>\n<meta property=\"article:publisher\" content=\"https:\/\/www.facebook.com\/kreisstadt.mettmann\" \/>\n<meta property=\"article:published_time\" content=\"2025-01-24T14:08:37+00:00\" \/>\n<meta property=\"og:image\" content=\"https:\/\/www.mettmann.de\/web\/wp-content\/uploads\/2019\/08\/baustelle.jpg\" \/>\n\t<meta property=\"og:image:width\" content=\"1000\" \/>\n\t<meta property=\"og:image:height\" content=\"563\" \/>\n\t<meta property=\"og:image:type\" content=\"image\/jpeg\" \/>\n<meta name=\"author\" content=\"LekiesT\" \/>\n<meta name=\"twitter:card\" content=\"summary_large_image\" \/>\n<meta name=\"twitter:label1\" content=\"Verfasst von\" \/>\n\t<meta name=\"twitter:data1\" content=\"LekiesT\" \/>\n\t<meta name=\"twitter:label2\" content=\"Gesch\u00e4tzte Lesezeit\" \/>\n\t<meta name=\"twitter:data2\" content=\"2\u00a0Minuten\" \/>\n<script type=\"application\/ld+json\" class=\"yoast-schema-graph\">{\"@context\":\"https:\/\/schema.org\",\"@graph\":[{\"@type\":\"Article\",\"@id\":\"https:\/\/www.mettmann.de\/web\/wichtige-mitteilung-kita-an-der-rheinstrasse\/#article\",\"isPartOf\":{\"@id\":\"https:\/\/www.mettmann.de\/web\/wichtige-mitteilung-kita-an-der-rheinstrasse\/\"},\"author\":{\"name\":\"LekiesT\",\"@id\":\"https:\/\/www.mettmann.de\/web\/#\/schema\/person\/c0deeeba8d377efe8e769dc7f56c2292\"},\"headline\":\"Wichtige Mitteilung: Kita an der Rheinstra\u00dfe\",\"datePublished\":\"2025-01-24T14:08:37+00:00\",\"mainEntityOfPage\":{\"@id\":\"https:\/\/www.mettmann.de\/web\/wichtige-mitteilung-kita-an-der-rheinstrasse\/\"},\"wordCount\":291,\"publisher\":{\"@id\":\"https:\/\/www.mettmann.de\/web\/#organization\"},\"image\":{\"@id\":\"https:\/\/www.mettmann.de\/web\/wichtige-mitteilung-kita-an-der-rheinstrasse\/#primaryimage\"},\"thumbnailUrl\":\"https:\/\/www.mettmann.de\/web\/wp-content\/uploads\/2019\/08\/baustelle.jpg\",\"inLanguage\":\"de\"},{\"@type\":\"WebPage\",\"@id\":\"https:\/\/www.mettmann.de\/web\/wichtige-mitteilung-kita-an-der-rheinstrasse\/\",\"url\":\"https:\/\/www.mettmann.de\/web\/wichtige-mitteilung-kita-an-der-rheinstrasse\/\",\"name\":\"Wichtige Mitteilung: Kita an der Rheinstra\u00dfe\",\"isPartOf\":{\"@id\":\"https:\/\/www.mettmann.de\/web\/#website\"},\"primaryImageOfPage\":{\"@id\":\"https:\/\/www.mettmann.de\/web\/wichtige-mitteilung-kita-an-der-rheinstrasse\/#primaryimage\"},\"image\":{\"@id\":\"https:\/\/www.mettmann.de\/web\/wichtige-mitteilung-kita-an-der-rheinstrasse\/#primaryimage\"},\"thumbnailUrl\":\"https:\/\/www.mettmann.de\/web\/wp-content\/uploads\/2019\/08\/baustelle.jpg\",\"datePublished\":\"2025-01-24T14:08:37+00:00\",\"breadcrumb\":{\"@id\":\"https:\/\/www.mettmann.de\/web\/wichtige-mitteilung-kita-an-der-rheinstrasse\/#breadcrumb\"},\"inLanguage\":\"de\",\"potentialAction\":[{\"@type\":\"ReadAction\",\"target\":[\"https:\/\/www.mettmann.de\/web\/wichtige-mitteilung-kita-an-der-rheinstrasse\/\"]}]},{\"@type\":\"ImageObject\",\"inLanguage\":\"de\",\"@id\":\"https:\/\/www.mettmann.de\/web\/wichtige-mitteilung-kita-an-der-rheinstrasse\/#primaryimage\",\"url\":\"https:\/\/www.mettmann.de\/web\/wp-content\/uploads\/2019\/08\/baustelle.jpg\",\"contentUrl\":\"https:\/\/www.mettmann.de\/web\/wp-content\/uploads\/2019\/08\/baustelle.jpg\",\"width\":1000,\"height\":563,\"caption\":\"Foto: Kreisstadt Mettmann\"},{\"@type\":\"BreadcrumbList\",\"@id\":\"https:\/\/www.mettmann.de\/web\/wichtige-mitteilung-kita-an-der-rheinstrasse\/#breadcrumb\",\"itemListElement\":[{\"@type\":\"ListItem\",\"position\":1,\"name\":\"Startseite\",\"item\":\"https:\/\/www.mettmann.de\/web\/\"},{\"@type\":\"ListItem\",\"position\":2,\"name\":\"Wichtige Mitteilung: Kita an der Rheinstra\u00dfe\"}]},{\"@type\":\"WebSite\",\"@id\":\"https:\/\/www.mettmann.de\/web\/#website\",\"url\":\"https:\/\/www.mettmann.de\/web\/\",\"name\":\"Stadtverwaltung Mettmann\",\"description\":\"Internetseite der Kreisstadt Mettmann\",\"publisher\":{\"@id\":\"https:\/\/www.mettmann.de\/web\/#organization\"},\"potentialAction\":[{\"@type\":\"SearchAction\",\"target\":{\"@type\":\"EntryPoint\",\"urlTemplate\":\"https:\/\/www.mettmann.de\/web\/?s={search_term_string}\"},\"query-input\":{\"@type\":\"PropertyValueSpecification\",\"valueRequired\":true,\"valueName\":\"search_term_string\"}}],\"inLanguage\":\"de\"},{\"@type\":\"Organization\",\"@id\":\"https:\/\/www.mettmann.de\/web\/#organization\",\"name\":\"Kreisstadt Mettmann\",\"url\":\"https:\/\/www.mettmann.de\/web\/\",\"logo\":{\"@type\":\"ImageObject\",\"inLanguage\":\"de\",\"@id\":\"https:\/\/www.mettmann.de\/web\/#\/schema\/logo\/image\/\",\"url\":\"https:\/\/www.mettmann.de\/web\/wp-content\/uploads\/2019\/08\/Kreisstadt_Mettmann_Logo_RGB_150dpi.png\",\"contentUrl\":\"https:\/\/www.mettmann.de\/web\/wp-content\/uploads\/2019\/08\/Kreisstadt_Mettmann_Logo_RGB_150dpi.png\",\"width\":1302,\"height\":191,\"caption\":\"Kreisstadt Mettmann\"},\"image\":{\"@id\":\"https:\/\/www.mettmann.de\/web\/#\/schema\/logo\/image\/\"},\"sameAs\":[\"https:\/\/www.facebook.com\/kreisstadt.mettmann\",\"https:\/\/de.wikipedia.org\/wiki\/Mettmann\"]},{\"@type\":\"Person\",\"@id\":\"https:\/\/www.mettmann.de\/web\/#\/schema\/person\/c0deeeba8d377efe8e769dc7f56c2292\",\"name\":\"LekiesT\"}]}<\/script>\n<!-- \/ Yoast SEO plugin. -->","yoast_head_json":{"title":"Wichtige Mitteilung: Kita an der Rheinstra\u00dfe","robots":{"index":"index","follow":"follow","max-snippet":"max-snippet:-1","max-image-preview":"max-image-preview:large","max-video-preview":"max-video-preview:-1"},"canonical":"https:\/\/www.mettmann.de\/web\/wichtige-mitteilung-kita-an-der-rheinstrasse\/","og_locale":"de_DE","og_type":"article","og_title":"Wichtige Mitteilung: Kita an der Rheinstra\u00dfe","og_description":"Wir m\u00f6chten Sie \u00fcber eine technische Ma\u00dfnahme informieren, die in unserer Kita an der Rheinstra\u00dfe in diesem Moment durchgef\u00fchrt wird, um die Sicherheit der Kinder und des Geb\u00e4udes zu gew\u00e4hrleisten. Worum geht es? In einem...","og_url":"https:\/\/www.mettmann.de\/web\/wichtige-mitteilung-kita-an-der-rheinstrasse\/","og_site_name":"Stadtverwaltung Mettmann","article_publisher":"https:\/\/www.facebook.com\/kreisstadt.mettmann","article_published_time":"2025-01-24T14:08:37+00:00","og_image":[{"width":1000,"height":563,"url":"https:\/\/www.mettmann.de\/web\/wp-content\/uploads\/2019\/08\/baustelle.jpg","type":"image\/jpeg"}],"author":"LekiesT","twitter_card":"summary_large_image","twitter_misc":{"Verfasst von":"LekiesT","Gesch\u00e4tzte Lesezeit":"2\u00a0Minuten"},"schema":{"@context":"https:\/\/schema.org","@graph":[{"@type":"Article","@id":"https:\/\/www.mettmann.de\/web\/wichtige-mitteilung-kita-an-der-rheinstrasse\/#article","isPartOf":{"@id":"https:\/\/www.mettmann.de\/web\/wichtige-mitteilung-kita-an-der-rheinstrasse\/"},"author":{"name":"LekiesT","@id":"https:\/\/www.mettmann.de\/web\/#\/schema\/person\/c0deeeba8d377efe8e769dc7f56c2292"},"headline":"Wichtige Mitteilung: Kita an der Rheinstra\u00dfe","datePublished":"2025-01-24T14:08:37+00:00","mainEntityOfPage":{"@id":"https:\/\/www.mettmann.de\/web\/wichtige-mitteilung-kita-an-der-rheinstrasse\/"},"wordCount":291,"publisher":{"@id":"https:\/\/www.mettmann.de\/web\/#organization"},"image":{"@id":"https:\/\/www.mettmann.de\/web\/wichtige-mitteilung-kita-an-der-rheinstrasse\/#primaryimage"},"thumbnailUrl":"https:\/\/www.mettmann.de\/web\/wp-content\/uploads\/2019\/08\/baustelle.jpg","inLanguage":"de"},{"@type":"WebPage","@id":"https:\/\/www.mettmann.de\/web\/wichtige-mitteilung-kita-an-der-rheinstrasse\/","url":"https:\/\/www.mettmann.de\/web\/wichtige-mitteilung-kita-an-der-rheinstrasse\/","name":"Wichtige Mitteilung: Kita an der Rheinstra\u00dfe","isPartOf":{"@id":"https:\/\/www.mettmann.de\/web\/#website"},"primaryImageOfPage":{"@id":"https:\/\/www.mettmann.de\/web\/wichtige-mitteilung-kita-an-der-rheinstrasse\/#primaryimage"},"image":{"@id":"https:\/\/www.mettmann.de\/web\/wichtige-mitteilung-kita-an-der-rheinstrasse\/#primaryimage"},"thumbnailUrl":"https:\/\/www.mettmann.de\/web\/wp-content\/uploads\/2019\/08\/baustelle.jpg","datePublished":"2025-01-24T14:08:37+00:00","breadcrumb":{"@id":"https:\/\/www.mettmann.de\/web\/wichtige-mitteilung-kita-an-der-rheinstrasse\/#breadcrumb"},"inLanguage":"de","potentialAction":[{"@type":"ReadAction","target":["https:\/\/www.mettmann.de\/web\/wichtige-mitteilung-kita-an-der-rheinstrasse\/"]}]},{"@type":"ImageObject","inLanguage":"de","@id":"https:\/\/www.mettmann.de\/web\/wichtige-mitteilung-kita-an-der-rheinstrasse\/#primaryimage","url":"https:\/\/www.mettmann.de\/web\/wp-content\/uploads\/2019\/08\/baustelle.jpg","contentUrl":"https:\/\/www.mettmann.de\/web\/wp-content\/uploads\/2019\/08\/baustelle.jpg","width":1000,"height":563,"caption":"Foto: Kreisstadt Mettmann"},{"@type":"BreadcrumbList","@id":"https:\/\/www.mettmann.de\/web\/wichtige-mitteilung-kita-an-der-rheinstrasse\/#breadcrumb","itemListElement":[{"@type":"ListItem","position":1,"name":"Startseite","item":"https:\/\/www.mettmann.de\/web\/"},{"@type":"ListItem","position":2,"name":"Wichtige Mitteilung: Kita an der Rheinstra\u00dfe"}]},{"@type":"WebSite","@id":"https:\/\/www.mettmann.de\/web\/#website","url":"https:\/\/www.mettmann.de\/web\/","name":"Stadtverwaltung Mettmann","description":"Internetseite der Kreisstadt Mettmann","publisher":{"@id":"https:\/\/www.mettmann.de\/web\/#organization"},"potentialAction":[{"@type":"SearchAction","target":{"@type":"EntryPoint","urlTemplate":"https:\/\/www.mettmann.de\/web\/?s={search_term_string}"},"query-input":{"@type":"PropertyValueSpecification","valueRequired":true,"valueName":"search_term_string"}}],"inLanguage":"de"},{"@type":"Organization","@id":"https:\/\/www.mettmann.de\/web\/#organization","name":"Kreisstadt Mettmann","url":"https:\/\/www.mettmann.de\/web\/","logo":{"@type":"ImageObject","inLanguage":"de","@id":"https:\/\/www.mettmann.de\/web\/#\/schema\/logo\/image\/","url":"https:\/\/www.mettmann.de\/web\/wp-content\/uploads\/2019\/08\/Kreisstadt_Mettmann_Logo_RGB_150dpi.png","contentUrl":"https:\/\/www.mettmann.de\/web\/wp-content\/uploads\/2019\/08\/Kreisstadt_Mettmann_Logo_RGB_150dpi.png","width":1302,"height":191,"caption":"Kreisstadt Mettmann"},"image":{"@id":"https:\/\/www.mettmann.de\/web\/#\/schema\/logo\/image\/"},"sameAs":["https:\/\/www.facebook.com\/kreisstadt.mettmann","https:\/\/de.wikipedia.org\/wiki\/Mettmann"]},{"@type":"Person","@id":"https:\/\/www.mettmann.de\/web\/#\/schema\/person\/c0deeeba8d377efe8e769dc7f56c2292","name":"LekiesT"}]}},"_links":{"self":[{"href":"https:\/\/www.mettmann.de\/web\/wp-json\/wp\/v2\/posts\/46922","targetHints":{"allow":["GET"]}}],"collection":[{"href":"https:\/\/www.mettmann.de\/web\/wp-json\/wp\/v2\/posts"}],"about":[{"href":"https:\/\/www.mettmann.de\/web\/wp-json\/wp\/v2\/types\/post"}],"author":[{"embeddable":true,"href":"https:\/\/www.mettmann.de\/web\/wp-json\/wp\/v2\/users\/2"}],"replies":[{"embeddable":true,"href":"https:\/\/www.mettmann.de\/web\/wp-json\/wp\/v2\/comments?post=46922"}],"version-history":[{"count":1,"href":"https:\/\/www.mettmann.de\/web\/wp-json\/wp\/v2\/posts\/46922\/revisions"}],"predecessor-version":[{"id":46923,"href":"https:\/\/www.mettmann.de\/web\/wp-json\/wp\/v2\/posts\/46922\/revisions\/46923"}],"wp:featuredmedia":[{"embeddable":true,"href":"https:\/\/www.mettmann.de\/web\/wp-json\/wp\/v2\/media\/372"}],"wp:attachment":[{"href":"https:\/\/www.mettmann.de\/web\/wp-json\/wp\/v2\/media?parent=46922"}],"wp:term":[{"taxonomy":"category","embeddable":true,"href":"https:\/\/www.mettmann.de\/web\/wp-json\/wp\/v2\/categories?post=46922"},{"taxonomy":"post_tag","embeddable":true,"href":"https:\/\/www.mettmann.de\/web\/wp-json\/wp\/v2\/tags?post=46922"}],"curies":[{"name":"wp","href":"https:\/\/api.w.org\/{rel}","templated":true}]}}