{"id":48556,"date":"2025-03-25T14:20:10","date_gmt":"2025-03-25T13:20:10","guid":{"rendered":"https:\/\/www.mettmann.de\/web\/?p=48556"},"modified":"2025-03-25T14:38:25","modified_gmt":"2025-03-25T13:38:25","slug":"lambertus-choere-und-musikschulband-feiern-das-leben","status":"publish","type":"post","link":"https:\/\/www.mettmann.de\/web\/lambertus-choere-und-musikschulband-feiern-das-leben\/","title":{"rendered":"Lambertus-Ch\u00f6re und Musikschulband feiern das Leben"},"content":{"rendered":"<p>Wild ist das Leben immer dann, wenn etwas Neues beginnt. Der erste Kuss, die erste Liebe, ein neuer Job, ein Kind kommt zur Welt. Unz\u00e4hlige Anf\u00e4nge bestimmen unser Leben, bedeuten Zukunft, Aufbruch, k\u00f6nnen Verhei\u00dfung sein. Aber nicht immer, denn nicht jedem Anfang wohnt gleich ein Zauber inne.<\/p>\n<p>Von diesem Auf und Ab der Gef\u00fchle, vom Z\u00f6gern, der Angst zu scheitern und dem gro\u00dfen Gl\u00fcck \u2013 davon erz\u00e4hlt das Musical \u201eWild Life \u2013 Aller Anfang ist schwer\u201c, das am 5. April um 17 Uhr und 6. April um 15 Uhr in der Aula des Heinrich-Heine-Gymnasiums, Hasselbeckstra\u00dfe 2-4, aufgef\u00fchrt wird.<\/p>\n<p>Nachts im Wald auf einer Lichtung, zwischen Schlafen und Wachsein, zwischen Traum und Wirklichkeit begegnen sich eine Eule, ein Wolf, ein Junge und ein M\u00e4dchen, und sie alle haben ihre liebe Not mit dem Anfangen. Wie gut, dass nicht nur der Mond, sondern auch die vielen singfreudigen M\u00e4use und Waldschrate, die im Wald leben, den Zauderern auf die Spr\u00fcnge helfen.<\/p>\n<p><img loading=\"lazy\" decoding=\"async\" class=\"alignnone size-medium wp-image-48563\" src=\"https:\/\/www.mettmann.de\/web\/wp-content\/uploads\/2025\/03\/Plakat_Wild_Life-003-212x300.jpg\" alt=\"Musical-Plakat\" width=\"212\" height=\"300\" srcset=\"https:\/\/www.mettmann.de\/web\/wp-content\/uploads\/2025\/03\/Plakat_Wild_Life-003-212x300.jpg 212w, https:\/\/www.mettmann.de\/web\/wp-content\/uploads\/2025\/03\/Plakat_Wild_Life-003.jpg 595w\" sizes=\"auto, (max-width: 212px) 100vw, 212px\" \/><\/p>\n<p>Die temporeich inszenierte, humorvolle und tiefgr\u00fcndige Handlung soll Kinder, Jugendliche und Erwachsene gleicherma\u00dfen begeistern. \u201eWild Life\u201c ist ein Projekt der Lambertus-Chorfamilie in Zusammenarbeit mit der Kulturabteilung der Stadt. Es ist auch Teil der Veranstaltungsreihe \u201e600 Jahre Freiheit in Mettmann\u201c und bringt Mettmanner Kunst- und Kulturschaffende aus den Bereichen Musik, Literatur und Bildender Kunst zusammen.<\/p>\n<p>Lebrecht Heidenreich, einer der Leiter der Musikschule, wird mit einer Band aus Dozentinnen und Dozenten der Schule die mehr als 100 S\u00e4ngerinnen und S\u00e4nger begleiten. Der musikalische Leiter des Projekts, Regionalkantor Matthias R\u00f6ttger, konnte die Kinder- und Jugendbuchbuchautorin Petra Postert, die in Mettmann lebt, gewinnen, das Buch zu schreiben und Regie zu f\u00fchren. B\u00fchnenbild und Kost\u00fcme gestaltet die K\u00fcnstlerin Susann B\u00fcrger.<\/p>\n<p>Karten f\u00fcr die Auff\u00fchrung gibt es im Vorverkauf in der Buchhandlung R\u00fcger, Freiheitstra\u00dfe 11, oder bei <a href=\"http:\/\/www.neanderticket.de\" target=\"_blank\" rel=\"noopener\">Neanderticket<\/a>. Die Karten kosten im Vorverkauf f\u00fcr Erwachsene 8 und f\u00fcr Kinder und Jugendliche 3 Euro, an der Tageskasse 10 Euro und 5 Euro.<\/p>\n","protected":false},"excerpt":{"rendered":"<p>Wild ist das Leben immer dann, wenn etwas Neues beginnt. Der erste Kuss, die erste Liebe, ein neuer Job, ein Kind kommt zur Welt. Unz\u00e4hlige Anf\u00e4nge bestimmen unser Leben, bedeuten Zukunft, Aufbruch, k\u00f6nnen Verhei\u00dfung sein&#8230;.<\/p>\n","protected":false},"author":2,"featured_media":48562,"comment_status":"closed","ping_status":"closed","sticky":false,"template":"","format":"standard","meta":{"ngg_post_thumbnail":0,"footnotes":""},"categories":[1],"tags":[546,4708,4,309,126,306],"class_list":["post-48556","post","type-post","status-publish","format-standard","has-post-thumbnail","hentry","category-allgemein","tag-choere-st-lambertus","tag-hhg-aula","tag-mettmann","tag-musical","tag-musikschule","tag-petra-postert"],"yoast_head":"<!-- This site is optimized with the Yoast SEO plugin v27.2 - https:\/\/yoast.com\/product\/yoast-seo-wordpress\/ -->\n<title>Lambertus-Ch\u00f6re und Musikschulband feiern das Leben<\/title>\n<meta name=\"robots\" content=\"index, follow, max-snippet:-1, max-image-preview:large, max-video-preview:-1\" \/>\n<link rel=\"canonical\" href=\"https:\/\/www.mettmann.de\/web\/lambertus-choere-und-musikschulband-feiern-das-leben\/\" \/>\n<meta property=\"og:locale\" content=\"de_DE\" \/>\n<meta property=\"og:type\" content=\"article\" \/>\n<meta property=\"og:title\" content=\"Lambertus-Ch\u00f6re und Musikschulband feiern das Leben\" \/>\n<meta property=\"og:description\" content=\"Foto: privat\" \/>\n<meta property=\"og:url\" content=\"https:\/\/www.mettmann.de\/web\/lambertus-choere-und-musikschulband-feiern-das-leben\/\" \/>\n<meta property=\"og:site_name\" content=\"Stadtverwaltung Mettmann\" \/>\n<meta property=\"article:publisher\" content=\"https:\/\/www.facebook.com\/kreisstadt.mettmann\" \/>\n<meta property=\"article:published_time\" content=\"2025-03-25T13:20:10+00:00\" \/>\n<meta property=\"article:modified_time\" content=\"2025-03-25T13:38:25+00:00\" \/>\n<meta property=\"og:image\" content=\"https:\/\/www.mettmann.de\/web\/wp-content\/uploads\/2025\/03\/Choere-St.-Lambertus-scaled.jpg\" \/>\n\t<meta property=\"og:image:width\" content=\"2560\" \/>\n\t<meta property=\"og:image:height\" content=\"1706\" \/>\n\t<meta property=\"og:image:type\" content=\"image\/jpeg\" \/>\n<meta name=\"author\" content=\"LekiesT\" \/>\n<meta name=\"twitter:card\" content=\"summary_large_image\" \/>\n<meta name=\"twitter:label1\" content=\"Verfasst von\" \/>\n\t<meta name=\"twitter:data1\" content=\"LekiesT\" \/>\n\t<meta name=\"twitter:label2\" content=\"Gesch\u00e4tzte Lesezeit\" \/>\n\t<meta name=\"twitter:data2\" content=\"3\u00a0Minuten\" \/>\n<script type=\"application\/ld+json\" class=\"yoast-schema-graph\">{\"@context\":\"https:\/\/schema.org\",\"@graph\":[{\"@type\":\"Article\",\"@id\":\"https:\/\/www.mettmann.de\/web\/lambertus-choere-und-musikschulband-feiern-das-leben\/#article\",\"isPartOf\":{\"@id\":\"https:\/\/www.mettmann.de\/web\/lambertus-choere-und-musikschulband-feiern-das-leben\/\"},\"author\":{\"name\":\"LekiesT\",\"@id\":\"https:\/\/www.mettmann.de\/web\/#\/schema\/person\/c0deeeba8d377efe8e769dc7f56c2292\"},\"headline\":\"Lambertus-Ch\u00f6re und Musikschulband feiern das Leben\",\"datePublished\":\"2025-03-25T13:20:10+00:00\",\"dateModified\":\"2025-03-25T13:38:25+00:00\",\"mainEntityOfPage\":{\"@id\":\"https:\/\/www.mettmann.de\/web\/lambertus-choere-und-musikschulband-feiern-das-leben\/\"},\"wordCount\":337,\"publisher\":{\"@id\":\"https:\/\/www.mettmann.de\/web\/#organization\"},\"image\":{\"@id\":\"https:\/\/www.mettmann.de\/web\/lambertus-choere-und-musikschulband-feiern-das-leben\/#primaryimage\"},\"thumbnailUrl\":\"https:\/\/www.mettmann.de\/web\/wp-content\/uploads\/2025\/03\/Choere-St.-Lambertus-scaled.jpg\",\"keywords\":[\"Ch\u00f6re St. Lambertus\",\"HHG-Aula\",\"Mettmann\",\"Musical\",\"Musikschule\",\"Petra Postert\"],\"inLanguage\":\"de\"},{\"@type\":\"WebPage\",\"@id\":\"https:\/\/www.mettmann.de\/web\/lambertus-choere-und-musikschulband-feiern-das-leben\/\",\"url\":\"https:\/\/www.mettmann.de\/web\/lambertus-choere-und-musikschulband-feiern-das-leben\/\",\"name\":\"Lambertus-Ch\u00f6re und Musikschulband feiern das Leben\",\"isPartOf\":{\"@id\":\"https:\/\/www.mettmann.de\/web\/#website\"},\"primaryImageOfPage\":{\"@id\":\"https:\/\/www.mettmann.de\/web\/lambertus-choere-und-musikschulband-feiern-das-leben\/#primaryimage\"},\"image\":{\"@id\":\"https:\/\/www.mettmann.de\/web\/lambertus-choere-und-musikschulband-feiern-das-leben\/#primaryimage\"},\"thumbnailUrl\":\"https:\/\/www.mettmann.de\/web\/wp-content\/uploads\/2025\/03\/Choere-St.-Lambertus-scaled.jpg\",\"datePublished\":\"2025-03-25T13:20:10+00:00\",\"dateModified\":\"2025-03-25T13:38:25+00:00\",\"breadcrumb\":{\"@id\":\"https:\/\/www.mettmann.de\/web\/lambertus-choere-und-musikschulband-feiern-das-leben\/#breadcrumb\"},\"inLanguage\":\"de\",\"potentialAction\":[{\"@type\":\"ReadAction\",\"target\":[\"https:\/\/www.mettmann.de\/web\/lambertus-choere-und-musikschulband-feiern-das-leben\/\"]}]},{\"@type\":\"ImageObject\",\"inLanguage\":\"de\",\"@id\":\"https:\/\/www.mettmann.de\/web\/lambertus-choere-und-musikschulband-feiern-das-leben\/#primaryimage\",\"url\":\"https:\/\/www.mettmann.de\/web\/wp-content\/uploads\/2025\/03\/Choere-St.-Lambertus-scaled.jpg\",\"contentUrl\":\"https:\/\/www.mettmann.de\/web\/wp-content\/uploads\/2025\/03\/Choere-St.-Lambertus-scaled.jpg\",\"width\":2560,\"height\":1706,\"caption\":\"Mehr als 100 S\u00e4ngerinnen und S\u00e4nger treten in der HHG-Aula auf. (Foto: privat)\"},{\"@type\":\"BreadcrumbList\",\"@id\":\"https:\/\/www.mettmann.de\/web\/lambertus-choere-und-musikschulband-feiern-das-leben\/#breadcrumb\",\"itemListElement\":[{\"@type\":\"ListItem\",\"position\":1,\"name\":\"Startseite\",\"item\":\"https:\/\/www.mettmann.de\/web\/\"},{\"@type\":\"ListItem\",\"position\":2,\"name\":\"Lambertus-Ch\u00f6re und Musikschulband feiern das Leben\"}]},{\"@type\":\"WebSite\",\"@id\":\"https:\/\/www.mettmann.de\/web\/#website\",\"url\":\"https:\/\/www.mettmann.de\/web\/\",\"name\":\"Stadtverwaltung Mettmann\",\"description\":\"Internetseite der Kreisstadt Mettmann\",\"publisher\":{\"@id\":\"https:\/\/www.mettmann.de\/web\/#organization\"},\"potentialAction\":[{\"@type\":\"SearchAction\",\"target\":{\"@type\":\"EntryPoint\",\"urlTemplate\":\"https:\/\/www.mettmann.de\/web\/?s={search_term_string}\"},\"query-input\":{\"@type\":\"PropertyValueSpecification\",\"valueRequired\":true,\"valueName\":\"search_term_string\"}}],\"inLanguage\":\"de\"},{\"@type\":\"Organization\",\"@id\":\"https:\/\/www.mettmann.de\/web\/#organization\",\"name\":\"Kreisstadt Mettmann\",\"url\":\"https:\/\/www.mettmann.de\/web\/\",\"logo\":{\"@type\":\"ImageObject\",\"inLanguage\":\"de\",\"@id\":\"https:\/\/www.mettmann.de\/web\/#\/schema\/logo\/image\/\",\"url\":\"https:\/\/www.mettmann.de\/web\/wp-content\/uploads\/2019\/08\/Kreisstadt_Mettmann_Logo_RGB_150dpi.png\",\"contentUrl\":\"https:\/\/www.mettmann.de\/web\/wp-content\/uploads\/2019\/08\/Kreisstadt_Mettmann_Logo_RGB_150dpi.png\",\"width\":1302,\"height\":191,\"caption\":\"Kreisstadt Mettmann\"},\"image\":{\"@id\":\"https:\/\/www.mettmann.de\/web\/#\/schema\/logo\/image\/\"},\"sameAs\":[\"https:\/\/www.facebook.com\/kreisstadt.mettmann\",\"https:\/\/de.wikipedia.org\/wiki\/Mettmann\"]},{\"@type\":\"Person\",\"@id\":\"https:\/\/www.mettmann.de\/web\/#\/schema\/person\/c0deeeba8d377efe8e769dc7f56c2292\",\"name\":\"LekiesT\"}]}<\/script>\n<!-- \/ Yoast SEO plugin. -->","yoast_head_json":{"title":"Lambertus-Ch\u00f6re und Musikschulband feiern das Leben","robots":{"index":"index","follow":"follow","max-snippet":"max-snippet:-1","max-image-preview":"max-image-preview:large","max-video-preview":"max-video-preview:-1"},"canonical":"https:\/\/www.mettmann.de\/web\/lambertus-choere-und-musikschulband-feiern-das-leben\/","og_locale":"de_DE","og_type":"article","og_title":"Lambertus-Ch\u00f6re und Musikschulband feiern das Leben","og_description":"Foto: privat","og_url":"https:\/\/www.mettmann.de\/web\/lambertus-choere-und-musikschulband-feiern-das-leben\/","og_site_name":"Stadtverwaltung Mettmann","article_publisher":"https:\/\/www.facebook.com\/kreisstadt.mettmann","article_published_time":"2025-03-25T13:20:10+00:00","article_modified_time":"2025-03-25T13:38:25+00:00","og_image":[{"width":2560,"height":1706,"url":"https:\/\/www.mettmann.de\/web\/wp-content\/uploads\/2025\/03\/Choere-St.-Lambertus-scaled.jpg","type":"image\/jpeg"}],"author":"LekiesT","twitter_card":"summary_large_image","twitter_misc":{"Verfasst von":"LekiesT","Gesch\u00e4tzte Lesezeit":"3\u00a0Minuten"},"schema":{"@context":"https:\/\/schema.org","@graph":[{"@type":"Article","@id":"https:\/\/www.mettmann.de\/web\/lambertus-choere-und-musikschulband-feiern-das-leben\/#article","isPartOf":{"@id":"https:\/\/www.mettmann.de\/web\/lambertus-choere-und-musikschulband-feiern-das-leben\/"},"author":{"name":"LekiesT","@id":"https:\/\/www.mettmann.de\/web\/#\/schema\/person\/c0deeeba8d377efe8e769dc7f56c2292"},"headline":"Lambertus-Ch\u00f6re und Musikschulband feiern das Leben","datePublished":"2025-03-25T13:20:10+00:00","dateModified":"2025-03-25T13:38:25+00:00","mainEntityOfPage":{"@id":"https:\/\/www.mettmann.de\/web\/lambertus-choere-und-musikschulband-feiern-das-leben\/"},"wordCount":337,"publisher":{"@id":"https:\/\/www.mettmann.de\/web\/#organization"},"image":{"@id":"https:\/\/www.mettmann.de\/web\/lambertus-choere-und-musikschulband-feiern-das-leben\/#primaryimage"},"thumbnailUrl":"https:\/\/www.mettmann.de\/web\/wp-content\/uploads\/2025\/03\/Choere-St.-Lambertus-scaled.jpg","keywords":["Ch\u00f6re St. Lambertus","HHG-Aula","Mettmann","Musical","Musikschule","Petra Postert"],"inLanguage":"de"},{"@type":"WebPage","@id":"https:\/\/www.mettmann.de\/web\/lambertus-choere-und-musikschulband-feiern-das-leben\/","url":"https:\/\/www.mettmann.de\/web\/lambertus-choere-und-musikschulband-feiern-das-leben\/","name":"Lambertus-Ch\u00f6re und Musikschulband feiern das Leben","isPartOf":{"@id":"https:\/\/www.mettmann.de\/web\/#website"},"primaryImageOfPage":{"@id":"https:\/\/www.mettmann.de\/web\/lambertus-choere-und-musikschulband-feiern-das-leben\/#primaryimage"},"image":{"@id":"https:\/\/www.mettmann.de\/web\/lambertus-choere-und-musikschulband-feiern-das-leben\/#primaryimage"},"thumbnailUrl":"https:\/\/www.mettmann.de\/web\/wp-content\/uploads\/2025\/03\/Choere-St.-Lambertus-scaled.jpg","datePublished":"2025-03-25T13:20:10+00:00","dateModified":"2025-03-25T13:38:25+00:00","breadcrumb":{"@id":"https:\/\/www.mettmann.de\/web\/lambertus-choere-und-musikschulband-feiern-das-leben\/#breadcrumb"},"inLanguage":"de","potentialAction":[{"@type":"ReadAction","target":["https:\/\/www.mettmann.de\/web\/lambertus-choere-und-musikschulband-feiern-das-leben\/"]}]},{"@type":"ImageObject","inLanguage":"de","@id":"https:\/\/www.mettmann.de\/web\/lambertus-choere-und-musikschulband-feiern-das-leben\/#primaryimage","url":"https:\/\/www.mettmann.de\/web\/wp-content\/uploads\/2025\/03\/Choere-St.-Lambertus-scaled.jpg","contentUrl":"https:\/\/www.mettmann.de\/web\/wp-content\/uploads\/2025\/03\/Choere-St.-Lambertus-scaled.jpg","width":2560,"height":1706,"caption":"Mehr als 100 S\u00e4ngerinnen und S\u00e4nger treten in der HHG-Aula auf. (Foto: privat)"},{"@type":"BreadcrumbList","@id":"https:\/\/www.mettmann.de\/web\/lambertus-choere-und-musikschulband-feiern-das-leben\/#breadcrumb","itemListElement":[{"@type":"ListItem","position":1,"name":"Startseite","item":"https:\/\/www.mettmann.de\/web\/"},{"@type":"ListItem","position":2,"name":"Lambertus-Ch\u00f6re und Musikschulband feiern das Leben"}]},{"@type":"WebSite","@id":"https:\/\/www.mettmann.de\/web\/#website","url":"https:\/\/www.mettmann.de\/web\/","name":"Stadtverwaltung Mettmann","description":"Internetseite der Kreisstadt Mettmann","publisher":{"@id":"https:\/\/www.mettmann.de\/web\/#organization"},"potentialAction":[{"@type":"SearchAction","target":{"@type":"EntryPoint","urlTemplate":"https:\/\/www.mettmann.de\/web\/?s={search_term_string}"},"query-input":{"@type":"PropertyValueSpecification","valueRequired":true,"valueName":"search_term_string"}}],"inLanguage":"de"},{"@type":"Organization","@id":"https:\/\/www.mettmann.de\/web\/#organization","name":"Kreisstadt Mettmann","url":"https:\/\/www.mettmann.de\/web\/","logo":{"@type":"ImageObject","inLanguage":"de","@id":"https:\/\/www.mettmann.de\/web\/#\/schema\/logo\/image\/","url":"https:\/\/www.mettmann.de\/web\/wp-content\/uploads\/2019\/08\/Kreisstadt_Mettmann_Logo_RGB_150dpi.png","contentUrl":"https:\/\/www.mettmann.de\/web\/wp-content\/uploads\/2019\/08\/Kreisstadt_Mettmann_Logo_RGB_150dpi.png","width":1302,"height":191,"caption":"Kreisstadt Mettmann"},"image":{"@id":"https:\/\/www.mettmann.de\/web\/#\/schema\/logo\/image\/"},"sameAs":["https:\/\/www.facebook.com\/kreisstadt.mettmann","https:\/\/de.wikipedia.org\/wiki\/Mettmann"]},{"@type":"Person","@id":"https:\/\/www.mettmann.de\/web\/#\/schema\/person\/c0deeeba8d377efe8e769dc7f56c2292","name":"LekiesT"}]}},"_links":{"self":[{"href":"https:\/\/www.mettmann.de\/web\/wp-json\/wp\/v2\/posts\/48556","targetHints":{"allow":["GET"]}}],"collection":[{"href":"https:\/\/www.mettmann.de\/web\/wp-json\/wp\/v2\/posts"}],"about":[{"href":"https:\/\/www.mettmann.de\/web\/wp-json\/wp\/v2\/types\/post"}],"author":[{"embeddable":true,"href":"https:\/\/www.mettmann.de\/web\/wp-json\/wp\/v2\/users\/2"}],"replies":[{"embeddable":true,"href":"https:\/\/www.mettmann.de\/web\/wp-json\/wp\/v2\/comments?post=48556"}],"version-history":[{"count":7,"href":"https:\/\/www.mettmann.de\/web\/wp-json\/wp\/v2\/posts\/48556\/revisions"}],"predecessor-version":[{"id":48565,"href":"https:\/\/www.mettmann.de\/web\/wp-json\/wp\/v2\/posts\/48556\/revisions\/48565"}],"wp:featuredmedia":[{"embeddable":true,"href":"https:\/\/www.mettmann.de\/web\/wp-json\/wp\/v2\/media\/48562"}],"wp:attachment":[{"href":"https:\/\/www.mettmann.de\/web\/wp-json\/wp\/v2\/media?parent=48556"}],"wp:term":[{"taxonomy":"category","embeddable":true,"href":"https:\/\/www.mettmann.de\/web\/wp-json\/wp\/v2\/categories?post=48556"},{"taxonomy":"post_tag","embeddable":true,"href":"https:\/\/www.mettmann.de\/web\/wp-json\/wp\/v2\/tags?post=48556"}],"curies":[{"name":"wp","href":"https:\/\/api.w.org\/{rel}","templated":true}]}}