{"id":49776,"date":"2025-05-02T10:02:40","date_gmt":"2025-05-02T08:02:40","guid":{"rendered":"https:\/\/www.mettmann.de\/web\/?p=49776"},"modified":"2025-05-02T14:03:08","modified_gmt":"2025-05-02T12:03:08","slug":"ein-schoener-maibaum-schmueckt-den-marktplatz","status":"publish","type":"post","link":"https:\/\/www.mettmann.de\/web\/ein-schoener-maibaum-schmueckt-den-marktplatz\/","title":{"rendered":"Ein sch\u00f6ner Maibaum schm\u00fcckt den Marktplatz"},"content":{"rendered":"<p>Dank des Einsatzes von B\u00fcrgermeisterin Sandra Pietschmann und dem Oberst\u00e4dter Otto Kahm ist bei traumhaft sch\u00f6nem Wetter und fast sommerlichen Temperaturen am Mittwochabend ein schmucker Maibaum auf dem Marktplatz aufgestellt worden. Die mehr als 100 G\u00e4ste begr\u00fc\u00dften die Truppe, die den Baum auf den Marktplatz trug, mit gro\u00dfem Beifall und bedankten sich bei B\u00fcrgermeisterin Pietschmann und Otto Kahm, die das Maibaumsetzen kurzerhand organisiert hatten.<\/p>\n","protected":false},"excerpt":{"rendered":"<p>Dank des Einsatzes von B\u00fcrgermeisterin Sandra Pietschmann und dem Oberst\u00e4dter Otto Kahm ist bei traumhaft sch\u00f6nem Wetter und fast sommerlichen Temperaturen am Mittwochabend ein schmucker Maibaum auf dem Marktplatz aufgestellt worden. Die mehr als 100&#8230;<\/p>\n","protected":false},"author":2,"featured_media":49779,"comment_status":"closed","ping_status":"closed","sticky":false,"template":"","format":"standard","meta":{"ngg_post_thumbnail":0,"footnotes":""},"categories":[1],"tags":[4099,2059,4],"class_list":["post-49776","post","type-post","status-publish","format-standard","has-post-thumbnail","hentry","category-allgemein","tag-maibaum","tag-marktplatz","tag-mettmann"],"yoast_head":"<!-- This site is optimized with the Yoast SEO plugin v27.2 - https:\/\/yoast.com\/product\/yoast-seo-wordpress\/ -->\n<title>Ein sch\u00f6ner Maibaum schm\u00fcckt den Marktplatz<\/title>\n<meta name=\"robots\" content=\"index, follow, max-snippet:-1, max-image-preview:large, max-video-preview:-1\" \/>\n<link rel=\"canonical\" href=\"https:\/\/www.mettmann.de\/web\/ein-schoener-maibaum-schmueckt-den-marktplatz\/\" \/>\n<meta property=\"og:locale\" content=\"de_DE\" \/>\n<meta property=\"og:type\" content=\"article\" \/>\n<meta property=\"og:title\" content=\"Ein sch\u00f6ner Maibaum schm\u00fcckt den Marktplatz\" \/>\n<meta property=\"og:description\" content=\"Dank des Einsatzes von B\u00fcrgermeisterin Sandra Pietschmann und dem Oberst\u00e4dter Otto Kahm ist bei traumhaft sch\u00f6nem Wetter und fast sommerlichen Temperaturen am Mittwochabend ein schmucker Maibaum auf dem Marktplatz aufgestellt worden. Die mehr als 100...\" \/>\n<meta property=\"og:url\" content=\"https:\/\/www.mettmann.de\/web\/ein-schoener-maibaum-schmueckt-den-marktplatz\/\" \/>\n<meta property=\"og:site_name\" content=\"Stadtverwaltung Mettmann\" \/>\n<meta property=\"article:publisher\" content=\"https:\/\/www.facebook.com\/kreisstadt.mettmann\" \/>\n<meta property=\"article:published_time\" content=\"2025-05-02T08:02:40+00:00\" \/>\n<meta property=\"article:modified_time\" content=\"2025-05-02T12:03:08+00:00\" \/>\n<meta property=\"og:image\" content=\"https:\/\/www.mettmann.de\/web\/wp-content\/uploads\/2025\/05\/Maibaum-scaled.jpg\" \/>\n\t<meta property=\"og:image:width\" content=\"2560\" \/>\n\t<meta property=\"og:image:height\" content=\"1920\" \/>\n\t<meta property=\"og:image:type\" content=\"image\/jpeg\" \/>\n<meta name=\"author\" content=\"LekiesT\" \/>\n<meta name=\"twitter:card\" content=\"summary_large_image\" \/>\n<meta name=\"twitter:label1\" content=\"Verfasst von\" \/>\n\t<meta name=\"twitter:data1\" content=\"LekiesT\" \/>\n\t<meta name=\"twitter:label2\" content=\"Gesch\u00e4tzte Lesezeit\" \/>\n\t<meta name=\"twitter:data2\" content=\"1\u00a0Minute\" \/>\n<script type=\"application\/ld+json\" class=\"yoast-schema-graph\">{\"@context\":\"https:\/\/schema.org\",\"@graph\":[{\"@type\":\"Article\",\"@id\":\"https:\/\/www.mettmann.de\/web\/ein-schoener-maibaum-schmueckt-den-marktplatz\/#article\",\"isPartOf\":{\"@id\":\"https:\/\/www.mettmann.de\/web\/ein-schoener-maibaum-schmueckt-den-marktplatz\/\"},\"author\":{\"name\":\"LekiesT\",\"@id\":\"https:\/\/www.mettmann.de\/web\/#\/schema\/person\/c0deeeba8d377efe8e769dc7f56c2292\"},\"headline\":\"Ein sch\u00f6ner Maibaum schm\u00fcckt den Marktplatz\",\"datePublished\":\"2025-05-02T08:02:40+00:00\",\"dateModified\":\"2025-05-02T12:03:08+00:00\",\"mainEntityOfPage\":{\"@id\":\"https:\/\/www.mettmann.de\/web\/ein-schoener-maibaum-schmueckt-den-marktplatz\/\"},\"wordCount\":78,\"publisher\":{\"@id\":\"https:\/\/www.mettmann.de\/web\/#organization\"},\"image\":{\"@id\":\"https:\/\/www.mettmann.de\/web\/ein-schoener-maibaum-schmueckt-den-marktplatz\/#primaryimage\"},\"thumbnailUrl\":\"https:\/\/www.mettmann.de\/web\/wp-content\/uploads\/2025\/05\/Maibaum-scaled.jpg\",\"keywords\":[\"Maibaum\",\"Marktplatz\",\"Mettmann\"],\"inLanguage\":\"de\"},{\"@type\":\"WebPage\",\"@id\":\"https:\/\/www.mettmann.de\/web\/ein-schoener-maibaum-schmueckt-den-marktplatz\/\",\"url\":\"https:\/\/www.mettmann.de\/web\/ein-schoener-maibaum-schmueckt-den-marktplatz\/\",\"name\":\"Ein sch\u00f6ner Maibaum schm\u00fcckt den Marktplatz\",\"isPartOf\":{\"@id\":\"https:\/\/www.mettmann.de\/web\/#website\"},\"primaryImageOfPage\":{\"@id\":\"https:\/\/www.mettmann.de\/web\/ein-schoener-maibaum-schmueckt-den-marktplatz\/#primaryimage\"},\"image\":{\"@id\":\"https:\/\/www.mettmann.de\/web\/ein-schoener-maibaum-schmueckt-den-marktplatz\/#primaryimage\"},\"thumbnailUrl\":\"https:\/\/www.mettmann.de\/web\/wp-content\/uploads\/2025\/05\/Maibaum-scaled.jpg\",\"datePublished\":\"2025-05-02T08:02:40+00:00\",\"dateModified\":\"2025-05-02T12:03:08+00:00\",\"breadcrumb\":{\"@id\":\"https:\/\/www.mettmann.de\/web\/ein-schoener-maibaum-schmueckt-den-marktplatz\/#breadcrumb\"},\"inLanguage\":\"de\",\"potentialAction\":[{\"@type\":\"ReadAction\",\"target\":[\"https:\/\/www.mettmann.de\/web\/ein-schoener-maibaum-schmueckt-den-marktplatz\/\"]}]},{\"@type\":\"ImageObject\",\"inLanguage\":\"de\",\"@id\":\"https:\/\/www.mettmann.de\/web\/ein-schoener-maibaum-schmueckt-den-marktplatz\/#primaryimage\",\"url\":\"https:\/\/www.mettmann.de\/web\/wp-content\/uploads\/2025\/05\/Maibaum-scaled.jpg\",\"contentUrl\":\"https:\/\/www.mettmann.de\/web\/wp-content\/uploads\/2025\/05\/Maibaum-scaled.jpg\",\"width\":2560,\"height\":1920,\"caption\":\"Foto: Kreistadt Mettmann\"},{\"@type\":\"BreadcrumbList\",\"@id\":\"https:\/\/www.mettmann.de\/web\/ein-schoener-maibaum-schmueckt-den-marktplatz\/#breadcrumb\",\"itemListElement\":[{\"@type\":\"ListItem\",\"position\":1,\"name\":\"Startseite\",\"item\":\"https:\/\/www.mettmann.de\/web\/\"},{\"@type\":\"ListItem\",\"position\":2,\"name\":\"Ein sch\u00f6ner Maibaum schm\u00fcckt den Marktplatz\"}]},{\"@type\":\"WebSite\",\"@id\":\"https:\/\/www.mettmann.de\/web\/#website\",\"url\":\"https:\/\/www.mettmann.de\/web\/\",\"name\":\"Stadtverwaltung Mettmann\",\"description\":\"Internetseite der Kreisstadt Mettmann\",\"publisher\":{\"@id\":\"https:\/\/www.mettmann.de\/web\/#organization\"},\"potentialAction\":[{\"@type\":\"SearchAction\",\"target\":{\"@type\":\"EntryPoint\",\"urlTemplate\":\"https:\/\/www.mettmann.de\/web\/?s={search_term_string}\"},\"query-input\":{\"@type\":\"PropertyValueSpecification\",\"valueRequired\":true,\"valueName\":\"search_term_string\"}}],\"inLanguage\":\"de\"},{\"@type\":\"Organization\",\"@id\":\"https:\/\/www.mettmann.de\/web\/#organization\",\"name\":\"Kreisstadt Mettmann\",\"url\":\"https:\/\/www.mettmann.de\/web\/\",\"logo\":{\"@type\":\"ImageObject\",\"inLanguage\":\"de\",\"@id\":\"https:\/\/www.mettmann.de\/web\/#\/schema\/logo\/image\/\",\"url\":\"https:\/\/www.mettmann.de\/web\/wp-content\/uploads\/2019\/08\/Kreisstadt_Mettmann_Logo_RGB_150dpi.png\",\"contentUrl\":\"https:\/\/www.mettmann.de\/web\/wp-content\/uploads\/2019\/08\/Kreisstadt_Mettmann_Logo_RGB_150dpi.png\",\"width\":1302,\"height\":191,\"caption\":\"Kreisstadt Mettmann\"},\"image\":{\"@id\":\"https:\/\/www.mettmann.de\/web\/#\/schema\/logo\/image\/\"},\"sameAs\":[\"https:\/\/www.facebook.com\/kreisstadt.mettmann\",\"https:\/\/de.wikipedia.org\/wiki\/Mettmann\"]},{\"@type\":\"Person\",\"@id\":\"https:\/\/www.mettmann.de\/web\/#\/schema\/person\/c0deeeba8d377efe8e769dc7f56c2292\",\"name\":\"LekiesT\"}]}<\/script>\n<!-- \/ Yoast SEO plugin. -->","yoast_head_json":{"title":"Ein sch\u00f6ner Maibaum schm\u00fcckt den Marktplatz","robots":{"index":"index","follow":"follow","max-snippet":"max-snippet:-1","max-image-preview":"max-image-preview:large","max-video-preview":"max-video-preview:-1"},"canonical":"https:\/\/www.mettmann.de\/web\/ein-schoener-maibaum-schmueckt-den-marktplatz\/","og_locale":"de_DE","og_type":"article","og_title":"Ein sch\u00f6ner Maibaum schm\u00fcckt den Marktplatz","og_description":"Dank des Einsatzes von B\u00fcrgermeisterin Sandra Pietschmann und dem Oberst\u00e4dter Otto Kahm ist bei traumhaft sch\u00f6nem Wetter und fast sommerlichen Temperaturen am Mittwochabend ein schmucker Maibaum auf dem Marktplatz aufgestellt worden. Die mehr als 100...","og_url":"https:\/\/www.mettmann.de\/web\/ein-schoener-maibaum-schmueckt-den-marktplatz\/","og_site_name":"Stadtverwaltung Mettmann","article_publisher":"https:\/\/www.facebook.com\/kreisstadt.mettmann","article_published_time":"2025-05-02T08:02:40+00:00","article_modified_time":"2025-05-02T12:03:08+00:00","og_image":[{"width":2560,"height":1920,"url":"https:\/\/www.mettmann.de\/web\/wp-content\/uploads\/2025\/05\/Maibaum-scaled.jpg","type":"image\/jpeg"}],"author":"LekiesT","twitter_card":"summary_large_image","twitter_misc":{"Verfasst von":"LekiesT","Gesch\u00e4tzte Lesezeit":"1\u00a0Minute"},"schema":{"@context":"https:\/\/schema.org","@graph":[{"@type":"Article","@id":"https:\/\/www.mettmann.de\/web\/ein-schoener-maibaum-schmueckt-den-marktplatz\/#article","isPartOf":{"@id":"https:\/\/www.mettmann.de\/web\/ein-schoener-maibaum-schmueckt-den-marktplatz\/"},"author":{"name":"LekiesT","@id":"https:\/\/www.mettmann.de\/web\/#\/schema\/person\/c0deeeba8d377efe8e769dc7f56c2292"},"headline":"Ein sch\u00f6ner Maibaum schm\u00fcckt den Marktplatz","datePublished":"2025-05-02T08:02:40+00:00","dateModified":"2025-05-02T12:03:08+00:00","mainEntityOfPage":{"@id":"https:\/\/www.mettmann.de\/web\/ein-schoener-maibaum-schmueckt-den-marktplatz\/"},"wordCount":78,"publisher":{"@id":"https:\/\/www.mettmann.de\/web\/#organization"},"image":{"@id":"https:\/\/www.mettmann.de\/web\/ein-schoener-maibaum-schmueckt-den-marktplatz\/#primaryimage"},"thumbnailUrl":"https:\/\/www.mettmann.de\/web\/wp-content\/uploads\/2025\/05\/Maibaum-scaled.jpg","keywords":["Maibaum","Marktplatz","Mettmann"],"inLanguage":"de"},{"@type":"WebPage","@id":"https:\/\/www.mettmann.de\/web\/ein-schoener-maibaum-schmueckt-den-marktplatz\/","url":"https:\/\/www.mettmann.de\/web\/ein-schoener-maibaum-schmueckt-den-marktplatz\/","name":"Ein sch\u00f6ner Maibaum schm\u00fcckt den Marktplatz","isPartOf":{"@id":"https:\/\/www.mettmann.de\/web\/#website"},"primaryImageOfPage":{"@id":"https:\/\/www.mettmann.de\/web\/ein-schoener-maibaum-schmueckt-den-marktplatz\/#primaryimage"},"image":{"@id":"https:\/\/www.mettmann.de\/web\/ein-schoener-maibaum-schmueckt-den-marktplatz\/#primaryimage"},"thumbnailUrl":"https:\/\/www.mettmann.de\/web\/wp-content\/uploads\/2025\/05\/Maibaum-scaled.jpg","datePublished":"2025-05-02T08:02:40+00:00","dateModified":"2025-05-02T12:03:08+00:00","breadcrumb":{"@id":"https:\/\/www.mettmann.de\/web\/ein-schoener-maibaum-schmueckt-den-marktplatz\/#breadcrumb"},"inLanguage":"de","potentialAction":[{"@type":"ReadAction","target":["https:\/\/www.mettmann.de\/web\/ein-schoener-maibaum-schmueckt-den-marktplatz\/"]}]},{"@type":"ImageObject","inLanguage":"de","@id":"https:\/\/www.mettmann.de\/web\/ein-schoener-maibaum-schmueckt-den-marktplatz\/#primaryimage","url":"https:\/\/www.mettmann.de\/web\/wp-content\/uploads\/2025\/05\/Maibaum-scaled.jpg","contentUrl":"https:\/\/www.mettmann.de\/web\/wp-content\/uploads\/2025\/05\/Maibaum-scaled.jpg","width":2560,"height":1920,"caption":"Foto: Kreistadt Mettmann"},{"@type":"BreadcrumbList","@id":"https:\/\/www.mettmann.de\/web\/ein-schoener-maibaum-schmueckt-den-marktplatz\/#breadcrumb","itemListElement":[{"@type":"ListItem","position":1,"name":"Startseite","item":"https:\/\/www.mettmann.de\/web\/"},{"@type":"ListItem","position":2,"name":"Ein sch\u00f6ner Maibaum schm\u00fcckt den Marktplatz"}]},{"@type":"WebSite","@id":"https:\/\/www.mettmann.de\/web\/#website","url":"https:\/\/www.mettmann.de\/web\/","name":"Stadtverwaltung Mettmann","description":"Internetseite der Kreisstadt Mettmann","publisher":{"@id":"https:\/\/www.mettmann.de\/web\/#organization"},"potentialAction":[{"@type":"SearchAction","target":{"@type":"EntryPoint","urlTemplate":"https:\/\/www.mettmann.de\/web\/?s={search_term_string}"},"query-input":{"@type":"PropertyValueSpecification","valueRequired":true,"valueName":"search_term_string"}}],"inLanguage":"de"},{"@type":"Organization","@id":"https:\/\/www.mettmann.de\/web\/#organization","name":"Kreisstadt Mettmann","url":"https:\/\/www.mettmann.de\/web\/","logo":{"@type":"ImageObject","inLanguage":"de","@id":"https:\/\/www.mettmann.de\/web\/#\/schema\/logo\/image\/","url":"https:\/\/www.mettmann.de\/web\/wp-content\/uploads\/2019\/08\/Kreisstadt_Mettmann_Logo_RGB_150dpi.png","contentUrl":"https:\/\/www.mettmann.de\/web\/wp-content\/uploads\/2019\/08\/Kreisstadt_Mettmann_Logo_RGB_150dpi.png","width":1302,"height":191,"caption":"Kreisstadt Mettmann"},"image":{"@id":"https:\/\/www.mettmann.de\/web\/#\/schema\/logo\/image\/"},"sameAs":["https:\/\/www.facebook.com\/kreisstadt.mettmann","https:\/\/de.wikipedia.org\/wiki\/Mettmann"]},{"@type":"Person","@id":"https:\/\/www.mettmann.de\/web\/#\/schema\/person\/c0deeeba8d377efe8e769dc7f56c2292","name":"LekiesT"}]}},"_links":{"self":[{"href":"https:\/\/www.mettmann.de\/web\/wp-json\/wp\/v2\/posts\/49776","targetHints":{"allow":["GET"]}}],"collection":[{"href":"https:\/\/www.mettmann.de\/web\/wp-json\/wp\/v2\/posts"}],"about":[{"href":"https:\/\/www.mettmann.de\/web\/wp-json\/wp\/v2\/types\/post"}],"author":[{"embeddable":true,"href":"https:\/\/www.mettmann.de\/web\/wp-json\/wp\/v2\/users\/2"}],"replies":[{"embeddable":true,"href":"https:\/\/www.mettmann.de\/web\/wp-json\/wp\/v2\/comments?post=49776"}],"version-history":[{"count":2,"href":"https:\/\/www.mettmann.de\/web\/wp-json\/wp\/v2\/posts\/49776\/revisions"}],"predecessor-version":[{"id":49778,"href":"https:\/\/www.mettmann.de\/web\/wp-json\/wp\/v2\/posts\/49776\/revisions\/49778"}],"wp:featuredmedia":[{"embeddable":true,"href":"https:\/\/www.mettmann.de\/web\/wp-json\/wp\/v2\/media\/49779"}],"wp:attachment":[{"href":"https:\/\/www.mettmann.de\/web\/wp-json\/wp\/v2\/media?parent=49776"}],"wp:term":[{"taxonomy":"category","embeddable":true,"href":"https:\/\/www.mettmann.de\/web\/wp-json\/wp\/v2\/categories?post=49776"},{"taxonomy":"post_tag","embeddable":true,"href":"https:\/\/www.mettmann.de\/web\/wp-json\/wp\/v2\/tags?post=49776"}],"curies":[{"name":"wp","href":"https:\/\/api.w.org\/{rel}","templated":true}]}}