{"id":53693,"date":"2025-08-26T10:09:47","date_gmt":"2025-08-26T08:09:47","guid":{"rendered":"https:\/\/www.mettmann.de\/web\/?p=53693"},"modified":"2025-08-26T10:09:56","modified_gmt":"2025-08-26T08:09:56","slug":"kulinarische-weltreise-mit-der-volkshochschule","status":"publish","type":"post","link":"https:\/\/www.mettmann.de\/web\/kulinarische-weltreise-mit-der-volkshochschule\/","title":{"rendered":"Kulinarische Weltreise mit der Volkshochschule"},"content":{"rendered":"<p>Die Volkshochschule (vhs) Mettmann-W\u00fclfrath l\u00e4dt im September zu kulinarischen Entdeckungsreisen ein: In einer Reihe abwechslungsreicher Kochkurse k\u00f6nnen Genie\u00dferinnen und Genie\u00dfer neue Geschmackswelten erforschen und spannende Rezepte kennenlernen.<\/p>\n<p>Unter fachkundiger Anleitung bereiten die Teilnehmenden gemeinsam K\u00f6stlichkeiten aus aller Welt zu, erfahren Wissenswertes \u00fcber landestypische Zutaten und erhalten praktische Tipps zum Nachkochen. Zu entdecken gibt es perfekte Burger mit saftigen Pattys und kreativen Toppings, das Geheimnis von traditionellen franz\u00f6sischen Baguettes, kunstvoll gerollte, raffinierte Sushi-Kreationen und vegetarische Gerichte voller Geschichten und Aromen aus der \u00e4gyptischen K\u00fcche.<\/p>\n<p>Ob Einsteiger in der K\u00fcche oder erfahren Hobbyk\u00f6che, alle sind willkommen, um gemeinsam zu kochen, Neues auszuprobieren und in geselliger Atmosph\u00e4re zu genie\u00dfen. Jede kulinarische Station bietet dabei neben den praktischen Fertigkeiten auch spannende Einblicke in die kulturellen Hintergr\u00fcnde.<\/p>\n<p>Ein Termin voller Genuss und Austausch ist ausschlie\u00dflich Frauen vorbehalten: Der Workshop Cook &amp; Connect widmet sich der lebendigen Welt der afrikanischen K\u00fcche, die gepr\u00e4gt ist von intensiven Gew\u00fcrzen und strahlenden Farben. Mit einem Teil des Erl\u00f6ses aus diesem Kurs werden die M\u00e4dchen der Moonlight Centre School in Nairobi mit Hygieneartikeln versorgt und ihnen so die regelm\u00e4\u00dfige Teilnahme am Unterricht erm\u00f6glicht.<\/p>\n<p>Die einzelnen Workshops starten jeweils um 10 Uhr und finden an folgenden Terminen statt:<br \/>\n&#8222;Der perfekte Burger&#8220;, Samstag, 6. September,<br \/>\n&#8222;Baguette-Zauber&#8220;, Sonntag, 7. September,<br \/>\n&#8222;Sushi&#8220;, Samstag 13. September,<br \/>\n&#8222;Afrikanische K\u00fcche f\u00fcr Frauen&#8220;, Samstag, 20. September,<br \/>\n&#8222;\u00c4gyptische K\u00fcche&#8220;, Sonntag, 21. September.<\/p>\n<p>Weitere Informationen und Anmeldung unter Telefon 13 92 0, auf <a href=\"http:\/\/www.vhs-mettmann.de,\" target=\"_blank\" rel=\"noopener\">www.vhs-mettmann.de,<\/a> oder per E-Mail an <a href=\"mailto:info@vhs-mettmann.de\">info@vhs-mettmann.de<\/a>.<\/p>\n","protected":false},"excerpt":{"rendered":"<p>Die Volkshochschule (vhs) Mettmann-W\u00fclfrath l\u00e4dt im September zu kulinarischen Entdeckungsreisen ein: In einer Reihe abwechslungsreicher Kochkurse k\u00f6nnen Genie\u00dferinnen und Genie\u00dfer neue Geschmackswelten erforschen und spannende Rezepte kennenlernen. Unter fachkundiger Anleitung bereiten die Teilnehmenden gemeinsam K\u00f6stlichkeiten&#8230;<\/p>\n","protected":false},"author":2,"featured_media":38861,"comment_status":"closed","ping_status":"closed","sticky":false,"template":"","format":"standard","meta":{"ngg_post_thumbnail":0,"footnotes":""},"categories":[1],"tags":[],"class_list":["post-53693","post","type-post","status-publish","format-standard","has-post-thumbnail","hentry","category-allgemein"],"yoast_head":"<!-- This site is optimized with the Yoast SEO plugin v27.2 - https:\/\/yoast.com\/product\/yoast-seo-wordpress\/ -->\n<title>Kulinarische Weltreise mit der Volkshochschule<\/title>\n<meta name=\"robots\" content=\"index, follow, max-snippet:-1, max-image-preview:large, max-video-preview:-1\" \/>\n<link rel=\"canonical\" href=\"https:\/\/www.mettmann.de\/web\/kulinarische-weltreise-mit-der-volkshochschule\/\" \/>\n<meta property=\"og:locale\" content=\"de_DE\" \/>\n<meta property=\"og:type\" content=\"article\" \/>\n<meta property=\"og:title\" content=\"Kulinarische Weltreise mit der Volkshochschule\" \/>\n<meta property=\"og:description\" content=\"Die Volkshochschule (vhs) Mettmann-W\u00fclfrath l\u00e4dt im September zu kulinarischen Entdeckungsreisen ein: In einer Reihe abwechslungsreicher Kochkurse k\u00f6nnen Genie\u00dferinnen und Genie\u00dfer neue Geschmackswelten erforschen und spannende Rezepte kennenlernen. Unter fachkundiger Anleitung bereiten die Teilnehmenden gemeinsam K\u00f6stlichkeiten...\" \/>\n<meta property=\"og:url\" content=\"https:\/\/www.mettmann.de\/web\/kulinarische-weltreise-mit-der-volkshochschule\/\" \/>\n<meta property=\"og:site_name\" content=\"Stadtverwaltung Mettmann\" \/>\n<meta property=\"article:publisher\" content=\"https:\/\/www.facebook.com\/kreisstadt.mettmann\" \/>\n<meta property=\"article:published_time\" content=\"2025-08-26T08:09:47+00:00\" \/>\n<meta property=\"article:modified_time\" content=\"2025-08-26T08:09:56+00:00\" \/>\n<meta property=\"og:image\" content=\"https:\/\/www.mettmann.de\/web\/wp-content\/uploads\/2024\/04\/Koch.jpg\" \/>\n\t<meta property=\"og:image:width\" content=\"1280\" \/>\n\t<meta property=\"og:image:height\" content=\"731\" \/>\n\t<meta property=\"og:image:type\" content=\"image\/jpeg\" \/>\n<meta name=\"author\" content=\"LekiesT\" \/>\n<meta name=\"twitter:card\" content=\"summary_large_image\" \/>\n<meta name=\"twitter:label1\" content=\"Verfasst von\" \/>\n\t<meta name=\"twitter:data1\" content=\"LekiesT\" \/>\n\t<meta name=\"twitter:label2\" content=\"Gesch\u00e4tzte Lesezeit\" \/>\n\t<meta name=\"twitter:data2\" content=\"2\u00a0Minuten\" \/>\n<script type=\"application\/ld+json\" class=\"yoast-schema-graph\">{\"@context\":\"https:\/\/schema.org\",\"@graph\":[{\"@type\":\"Article\",\"@id\":\"https:\/\/www.mettmann.de\/web\/kulinarische-weltreise-mit-der-volkshochschule\/#article\",\"isPartOf\":{\"@id\":\"https:\/\/www.mettmann.de\/web\/kulinarische-weltreise-mit-der-volkshochschule\/\"},\"author\":{\"name\":\"LekiesT\",\"@id\":\"https:\/\/www.mettmann.de\/web\/#\/schema\/person\/c0deeeba8d377efe8e769dc7f56c2292\"},\"headline\":\"Kulinarische Weltreise mit der Volkshochschule\",\"datePublished\":\"2025-08-26T08:09:47+00:00\",\"dateModified\":\"2025-08-26T08:09:56+00:00\",\"mainEntityOfPage\":{\"@id\":\"https:\/\/www.mettmann.de\/web\/kulinarische-weltreise-mit-der-volkshochschule\/\"},\"wordCount\":263,\"publisher\":{\"@id\":\"https:\/\/www.mettmann.de\/web\/#organization\"},\"image\":{\"@id\":\"https:\/\/www.mettmann.de\/web\/kulinarische-weltreise-mit-der-volkshochschule\/#primaryimage\"},\"thumbnailUrl\":\"https:\/\/www.mettmann.de\/web\/wp-content\/uploads\/2024\/04\/Koch.jpg\",\"inLanguage\":\"de\"},{\"@type\":\"WebPage\",\"@id\":\"https:\/\/www.mettmann.de\/web\/kulinarische-weltreise-mit-der-volkshochschule\/\",\"url\":\"https:\/\/www.mettmann.de\/web\/kulinarische-weltreise-mit-der-volkshochschule\/\",\"name\":\"Kulinarische Weltreise mit der Volkshochschule\",\"isPartOf\":{\"@id\":\"https:\/\/www.mettmann.de\/web\/#website\"},\"primaryImageOfPage\":{\"@id\":\"https:\/\/www.mettmann.de\/web\/kulinarische-weltreise-mit-der-volkshochschule\/#primaryimage\"},\"image\":{\"@id\":\"https:\/\/www.mettmann.de\/web\/kulinarische-weltreise-mit-der-volkshochschule\/#primaryimage\"},\"thumbnailUrl\":\"https:\/\/www.mettmann.de\/web\/wp-content\/uploads\/2024\/04\/Koch.jpg\",\"datePublished\":\"2025-08-26T08:09:47+00:00\",\"dateModified\":\"2025-08-26T08:09:56+00:00\",\"breadcrumb\":{\"@id\":\"https:\/\/www.mettmann.de\/web\/kulinarische-weltreise-mit-der-volkshochschule\/#breadcrumb\"},\"inLanguage\":\"de\",\"potentialAction\":[{\"@type\":\"ReadAction\",\"target\":[\"https:\/\/www.mettmann.de\/web\/kulinarische-weltreise-mit-der-volkshochschule\/\"]}]},{\"@type\":\"ImageObject\",\"inLanguage\":\"de\",\"@id\":\"https:\/\/www.mettmann.de\/web\/kulinarische-weltreise-mit-der-volkshochschule\/#primaryimage\",\"url\":\"https:\/\/www.mettmann.de\/web\/wp-content\/uploads\/2024\/04\/Koch.jpg\",\"contentUrl\":\"https:\/\/www.mettmann.de\/web\/wp-content\/uploads\/2024\/04\/Koch.jpg\",\"width\":1280,\"height\":731,\"caption\":\"Symbolfoto: WiR_Pixs \/ Pixabay\"},{\"@type\":\"BreadcrumbList\",\"@id\":\"https:\/\/www.mettmann.de\/web\/kulinarische-weltreise-mit-der-volkshochschule\/#breadcrumb\",\"itemListElement\":[{\"@type\":\"ListItem\",\"position\":1,\"name\":\"Startseite\",\"item\":\"https:\/\/www.mettmann.de\/web\/\"},{\"@type\":\"ListItem\",\"position\":2,\"name\":\"Kulinarische Weltreise mit der Volkshochschule\"}]},{\"@type\":\"WebSite\",\"@id\":\"https:\/\/www.mettmann.de\/web\/#website\",\"url\":\"https:\/\/www.mettmann.de\/web\/\",\"name\":\"Stadtverwaltung Mettmann\",\"description\":\"Internetseite der Kreisstadt Mettmann\",\"publisher\":{\"@id\":\"https:\/\/www.mettmann.de\/web\/#organization\"},\"potentialAction\":[{\"@type\":\"SearchAction\",\"target\":{\"@type\":\"EntryPoint\",\"urlTemplate\":\"https:\/\/www.mettmann.de\/web\/?s={search_term_string}\"},\"query-input\":{\"@type\":\"PropertyValueSpecification\",\"valueRequired\":true,\"valueName\":\"search_term_string\"}}],\"inLanguage\":\"de\"},{\"@type\":\"Organization\",\"@id\":\"https:\/\/www.mettmann.de\/web\/#organization\",\"name\":\"Kreisstadt Mettmann\",\"url\":\"https:\/\/www.mettmann.de\/web\/\",\"logo\":{\"@type\":\"ImageObject\",\"inLanguage\":\"de\",\"@id\":\"https:\/\/www.mettmann.de\/web\/#\/schema\/logo\/image\/\",\"url\":\"https:\/\/www.mettmann.de\/web\/wp-content\/uploads\/2019\/08\/Kreisstadt_Mettmann_Logo_RGB_150dpi.png\",\"contentUrl\":\"https:\/\/www.mettmann.de\/web\/wp-content\/uploads\/2019\/08\/Kreisstadt_Mettmann_Logo_RGB_150dpi.png\",\"width\":1302,\"height\":191,\"caption\":\"Kreisstadt Mettmann\"},\"image\":{\"@id\":\"https:\/\/www.mettmann.de\/web\/#\/schema\/logo\/image\/\"},\"sameAs\":[\"https:\/\/www.facebook.com\/kreisstadt.mettmann\",\"https:\/\/de.wikipedia.org\/wiki\/Mettmann\"]},{\"@type\":\"Person\",\"@id\":\"https:\/\/www.mettmann.de\/web\/#\/schema\/person\/c0deeeba8d377efe8e769dc7f56c2292\",\"name\":\"LekiesT\"}]}<\/script>\n<!-- \/ Yoast SEO plugin. -->","yoast_head_json":{"title":"Kulinarische Weltreise mit der Volkshochschule","robots":{"index":"index","follow":"follow","max-snippet":"max-snippet:-1","max-image-preview":"max-image-preview:large","max-video-preview":"max-video-preview:-1"},"canonical":"https:\/\/www.mettmann.de\/web\/kulinarische-weltreise-mit-der-volkshochschule\/","og_locale":"de_DE","og_type":"article","og_title":"Kulinarische Weltreise mit der Volkshochschule","og_description":"Die Volkshochschule (vhs) Mettmann-W\u00fclfrath l\u00e4dt im September zu kulinarischen Entdeckungsreisen ein: In einer Reihe abwechslungsreicher Kochkurse k\u00f6nnen Genie\u00dferinnen und Genie\u00dfer neue Geschmackswelten erforschen und spannende Rezepte kennenlernen. Unter fachkundiger Anleitung bereiten die Teilnehmenden gemeinsam K\u00f6stlichkeiten...","og_url":"https:\/\/www.mettmann.de\/web\/kulinarische-weltreise-mit-der-volkshochschule\/","og_site_name":"Stadtverwaltung Mettmann","article_publisher":"https:\/\/www.facebook.com\/kreisstadt.mettmann","article_published_time":"2025-08-26T08:09:47+00:00","article_modified_time":"2025-08-26T08:09:56+00:00","og_image":[{"width":1280,"height":731,"url":"https:\/\/www.mettmann.de\/web\/wp-content\/uploads\/2024\/04\/Koch.jpg","type":"image\/jpeg"}],"author":"LekiesT","twitter_card":"summary_large_image","twitter_misc":{"Verfasst von":"LekiesT","Gesch\u00e4tzte Lesezeit":"2\u00a0Minuten"},"schema":{"@context":"https:\/\/schema.org","@graph":[{"@type":"Article","@id":"https:\/\/www.mettmann.de\/web\/kulinarische-weltreise-mit-der-volkshochschule\/#article","isPartOf":{"@id":"https:\/\/www.mettmann.de\/web\/kulinarische-weltreise-mit-der-volkshochschule\/"},"author":{"name":"LekiesT","@id":"https:\/\/www.mettmann.de\/web\/#\/schema\/person\/c0deeeba8d377efe8e769dc7f56c2292"},"headline":"Kulinarische Weltreise mit der Volkshochschule","datePublished":"2025-08-26T08:09:47+00:00","dateModified":"2025-08-26T08:09:56+00:00","mainEntityOfPage":{"@id":"https:\/\/www.mettmann.de\/web\/kulinarische-weltreise-mit-der-volkshochschule\/"},"wordCount":263,"publisher":{"@id":"https:\/\/www.mettmann.de\/web\/#organization"},"image":{"@id":"https:\/\/www.mettmann.de\/web\/kulinarische-weltreise-mit-der-volkshochschule\/#primaryimage"},"thumbnailUrl":"https:\/\/www.mettmann.de\/web\/wp-content\/uploads\/2024\/04\/Koch.jpg","inLanguage":"de"},{"@type":"WebPage","@id":"https:\/\/www.mettmann.de\/web\/kulinarische-weltreise-mit-der-volkshochschule\/","url":"https:\/\/www.mettmann.de\/web\/kulinarische-weltreise-mit-der-volkshochschule\/","name":"Kulinarische Weltreise mit der Volkshochschule","isPartOf":{"@id":"https:\/\/www.mettmann.de\/web\/#website"},"primaryImageOfPage":{"@id":"https:\/\/www.mettmann.de\/web\/kulinarische-weltreise-mit-der-volkshochschule\/#primaryimage"},"image":{"@id":"https:\/\/www.mettmann.de\/web\/kulinarische-weltreise-mit-der-volkshochschule\/#primaryimage"},"thumbnailUrl":"https:\/\/www.mettmann.de\/web\/wp-content\/uploads\/2024\/04\/Koch.jpg","datePublished":"2025-08-26T08:09:47+00:00","dateModified":"2025-08-26T08:09:56+00:00","breadcrumb":{"@id":"https:\/\/www.mettmann.de\/web\/kulinarische-weltreise-mit-der-volkshochschule\/#breadcrumb"},"inLanguage":"de","potentialAction":[{"@type":"ReadAction","target":["https:\/\/www.mettmann.de\/web\/kulinarische-weltreise-mit-der-volkshochschule\/"]}]},{"@type":"ImageObject","inLanguage":"de","@id":"https:\/\/www.mettmann.de\/web\/kulinarische-weltreise-mit-der-volkshochschule\/#primaryimage","url":"https:\/\/www.mettmann.de\/web\/wp-content\/uploads\/2024\/04\/Koch.jpg","contentUrl":"https:\/\/www.mettmann.de\/web\/wp-content\/uploads\/2024\/04\/Koch.jpg","width":1280,"height":731,"caption":"Symbolfoto: WiR_Pixs \/ Pixabay"},{"@type":"BreadcrumbList","@id":"https:\/\/www.mettmann.de\/web\/kulinarische-weltreise-mit-der-volkshochschule\/#breadcrumb","itemListElement":[{"@type":"ListItem","position":1,"name":"Startseite","item":"https:\/\/www.mettmann.de\/web\/"},{"@type":"ListItem","position":2,"name":"Kulinarische Weltreise mit der Volkshochschule"}]},{"@type":"WebSite","@id":"https:\/\/www.mettmann.de\/web\/#website","url":"https:\/\/www.mettmann.de\/web\/","name":"Stadtverwaltung Mettmann","description":"Internetseite der Kreisstadt Mettmann","publisher":{"@id":"https:\/\/www.mettmann.de\/web\/#organization"},"potentialAction":[{"@type":"SearchAction","target":{"@type":"EntryPoint","urlTemplate":"https:\/\/www.mettmann.de\/web\/?s={search_term_string}"},"query-input":{"@type":"PropertyValueSpecification","valueRequired":true,"valueName":"search_term_string"}}],"inLanguage":"de"},{"@type":"Organization","@id":"https:\/\/www.mettmann.de\/web\/#organization","name":"Kreisstadt Mettmann","url":"https:\/\/www.mettmann.de\/web\/","logo":{"@type":"ImageObject","inLanguage":"de","@id":"https:\/\/www.mettmann.de\/web\/#\/schema\/logo\/image\/","url":"https:\/\/www.mettmann.de\/web\/wp-content\/uploads\/2019\/08\/Kreisstadt_Mettmann_Logo_RGB_150dpi.png","contentUrl":"https:\/\/www.mettmann.de\/web\/wp-content\/uploads\/2019\/08\/Kreisstadt_Mettmann_Logo_RGB_150dpi.png","width":1302,"height":191,"caption":"Kreisstadt Mettmann"},"image":{"@id":"https:\/\/www.mettmann.de\/web\/#\/schema\/logo\/image\/"},"sameAs":["https:\/\/www.facebook.com\/kreisstadt.mettmann","https:\/\/de.wikipedia.org\/wiki\/Mettmann"]},{"@type":"Person","@id":"https:\/\/www.mettmann.de\/web\/#\/schema\/person\/c0deeeba8d377efe8e769dc7f56c2292","name":"LekiesT"}]}},"_links":{"self":[{"href":"https:\/\/www.mettmann.de\/web\/wp-json\/wp\/v2\/posts\/53693","targetHints":{"allow":["GET"]}}],"collection":[{"href":"https:\/\/www.mettmann.de\/web\/wp-json\/wp\/v2\/posts"}],"about":[{"href":"https:\/\/www.mettmann.de\/web\/wp-json\/wp\/v2\/types\/post"}],"author":[{"embeddable":true,"href":"https:\/\/www.mettmann.de\/web\/wp-json\/wp\/v2\/users\/2"}],"replies":[{"embeddable":true,"href":"https:\/\/www.mettmann.de\/web\/wp-json\/wp\/v2\/comments?post=53693"}],"version-history":[{"count":5,"href":"https:\/\/www.mettmann.de\/web\/wp-json\/wp\/v2\/posts\/53693\/revisions"}],"predecessor-version":[{"id":53700,"href":"https:\/\/www.mettmann.de\/web\/wp-json\/wp\/v2\/posts\/53693\/revisions\/53700"}],"wp:featuredmedia":[{"embeddable":true,"href":"https:\/\/www.mettmann.de\/web\/wp-json\/wp\/v2\/media\/38861"}],"wp:attachment":[{"href":"https:\/\/www.mettmann.de\/web\/wp-json\/wp\/v2\/media?parent=53693"}],"wp:term":[{"taxonomy":"category","embeddable":true,"href":"https:\/\/www.mettmann.de\/web\/wp-json\/wp\/v2\/categories?post=53693"},{"taxonomy":"post_tag","embeddable":true,"href":"https:\/\/www.mettmann.de\/web\/wp-json\/wp\/v2\/tags?post=53693"}],"curies":[{"name":"wp","href":"https:\/\/api.w.org\/{rel}","templated":true}]}}