{"id":54109,"date":"2025-09-10T11:26:36","date_gmt":"2025-09-10T09:26:36","guid":{"rendered":"https:\/\/www.mettmann.de\/web\/?p=54109"},"modified":"2025-09-10T13:48:10","modified_gmt":"2025-09-10T11:48:10","slug":"freitag-beratungsstelle-fuer-eltern-kinder-und-jugendliche-vormittags-nicht-besetzt","status":"publish","type":"post","link":"https:\/\/www.mettmann.de\/web\/freitag-beratungsstelle-fuer-eltern-kinder-und-jugendliche-vormittags-nicht-besetzt\/","title":{"rendered":"Freitag: Beratungsstelle f\u00fcr Eltern, Kinder und Jugendliche vormittags nicht besetzt"},"content":{"rendered":"<p>Die Beratungsstelle f\u00fcr Eltern, Kinder und Jugendliche ist am Freitag, den 12. September., vormittags nicht besetzt. Anliegen k\u00f6nnen B\u00fcrgerinnen und B\u00fcrger auch in dieser Zeit an <a title=\"E-Mail senden\" href=\"mailto:eb-beratung@mettmann.de\">eb-beratung@mettmann.de<\/a> senden. Wer sich erstmals bei der Stadt meldet, kann auch den <a href=\"https:\/\/service.mettmann.de\/beratungsstelle-fuer-eltern-kinder-und-jugendliche-anmeldeformular\">Online-Antrag<\/a> nutzen.&nbsp;<\/p>\n<p>Freitnachmittag ist die Beratungsstelle wieder besetzt.&nbsp;<\/p>\n<p>&nbsp;<\/p>\n","protected":false},"excerpt":{"rendered":"<p>Die Beratungsstelle f\u00fcr Eltern, Kinder und Jugendliche ist am Freitag, den 12. September., vormittags nicht besetzt. Anliegen k\u00f6nnen B\u00fcrgerinnen und B\u00fcrger auch in dieser Zeit an eb-beratung@mettmann.de senden. Wer sich erstmals bei der Stadt meldet,&#8230;<\/p>\n","protected":false},"author":10,"featured_media":43854,"comment_status":"closed","ping_status":"closed","sticky":false,"template":"","format":"standard","meta":{"ngg_post_thumbnail":0,"footnotes":""},"categories":[1],"tags":[],"class_list":["post-54109","post","type-post","status-publish","format-standard","has-post-thumbnail","hentry","category-allgemein"],"yoast_head":"<!-- This site is optimized with the Yoast SEO plugin v27.2 - https:\/\/yoast.com\/product\/yoast-seo-wordpress\/ -->\n<title>Freitag: Beratungsstelle f\u00fcr Eltern, Kinder und Jugendliche vormittags nicht besetzt<\/title>\n<meta name=\"robots\" content=\"index, follow, max-snippet:-1, max-image-preview:large, max-video-preview:-1\" \/>\n<link rel=\"canonical\" href=\"https:\/\/www.mettmann.de\/web\/freitag-beratungsstelle-fuer-eltern-kinder-und-jugendliche-vormittags-nicht-besetzt\/\" \/>\n<meta property=\"og:locale\" content=\"de_DE\" \/>\n<meta property=\"og:type\" content=\"article\" \/>\n<meta property=\"og:title\" content=\"Freitag: Beratungsstelle f\u00fcr Eltern, Kinder und Jugendliche vormittags nicht besetzt\" \/>\n<meta property=\"og:description\" content=\"Die Beratungsstelle f\u00fcr Eltern, Kinder und Jugendliche ist am Freitag, den 12. September., vormittags nicht besetzt. Anliegen k\u00f6nnen B\u00fcrgerinnen und B\u00fcrger auch in dieser Zeit an eb-beratung@mettmann.de senden. Wer sich erstmals bei der Stadt meldet,...\" \/>\n<meta property=\"og:url\" content=\"https:\/\/www.mettmann.de\/web\/freitag-beratungsstelle-fuer-eltern-kinder-und-jugendliche-vormittags-nicht-besetzt\/\" \/>\n<meta property=\"og:site_name\" content=\"Stadtverwaltung Mettmann\" \/>\n<meta property=\"article:publisher\" content=\"https:\/\/www.facebook.com\/kreisstadt.mettmann\" \/>\n<meta property=\"article:published_time\" content=\"2025-09-10T09:26:36+00:00\" \/>\n<meta property=\"article:modified_time\" content=\"2025-09-10T11:48:10+00:00\" \/>\n<meta property=\"og:image\" content=\"https:\/\/www.mettmann.de\/web\/wp-content\/uploads\/2024\/09\/Kinder-im-Bus.jpg\" \/>\n\t<meta property=\"og:image:width\" content=\"1280\" \/>\n\t<meta property=\"og:image:height\" content=\"853\" \/>\n\t<meta property=\"og:image:type\" content=\"image\/jpeg\" \/>\n<meta name=\"author\" content=\"Lukas Heimbach\" \/>\n<meta name=\"twitter:card\" content=\"summary_large_image\" \/>\n<meta name=\"twitter:label1\" content=\"Verfasst von\" \/>\n\t<meta name=\"twitter:data1\" content=\"Lukas Heimbach\" \/>\n\t<meta name=\"twitter:label2\" content=\"Gesch\u00e4tzte Lesezeit\" \/>\n\t<meta name=\"twitter:data2\" content=\"1\u00a0Minute\" \/>\n<script type=\"application\/ld+json\" class=\"yoast-schema-graph\">{\"@context\":\"https:\/\/schema.org\",\"@graph\":[{\"@type\":\"Article\",\"@id\":\"https:\/\/www.mettmann.de\/web\/freitag-beratungsstelle-fuer-eltern-kinder-und-jugendliche-vormittags-nicht-besetzt\/#article\",\"isPartOf\":{\"@id\":\"https:\/\/www.mettmann.de\/web\/freitag-beratungsstelle-fuer-eltern-kinder-und-jugendliche-vormittags-nicht-besetzt\/\"},\"author\":{\"name\":\"Lukas Heimbach\",\"@id\":\"https:\/\/www.mettmann.de\/web\/#\/schema\/person\/e5073fa926ec513a17d0b7e21b939424\"},\"headline\":\"Freitag: Beratungsstelle f\u00fcr Eltern, Kinder und Jugendliche vormittags nicht besetzt\",\"datePublished\":\"2025-09-10T09:26:36+00:00\",\"dateModified\":\"2025-09-10T11:48:10+00:00\",\"mainEntityOfPage\":{\"@id\":\"https:\/\/www.mettmann.de\/web\/freitag-beratungsstelle-fuer-eltern-kinder-und-jugendliche-vormittags-nicht-besetzt\/\"},\"wordCount\":65,\"publisher\":{\"@id\":\"https:\/\/www.mettmann.de\/web\/#organization\"},\"image\":{\"@id\":\"https:\/\/www.mettmann.de\/web\/freitag-beratungsstelle-fuer-eltern-kinder-und-jugendliche-vormittags-nicht-besetzt\/#primaryimage\"},\"thumbnailUrl\":\"https:\/\/www.mettmann.de\/web\/wp-content\/uploads\/2024\/09\/Kinder-im-Bus.jpg\",\"inLanguage\":\"de\"},{\"@type\":\"WebPage\",\"@id\":\"https:\/\/www.mettmann.de\/web\/freitag-beratungsstelle-fuer-eltern-kinder-und-jugendliche-vormittags-nicht-besetzt\/\",\"url\":\"https:\/\/www.mettmann.de\/web\/freitag-beratungsstelle-fuer-eltern-kinder-und-jugendliche-vormittags-nicht-besetzt\/\",\"name\":\"Freitag: Beratungsstelle f\u00fcr Eltern, Kinder und Jugendliche vormittags nicht besetzt\",\"isPartOf\":{\"@id\":\"https:\/\/www.mettmann.de\/web\/#website\"},\"primaryImageOfPage\":{\"@id\":\"https:\/\/www.mettmann.de\/web\/freitag-beratungsstelle-fuer-eltern-kinder-und-jugendliche-vormittags-nicht-besetzt\/#primaryimage\"},\"image\":{\"@id\":\"https:\/\/www.mettmann.de\/web\/freitag-beratungsstelle-fuer-eltern-kinder-und-jugendliche-vormittags-nicht-besetzt\/#primaryimage\"},\"thumbnailUrl\":\"https:\/\/www.mettmann.de\/web\/wp-content\/uploads\/2024\/09\/Kinder-im-Bus.jpg\",\"datePublished\":\"2025-09-10T09:26:36+00:00\",\"dateModified\":\"2025-09-10T11:48:10+00:00\",\"breadcrumb\":{\"@id\":\"https:\/\/www.mettmann.de\/web\/freitag-beratungsstelle-fuer-eltern-kinder-und-jugendliche-vormittags-nicht-besetzt\/#breadcrumb\"},\"inLanguage\":\"de\",\"potentialAction\":[{\"@type\":\"ReadAction\",\"target\":[\"https:\/\/www.mettmann.de\/web\/freitag-beratungsstelle-fuer-eltern-kinder-und-jugendliche-vormittags-nicht-besetzt\/\"]}]},{\"@type\":\"ImageObject\",\"inLanguage\":\"de\",\"@id\":\"https:\/\/www.mettmann.de\/web\/freitag-beratungsstelle-fuer-eltern-kinder-und-jugendliche-vormittags-nicht-besetzt\/#primaryimage\",\"url\":\"https:\/\/www.mettmann.de\/web\/wp-content\/uploads\/2024\/09\/Kinder-im-Bus.jpg\",\"contentUrl\":\"https:\/\/www.mettmann.de\/web\/wp-content\/uploads\/2024\/09\/Kinder-im-Bus.jpg\",\"width\":1280,\"height\":853,\"caption\":\"Symbolfoto: LuidmilaKot \/ Pixabay\"},{\"@type\":\"BreadcrumbList\",\"@id\":\"https:\/\/www.mettmann.de\/web\/freitag-beratungsstelle-fuer-eltern-kinder-und-jugendliche-vormittags-nicht-besetzt\/#breadcrumb\",\"itemListElement\":[{\"@type\":\"ListItem\",\"position\":1,\"name\":\"Startseite\",\"item\":\"https:\/\/www.mettmann.de\/web\/\"},{\"@type\":\"ListItem\",\"position\":2,\"name\":\"Freitag: Beratungsstelle f\u00fcr Eltern, Kinder und Jugendliche vormittags nicht besetzt\"}]},{\"@type\":\"WebSite\",\"@id\":\"https:\/\/www.mettmann.de\/web\/#website\",\"url\":\"https:\/\/www.mettmann.de\/web\/\",\"name\":\"Stadtverwaltung Mettmann\",\"description\":\"Internetseite der Kreisstadt Mettmann\",\"publisher\":{\"@id\":\"https:\/\/www.mettmann.de\/web\/#organization\"},\"potentialAction\":[{\"@type\":\"SearchAction\",\"target\":{\"@type\":\"EntryPoint\",\"urlTemplate\":\"https:\/\/www.mettmann.de\/web\/?s={search_term_string}\"},\"query-input\":{\"@type\":\"PropertyValueSpecification\",\"valueRequired\":true,\"valueName\":\"search_term_string\"}}],\"inLanguage\":\"de\"},{\"@type\":\"Organization\",\"@id\":\"https:\/\/www.mettmann.de\/web\/#organization\",\"name\":\"Kreisstadt Mettmann\",\"url\":\"https:\/\/www.mettmann.de\/web\/\",\"logo\":{\"@type\":\"ImageObject\",\"inLanguage\":\"de\",\"@id\":\"https:\/\/www.mettmann.de\/web\/#\/schema\/logo\/image\/\",\"url\":\"https:\/\/www.mettmann.de\/web\/wp-content\/uploads\/2019\/08\/Kreisstadt_Mettmann_Logo_RGB_150dpi.png\",\"contentUrl\":\"https:\/\/www.mettmann.de\/web\/wp-content\/uploads\/2019\/08\/Kreisstadt_Mettmann_Logo_RGB_150dpi.png\",\"width\":1302,\"height\":191,\"caption\":\"Kreisstadt Mettmann\"},\"image\":{\"@id\":\"https:\/\/www.mettmann.de\/web\/#\/schema\/logo\/image\/\"},\"sameAs\":[\"https:\/\/www.facebook.com\/kreisstadt.mettmann\",\"https:\/\/de.wikipedia.org\/wiki\/Mettmann\"]},{\"@type\":\"Person\",\"@id\":\"https:\/\/www.mettmann.de\/web\/#\/schema\/person\/e5073fa926ec513a17d0b7e21b939424\",\"name\":\"Lukas Heimbach\"}]}<\/script>\n<!-- \/ Yoast SEO plugin. -->","yoast_head_json":{"title":"Freitag: Beratungsstelle f\u00fcr Eltern, Kinder und Jugendliche vormittags nicht besetzt","robots":{"index":"index","follow":"follow","max-snippet":"max-snippet:-1","max-image-preview":"max-image-preview:large","max-video-preview":"max-video-preview:-1"},"canonical":"https:\/\/www.mettmann.de\/web\/freitag-beratungsstelle-fuer-eltern-kinder-und-jugendliche-vormittags-nicht-besetzt\/","og_locale":"de_DE","og_type":"article","og_title":"Freitag: Beratungsstelle f\u00fcr Eltern, Kinder und Jugendliche vormittags nicht besetzt","og_description":"Die Beratungsstelle f\u00fcr Eltern, Kinder und Jugendliche ist am Freitag, den 12. September., vormittags nicht besetzt. Anliegen k\u00f6nnen B\u00fcrgerinnen und B\u00fcrger auch in dieser Zeit an eb-beratung@mettmann.de senden. Wer sich erstmals bei der Stadt meldet,...","og_url":"https:\/\/www.mettmann.de\/web\/freitag-beratungsstelle-fuer-eltern-kinder-und-jugendliche-vormittags-nicht-besetzt\/","og_site_name":"Stadtverwaltung Mettmann","article_publisher":"https:\/\/www.facebook.com\/kreisstadt.mettmann","article_published_time":"2025-09-10T09:26:36+00:00","article_modified_time":"2025-09-10T11:48:10+00:00","og_image":[{"width":1280,"height":853,"url":"https:\/\/www.mettmann.de\/web\/wp-content\/uploads\/2024\/09\/Kinder-im-Bus.jpg","type":"image\/jpeg"}],"author":"Lukas Heimbach","twitter_card":"summary_large_image","twitter_misc":{"Verfasst von":"Lukas Heimbach","Gesch\u00e4tzte Lesezeit":"1\u00a0Minute"},"schema":{"@context":"https:\/\/schema.org","@graph":[{"@type":"Article","@id":"https:\/\/www.mettmann.de\/web\/freitag-beratungsstelle-fuer-eltern-kinder-und-jugendliche-vormittags-nicht-besetzt\/#article","isPartOf":{"@id":"https:\/\/www.mettmann.de\/web\/freitag-beratungsstelle-fuer-eltern-kinder-und-jugendliche-vormittags-nicht-besetzt\/"},"author":{"name":"Lukas Heimbach","@id":"https:\/\/www.mettmann.de\/web\/#\/schema\/person\/e5073fa926ec513a17d0b7e21b939424"},"headline":"Freitag: Beratungsstelle f\u00fcr Eltern, Kinder und Jugendliche vormittags nicht besetzt","datePublished":"2025-09-10T09:26:36+00:00","dateModified":"2025-09-10T11:48:10+00:00","mainEntityOfPage":{"@id":"https:\/\/www.mettmann.de\/web\/freitag-beratungsstelle-fuer-eltern-kinder-und-jugendliche-vormittags-nicht-besetzt\/"},"wordCount":65,"publisher":{"@id":"https:\/\/www.mettmann.de\/web\/#organization"},"image":{"@id":"https:\/\/www.mettmann.de\/web\/freitag-beratungsstelle-fuer-eltern-kinder-und-jugendliche-vormittags-nicht-besetzt\/#primaryimage"},"thumbnailUrl":"https:\/\/www.mettmann.de\/web\/wp-content\/uploads\/2024\/09\/Kinder-im-Bus.jpg","inLanguage":"de"},{"@type":"WebPage","@id":"https:\/\/www.mettmann.de\/web\/freitag-beratungsstelle-fuer-eltern-kinder-und-jugendliche-vormittags-nicht-besetzt\/","url":"https:\/\/www.mettmann.de\/web\/freitag-beratungsstelle-fuer-eltern-kinder-und-jugendliche-vormittags-nicht-besetzt\/","name":"Freitag: Beratungsstelle f\u00fcr Eltern, Kinder und Jugendliche vormittags nicht besetzt","isPartOf":{"@id":"https:\/\/www.mettmann.de\/web\/#website"},"primaryImageOfPage":{"@id":"https:\/\/www.mettmann.de\/web\/freitag-beratungsstelle-fuer-eltern-kinder-und-jugendliche-vormittags-nicht-besetzt\/#primaryimage"},"image":{"@id":"https:\/\/www.mettmann.de\/web\/freitag-beratungsstelle-fuer-eltern-kinder-und-jugendliche-vormittags-nicht-besetzt\/#primaryimage"},"thumbnailUrl":"https:\/\/www.mettmann.de\/web\/wp-content\/uploads\/2024\/09\/Kinder-im-Bus.jpg","datePublished":"2025-09-10T09:26:36+00:00","dateModified":"2025-09-10T11:48:10+00:00","breadcrumb":{"@id":"https:\/\/www.mettmann.de\/web\/freitag-beratungsstelle-fuer-eltern-kinder-und-jugendliche-vormittags-nicht-besetzt\/#breadcrumb"},"inLanguage":"de","potentialAction":[{"@type":"ReadAction","target":["https:\/\/www.mettmann.de\/web\/freitag-beratungsstelle-fuer-eltern-kinder-und-jugendliche-vormittags-nicht-besetzt\/"]}]},{"@type":"ImageObject","inLanguage":"de","@id":"https:\/\/www.mettmann.de\/web\/freitag-beratungsstelle-fuer-eltern-kinder-und-jugendliche-vormittags-nicht-besetzt\/#primaryimage","url":"https:\/\/www.mettmann.de\/web\/wp-content\/uploads\/2024\/09\/Kinder-im-Bus.jpg","contentUrl":"https:\/\/www.mettmann.de\/web\/wp-content\/uploads\/2024\/09\/Kinder-im-Bus.jpg","width":1280,"height":853,"caption":"Symbolfoto: LuidmilaKot \/ Pixabay"},{"@type":"BreadcrumbList","@id":"https:\/\/www.mettmann.de\/web\/freitag-beratungsstelle-fuer-eltern-kinder-und-jugendliche-vormittags-nicht-besetzt\/#breadcrumb","itemListElement":[{"@type":"ListItem","position":1,"name":"Startseite","item":"https:\/\/www.mettmann.de\/web\/"},{"@type":"ListItem","position":2,"name":"Freitag: Beratungsstelle f\u00fcr Eltern, Kinder und Jugendliche vormittags nicht besetzt"}]},{"@type":"WebSite","@id":"https:\/\/www.mettmann.de\/web\/#website","url":"https:\/\/www.mettmann.de\/web\/","name":"Stadtverwaltung Mettmann","description":"Internetseite der Kreisstadt Mettmann","publisher":{"@id":"https:\/\/www.mettmann.de\/web\/#organization"},"potentialAction":[{"@type":"SearchAction","target":{"@type":"EntryPoint","urlTemplate":"https:\/\/www.mettmann.de\/web\/?s={search_term_string}"},"query-input":{"@type":"PropertyValueSpecification","valueRequired":true,"valueName":"search_term_string"}}],"inLanguage":"de"},{"@type":"Organization","@id":"https:\/\/www.mettmann.de\/web\/#organization","name":"Kreisstadt Mettmann","url":"https:\/\/www.mettmann.de\/web\/","logo":{"@type":"ImageObject","inLanguage":"de","@id":"https:\/\/www.mettmann.de\/web\/#\/schema\/logo\/image\/","url":"https:\/\/www.mettmann.de\/web\/wp-content\/uploads\/2019\/08\/Kreisstadt_Mettmann_Logo_RGB_150dpi.png","contentUrl":"https:\/\/www.mettmann.de\/web\/wp-content\/uploads\/2019\/08\/Kreisstadt_Mettmann_Logo_RGB_150dpi.png","width":1302,"height":191,"caption":"Kreisstadt Mettmann"},"image":{"@id":"https:\/\/www.mettmann.de\/web\/#\/schema\/logo\/image\/"},"sameAs":["https:\/\/www.facebook.com\/kreisstadt.mettmann","https:\/\/de.wikipedia.org\/wiki\/Mettmann"]},{"@type":"Person","@id":"https:\/\/www.mettmann.de\/web\/#\/schema\/person\/e5073fa926ec513a17d0b7e21b939424","name":"Lukas Heimbach"}]}},"_links":{"self":[{"href":"https:\/\/www.mettmann.de\/web\/wp-json\/wp\/v2\/posts\/54109","targetHints":{"allow":["GET"]}}],"collection":[{"href":"https:\/\/www.mettmann.de\/web\/wp-json\/wp\/v2\/posts"}],"about":[{"href":"https:\/\/www.mettmann.de\/web\/wp-json\/wp\/v2\/types\/post"}],"author":[{"embeddable":true,"href":"https:\/\/www.mettmann.de\/web\/wp-json\/wp\/v2\/users\/10"}],"replies":[{"embeddable":true,"href":"https:\/\/www.mettmann.de\/web\/wp-json\/wp\/v2\/comments?post=54109"}],"version-history":[{"count":5,"href":"https:\/\/www.mettmann.de\/web\/wp-json\/wp\/v2\/posts\/54109\/revisions"}],"predecessor-version":[{"id":54114,"href":"https:\/\/www.mettmann.de\/web\/wp-json\/wp\/v2\/posts\/54109\/revisions\/54114"}],"wp:featuredmedia":[{"embeddable":true,"href":"https:\/\/www.mettmann.de\/web\/wp-json\/wp\/v2\/media\/43854"}],"wp:attachment":[{"href":"https:\/\/www.mettmann.de\/web\/wp-json\/wp\/v2\/media?parent=54109"}],"wp:term":[{"taxonomy":"category","embeddable":true,"href":"https:\/\/www.mettmann.de\/web\/wp-json\/wp\/v2\/categories?post=54109"},{"taxonomy":"post_tag","embeddable":true,"href":"https:\/\/www.mettmann.de\/web\/wp-json\/wp\/v2\/tags?post=54109"}],"curies":[{"name":"wp","href":"https:\/\/api.w.org\/{rel}","templated":true}]}}