{"id":54132,"date":"2025-09-10T16:27:27","date_gmt":"2025-09-10T14:27:27","guid":{"rendered":"https:\/\/www.mettmann.de\/web\/?p=54132"},"modified":"2025-09-10T16:27:27","modified_gmt":"2025-09-10T14:27:27","slug":"letzter-badetag-im-naturfreibad-hallenbad-startet-am-22-september","status":"publish","type":"post","link":"https:\/\/www.mettmann.de\/web\/letzter-badetag-im-naturfreibad-hallenbad-startet-am-22-september\/","title":{"rendered":"Letzter Badetag im Naturfreibad \u2013 Hallenbad startet am 22. September"},"content":{"rendered":"<p>Aufgrund der wechselhaften Witterung wird das Naturfreibad letztmalig am Freitag, 12. September, von 10 bis 19 Uhr ge\u00f6ffnet. Das B\u00e4derteam bedankt sich herzlich bei bisher 37.945 Badeg\u00e4sten f\u00fcr die sch\u00f6ne und harmonische Saison.<\/p>\n<p>Zwar endet die diesj\u00e4hrige Badesaison f\u00fcr B\u00fcrgerinnen und B\u00fcrger, allerdings \u00f6ffnet der Betrieb noch einmal f\u00fcr das beliebte Hundeschwimmen. Am 20. und 21. September d\u00fcrfen Hunde von 10 bis 18 Uhr wieder durchs Naturfreibad paddeln und planschen.<\/p>\n<p data-start=\"559\" data-end=\"879\"><strong data-start=\"559\" data-end=\"586\">Hallenbad \u00f6ffnet wieder<\/strong><\/p>\n<p data-start=\"559\" data-end=\"879\">Ab Montag, 22. September 2025, \u00f6ffnet das Hallenbad wieder zu den gewohnten Zeiten. Im Rahmen der j\u00e4hrlichen Wartungsarbeiten am Hubboden wurden Reparaturen an einem Hydraulikzylinder notwendig. Diese konnten durch die Fachfirma bislang nicht vollst\u00e4ndig abgeschlossen werden.<\/p>\n<p>Daher bleibt der Hubboden im Nichtschwimmerbereich mindestens bis zum Jahreswechsel auf einer konstanten H\u00f6he von 1,35 Metern eingestellt. Deshalb kann er vorerst nicht variabel verstellt werden. Der Schwimmerbereich sowie das Lehrschwimmbecken stehen den Besucherinnen und Besuchern wie gewohnt uneingeschr\u00e4nkt zur Verf\u00fcgung.<\/p>\n<p data-start=\"1214\" data-end=\"1326\">Die Stadt bittet alle Badeg\u00e4ste, diesen Umstand bei ihrem Besuch zu ber\u00fccksichtigen, und dankt f\u00fcr das Verst\u00e4ndnis.<\/p>\n","protected":false},"excerpt":{"rendered":"<p>Aufgrund der wechselhaften Witterung wird das Naturfreibad letztmalig am Freitag, 12. September, von 10 bis 19 Uhr ge\u00f6ffnet. Das B\u00e4derteam bedankt sich herzlich bei bisher 37.945 Badeg\u00e4sten f\u00fcr die sch\u00f6ne und harmonische Saison. Zwar endet&#8230;<\/p>\n","protected":false},"author":10,"featured_media":43451,"comment_status":"closed","ping_status":"closed","sticky":false,"template":"","format":"standard","meta":{"ngg_post_thumbnail":0,"footnotes":""},"categories":[1],"tags":[],"class_list":["post-54132","post","type-post","status-publish","format-standard","has-post-thumbnail","hentry","category-allgemein"],"yoast_head":"<!-- This site is optimized with the Yoast SEO plugin v27.2 - https:\/\/yoast.com\/product\/yoast-seo-wordpress\/ -->\n<title>Letzter Badetag im Naturfreibad \u2013 Hallenbad startet am 22. September<\/title>\n<meta name=\"robots\" content=\"index, follow, max-snippet:-1, max-image-preview:large, max-video-preview:-1\" \/>\n<link rel=\"canonical\" href=\"https:\/\/www.mettmann.de\/web\/letzter-badetag-im-naturfreibad-hallenbad-startet-am-22-september\/\" \/>\n<meta property=\"og:locale\" content=\"de_DE\" \/>\n<meta property=\"og:type\" content=\"article\" \/>\n<meta property=\"og:title\" content=\"Letzter Badetag im Naturfreibad \u2013 Hallenbad startet am 22. September\" \/>\n<meta property=\"og:description\" content=\"Aufgrund der wechselhaften Witterung wird das Naturfreibad letztmalig am Freitag, 12. September, von 10 bis 19 Uhr ge\u00f6ffnet. Das B\u00e4derteam bedankt sich herzlich bei bisher 37.945 Badeg\u00e4sten f\u00fcr die sch\u00f6ne und harmonische Saison. Zwar endet...\" \/>\n<meta property=\"og:url\" content=\"https:\/\/www.mettmann.de\/web\/letzter-badetag-im-naturfreibad-hallenbad-startet-am-22-september\/\" \/>\n<meta property=\"og:site_name\" content=\"Stadtverwaltung Mettmann\" \/>\n<meta property=\"article:publisher\" content=\"https:\/\/www.facebook.com\/kreisstadt.mettmann\" \/>\n<meta property=\"article:published_time\" content=\"2025-09-10T14:27:27+00:00\" \/>\n<meta property=\"og:image\" content=\"https:\/\/www.mettmann.de\/web\/wp-content\/uploads\/2024\/09\/Hundeschwimmen-im-Naturfreibad.jpg\" \/>\n\t<meta property=\"og:image:width\" content=\"1174\" \/>\n\t<meta property=\"og:image:height\" content=\"658\" \/>\n\t<meta property=\"og:image:type\" content=\"image\/jpeg\" \/>\n<meta name=\"author\" content=\"Lukas Heimbach\" \/>\n<meta name=\"twitter:card\" content=\"summary_large_image\" \/>\n<meta name=\"twitter:label1\" content=\"Verfasst von\" \/>\n\t<meta name=\"twitter:data1\" content=\"Lukas Heimbach\" \/>\n\t<meta name=\"twitter:label2\" content=\"Gesch\u00e4tzte Lesezeit\" \/>\n\t<meta name=\"twitter:data2\" content=\"2\u00a0Minuten\" \/>\n<script type=\"application\/ld+json\" class=\"yoast-schema-graph\">{\"@context\":\"https:\/\/schema.org\",\"@graph\":[{\"@type\":\"Article\",\"@id\":\"https:\/\/www.mettmann.de\/web\/letzter-badetag-im-naturfreibad-hallenbad-startet-am-22-september\/#article\",\"isPartOf\":{\"@id\":\"https:\/\/www.mettmann.de\/web\/letzter-badetag-im-naturfreibad-hallenbad-startet-am-22-september\/\"},\"author\":{\"name\":\"Lukas Heimbach\",\"@id\":\"https:\/\/www.mettmann.de\/web\/#\/schema\/person\/e5073fa926ec513a17d0b7e21b939424\"},\"headline\":\"Letzter Badetag im Naturfreibad \u2013 Hallenbad startet am 22. September\",\"datePublished\":\"2025-09-10T14:27:27+00:00\",\"mainEntityOfPage\":{\"@id\":\"https:\/\/www.mettmann.de\/web\/letzter-badetag-im-naturfreibad-hallenbad-startet-am-22-september\/\"},\"wordCount\":184,\"publisher\":{\"@id\":\"https:\/\/www.mettmann.de\/web\/#organization\"},\"image\":{\"@id\":\"https:\/\/www.mettmann.de\/web\/letzter-badetag-im-naturfreibad-hallenbad-startet-am-22-september\/#primaryimage\"},\"thumbnailUrl\":\"https:\/\/www.mettmann.de\/web\/wp-content\/uploads\/2024\/09\/Hundeschwimmen-im-Naturfreibad.jpg\",\"inLanguage\":\"de\"},{\"@type\":\"WebPage\",\"@id\":\"https:\/\/www.mettmann.de\/web\/letzter-badetag-im-naturfreibad-hallenbad-startet-am-22-september\/\",\"url\":\"https:\/\/www.mettmann.de\/web\/letzter-badetag-im-naturfreibad-hallenbad-startet-am-22-september\/\",\"name\":\"Letzter Badetag im Naturfreibad \u2013 Hallenbad startet am 22. September\",\"isPartOf\":{\"@id\":\"https:\/\/www.mettmann.de\/web\/#website\"},\"primaryImageOfPage\":{\"@id\":\"https:\/\/www.mettmann.de\/web\/letzter-badetag-im-naturfreibad-hallenbad-startet-am-22-september\/#primaryimage\"},\"image\":{\"@id\":\"https:\/\/www.mettmann.de\/web\/letzter-badetag-im-naturfreibad-hallenbad-startet-am-22-september\/#primaryimage\"},\"thumbnailUrl\":\"https:\/\/www.mettmann.de\/web\/wp-content\/uploads\/2024\/09\/Hundeschwimmen-im-Naturfreibad.jpg\",\"datePublished\":\"2025-09-10T14:27:27+00:00\",\"breadcrumb\":{\"@id\":\"https:\/\/www.mettmann.de\/web\/letzter-badetag-im-naturfreibad-hallenbad-startet-am-22-september\/#breadcrumb\"},\"inLanguage\":\"de\",\"potentialAction\":[{\"@type\":\"ReadAction\",\"target\":[\"https:\/\/www.mettmann.de\/web\/letzter-badetag-im-naturfreibad-hallenbad-startet-am-22-september\/\"]}]},{\"@type\":\"ImageObject\",\"inLanguage\":\"de\",\"@id\":\"https:\/\/www.mettmann.de\/web\/letzter-badetag-im-naturfreibad-hallenbad-startet-am-22-september\/#primaryimage\",\"url\":\"https:\/\/www.mettmann.de\/web\/wp-content\/uploads\/2024\/09\/Hundeschwimmen-im-Naturfreibad.jpg\",\"contentUrl\":\"https:\/\/www.mettmann.de\/web\/wp-content\/uploads\/2024\/09\/Hundeschwimmen-im-Naturfreibad.jpg\",\"width\":1174,\"height\":658,\"caption\":\"Das Naturfreibad geh\u00f6rt am letzten Septemberwochenende den Hunden. (Foto: Frithjof Nentwig)\"},{\"@type\":\"BreadcrumbList\",\"@id\":\"https:\/\/www.mettmann.de\/web\/letzter-badetag-im-naturfreibad-hallenbad-startet-am-22-september\/#breadcrumb\",\"itemListElement\":[{\"@type\":\"ListItem\",\"position\":1,\"name\":\"Startseite\",\"item\":\"https:\/\/www.mettmann.de\/web\/\"},{\"@type\":\"ListItem\",\"position\":2,\"name\":\"Letzter Badetag im Naturfreibad \u2013 Hallenbad startet am 22. September\"}]},{\"@type\":\"WebSite\",\"@id\":\"https:\/\/www.mettmann.de\/web\/#website\",\"url\":\"https:\/\/www.mettmann.de\/web\/\",\"name\":\"Stadtverwaltung Mettmann\",\"description\":\"Internetseite der Kreisstadt Mettmann\",\"publisher\":{\"@id\":\"https:\/\/www.mettmann.de\/web\/#organization\"},\"potentialAction\":[{\"@type\":\"SearchAction\",\"target\":{\"@type\":\"EntryPoint\",\"urlTemplate\":\"https:\/\/www.mettmann.de\/web\/?s={search_term_string}\"},\"query-input\":{\"@type\":\"PropertyValueSpecification\",\"valueRequired\":true,\"valueName\":\"search_term_string\"}}],\"inLanguage\":\"de\"},{\"@type\":\"Organization\",\"@id\":\"https:\/\/www.mettmann.de\/web\/#organization\",\"name\":\"Kreisstadt Mettmann\",\"url\":\"https:\/\/www.mettmann.de\/web\/\",\"logo\":{\"@type\":\"ImageObject\",\"inLanguage\":\"de\",\"@id\":\"https:\/\/www.mettmann.de\/web\/#\/schema\/logo\/image\/\",\"url\":\"https:\/\/www.mettmann.de\/web\/wp-content\/uploads\/2019\/08\/Kreisstadt_Mettmann_Logo_RGB_150dpi.png\",\"contentUrl\":\"https:\/\/www.mettmann.de\/web\/wp-content\/uploads\/2019\/08\/Kreisstadt_Mettmann_Logo_RGB_150dpi.png\",\"width\":1302,\"height\":191,\"caption\":\"Kreisstadt Mettmann\"},\"image\":{\"@id\":\"https:\/\/www.mettmann.de\/web\/#\/schema\/logo\/image\/\"},\"sameAs\":[\"https:\/\/www.facebook.com\/kreisstadt.mettmann\",\"https:\/\/de.wikipedia.org\/wiki\/Mettmann\"]},{\"@type\":\"Person\",\"@id\":\"https:\/\/www.mettmann.de\/web\/#\/schema\/person\/e5073fa926ec513a17d0b7e21b939424\",\"name\":\"Lukas Heimbach\"}]}<\/script>\n<!-- \/ Yoast SEO plugin. -->","yoast_head_json":{"title":"Letzter Badetag im Naturfreibad \u2013 Hallenbad startet am 22. September","robots":{"index":"index","follow":"follow","max-snippet":"max-snippet:-1","max-image-preview":"max-image-preview:large","max-video-preview":"max-video-preview:-1"},"canonical":"https:\/\/www.mettmann.de\/web\/letzter-badetag-im-naturfreibad-hallenbad-startet-am-22-september\/","og_locale":"de_DE","og_type":"article","og_title":"Letzter Badetag im Naturfreibad \u2013 Hallenbad startet am 22. September","og_description":"Aufgrund der wechselhaften Witterung wird das Naturfreibad letztmalig am Freitag, 12. September, von 10 bis 19 Uhr ge\u00f6ffnet. Das B\u00e4derteam bedankt sich herzlich bei bisher 37.945 Badeg\u00e4sten f\u00fcr die sch\u00f6ne und harmonische Saison. Zwar endet...","og_url":"https:\/\/www.mettmann.de\/web\/letzter-badetag-im-naturfreibad-hallenbad-startet-am-22-september\/","og_site_name":"Stadtverwaltung Mettmann","article_publisher":"https:\/\/www.facebook.com\/kreisstadt.mettmann","article_published_time":"2025-09-10T14:27:27+00:00","og_image":[{"width":1174,"height":658,"url":"https:\/\/www.mettmann.de\/web\/wp-content\/uploads\/2024\/09\/Hundeschwimmen-im-Naturfreibad.jpg","type":"image\/jpeg"}],"author":"Lukas Heimbach","twitter_card":"summary_large_image","twitter_misc":{"Verfasst von":"Lukas Heimbach","Gesch\u00e4tzte Lesezeit":"2\u00a0Minuten"},"schema":{"@context":"https:\/\/schema.org","@graph":[{"@type":"Article","@id":"https:\/\/www.mettmann.de\/web\/letzter-badetag-im-naturfreibad-hallenbad-startet-am-22-september\/#article","isPartOf":{"@id":"https:\/\/www.mettmann.de\/web\/letzter-badetag-im-naturfreibad-hallenbad-startet-am-22-september\/"},"author":{"name":"Lukas Heimbach","@id":"https:\/\/www.mettmann.de\/web\/#\/schema\/person\/e5073fa926ec513a17d0b7e21b939424"},"headline":"Letzter Badetag im Naturfreibad \u2013 Hallenbad startet am 22. September","datePublished":"2025-09-10T14:27:27+00:00","mainEntityOfPage":{"@id":"https:\/\/www.mettmann.de\/web\/letzter-badetag-im-naturfreibad-hallenbad-startet-am-22-september\/"},"wordCount":184,"publisher":{"@id":"https:\/\/www.mettmann.de\/web\/#organization"},"image":{"@id":"https:\/\/www.mettmann.de\/web\/letzter-badetag-im-naturfreibad-hallenbad-startet-am-22-september\/#primaryimage"},"thumbnailUrl":"https:\/\/www.mettmann.de\/web\/wp-content\/uploads\/2024\/09\/Hundeschwimmen-im-Naturfreibad.jpg","inLanguage":"de"},{"@type":"WebPage","@id":"https:\/\/www.mettmann.de\/web\/letzter-badetag-im-naturfreibad-hallenbad-startet-am-22-september\/","url":"https:\/\/www.mettmann.de\/web\/letzter-badetag-im-naturfreibad-hallenbad-startet-am-22-september\/","name":"Letzter Badetag im Naturfreibad \u2013 Hallenbad startet am 22. September","isPartOf":{"@id":"https:\/\/www.mettmann.de\/web\/#website"},"primaryImageOfPage":{"@id":"https:\/\/www.mettmann.de\/web\/letzter-badetag-im-naturfreibad-hallenbad-startet-am-22-september\/#primaryimage"},"image":{"@id":"https:\/\/www.mettmann.de\/web\/letzter-badetag-im-naturfreibad-hallenbad-startet-am-22-september\/#primaryimage"},"thumbnailUrl":"https:\/\/www.mettmann.de\/web\/wp-content\/uploads\/2024\/09\/Hundeschwimmen-im-Naturfreibad.jpg","datePublished":"2025-09-10T14:27:27+00:00","breadcrumb":{"@id":"https:\/\/www.mettmann.de\/web\/letzter-badetag-im-naturfreibad-hallenbad-startet-am-22-september\/#breadcrumb"},"inLanguage":"de","potentialAction":[{"@type":"ReadAction","target":["https:\/\/www.mettmann.de\/web\/letzter-badetag-im-naturfreibad-hallenbad-startet-am-22-september\/"]}]},{"@type":"ImageObject","inLanguage":"de","@id":"https:\/\/www.mettmann.de\/web\/letzter-badetag-im-naturfreibad-hallenbad-startet-am-22-september\/#primaryimage","url":"https:\/\/www.mettmann.de\/web\/wp-content\/uploads\/2024\/09\/Hundeschwimmen-im-Naturfreibad.jpg","contentUrl":"https:\/\/www.mettmann.de\/web\/wp-content\/uploads\/2024\/09\/Hundeschwimmen-im-Naturfreibad.jpg","width":1174,"height":658,"caption":"Das Naturfreibad geh\u00f6rt am letzten Septemberwochenende den Hunden. (Foto: Frithjof Nentwig)"},{"@type":"BreadcrumbList","@id":"https:\/\/www.mettmann.de\/web\/letzter-badetag-im-naturfreibad-hallenbad-startet-am-22-september\/#breadcrumb","itemListElement":[{"@type":"ListItem","position":1,"name":"Startseite","item":"https:\/\/www.mettmann.de\/web\/"},{"@type":"ListItem","position":2,"name":"Letzter Badetag im Naturfreibad \u2013 Hallenbad startet am 22. September"}]},{"@type":"WebSite","@id":"https:\/\/www.mettmann.de\/web\/#website","url":"https:\/\/www.mettmann.de\/web\/","name":"Stadtverwaltung Mettmann","description":"Internetseite der Kreisstadt Mettmann","publisher":{"@id":"https:\/\/www.mettmann.de\/web\/#organization"},"potentialAction":[{"@type":"SearchAction","target":{"@type":"EntryPoint","urlTemplate":"https:\/\/www.mettmann.de\/web\/?s={search_term_string}"},"query-input":{"@type":"PropertyValueSpecification","valueRequired":true,"valueName":"search_term_string"}}],"inLanguage":"de"},{"@type":"Organization","@id":"https:\/\/www.mettmann.de\/web\/#organization","name":"Kreisstadt Mettmann","url":"https:\/\/www.mettmann.de\/web\/","logo":{"@type":"ImageObject","inLanguage":"de","@id":"https:\/\/www.mettmann.de\/web\/#\/schema\/logo\/image\/","url":"https:\/\/www.mettmann.de\/web\/wp-content\/uploads\/2019\/08\/Kreisstadt_Mettmann_Logo_RGB_150dpi.png","contentUrl":"https:\/\/www.mettmann.de\/web\/wp-content\/uploads\/2019\/08\/Kreisstadt_Mettmann_Logo_RGB_150dpi.png","width":1302,"height":191,"caption":"Kreisstadt Mettmann"},"image":{"@id":"https:\/\/www.mettmann.de\/web\/#\/schema\/logo\/image\/"},"sameAs":["https:\/\/www.facebook.com\/kreisstadt.mettmann","https:\/\/de.wikipedia.org\/wiki\/Mettmann"]},{"@type":"Person","@id":"https:\/\/www.mettmann.de\/web\/#\/schema\/person\/e5073fa926ec513a17d0b7e21b939424","name":"Lukas Heimbach"}]}},"_links":{"self":[{"href":"https:\/\/www.mettmann.de\/web\/wp-json\/wp\/v2\/posts\/54132","targetHints":{"allow":["GET"]}}],"collection":[{"href":"https:\/\/www.mettmann.de\/web\/wp-json\/wp\/v2\/posts"}],"about":[{"href":"https:\/\/www.mettmann.de\/web\/wp-json\/wp\/v2\/types\/post"}],"author":[{"embeddable":true,"href":"https:\/\/www.mettmann.de\/web\/wp-json\/wp\/v2\/users\/10"}],"replies":[{"embeddable":true,"href":"https:\/\/www.mettmann.de\/web\/wp-json\/wp\/v2\/comments?post=54132"}],"version-history":[{"count":1,"href":"https:\/\/www.mettmann.de\/web\/wp-json\/wp\/v2\/posts\/54132\/revisions"}],"predecessor-version":[{"id":54133,"href":"https:\/\/www.mettmann.de\/web\/wp-json\/wp\/v2\/posts\/54132\/revisions\/54133"}],"wp:featuredmedia":[{"embeddable":true,"href":"https:\/\/www.mettmann.de\/web\/wp-json\/wp\/v2\/media\/43451"}],"wp:attachment":[{"href":"https:\/\/www.mettmann.de\/web\/wp-json\/wp\/v2\/media?parent=54132"}],"wp:term":[{"taxonomy":"category","embeddable":true,"href":"https:\/\/www.mettmann.de\/web\/wp-json\/wp\/v2\/categories?post=54132"},{"taxonomy":"post_tag","embeddable":true,"href":"https:\/\/www.mettmann.de\/web\/wp-json\/wp\/v2\/tags?post=54132"}],"curies":[{"name":"wp","href":"https:\/\/api.w.org\/{rel}","templated":true}]}}