{"id":54962,"date":"2025-10-09T11:49:25","date_gmt":"2025-10-09T09:49:25","guid":{"rendered":"https:\/\/www.mettmann.de\/web\/?p=54962"},"modified":"2025-10-21T10:33:51","modified_gmt":"2025-10-21T08:33:51","slug":"pflegefamilien-gesucht-einladung-zum-infoabend","status":"publish","type":"post","link":"https:\/\/www.mettmann.de\/web\/pflegefamilien-gesucht-einladung-zum-infoabend\/","title":{"rendered":"Pflegefamilien gesucht &#8211; Einladung zum Infoabend"},"content":{"rendered":"<p>Immer wieder gibt es Kinder, die aus unterschiedlichen Gr\u00fcnden nicht bei ihren leiblichen Eltern aufwachsen k\u00f6nnen. F\u00fcr diese Kinder kann eine Pflegefamilie ein Neubeginn, eine Chance sein.<\/p>\n<p>In Kooperation mit den Jugend\u00e4mtern des Kreises Mettmann veranstaltet der Pflegekinderdienst der Stadt Mettmann einen Informationsabend zum Thema Pflegekind. Neben grundlegenden Informationen wird es sowohl Raum f\u00fcr Fragen an die Fachkr\u00e4fte, als auch an eine Pflegefamilie geben.<\/p>\n<p>Der Infoabend wird am 28. Oktober ab 18.30 Uhr im Ratssaal des Rathauses, 2. Etage im Altbau, Neanderstra\u00dfe 85, veranstaltet. Eine Anmeldung ist nicht erforderlich.<\/p>\n<p>Da zu dieser Uhrzeit der Haupteingang des Rathauses geschlossen ist, k\u00f6nnen Besucherinnen und Besucher der Veranstaltung den Personaleingang auf der R\u00fcckseite des Rathauses benutzen. Fragen beantwortet der Kinderpflegedienst unter der Telefonnummer 02104 \/ 980-473 .<\/p>\n","protected":false},"excerpt":{"rendered":"<p>Immer wieder gibt es Kinder, die aus unterschiedlichen Gr\u00fcnden nicht bei ihren leiblichen Eltern aufwachsen k\u00f6nnen. F\u00fcr diese Kinder kann eine Pflegefamilie ein Neubeginn, eine Chance sein. In Kooperation mit den Jugend\u00e4mtern des Kreises Mettmann&#8230;<\/p>\n","protected":false},"author":2,"featured_media":54964,"comment_status":"closed","ping_status":"closed","sticky":false,"template":"","format":"standard","meta":{"ngg_post_thumbnail":0,"footnotes":""},"categories":[1],"tags":[729,4954,4],"class_list":["post-54962","post","type-post","status-publish","format-standard","has-post-thumbnail","hentry","category-allgemein","tag-infoveranstaltung","tag-kinderpflgedienst","tag-mettmann"],"yoast_head":"<!-- This site is optimized with the Yoast SEO plugin v27.2 - https:\/\/yoast.com\/product\/yoast-seo-wordpress\/ -->\n<title>Pflegefamilien gesucht - Einladung zum Infoabend<\/title>\n<meta name=\"robots\" content=\"index, follow, max-snippet:-1, max-image-preview:large, max-video-preview:-1\" \/>\n<link rel=\"canonical\" href=\"https:\/\/www.mettmann.de\/web\/pflegefamilien-gesucht-einladung-zum-infoabend\/\" \/>\n<meta property=\"og:locale\" content=\"de_DE\" \/>\n<meta property=\"og:type\" content=\"article\" \/>\n<meta property=\"og:title\" content=\"Pflegefamilien gesucht - Einladung zum Infoabend\" \/>\n<meta property=\"og:description\" content=\"Immer wieder gibt es Kinder, die aus unterschiedlichen Gr\u00fcnden nicht bei ihren leiblichen Eltern aufwachsen k\u00f6nnen. F\u00fcr diese Kinder kann eine Pflegefamilie ein Neubeginn, eine Chance sein. In Kooperation mit den Jugend\u00e4mtern des Kreises Mettmann...\" \/>\n<meta property=\"og:url\" content=\"https:\/\/www.mettmann.de\/web\/pflegefamilien-gesucht-einladung-zum-infoabend\/\" \/>\n<meta property=\"og:site_name\" content=\"Stadtverwaltung Mettmann\" \/>\n<meta property=\"article:publisher\" content=\"https:\/\/www.facebook.com\/kreisstadt.mettmann\" \/>\n<meta property=\"article:published_time\" content=\"2025-10-09T09:49:25+00:00\" \/>\n<meta property=\"article:modified_time\" content=\"2025-10-21T08:33:51+00:00\" \/>\n<meta property=\"og:image\" content=\"https:\/\/www.mettmann.de\/web\/wp-content\/uploads\/2025\/10\/Familie-Hand-in-Hand.jpg\" \/>\n\t<meta property=\"og:image:width\" content=\"1280\" \/>\n\t<meta property=\"og:image:height\" content=\"853\" \/>\n\t<meta property=\"og:image:type\" content=\"image\/jpeg\" \/>\n<meta name=\"author\" content=\"LekiesT\" \/>\n<meta name=\"twitter:card\" content=\"summary_large_image\" \/>\n<meta name=\"twitter:label1\" content=\"Verfasst von\" \/>\n\t<meta name=\"twitter:data1\" content=\"LekiesT\" \/>\n\t<meta name=\"twitter:label2\" content=\"Gesch\u00e4tzte Lesezeit\" \/>\n\t<meta name=\"twitter:data2\" content=\"1\u00a0Minute\" \/>\n<script type=\"application\/ld+json\" class=\"yoast-schema-graph\">{\"@context\":\"https:\/\/schema.org\",\"@graph\":[{\"@type\":\"Article\",\"@id\":\"https:\/\/www.mettmann.de\/web\/pflegefamilien-gesucht-einladung-zum-infoabend\/#article\",\"isPartOf\":{\"@id\":\"https:\/\/www.mettmann.de\/web\/pflegefamilien-gesucht-einladung-zum-infoabend\/\"},\"author\":{\"name\":\"LekiesT\",\"@id\":\"https:\/\/www.mettmann.de\/web\/#\/schema\/person\/c0deeeba8d377efe8e769dc7f56c2292\"},\"headline\":\"Pflegefamilien gesucht &#8211; Einladung zum Infoabend\",\"datePublished\":\"2025-10-09T09:49:25+00:00\",\"dateModified\":\"2025-10-21T08:33:51+00:00\",\"mainEntityOfPage\":{\"@id\":\"https:\/\/www.mettmann.de\/web\/pflegefamilien-gesucht-einladung-zum-infoabend\/\"},\"wordCount\":132,\"publisher\":{\"@id\":\"https:\/\/www.mettmann.de\/web\/#organization\"},\"image\":{\"@id\":\"https:\/\/www.mettmann.de\/web\/pflegefamilien-gesucht-einladung-zum-infoabend\/#primaryimage\"},\"thumbnailUrl\":\"https:\/\/www.mettmann.de\/web\/wp-content\/uploads\/2025\/10\/Familie-Hand-in-Hand.jpg\",\"keywords\":[\"Infoveranstaltung\",\"Kinderpflgedienst\",\"Mettmann\"],\"inLanguage\":\"de\"},{\"@type\":\"WebPage\",\"@id\":\"https:\/\/www.mettmann.de\/web\/pflegefamilien-gesucht-einladung-zum-infoabend\/\",\"url\":\"https:\/\/www.mettmann.de\/web\/pflegefamilien-gesucht-einladung-zum-infoabend\/\",\"name\":\"Pflegefamilien gesucht - Einladung zum Infoabend\",\"isPartOf\":{\"@id\":\"https:\/\/www.mettmann.de\/web\/#website\"},\"primaryImageOfPage\":{\"@id\":\"https:\/\/www.mettmann.de\/web\/pflegefamilien-gesucht-einladung-zum-infoabend\/#primaryimage\"},\"image\":{\"@id\":\"https:\/\/www.mettmann.de\/web\/pflegefamilien-gesucht-einladung-zum-infoabend\/#primaryimage\"},\"thumbnailUrl\":\"https:\/\/www.mettmann.de\/web\/wp-content\/uploads\/2025\/10\/Familie-Hand-in-Hand.jpg\",\"datePublished\":\"2025-10-09T09:49:25+00:00\",\"dateModified\":\"2025-10-21T08:33:51+00:00\",\"breadcrumb\":{\"@id\":\"https:\/\/www.mettmann.de\/web\/pflegefamilien-gesucht-einladung-zum-infoabend\/#breadcrumb\"},\"inLanguage\":\"de\",\"potentialAction\":[{\"@type\":\"ReadAction\",\"target\":[\"https:\/\/www.mettmann.de\/web\/pflegefamilien-gesucht-einladung-zum-infoabend\/\"]}]},{\"@type\":\"ImageObject\",\"inLanguage\":\"de\",\"@id\":\"https:\/\/www.mettmann.de\/web\/pflegefamilien-gesucht-einladung-zum-infoabend\/#primaryimage\",\"url\":\"https:\/\/www.mettmann.de\/web\/wp-content\/uploads\/2025\/10\/Familie-Hand-in-Hand.jpg\",\"contentUrl\":\"https:\/\/www.mettmann.de\/web\/wp-content\/uploads\/2025\/10\/Familie-Hand-in-Hand.jpg\",\"width\":1280,\"height\":853,\"caption\":\"Symbolfoto: Pexels \/ Pixabay\"},{\"@type\":\"BreadcrumbList\",\"@id\":\"https:\/\/www.mettmann.de\/web\/pflegefamilien-gesucht-einladung-zum-infoabend\/#breadcrumb\",\"itemListElement\":[{\"@type\":\"ListItem\",\"position\":1,\"name\":\"Startseite\",\"item\":\"https:\/\/www.mettmann.de\/web\/\"},{\"@type\":\"ListItem\",\"position\":2,\"name\":\"Pflegefamilien gesucht &#8211; Einladung zum Infoabend\"}]},{\"@type\":\"WebSite\",\"@id\":\"https:\/\/www.mettmann.de\/web\/#website\",\"url\":\"https:\/\/www.mettmann.de\/web\/\",\"name\":\"Stadtverwaltung Mettmann\",\"description\":\"Internetseite der Kreisstadt Mettmann\",\"publisher\":{\"@id\":\"https:\/\/www.mettmann.de\/web\/#organization\"},\"potentialAction\":[{\"@type\":\"SearchAction\",\"target\":{\"@type\":\"EntryPoint\",\"urlTemplate\":\"https:\/\/www.mettmann.de\/web\/?s={search_term_string}\"},\"query-input\":{\"@type\":\"PropertyValueSpecification\",\"valueRequired\":true,\"valueName\":\"search_term_string\"}}],\"inLanguage\":\"de\"},{\"@type\":\"Organization\",\"@id\":\"https:\/\/www.mettmann.de\/web\/#organization\",\"name\":\"Kreisstadt Mettmann\",\"url\":\"https:\/\/www.mettmann.de\/web\/\",\"logo\":{\"@type\":\"ImageObject\",\"inLanguage\":\"de\",\"@id\":\"https:\/\/www.mettmann.de\/web\/#\/schema\/logo\/image\/\",\"url\":\"https:\/\/www.mettmann.de\/web\/wp-content\/uploads\/2019\/08\/Kreisstadt_Mettmann_Logo_RGB_150dpi.png\",\"contentUrl\":\"https:\/\/www.mettmann.de\/web\/wp-content\/uploads\/2019\/08\/Kreisstadt_Mettmann_Logo_RGB_150dpi.png\",\"width\":1302,\"height\":191,\"caption\":\"Kreisstadt Mettmann\"},\"image\":{\"@id\":\"https:\/\/www.mettmann.de\/web\/#\/schema\/logo\/image\/\"},\"sameAs\":[\"https:\/\/www.facebook.com\/kreisstadt.mettmann\",\"https:\/\/de.wikipedia.org\/wiki\/Mettmann\"]},{\"@type\":\"Person\",\"@id\":\"https:\/\/www.mettmann.de\/web\/#\/schema\/person\/c0deeeba8d377efe8e769dc7f56c2292\",\"name\":\"LekiesT\"}]}<\/script>\n<!-- \/ Yoast SEO plugin. -->","yoast_head_json":{"title":"Pflegefamilien gesucht - Einladung zum Infoabend","robots":{"index":"index","follow":"follow","max-snippet":"max-snippet:-1","max-image-preview":"max-image-preview:large","max-video-preview":"max-video-preview:-1"},"canonical":"https:\/\/www.mettmann.de\/web\/pflegefamilien-gesucht-einladung-zum-infoabend\/","og_locale":"de_DE","og_type":"article","og_title":"Pflegefamilien gesucht - Einladung zum Infoabend","og_description":"Immer wieder gibt es Kinder, die aus unterschiedlichen Gr\u00fcnden nicht bei ihren leiblichen Eltern aufwachsen k\u00f6nnen. F\u00fcr diese Kinder kann eine Pflegefamilie ein Neubeginn, eine Chance sein. In Kooperation mit den Jugend\u00e4mtern des Kreises Mettmann...","og_url":"https:\/\/www.mettmann.de\/web\/pflegefamilien-gesucht-einladung-zum-infoabend\/","og_site_name":"Stadtverwaltung Mettmann","article_publisher":"https:\/\/www.facebook.com\/kreisstadt.mettmann","article_published_time":"2025-10-09T09:49:25+00:00","article_modified_time":"2025-10-21T08:33:51+00:00","og_image":[{"width":1280,"height":853,"url":"https:\/\/www.mettmann.de\/web\/wp-content\/uploads\/2025\/10\/Familie-Hand-in-Hand.jpg","type":"image\/jpeg"}],"author":"LekiesT","twitter_card":"summary_large_image","twitter_misc":{"Verfasst von":"LekiesT","Gesch\u00e4tzte Lesezeit":"1\u00a0Minute"},"schema":{"@context":"https:\/\/schema.org","@graph":[{"@type":"Article","@id":"https:\/\/www.mettmann.de\/web\/pflegefamilien-gesucht-einladung-zum-infoabend\/#article","isPartOf":{"@id":"https:\/\/www.mettmann.de\/web\/pflegefamilien-gesucht-einladung-zum-infoabend\/"},"author":{"name":"LekiesT","@id":"https:\/\/www.mettmann.de\/web\/#\/schema\/person\/c0deeeba8d377efe8e769dc7f56c2292"},"headline":"Pflegefamilien gesucht &#8211; Einladung zum Infoabend","datePublished":"2025-10-09T09:49:25+00:00","dateModified":"2025-10-21T08:33:51+00:00","mainEntityOfPage":{"@id":"https:\/\/www.mettmann.de\/web\/pflegefamilien-gesucht-einladung-zum-infoabend\/"},"wordCount":132,"publisher":{"@id":"https:\/\/www.mettmann.de\/web\/#organization"},"image":{"@id":"https:\/\/www.mettmann.de\/web\/pflegefamilien-gesucht-einladung-zum-infoabend\/#primaryimage"},"thumbnailUrl":"https:\/\/www.mettmann.de\/web\/wp-content\/uploads\/2025\/10\/Familie-Hand-in-Hand.jpg","keywords":["Infoveranstaltung","Kinderpflgedienst","Mettmann"],"inLanguage":"de"},{"@type":"WebPage","@id":"https:\/\/www.mettmann.de\/web\/pflegefamilien-gesucht-einladung-zum-infoabend\/","url":"https:\/\/www.mettmann.de\/web\/pflegefamilien-gesucht-einladung-zum-infoabend\/","name":"Pflegefamilien gesucht - Einladung zum Infoabend","isPartOf":{"@id":"https:\/\/www.mettmann.de\/web\/#website"},"primaryImageOfPage":{"@id":"https:\/\/www.mettmann.de\/web\/pflegefamilien-gesucht-einladung-zum-infoabend\/#primaryimage"},"image":{"@id":"https:\/\/www.mettmann.de\/web\/pflegefamilien-gesucht-einladung-zum-infoabend\/#primaryimage"},"thumbnailUrl":"https:\/\/www.mettmann.de\/web\/wp-content\/uploads\/2025\/10\/Familie-Hand-in-Hand.jpg","datePublished":"2025-10-09T09:49:25+00:00","dateModified":"2025-10-21T08:33:51+00:00","breadcrumb":{"@id":"https:\/\/www.mettmann.de\/web\/pflegefamilien-gesucht-einladung-zum-infoabend\/#breadcrumb"},"inLanguage":"de","potentialAction":[{"@type":"ReadAction","target":["https:\/\/www.mettmann.de\/web\/pflegefamilien-gesucht-einladung-zum-infoabend\/"]}]},{"@type":"ImageObject","inLanguage":"de","@id":"https:\/\/www.mettmann.de\/web\/pflegefamilien-gesucht-einladung-zum-infoabend\/#primaryimage","url":"https:\/\/www.mettmann.de\/web\/wp-content\/uploads\/2025\/10\/Familie-Hand-in-Hand.jpg","contentUrl":"https:\/\/www.mettmann.de\/web\/wp-content\/uploads\/2025\/10\/Familie-Hand-in-Hand.jpg","width":1280,"height":853,"caption":"Symbolfoto: Pexels \/ Pixabay"},{"@type":"BreadcrumbList","@id":"https:\/\/www.mettmann.de\/web\/pflegefamilien-gesucht-einladung-zum-infoabend\/#breadcrumb","itemListElement":[{"@type":"ListItem","position":1,"name":"Startseite","item":"https:\/\/www.mettmann.de\/web\/"},{"@type":"ListItem","position":2,"name":"Pflegefamilien gesucht &#8211; Einladung zum Infoabend"}]},{"@type":"WebSite","@id":"https:\/\/www.mettmann.de\/web\/#website","url":"https:\/\/www.mettmann.de\/web\/","name":"Stadtverwaltung Mettmann","description":"Internetseite der Kreisstadt Mettmann","publisher":{"@id":"https:\/\/www.mettmann.de\/web\/#organization"},"potentialAction":[{"@type":"SearchAction","target":{"@type":"EntryPoint","urlTemplate":"https:\/\/www.mettmann.de\/web\/?s={search_term_string}"},"query-input":{"@type":"PropertyValueSpecification","valueRequired":true,"valueName":"search_term_string"}}],"inLanguage":"de"},{"@type":"Organization","@id":"https:\/\/www.mettmann.de\/web\/#organization","name":"Kreisstadt Mettmann","url":"https:\/\/www.mettmann.de\/web\/","logo":{"@type":"ImageObject","inLanguage":"de","@id":"https:\/\/www.mettmann.de\/web\/#\/schema\/logo\/image\/","url":"https:\/\/www.mettmann.de\/web\/wp-content\/uploads\/2019\/08\/Kreisstadt_Mettmann_Logo_RGB_150dpi.png","contentUrl":"https:\/\/www.mettmann.de\/web\/wp-content\/uploads\/2019\/08\/Kreisstadt_Mettmann_Logo_RGB_150dpi.png","width":1302,"height":191,"caption":"Kreisstadt Mettmann"},"image":{"@id":"https:\/\/www.mettmann.de\/web\/#\/schema\/logo\/image\/"},"sameAs":["https:\/\/www.facebook.com\/kreisstadt.mettmann","https:\/\/de.wikipedia.org\/wiki\/Mettmann"]},{"@type":"Person","@id":"https:\/\/www.mettmann.de\/web\/#\/schema\/person\/c0deeeba8d377efe8e769dc7f56c2292","name":"LekiesT"}]}},"_links":{"self":[{"href":"https:\/\/www.mettmann.de\/web\/wp-json\/wp\/v2\/posts\/54962","targetHints":{"allow":["GET"]}}],"collection":[{"href":"https:\/\/www.mettmann.de\/web\/wp-json\/wp\/v2\/posts"}],"about":[{"href":"https:\/\/www.mettmann.de\/web\/wp-json\/wp\/v2\/types\/post"}],"author":[{"embeddable":true,"href":"https:\/\/www.mettmann.de\/web\/wp-json\/wp\/v2\/users\/2"}],"replies":[{"embeddable":true,"href":"https:\/\/www.mettmann.de\/web\/wp-json\/wp\/v2\/comments?post=54962"}],"version-history":[{"count":3,"href":"https:\/\/www.mettmann.de\/web\/wp-json\/wp\/v2\/posts\/54962\/revisions"}],"predecessor-version":[{"id":55172,"href":"https:\/\/www.mettmann.de\/web\/wp-json\/wp\/v2\/posts\/54962\/revisions\/55172"}],"wp:featuredmedia":[{"embeddable":true,"href":"https:\/\/www.mettmann.de\/web\/wp-json\/wp\/v2\/media\/54964"}],"wp:attachment":[{"href":"https:\/\/www.mettmann.de\/web\/wp-json\/wp\/v2\/media?parent=54962"}],"wp:term":[{"taxonomy":"category","embeddable":true,"href":"https:\/\/www.mettmann.de\/web\/wp-json\/wp\/v2\/categories?post=54962"},{"taxonomy":"post_tag","embeddable":true,"href":"https:\/\/www.mettmann.de\/web\/wp-json\/wp\/v2\/tags?post=54962"}],"curies":[{"name":"wp","href":"https:\/\/api.w.org\/{rel}","templated":true}]}}