{"id":55684,"date":"2025-11-06T13:13:02","date_gmt":"2025-11-06T12:13:02","guid":{"rendered":"https:\/\/www.mettmann.de\/web\/?p=55684"},"modified":"2025-11-06T13:23:14","modified_gmt":"2025-11-06T12:23:14","slug":"lutterbecker-strasse-vom-17-bis-21-november-gesperrt","status":"publish","type":"post","link":"https:\/\/www.mettmann.de\/web\/lutterbecker-strasse-vom-17-bis-21-november-gesperrt\/","title":{"rendered":"Lutterbecker Stra\u00dfe vom 17. bis 21. November gesperrt"},"content":{"rendered":"<p>Aufgrund von Arbeiten an einer Wasserleitung muss die Lutterbecker Stra\u00dfe vom 17. bis 21. November in H\u00f6he der Hausnummer 3 vollst\u00e4ndig gesperrt werden. F\u00fcr die Dauer der Arbeiten wird die Einbahnstra\u00dfenregelung auf dem oberen Teil der Lutterbecker Stra\u00dfe aufgehoben. Die Stra\u00dfenverkehrsbeh\u00f6rde bittet alle Verkehrsteilnehmerinnen und Verkehrsteilnehmer um Verst\u00e4ndnis und erh\u00f6hte Aufmerksamkeit.<\/p>\n","protected":false},"excerpt":{"rendered":"<p>Aufgrund von Arbeiten an einer Wasserleitung muss die Lutterbecker Stra\u00dfe vom 17. bis 21. November in H\u00f6he der Hausnummer 3 vollst\u00e4ndig gesperrt werden. F\u00fcr die Dauer der Arbeiten wird die Einbahnstra\u00dfenregelung auf dem oberen Teil&#8230;<\/p>\n","protected":false},"author":2,"featured_media":2305,"comment_status":"closed","ping_status":"closed","sticky":false,"template":"","format":"standard","meta":{"ngg_post_thumbnail":0,"footnotes":""},"categories":[1],"tags":[1699,4,86],"class_list":["post-55684","post","type-post","status-publish","format-standard","has-post-thumbnail","hentry","category-allgemein","tag-lutterbecker-strasse","tag-mettmann","tag-sperrung"],"yoast_head":"<!-- This site is optimized with the Yoast SEO plugin v27.2 - https:\/\/yoast.com\/product\/yoast-seo-wordpress\/ -->\n<title>Lutterbecker Stra\u00dfe vom 17. bis 21. November gesperrt<\/title>\n<meta name=\"robots\" content=\"index, follow, max-snippet:-1, max-image-preview:large, max-video-preview:-1\" \/>\n<link rel=\"canonical\" href=\"https:\/\/www.mettmann.de\/web\/lutterbecker-strasse-vom-17-bis-21-november-gesperrt\/\" \/>\n<meta property=\"og:locale\" content=\"de_DE\" \/>\n<meta property=\"og:type\" content=\"article\" \/>\n<meta property=\"og:title\" content=\"Lutterbecker Stra\u00dfe vom 17. bis 21. November gesperrt\" \/>\n<meta property=\"og:description\" content=\"Aufgrund von Arbeiten an einer Wasserleitung muss die Lutterbecker Stra\u00dfe vom 17. bis 21. November in H\u00f6he der Hausnummer 3 vollst\u00e4ndig gesperrt werden. F\u00fcr die Dauer der Arbeiten wird die Einbahnstra\u00dfenregelung auf dem oberen Teil...\" \/>\n<meta property=\"og:url\" content=\"https:\/\/www.mettmann.de\/web\/lutterbecker-strasse-vom-17-bis-21-november-gesperrt\/\" \/>\n<meta property=\"og:site_name\" content=\"Stadtverwaltung Mettmann\" \/>\n<meta property=\"article:publisher\" content=\"https:\/\/www.facebook.com\/kreisstadt.mettmann\" \/>\n<meta property=\"article:published_time\" content=\"2025-11-06T12:13:02+00:00\" \/>\n<meta property=\"article:modified_time\" content=\"2025-11-06T12:23:14+00:00\" \/>\n<meta property=\"og:image\" content=\"https:\/\/www.mettmann.de\/web\/wp-content\/uploads\/2019\/11\/Lutterbecker-Stra\u00dfe-1024x768.jpg\" \/>\n\t<meta property=\"og:image:width\" content=\"1024\" \/>\n\t<meta property=\"og:image:height\" content=\"768\" \/>\n\t<meta property=\"og:image:type\" content=\"image\/jpeg\" \/>\n<meta name=\"author\" content=\"LekiesT\" \/>\n<meta name=\"twitter:card\" content=\"summary_large_image\" \/>\n<meta name=\"twitter:label1\" content=\"Verfasst von\" \/>\n\t<meta name=\"twitter:data1\" content=\"LekiesT\" \/>\n\t<meta name=\"twitter:label2\" content=\"Gesch\u00e4tzte Lesezeit\" \/>\n\t<meta name=\"twitter:data2\" content=\"1\u00a0Minute\" \/>\n<script type=\"application\/ld+json\" class=\"yoast-schema-graph\">{\"@context\":\"https:\/\/schema.org\",\"@graph\":[{\"@type\":\"Article\",\"@id\":\"https:\/\/www.mettmann.de\/web\/lutterbecker-strasse-vom-17-bis-21-november-gesperrt\/#article\",\"isPartOf\":{\"@id\":\"https:\/\/www.mettmann.de\/web\/lutterbecker-strasse-vom-17-bis-21-november-gesperrt\/\"},\"author\":{\"name\":\"LekiesT\",\"@id\":\"https:\/\/www.mettmann.de\/web\/#\/schema\/person\/c0deeeba8d377efe8e769dc7f56c2292\"},\"headline\":\"Lutterbecker Stra\u00dfe vom 17. bis 21. November gesperrt\",\"datePublished\":\"2025-11-06T12:13:02+00:00\",\"dateModified\":\"2025-11-06T12:23:14+00:00\",\"mainEntityOfPage\":{\"@id\":\"https:\/\/www.mettmann.de\/web\/lutterbecker-strasse-vom-17-bis-21-november-gesperrt\/\"},\"wordCount\":65,\"publisher\":{\"@id\":\"https:\/\/www.mettmann.de\/web\/#organization\"},\"image\":{\"@id\":\"https:\/\/www.mettmann.de\/web\/lutterbecker-strasse-vom-17-bis-21-november-gesperrt\/#primaryimage\"},\"thumbnailUrl\":\"https:\/\/www.mettmann.de\/web\/wp-content\/uploads\/2019\/11\/Lutterbecker-Stra\u00dfe.jpg\",\"keywords\":[\"Lutterbecker Stra\u00dfe\",\"Mettmann\",\"Sperrung\"],\"inLanguage\":\"de\"},{\"@type\":\"WebPage\",\"@id\":\"https:\/\/www.mettmann.de\/web\/lutterbecker-strasse-vom-17-bis-21-november-gesperrt\/\",\"url\":\"https:\/\/www.mettmann.de\/web\/lutterbecker-strasse-vom-17-bis-21-november-gesperrt\/\",\"name\":\"Lutterbecker Stra\u00dfe vom 17. bis 21. November gesperrt\",\"isPartOf\":{\"@id\":\"https:\/\/www.mettmann.de\/web\/#website\"},\"primaryImageOfPage\":{\"@id\":\"https:\/\/www.mettmann.de\/web\/lutterbecker-strasse-vom-17-bis-21-november-gesperrt\/#primaryimage\"},\"image\":{\"@id\":\"https:\/\/www.mettmann.de\/web\/lutterbecker-strasse-vom-17-bis-21-november-gesperrt\/#primaryimage\"},\"thumbnailUrl\":\"https:\/\/www.mettmann.de\/web\/wp-content\/uploads\/2019\/11\/Lutterbecker-Stra\u00dfe.jpg\",\"datePublished\":\"2025-11-06T12:13:02+00:00\",\"dateModified\":\"2025-11-06T12:23:14+00:00\",\"breadcrumb\":{\"@id\":\"https:\/\/www.mettmann.de\/web\/lutterbecker-strasse-vom-17-bis-21-november-gesperrt\/#breadcrumb\"},\"inLanguage\":\"de\",\"potentialAction\":[{\"@type\":\"ReadAction\",\"target\":[\"https:\/\/www.mettmann.de\/web\/lutterbecker-strasse-vom-17-bis-21-november-gesperrt\/\"]}]},{\"@type\":\"ImageObject\",\"inLanguage\":\"de\",\"@id\":\"https:\/\/www.mettmann.de\/web\/lutterbecker-strasse-vom-17-bis-21-november-gesperrt\/#primaryimage\",\"url\":\"https:\/\/www.mettmann.de\/web\/wp-content\/uploads\/2019\/11\/Lutterbecker-Stra\u00dfe.jpg\",\"contentUrl\":\"https:\/\/www.mettmann.de\/web\/wp-content\/uploads\/2019\/11\/Lutterbecker-Stra\u00dfe.jpg\",\"width\":4032,\"height\":3024,\"caption\":\"Die Lutterbecker Stra\u00dfe wird in H\u00f6he der Hausnummer 3 gesperrt. (Archivfoto: Kreisstadt Mettmann)\"},{\"@type\":\"BreadcrumbList\",\"@id\":\"https:\/\/www.mettmann.de\/web\/lutterbecker-strasse-vom-17-bis-21-november-gesperrt\/#breadcrumb\",\"itemListElement\":[{\"@type\":\"ListItem\",\"position\":1,\"name\":\"Startseite\",\"item\":\"https:\/\/www.mettmann.de\/web\/\"},{\"@type\":\"ListItem\",\"position\":2,\"name\":\"Lutterbecker Stra\u00dfe vom 17. bis 21. November gesperrt\"}]},{\"@type\":\"WebSite\",\"@id\":\"https:\/\/www.mettmann.de\/web\/#website\",\"url\":\"https:\/\/www.mettmann.de\/web\/\",\"name\":\"Stadtverwaltung Mettmann\",\"description\":\"Internetseite der Kreisstadt Mettmann\",\"publisher\":{\"@id\":\"https:\/\/www.mettmann.de\/web\/#organization\"},\"potentialAction\":[{\"@type\":\"SearchAction\",\"target\":{\"@type\":\"EntryPoint\",\"urlTemplate\":\"https:\/\/www.mettmann.de\/web\/?s={search_term_string}\"},\"query-input\":{\"@type\":\"PropertyValueSpecification\",\"valueRequired\":true,\"valueName\":\"search_term_string\"}}],\"inLanguage\":\"de\"},{\"@type\":\"Organization\",\"@id\":\"https:\/\/www.mettmann.de\/web\/#organization\",\"name\":\"Kreisstadt Mettmann\",\"url\":\"https:\/\/www.mettmann.de\/web\/\",\"logo\":{\"@type\":\"ImageObject\",\"inLanguage\":\"de\",\"@id\":\"https:\/\/www.mettmann.de\/web\/#\/schema\/logo\/image\/\",\"url\":\"https:\/\/www.mettmann.de\/web\/wp-content\/uploads\/2019\/08\/Kreisstadt_Mettmann_Logo_RGB_150dpi.png\",\"contentUrl\":\"https:\/\/www.mettmann.de\/web\/wp-content\/uploads\/2019\/08\/Kreisstadt_Mettmann_Logo_RGB_150dpi.png\",\"width\":1302,\"height\":191,\"caption\":\"Kreisstadt Mettmann\"},\"image\":{\"@id\":\"https:\/\/www.mettmann.de\/web\/#\/schema\/logo\/image\/\"},\"sameAs\":[\"https:\/\/www.facebook.com\/kreisstadt.mettmann\",\"https:\/\/de.wikipedia.org\/wiki\/Mettmann\"]},{\"@type\":\"Person\",\"@id\":\"https:\/\/www.mettmann.de\/web\/#\/schema\/person\/c0deeeba8d377efe8e769dc7f56c2292\",\"name\":\"LekiesT\"}]}<\/script>\n<!-- \/ Yoast SEO plugin. -->","yoast_head_json":{"title":"Lutterbecker Stra\u00dfe vom 17. bis 21. November gesperrt","robots":{"index":"index","follow":"follow","max-snippet":"max-snippet:-1","max-image-preview":"max-image-preview:large","max-video-preview":"max-video-preview:-1"},"canonical":"https:\/\/www.mettmann.de\/web\/lutterbecker-strasse-vom-17-bis-21-november-gesperrt\/","og_locale":"de_DE","og_type":"article","og_title":"Lutterbecker Stra\u00dfe vom 17. bis 21. November gesperrt","og_description":"Aufgrund von Arbeiten an einer Wasserleitung muss die Lutterbecker Stra\u00dfe vom 17. bis 21. November in H\u00f6he der Hausnummer 3 vollst\u00e4ndig gesperrt werden. F\u00fcr die Dauer der Arbeiten wird die Einbahnstra\u00dfenregelung auf dem oberen Teil...","og_url":"https:\/\/www.mettmann.de\/web\/lutterbecker-strasse-vom-17-bis-21-november-gesperrt\/","og_site_name":"Stadtverwaltung Mettmann","article_publisher":"https:\/\/www.facebook.com\/kreisstadt.mettmann","article_published_time":"2025-11-06T12:13:02+00:00","article_modified_time":"2025-11-06T12:23:14+00:00","og_image":[{"width":1024,"height":768,"url":"https:\/\/www.mettmann.de\/web\/wp-content\/uploads\/2019\/11\/Lutterbecker-Stra\u00dfe-1024x768.jpg","type":"image\/jpeg"}],"author":"LekiesT","twitter_card":"summary_large_image","twitter_misc":{"Verfasst von":"LekiesT","Gesch\u00e4tzte Lesezeit":"1\u00a0Minute"},"schema":{"@context":"https:\/\/schema.org","@graph":[{"@type":"Article","@id":"https:\/\/www.mettmann.de\/web\/lutterbecker-strasse-vom-17-bis-21-november-gesperrt\/#article","isPartOf":{"@id":"https:\/\/www.mettmann.de\/web\/lutterbecker-strasse-vom-17-bis-21-november-gesperrt\/"},"author":{"name":"LekiesT","@id":"https:\/\/www.mettmann.de\/web\/#\/schema\/person\/c0deeeba8d377efe8e769dc7f56c2292"},"headline":"Lutterbecker Stra\u00dfe vom 17. bis 21. November gesperrt","datePublished":"2025-11-06T12:13:02+00:00","dateModified":"2025-11-06T12:23:14+00:00","mainEntityOfPage":{"@id":"https:\/\/www.mettmann.de\/web\/lutterbecker-strasse-vom-17-bis-21-november-gesperrt\/"},"wordCount":65,"publisher":{"@id":"https:\/\/www.mettmann.de\/web\/#organization"},"image":{"@id":"https:\/\/www.mettmann.de\/web\/lutterbecker-strasse-vom-17-bis-21-november-gesperrt\/#primaryimage"},"thumbnailUrl":"https:\/\/www.mettmann.de\/web\/wp-content\/uploads\/2019\/11\/Lutterbecker-Stra\u00dfe.jpg","keywords":["Lutterbecker Stra\u00dfe","Mettmann","Sperrung"],"inLanguage":"de"},{"@type":"WebPage","@id":"https:\/\/www.mettmann.de\/web\/lutterbecker-strasse-vom-17-bis-21-november-gesperrt\/","url":"https:\/\/www.mettmann.de\/web\/lutterbecker-strasse-vom-17-bis-21-november-gesperrt\/","name":"Lutterbecker Stra\u00dfe vom 17. bis 21. November gesperrt","isPartOf":{"@id":"https:\/\/www.mettmann.de\/web\/#website"},"primaryImageOfPage":{"@id":"https:\/\/www.mettmann.de\/web\/lutterbecker-strasse-vom-17-bis-21-november-gesperrt\/#primaryimage"},"image":{"@id":"https:\/\/www.mettmann.de\/web\/lutterbecker-strasse-vom-17-bis-21-november-gesperrt\/#primaryimage"},"thumbnailUrl":"https:\/\/www.mettmann.de\/web\/wp-content\/uploads\/2019\/11\/Lutterbecker-Stra\u00dfe.jpg","datePublished":"2025-11-06T12:13:02+00:00","dateModified":"2025-11-06T12:23:14+00:00","breadcrumb":{"@id":"https:\/\/www.mettmann.de\/web\/lutterbecker-strasse-vom-17-bis-21-november-gesperrt\/#breadcrumb"},"inLanguage":"de","potentialAction":[{"@type":"ReadAction","target":["https:\/\/www.mettmann.de\/web\/lutterbecker-strasse-vom-17-bis-21-november-gesperrt\/"]}]},{"@type":"ImageObject","inLanguage":"de","@id":"https:\/\/www.mettmann.de\/web\/lutterbecker-strasse-vom-17-bis-21-november-gesperrt\/#primaryimage","url":"https:\/\/www.mettmann.de\/web\/wp-content\/uploads\/2019\/11\/Lutterbecker-Stra\u00dfe.jpg","contentUrl":"https:\/\/www.mettmann.de\/web\/wp-content\/uploads\/2019\/11\/Lutterbecker-Stra\u00dfe.jpg","width":4032,"height":3024,"caption":"Die Lutterbecker Stra\u00dfe wird in H\u00f6he der Hausnummer 3 gesperrt. (Archivfoto: Kreisstadt Mettmann)"},{"@type":"BreadcrumbList","@id":"https:\/\/www.mettmann.de\/web\/lutterbecker-strasse-vom-17-bis-21-november-gesperrt\/#breadcrumb","itemListElement":[{"@type":"ListItem","position":1,"name":"Startseite","item":"https:\/\/www.mettmann.de\/web\/"},{"@type":"ListItem","position":2,"name":"Lutterbecker Stra\u00dfe vom 17. bis 21. November gesperrt"}]},{"@type":"WebSite","@id":"https:\/\/www.mettmann.de\/web\/#website","url":"https:\/\/www.mettmann.de\/web\/","name":"Stadtverwaltung Mettmann","description":"Internetseite der Kreisstadt Mettmann","publisher":{"@id":"https:\/\/www.mettmann.de\/web\/#organization"},"potentialAction":[{"@type":"SearchAction","target":{"@type":"EntryPoint","urlTemplate":"https:\/\/www.mettmann.de\/web\/?s={search_term_string}"},"query-input":{"@type":"PropertyValueSpecification","valueRequired":true,"valueName":"search_term_string"}}],"inLanguage":"de"},{"@type":"Organization","@id":"https:\/\/www.mettmann.de\/web\/#organization","name":"Kreisstadt Mettmann","url":"https:\/\/www.mettmann.de\/web\/","logo":{"@type":"ImageObject","inLanguage":"de","@id":"https:\/\/www.mettmann.de\/web\/#\/schema\/logo\/image\/","url":"https:\/\/www.mettmann.de\/web\/wp-content\/uploads\/2019\/08\/Kreisstadt_Mettmann_Logo_RGB_150dpi.png","contentUrl":"https:\/\/www.mettmann.de\/web\/wp-content\/uploads\/2019\/08\/Kreisstadt_Mettmann_Logo_RGB_150dpi.png","width":1302,"height":191,"caption":"Kreisstadt Mettmann"},"image":{"@id":"https:\/\/www.mettmann.de\/web\/#\/schema\/logo\/image\/"},"sameAs":["https:\/\/www.facebook.com\/kreisstadt.mettmann","https:\/\/de.wikipedia.org\/wiki\/Mettmann"]},{"@type":"Person","@id":"https:\/\/www.mettmann.de\/web\/#\/schema\/person\/c0deeeba8d377efe8e769dc7f56c2292","name":"LekiesT"}]}},"_links":{"self":[{"href":"https:\/\/www.mettmann.de\/web\/wp-json\/wp\/v2\/posts\/55684","targetHints":{"allow":["GET"]}}],"collection":[{"href":"https:\/\/www.mettmann.de\/web\/wp-json\/wp\/v2\/posts"}],"about":[{"href":"https:\/\/www.mettmann.de\/web\/wp-json\/wp\/v2\/types\/post"}],"author":[{"embeddable":true,"href":"https:\/\/www.mettmann.de\/web\/wp-json\/wp\/v2\/users\/2"}],"replies":[{"embeddable":true,"href":"https:\/\/www.mettmann.de\/web\/wp-json\/wp\/v2\/comments?post=55684"}],"version-history":[{"count":9,"href":"https:\/\/www.mettmann.de\/web\/wp-json\/wp\/v2\/posts\/55684\/revisions"}],"predecessor-version":[{"id":55695,"href":"https:\/\/www.mettmann.de\/web\/wp-json\/wp\/v2\/posts\/55684\/revisions\/55695"}],"wp:featuredmedia":[{"embeddable":true,"href":"https:\/\/www.mettmann.de\/web\/wp-json\/wp\/v2\/media\/2305"}],"wp:attachment":[{"href":"https:\/\/www.mettmann.de\/web\/wp-json\/wp\/v2\/media?parent=55684"}],"wp:term":[{"taxonomy":"category","embeddable":true,"href":"https:\/\/www.mettmann.de\/web\/wp-json\/wp\/v2\/categories?post=55684"},{"taxonomy":"post_tag","embeddable":true,"href":"https:\/\/www.mettmann.de\/web\/wp-json\/wp\/v2\/tags?post=55684"}],"curies":[{"name":"wp","href":"https:\/\/api.w.org\/{rel}","templated":true}]}}