{"id":55714,"date":"2025-11-07T13:05:08","date_gmt":"2025-11-07T12:05:08","guid":{"rendered":"https:\/\/www.mettmann.de\/web\/?p=55714"},"modified":"2025-11-07T13:05:08","modified_gmt":"2025-11-07T12:05:08","slug":"trauer-um-ehemaligen-tiefbauamtsleiter-guenter-kudoke","status":"publish","type":"post","link":"https:\/\/www.mettmann.de\/web\/trauer-um-ehemaligen-tiefbauamtsleiter-guenter-kudoke\/","title":{"rendered":"Trauer um ehemaligen Tiefbauamtsleiter G\u00fcnter Kudoke"},"content":{"rendered":"<p>Im Alter von 100 Jahren ist G\u00fcnter Kudoke, der von 1961 bis 1987 Leiter des st\u00e4dtischen Tiefbauamts in Mettmann war, verstorben. Kudoke war vor seinem Dienstantritt im Mettmanner Rathaus schon in mehreren St\u00e4dten, unter anderem in M\u00fcnster und Bielefeld, im Tiefbau besch\u00e4ftigt gewesen. Im Jahr 1987 wurde er in den Ruhestand verabschiedet und Bodo Nowodworski, 1999 Mettmanns erster hauptamtlicher B\u00fcrgermeister, wurde sein Nachfolger im Tiefbauamt.<\/p>\n<p>G\u00fcnter Kudoke hat in den 26 Jahren seiner Amtsleitung viele st\u00e4dtische Bauma\u00dfnahme geplant und durchgef\u00fchrt, er war an der Entwicklung Mettmanns als Tiefbauingenieur ma\u00dfgeblich mitbeteiligt. Unter den Kolleginnen und Kollegen genoss er ein hohes Ansehen und war sehr beliebt. Bis kurz vor seinem 100. Geburtstag war Kudoke noch regelm\u00e4\u00dfig in der Mettmanner Innenstadt unterwegs und traf sich mit ehemaligen Kollegen. Daf\u00fcr nutzte er den B\u00fcrgerbus.<\/p>\n","protected":false},"excerpt":{"rendered":"<p>Im Alter von 100 Jahren ist G\u00fcnter Kudoke, der von 1961 bis 1987 Leiter des st\u00e4dtischen Tiefbauamts in Mettmann war, verstorben. Kudoke war vor seinem Dienstantritt im Mettmanner Rathaus schon in mehreren St\u00e4dten, unter anderem&#8230;<\/p>\n","protected":false},"author":2,"featured_media":55717,"comment_status":"closed","ping_status":"closed","sticky":false,"template":"","format":"standard","meta":{"ngg_post_thumbnail":0,"footnotes":""},"categories":[1],"tags":[5000,4,5003,5001,5002],"class_list":["post-55714","post","type-post","status-publish","format-standard","has-post-thumbnail","hentry","category-allgemein","tag-guenter-kudoke","tag-mettmann","tag-nachruf","tag-tiefbauamtsleiter","tag-tod"],"yoast_head":"<!-- This site is optimized with the Yoast SEO plugin v27.2 - https:\/\/yoast.com\/product\/yoast-seo-wordpress\/ -->\n<title>Trauer um ehemaligen Tiefbauamtsleiter G\u00fcnter Kudoke<\/title>\n<meta name=\"robots\" content=\"index, follow, max-snippet:-1, max-image-preview:large, max-video-preview:-1\" \/>\n<link rel=\"canonical\" href=\"https:\/\/www.mettmann.de\/web\/trauer-um-ehemaligen-tiefbauamtsleiter-guenter-kudoke\/\" \/>\n<meta property=\"og:locale\" content=\"de_DE\" \/>\n<meta property=\"og:type\" content=\"article\" \/>\n<meta property=\"og:title\" content=\"Trauer um ehemaligen Tiefbauamtsleiter G\u00fcnter Kudoke\" \/>\n<meta property=\"og:description\" content=\"Im Alter von 100 Jahren ist G\u00fcnter Kudoke, der von 1961 bis 1987 Leiter des st\u00e4dtischen Tiefbauamts in Mettmann war, verstorben. Kudoke war vor seinem Dienstantritt im Mettmanner Rathaus schon in mehreren St\u00e4dten, unter anderem...\" \/>\n<meta property=\"og:url\" content=\"https:\/\/www.mettmann.de\/web\/trauer-um-ehemaligen-tiefbauamtsleiter-guenter-kudoke\/\" \/>\n<meta property=\"og:site_name\" content=\"Stadtverwaltung Mettmann\" \/>\n<meta property=\"article:publisher\" content=\"https:\/\/www.facebook.com\/kreisstadt.mettmann\" \/>\n<meta property=\"article:published_time\" content=\"2025-11-07T12:05:08+00:00\" \/>\n<meta property=\"og:image\" content=\"https:\/\/www.mettmann.de\/web\/wp-content\/uploads\/2025\/11\/Guenter-Kudoke.jpg\" \/>\n\t<meta property=\"og:image:width\" content=\"713\" \/>\n\t<meta property=\"og:image:height\" content=\"516\" \/>\n\t<meta property=\"og:image:type\" content=\"image\/jpeg\" \/>\n<meta name=\"author\" content=\"LekiesT\" \/>\n<meta name=\"twitter:card\" content=\"summary_large_image\" \/>\n<meta name=\"twitter:label1\" content=\"Verfasst von\" \/>\n\t<meta name=\"twitter:data1\" content=\"LekiesT\" \/>\n\t<meta name=\"twitter:label2\" content=\"Gesch\u00e4tzte Lesezeit\" \/>\n\t<meta name=\"twitter:data2\" content=\"1\u00a0Minute\" \/>\n<script type=\"application\/ld+json\" class=\"yoast-schema-graph\">{\"@context\":\"https:\/\/schema.org\",\"@graph\":[{\"@type\":\"Article\",\"@id\":\"https:\/\/www.mettmann.de\/web\/trauer-um-ehemaligen-tiefbauamtsleiter-guenter-kudoke\/#article\",\"isPartOf\":{\"@id\":\"https:\/\/www.mettmann.de\/web\/trauer-um-ehemaligen-tiefbauamtsleiter-guenter-kudoke\/\"},\"author\":{\"name\":\"LekiesT\",\"@id\":\"https:\/\/www.mettmann.de\/web\/#\/schema\/person\/c0deeeba8d377efe8e769dc7f56c2292\"},\"headline\":\"Trauer um ehemaligen Tiefbauamtsleiter G\u00fcnter Kudoke\",\"datePublished\":\"2025-11-07T12:05:08+00:00\",\"mainEntityOfPage\":{\"@id\":\"https:\/\/www.mettmann.de\/web\/trauer-um-ehemaligen-tiefbauamtsleiter-guenter-kudoke\/\"},\"wordCount\":144,\"publisher\":{\"@id\":\"https:\/\/www.mettmann.de\/web\/#organization\"},\"image\":{\"@id\":\"https:\/\/www.mettmann.de\/web\/trauer-um-ehemaligen-tiefbauamtsleiter-guenter-kudoke\/#primaryimage\"},\"thumbnailUrl\":\"https:\/\/www.mettmann.de\/web\/wp-content\/uploads\/2025\/11\/Guenter-Kudoke.jpg\",\"keywords\":[\"G\u00fcnter Kudoke\",\"Mettmann\",\"Nachruf\",\"Tiefbauamtsleiter\",\"Tod\"],\"inLanguage\":\"de\"},{\"@type\":\"WebPage\",\"@id\":\"https:\/\/www.mettmann.de\/web\/trauer-um-ehemaligen-tiefbauamtsleiter-guenter-kudoke\/\",\"url\":\"https:\/\/www.mettmann.de\/web\/trauer-um-ehemaligen-tiefbauamtsleiter-guenter-kudoke\/\",\"name\":\"Trauer um ehemaligen Tiefbauamtsleiter G\u00fcnter Kudoke\",\"isPartOf\":{\"@id\":\"https:\/\/www.mettmann.de\/web\/#website\"},\"primaryImageOfPage\":{\"@id\":\"https:\/\/www.mettmann.de\/web\/trauer-um-ehemaligen-tiefbauamtsleiter-guenter-kudoke\/#primaryimage\"},\"image\":{\"@id\":\"https:\/\/www.mettmann.de\/web\/trauer-um-ehemaligen-tiefbauamtsleiter-guenter-kudoke\/#primaryimage\"},\"thumbnailUrl\":\"https:\/\/www.mettmann.de\/web\/wp-content\/uploads\/2025\/11\/Guenter-Kudoke.jpg\",\"datePublished\":\"2025-11-07T12:05:08+00:00\",\"breadcrumb\":{\"@id\":\"https:\/\/www.mettmann.de\/web\/trauer-um-ehemaligen-tiefbauamtsleiter-guenter-kudoke\/#breadcrumb\"},\"inLanguage\":\"de\",\"potentialAction\":[{\"@type\":\"ReadAction\",\"target\":[\"https:\/\/www.mettmann.de\/web\/trauer-um-ehemaligen-tiefbauamtsleiter-guenter-kudoke\/\"]}]},{\"@type\":\"ImageObject\",\"inLanguage\":\"de\",\"@id\":\"https:\/\/www.mettmann.de\/web\/trauer-um-ehemaligen-tiefbauamtsleiter-guenter-kudoke\/#primaryimage\",\"url\":\"https:\/\/www.mettmann.de\/web\/wp-content\/uploads\/2025\/11\/Guenter-Kudoke.jpg\",\"contentUrl\":\"https:\/\/www.mettmann.de\/web\/wp-content\/uploads\/2025\/11\/Guenter-Kudoke.jpg\",\"width\":713,\"height\":516,\"caption\":\"G\u00fcnter Kudoke mit dem B\u00fcrgerbusfahrer Frank M\u00fcller. (Foto: privat)\"},{\"@type\":\"BreadcrumbList\",\"@id\":\"https:\/\/www.mettmann.de\/web\/trauer-um-ehemaligen-tiefbauamtsleiter-guenter-kudoke\/#breadcrumb\",\"itemListElement\":[{\"@type\":\"ListItem\",\"position\":1,\"name\":\"Startseite\",\"item\":\"https:\/\/www.mettmann.de\/web\/\"},{\"@type\":\"ListItem\",\"position\":2,\"name\":\"Trauer um ehemaligen Tiefbauamtsleiter G\u00fcnter Kudoke\"}]},{\"@type\":\"WebSite\",\"@id\":\"https:\/\/www.mettmann.de\/web\/#website\",\"url\":\"https:\/\/www.mettmann.de\/web\/\",\"name\":\"Stadtverwaltung Mettmann\",\"description\":\"Internetseite der Kreisstadt Mettmann\",\"publisher\":{\"@id\":\"https:\/\/www.mettmann.de\/web\/#organization\"},\"potentialAction\":[{\"@type\":\"SearchAction\",\"target\":{\"@type\":\"EntryPoint\",\"urlTemplate\":\"https:\/\/www.mettmann.de\/web\/?s={search_term_string}\"},\"query-input\":{\"@type\":\"PropertyValueSpecification\",\"valueRequired\":true,\"valueName\":\"search_term_string\"}}],\"inLanguage\":\"de\"},{\"@type\":\"Organization\",\"@id\":\"https:\/\/www.mettmann.de\/web\/#organization\",\"name\":\"Kreisstadt Mettmann\",\"url\":\"https:\/\/www.mettmann.de\/web\/\",\"logo\":{\"@type\":\"ImageObject\",\"inLanguage\":\"de\",\"@id\":\"https:\/\/www.mettmann.de\/web\/#\/schema\/logo\/image\/\",\"url\":\"https:\/\/www.mettmann.de\/web\/wp-content\/uploads\/2019\/08\/Kreisstadt_Mettmann_Logo_RGB_150dpi.png\",\"contentUrl\":\"https:\/\/www.mettmann.de\/web\/wp-content\/uploads\/2019\/08\/Kreisstadt_Mettmann_Logo_RGB_150dpi.png\",\"width\":1302,\"height\":191,\"caption\":\"Kreisstadt Mettmann\"},\"image\":{\"@id\":\"https:\/\/www.mettmann.de\/web\/#\/schema\/logo\/image\/\"},\"sameAs\":[\"https:\/\/www.facebook.com\/kreisstadt.mettmann\",\"https:\/\/de.wikipedia.org\/wiki\/Mettmann\"]},{\"@type\":\"Person\",\"@id\":\"https:\/\/www.mettmann.de\/web\/#\/schema\/person\/c0deeeba8d377efe8e769dc7f56c2292\",\"name\":\"LekiesT\"}]}<\/script>\n<!-- \/ Yoast SEO plugin. -->","yoast_head_json":{"title":"Trauer um ehemaligen Tiefbauamtsleiter G\u00fcnter Kudoke","robots":{"index":"index","follow":"follow","max-snippet":"max-snippet:-1","max-image-preview":"max-image-preview:large","max-video-preview":"max-video-preview:-1"},"canonical":"https:\/\/www.mettmann.de\/web\/trauer-um-ehemaligen-tiefbauamtsleiter-guenter-kudoke\/","og_locale":"de_DE","og_type":"article","og_title":"Trauer um ehemaligen Tiefbauamtsleiter G\u00fcnter Kudoke","og_description":"Im Alter von 100 Jahren ist G\u00fcnter Kudoke, der von 1961 bis 1987 Leiter des st\u00e4dtischen Tiefbauamts in Mettmann war, verstorben. Kudoke war vor seinem Dienstantritt im Mettmanner Rathaus schon in mehreren St\u00e4dten, unter anderem...","og_url":"https:\/\/www.mettmann.de\/web\/trauer-um-ehemaligen-tiefbauamtsleiter-guenter-kudoke\/","og_site_name":"Stadtverwaltung Mettmann","article_publisher":"https:\/\/www.facebook.com\/kreisstadt.mettmann","article_published_time":"2025-11-07T12:05:08+00:00","og_image":[{"width":713,"height":516,"url":"https:\/\/www.mettmann.de\/web\/wp-content\/uploads\/2025\/11\/Guenter-Kudoke.jpg","type":"image\/jpeg"}],"author":"LekiesT","twitter_card":"summary_large_image","twitter_misc":{"Verfasst von":"LekiesT","Gesch\u00e4tzte Lesezeit":"1\u00a0Minute"},"schema":{"@context":"https:\/\/schema.org","@graph":[{"@type":"Article","@id":"https:\/\/www.mettmann.de\/web\/trauer-um-ehemaligen-tiefbauamtsleiter-guenter-kudoke\/#article","isPartOf":{"@id":"https:\/\/www.mettmann.de\/web\/trauer-um-ehemaligen-tiefbauamtsleiter-guenter-kudoke\/"},"author":{"name":"LekiesT","@id":"https:\/\/www.mettmann.de\/web\/#\/schema\/person\/c0deeeba8d377efe8e769dc7f56c2292"},"headline":"Trauer um ehemaligen Tiefbauamtsleiter G\u00fcnter Kudoke","datePublished":"2025-11-07T12:05:08+00:00","mainEntityOfPage":{"@id":"https:\/\/www.mettmann.de\/web\/trauer-um-ehemaligen-tiefbauamtsleiter-guenter-kudoke\/"},"wordCount":144,"publisher":{"@id":"https:\/\/www.mettmann.de\/web\/#organization"},"image":{"@id":"https:\/\/www.mettmann.de\/web\/trauer-um-ehemaligen-tiefbauamtsleiter-guenter-kudoke\/#primaryimage"},"thumbnailUrl":"https:\/\/www.mettmann.de\/web\/wp-content\/uploads\/2025\/11\/Guenter-Kudoke.jpg","keywords":["G\u00fcnter Kudoke","Mettmann","Nachruf","Tiefbauamtsleiter","Tod"],"inLanguage":"de"},{"@type":"WebPage","@id":"https:\/\/www.mettmann.de\/web\/trauer-um-ehemaligen-tiefbauamtsleiter-guenter-kudoke\/","url":"https:\/\/www.mettmann.de\/web\/trauer-um-ehemaligen-tiefbauamtsleiter-guenter-kudoke\/","name":"Trauer um ehemaligen Tiefbauamtsleiter G\u00fcnter Kudoke","isPartOf":{"@id":"https:\/\/www.mettmann.de\/web\/#website"},"primaryImageOfPage":{"@id":"https:\/\/www.mettmann.de\/web\/trauer-um-ehemaligen-tiefbauamtsleiter-guenter-kudoke\/#primaryimage"},"image":{"@id":"https:\/\/www.mettmann.de\/web\/trauer-um-ehemaligen-tiefbauamtsleiter-guenter-kudoke\/#primaryimage"},"thumbnailUrl":"https:\/\/www.mettmann.de\/web\/wp-content\/uploads\/2025\/11\/Guenter-Kudoke.jpg","datePublished":"2025-11-07T12:05:08+00:00","breadcrumb":{"@id":"https:\/\/www.mettmann.de\/web\/trauer-um-ehemaligen-tiefbauamtsleiter-guenter-kudoke\/#breadcrumb"},"inLanguage":"de","potentialAction":[{"@type":"ReadAction","target":["https:\/\/www.mettmann.de\/web\/trauer-um-ehemaligen-tiefbauamtsleiter-guenter-kudoke\/"]}]},{"@type":"ImageObject","inLanguage":"de","@id":"https:\/\/www.mettmann.de\/web\/trauer-um-ehemaligen-tiefbauamtsleiter-guenter-kudoke\/#primaryimage","url":"https:\/\/www.mettmann.de\/web\/wp-content\/uploads\/2025\/11\/Guenter-Kudoke.jpg","contentUrl":"https:\/\/www.mettmann.de\/web\/wp-content\/uploads\/2025\/11\/Guenter-Kudoke.jpg","width":713,"height":516,"caption":"G\u00fcnter Kudoke mit dem B\u00fcrgerbusfahrer Frank M\u00fcller. (Foto: privat)"},{"@type":"BreadcrumbList","@id":"https:\/\/www.mettmann.de\/web\/trauer-um-ehemaligen-tiefbauamtsleiter-guenter-kudoke\/#breadcrumb","itemListElement":[{"@type":"ListItem","position":1,"name":"Startseite","item":"https:\/\/www.mettmann.de\/web\/"},{"@type":"ListItem","position":2,"name":"Trauer um ehemaligen Tiefbauamtsleiter G\u00fcnter Kudoke"}]},{"@type":"WebSite","@id":"https:\/\/www.mettmann.de\/web\/#website","url":"https:\/\/www.mettmann.de\/web\/","name":"Stadtverwaltung Mettmann","description":"Internetseite der Kreisstadt Mettmann","publisher":{"@id":"https:\/\/www.mettmann.de\/web\/#organization"},"potentialAction":[{"@type":"SearchAction","target":{"@type":"EntryPoint","urlTemplate":"https:\/\/www.mettmann.de\/web\/?s={search_term_string}"},"query-input":{"@type":"PropertyValueSpecification","valueRequired":true,"valueName":"search_term_string"}}],"inLanguage":"de"},{"@type":"Organization","@id":"https:\/\/www.mettmann.de\/web\/#organization","name":"Kreisstadt Mettmann","url":"https:\/\/www.mettmann.de\/web\/","logo":{"@type":"ImageObject","inLanguage":"de","@id":"https:\/\/www.mettmann.de\/web\/#\/schema\/logo\/image\/","url":"https:\/\/www.mettmann.de\/web\/wp-content\/uploads\/2019\/08\/Kreisstadt_Mettmann_Logo_RGB_150dpi.png","contentUrl":"https:\/\/www.mettmann.de\/web\/wp-content\/uploads\/2019\/08\/Kreisstadt_Mettmann_Logo_RGB_150dpi.png","width":1302,"height":191,"caption":"Kreisstadt Mettmann"},"image":{"@id":"https:\/\/www.mettmann.de\/web\/#\/schema\/logo\/image\/"},"sameAs":["https:\/\/www.facebook.com\/kreisstadt.mettmann","https:\/\/de.wikipedia.org\/wiki\/Mettmann"]},{"@type":"Person","@id":"https:\/\/www.mettmann.de\/web\/#\/schema\/person\/c0deeeba8d377efe8e769dc7f56c2292","name":"LekiesT"}]}},"_links":{"self":[{"href":"https:\/\/www.mettmann.de\/web\/wp-json\/wp\/v2\/posts\/55714","targetHints":{"allow":["GET"]}}],"collection":[{"href":"https:\/\/www.mettmann.de\/web\/wp-json\/wp\/v2\/posts"}],"about":[{"href":"https:\/\/www.mettmann.de\/web\/wp-json\/wp\/v2\/types\/post"}],"author":[{"embeddable":true,"href":"https:\/\/www.mettmann.de\/web\/wp-json\/wp\/v2\/users\/2"}],"replies":[{"embeddable":true,"href":"https:\/\/www.mettmann.de\/web\/wp-json\/wp\/v2\/comments?post=55714"}],"version-history":[{"count":7,"href":"https:\/\/www.mettmann.de\/web\/wp-json\/wp\/v2\/posts\/55714\/revisions"}],"predecessor-version":[{"id":55722,"href":"https:\/\/www.mettmann.de\/web\/wp-json\/wp\/v2\/posts\/55714\/revisions\/55722"}],"wp:featuredmedia":[{"embeddable":true,"href":"https:\/\/www.mettmann.de\/web\/wp-json\/wp\/v2\/media\/55717"}],"wp:attachment":[{"href":"https:\/\/www.mettmann.de\/web\/wp-json\/wp\/v2\/media?parent=55714"}],"wp:term":[{"taxonomy":"category","embeddable":true,"href":"https:\/\/www.mettmann.de\/web\/wp-json\/wp\/v2\/categories?post=55714"},{"taxonomy":"post_tag","embeddable":true,"href":"https:\/\/www.mettmann.de\/web\/wp-json\/wp\/v2\/tags?post=55714"}],"curies":[{"name":"wp","href":"https:\/\/api.w.org\/{rel}","templated":true}]}}