{"id":55837,"date":"2025-11-14T13:18:00","date_gmt":"2025-11-14T12:18:00","guid":{"rendered":"https:\/\/www.mettmann.de\/web\/?p=55837"},"modified":"2025-11-14T14:28:31","modified_gmt":"2025-11-14T13:28:31","slug":"wunschbaum-aktion-mettmann-erfuellt-gemeinsam-kinderwuensche","status":"publish","type":"post","link":"https:\/\/www.mettmann.de\/web\/wunschbaum-aktion-mettmann-erfuellt-gemeinsam-kinderwuensche\/","title":{"rendered":"Wunschbaum-Aktion: Mettmann erf\u00fcllt gemeinsam Kinderw\u00fcnsche"},"content":{"rendered":"<p><span style=\"font-family: Mulish; font-size: 12pt;\">Auch in diesem Jahr zieht im Mettmanner Rathaus vorweihnachtliche Stimmung ein: Im Eingangsbereich des B\u00fcrgerservice steht wieder der bunt geschm\u00fcckte Wunschbaum. Hier k\u00f6nnen Mitarbeitende der Stadtverwaltung, B\u00fcrgerinnen und B\u00fcrger sowie Ratsmitglieder kleine Wunschkarten pfl\u00fccken und Kindern aus benachteiligten Familien eine Freude bereiten.<\/span><\/p>\n<p><span style=\"font-family: Mulish; font-size: 12pt;\">Die Aktion findet in Kooperation mit der Tafel Mettmann statt. Rund 150 Kinder d\u00fcrfen sich in diesem Jahr auf ein pers\u00f6nliches Geschenk freuen.<\/span><\/p>\n<blockquote><p><span style=\"font-family: Mulish; font-size: 12pt;\">\u201eDer Wunschbaum ist mehr als nur eine sch\u00f6ne Tradition, er steht f\u00fcr Zusammenhalt und Mitgef\u00fchl\u201c, betont B\u00fcrgermeister Andr\u00e8 B\u00e4r, der die Aktion mit gro\u00dfem Engagement unterst\u00fctzt. Als Zeichen seiner Wertsch\u00e4tzung hat er selbst mehrere Wunschkarten \u00fcbernommen. \u201eGerade in herausfordernden Zeiten ist es wichtig, aneinander zu denken und kleine Zeichen der Hoffnung zu setzen\u201c, so B\u00e4r.<\/span><\/p>\n<p><span style=\"font-family: Mulish; font-size: 12pt;\">Auch Simon Wilde, Leiter der Tafel Mettmann, und Marco Baumann, Abteilungsleiter der Zentralen Dienste, freuen sich \u00fcber den Start der diesj\u00e4hrigen Wunschbaum-Aktion. \u201eDas Interesse und die Hilfsbereitschaft sind gro\u00df, das ist jedes Jahr aufs Neue beeindruckend\u201c, unterstreicht Baumann.<\/span><\/p><\/blockquote>\n<p><span style=\"font-family: Mulish; font-size: 12pt;\">Wer mitmachen m\u00f6chte, kann sich ab sofort eine Wunschkarte vom Baum nehmen. Auf den Karten sind keine konkreten W\u00fcnsche, sondern nur das Alter der Kinder vermerkt. Entsprechend k\u00f6nnen die Schenkenden die Geschenke frei ausw\u00e4hlen. Um die Gleichbehandlung zu gew\u00e4hrleisten, sollte der Wert der Geschenke maximal 20 Euro nicht \u00fcberschreiten.<\/span><\/p>\n<p><span style=\"font-family: Mulish; font-size: 12pt;\">Die fertigen Geschenke, mit der Wunschkarte gut sichtbar darauf befestigt, k\u00f6nnen bis zum 12. Dezember 2025 in der Infothek im Altbau des Rathauses abgegeben werden.<\/span><\/p>\n<blockquote><p><span style=\"font-family: Mulish; font-size: 12pt;\">\u201eIch danke allen, die dabei helfen, Kinderaugen zum Leuchten zu bringen. Diese Aktion zeigt, dass in Mettmann Herz und Gemeinschaft gro\u00dfgeschrieben werden\u201c, so B\u00fcrgermeister B\u00e4r abschlie\u00dfend.<\/span><\/p><\/blockquote>\n","protected":false},"excerpt":{"rendered":"<p>Auch in diesem Jahr zieht im Mettmanner Rathaus vorweihnachtliche Stimmung ein: Im Eingangsbereich des B\u00fcrgerservice steht wieder der bunt geschm\u00fcckte Wunschbaum. Hier k\u00f6nnen Mitarbeitende der Stadtverwaltung, B\u00fcrgerinnen und B\u00fcrger sowie Ratsmitglieder kleine Wunschkarten pfl\u00fccken und&#8230;<\/p>\n","protected":false},"author":10,"featured_media":55839,"comment_status":"closed","ping_status":"closed","sticky":false,"template":"","format":"standard","meta":{"ngg_post_thumbnail":0,"footnotes":""},"categories":[1],"tags":[],"class_list":["post-55837","post","type-post","status-publish","format-standard","has-post-thumbnail","hentry","category-allgemein"],"yoast_head":"<!-- This site is optimized with the Yoast SEO plugin v27.2 - https:\/\/yoast.com\/product\/yoast-seo-wordpress\/ -->\n<title>Wunschbaum-Aktion: Mettmann erf\u00fcllt gemeinsam Kinderw\u00fcnsche<\/title>\n<meta name=\"robots\" content=\"index, follow, max-snippet:-1, max-image-preview:large, max-video-preview:-1\" \/>\n<link rel=\"canonical\" href=\"https:\/\/www.mettmann.de\/web\/wunschbaum-aktion-mettmann-erfuellt-gemeinsam-kinderwuensche\/\" \/>\n<meta property=\"og:locale\" content=\"de_DE\" \/>\n<meta property=\"og:type\" content=\"article\" \/>\n<meta property=\"og:title\" content=\"Wunschbaum-Aktion: Mettmann erf\u00fcllt gemeinsam Kinderw\u00fcnsche\" \/>\n<meta property=\"og:description\" content=\"Auch in diesem Jahr zieht im Mettmanner Rathaus vorweihnachtliche Stimmung ein: Im Eingangsbereich des B\u00fcrgerservice steht wieder der bunt geschm\u00fcckte Wunschbaum. Hier k\u00f6nnen Mitarbeitende der Stadtverwaltung, B\u00fcrgerinnen und B\u00fcrger sowie Ratsmitglieder kleine Wunschkarten pfl\u00fccken und...\" \/>\n<meta property=\"og:url\" content=\"https:\/\/www.mettmann.de\/web\/wunschbaum-aktion-mettmann-erfuellt-gemeinsam-kinderwuensche\/\" \/>\n<meta property=\"og:site_name\" content=\"Stadtverwaltung Mettmann\" \/>\n<meta property=\"article:publisher\" content=\"https:\/\/www.facebook.com\/kreisstadt.mettmann\" \/>\n<meta property=\"article:published_time\" content=\"2025-11-14T12:18:00+00:00\" \/>\n<meta property=\"article:modified_time\" content=\"2025-11-14T13:28:31+00:00\" \/>\n<meta property=\"og:image\" content=\"https:\/\/www.mettmann.de\/web\/wp-content\/uploads\/2025\/11\/Titelbilder-Homepage1-1024x724.png\" \/>\n\t<meta property=\"og:image:width\" content=\"1024\" \/>\n\t<meta property=\"og:image:height\" content=\"724\" \/>\n\t<meta property=\"og:image:type\" content=\"image\/png\" \/>\n<meta name=\"author\" content=\"Lukas Heimbach\" \/>\n<meta name=\"twitter:card\" content=\"summary_large_image\" \/>\n<meta name=\"twitter:label1\" content=\"Verfasst von\" \/>\n\t<meta name=\"twitter:data1\" content=\"Lukas Heimbach\" \/>\n\t<meta name=\"twitter:label2\" content=\"Gesch\u00e4tzte Lesezeit\" \/>\n\t<meta name=\"twitter:data2\" content=\"1\u00a0Minute\" \/>\n<script type=\"application\/ld+json\" class=\"yoast-schema-graph\">{\"@context\":\"https:\/\/schema.org\",\"@graph\":[{\"@type\":\"Article\",\"@id\":\"https:\/\/www.mettmann.de\/web\/wunschbaum-aktion-mettmann-erfuellt-gemeinsam-kinderwuensche\/#article\",\"isPartOf\":{\"@id\":\"https:\/\/www.mettmann.de\/web\/wunschbaum-aktion-mettmann-erfuellt-gemeinsam-kinderwuensche\/\"},\"author\":{\"name\":\"Lukas Heimbach\",\"@id\":\"https:\/\/www.mettmann.de\/web\/#\/schema\/person\/e5073fa926ec513a17d0b7e21b939424\"},\"headline\":\"Wunschbaum-Aktion: Mettmann erf\u00fcllt gemeinsam Kinderw\u00fcnsche\",\"datePublished\":\"2025-11-14T12:18:00+00:00\",\"dateModified\":\"2025-11-14T13:28:31+00:00\",\"mainEntityOfPage\":{\"@id\":\"https:\/\/www.mettmann.de\/web\/wunschbaum-aktion-mettmann-erfuellt-gemeinsam-kinderwuensche\/\"},\"wordCount\":289,\"publisher\":{\"@id\":\"https:\/\/www.mettmann.de\/web\/#organization\"},\"image\":{\"@id\":\"https:\/\/www.mettmann.de\/web\/wunschbaum-aktion-mettmann-erfuellt-gemeinsam-kinderwuensche\/#primaryimage\"},\"thumbnailUrl\":\"https:\/\/www.mettmann.de\/web\/wp-content\/uploads\/2025\/11\/Titelbilder-Homepage1.png\",\"inLanguage\":\"de\"},{\"@type\":\"WebPage\",\"@id\":\"https:\/\/www.mettmann.de\/web\/wunschbaum-aktion-mettmann-erfuellt-gemeinsam-kinderwuensche\/\",\"url\":\"https:\/\/www.mettmann.de\/web\/wunschbaum-aktion-mettmann-erfuellt-gemeinsam-kinderwuensche\/\",\"name\":\"Wunschbaum-Aktion: Mettmann erf\u00fcllt gemeinsam Kinderw\u00fcnsche\",\"isPartOf\":{\"@id\":\"https:\/\/www.mettmann.de\/web\/#website\"},\"primaryImageOfPage\":{\"@id\":\"https:\/\/www.mettmann.de\/web\/wunschbaum-aktion-mettmann-erfuellt-gemeinsam-kinderwuensche\/#primaryimage\"},\"image\":{\"@id\":\"https:\/\/www.mettmann.de\/web\/wunschbaum-aktion-mettmann-erfuellt-gemeinsam-kinderwuensche\/#primaryimage\"},\"thumbnailUrl\":\"https:\/\/www.mettmann.de\/web\/wp-content\/uploads\/2025\/11\/Titelbilder-Homepage1.png\",\"datePublished\":\"2025-11-14T12:18:00+00:00\",\"dateModified\":\"2025-11-14T13:28:31+00:00\",\"breadcrumb\":{\"@id\":\"https:\/\/www.mettmann.de\/web\/wunschbaum-aktion-mettmann-erfuellt-gemeinsam-kinderwuensche\/#breadcrumb\"},\"inLanguage\":\"de\",\"potentialAction\":[{\"@type\":\"ReadAction\",\"target\":[\"https:\/\/www.mettmann.de\/web\/wunschbaum-aktion-mettmann-erfuellt-gemeinsam-kinderwuensche\/\"]}]},{\"@type\":\"ImageObject\",\"inLanguage\":\"de\",\"@id\":\"https:\/\/www.mettmann.de\/web\/wunschbaum-aktion-mettmann-erfuellt-gemeinsam-kinderwuensche\/#primaryimage\",\"url\":\"https:\/\/www.mettmann.de\/web\/wp-content\/uploads\/2025\/11\/Titelbilder-Homepage1.png\",\"contentUrl\":\"https:\/\/www.mettmann.de\/web\/wp-content\/uploads\/2025\/11\/Titelbilder-Homepage1.png\",\"width\":2000,\"height\":1414,\"caption\":\"v.l.n.r.: Marco Baumann (Abteilungsleitung, Zentrale Dienste), Lena Schmidt (Auszubildende), B\u00fcrgermeister Andr\u00e9 B\u00e4r.\"},{\"@type\":\"BreadcrumbList\",\"@id\":\"https:\/\/www.mettmann.de\/web\/wunschbaum-aktion-mettmann-erfuellt-gemeinsam-kinderwuensche\/#breadcrumb\",\"itemListElement\":[{\"@type\":\"ListItem\",\"position\":1,\"name\":\"Startseite\",\"item\":\"https:\/\/www.mettmann.de\/web\/\"},{\"@type\":\"ListItem\",\"position\":2,\"name\":\"Wunschbaum-Aktion: Mettmann erf\u00fcllt gemeinsam Kinderw\u00fcnsche\"}]},{\"@type\":\"WebSite\",\"@id\":\"https:\/\/www.mettmann.de\/web\/#website\",\"url\":\"https:\/\/www.mettmann.de\/web\/\",\"name\":\"Stadtverwaltung Mettmann\",\"description\":\"Internetseite der Kreisstadt Mettmann\",\"publisher\":{\"@id\":\"https:\/\/www.mettmann.de\/web\/#organization\"},\"potentialAction\":[{\"@type\":\"SearchAction\",\"target\":{\"@type\":\"EntryPoint\",\"urlTemplate\":\"https:\/\/www.mettmann.de\/web\/?s={search_term_string}\"},\"query-input\":{\"@type\":\"PropertyValueSpecification\",\"valueRequired\":true,\"valueName\":\"search_term_string\"}}],\"inLanguage\":\"de\"},{\"@type\":\"Organization\",\"@id\":\"https:\/\/www.mettmann.de\/web\/#organization\",\"name\":\"Kreisstadt Mettmann\",\"url\":\"https:\/\/www.mettmann.de\/web\/\",\"logo\":{\"@type\":\"ImageObject\",\"inLanguage\":\"de\",\"@id\":\"https:\/\/www.mettmann.de\/web\/#\/schema\/logo\/image\/\",\"url\":\"https:\/\/www.mettmann.de\/web\/wp-content\/uploads\/2019\/08\/Kreisstadt_Mettmann_Logo_RGB_150dpi.png\",\"contentUrl\":\"https:\/\/www.mettmann.de\/web\/wp-content\/uploads\/2019\/08\/Kreisstadt_Mettmann_Logo_RGB_150dpi.png\",\"width\":1302,\"height\":191,\"caption\":\"Kreisstadt Mettmann\"},\"image\":{\"@id\":\"https:\/\/www.mettmann.de\/web\/#\/schema\/logo\/image\/\"},\"sameAs\":[\"https:\/\/www.facebook.com\/kreisstadt.mettmann\",\"https:\/\/de.wikipedia.org\/wiki\/Mettmann\"]},{\"@type\":\"Person\",\"@id\":\"https:\/\/www.mettmann.de\/web\/#\/schema\/person\/e5073fa926ec513a17d0b7e21b939424\",\"name\":\"Lukas Heimbach\"}]}<\/script>\n<!-- \/ Yoast SEO plugin. -->","yoast_head_json":{"title":"Wunschbaum-Aktion: Mettmann erf\u00fcllt gemeinsam Kinderw\u00fcnsche","robots":{"index":"index","follow":"follow","max-snippet":"max-snippet:-1","max-image-preview":"max-image-preview:large","max-video-preview":"max-video-preview:-1"},"canonical":"https:\/\/www.mettmann.de\/web\/wunschbaum-aktion-mettmann-erfuellt-gemeinsam-kinderwuensche\/","og_locale":"de_DE","og_type":"article","og_title":"Wunschbaum-Aktion: Mettmann erf\u00fcllt gemeinsam Kinderw\u00fcnsche","og_description":"Auch in diesem Jahr zieht im Mettmanner Rathaus vorweihnachtliche Stimmung ein: Im Eingangsbereich des B\u00fcrgerservice steht wieder der bunt geschm\u00fcckte Wunschbaum. Hier k\u00f6nnen Mitarbeitende der Stadtverwaltung, B\u00fcrgerinnen und B\u00fcrger sowie Ratsmitglieder kleine Wunschkarten pfl\u00fccken und...","og_url":"https:\/\/www.mettmann.de\/web\/wunschbaum-aktion-mettmann-erfuellt-gemeinsam-kinderwuensche\/","og_site_name":"Stadtverwaltung Mettmann","article_publisher":"https:\/\/www.facebook.com\/kreisstadt.mettmann","article_published_time":"2025-11-14T12:18:00+00:00","article_modified_time":"2025-11-14T13:28:31+00:00","og_image":[{"width":1024,"height":724,"url":"https:\/\/www.mettmann.de\/web\/wp-content\/uploads\/2025\/11\/Titelbilder-Homepage1-1024x724.png","type":"image\/png"}],"author":"Lukas Heimbach","twitter_card":"summary_large_image","twitter_misc":{"Verfasst von":"Lukas Heimbach","Gesch\u00e4tzte Lesezeit":"1\u00a0Minute"},"schema":{"@context":"https:\/\/schema.org","@graph":[{"@type":"Article","@id":"https:\/\/www.mettmann.de\/web\/wunschbaum-aktion-mettmann-erfuellt-gemeinsam-kinderwuensche\/#article","isPartOf":{"@id":"https:\/\/www.mettmann.de\/web\/wunschbaum-aktion-mettmann-erfuellt-gemeinsam-kinderwuensche\/"},"author":{"name":"Lukas Heimbach","@id":"https:\/\/www.mettmann.de\/web\/#\/schema\/person\/e5073fa926ec513a17d0b7e21b939424"},"headline":"Wunschbaum-Aktion: Mettmann erf\u00fcllt gemeinsam Kinderw\u00fcnsche","datePublished":"2025-11-14T12:18:00+00:00","dateModified":"2025-11-14T13:28:31+00:00","mainEntityOfPage":{"@id":"https:\/\/www.mettmann.de\/web\/wunschbaum-aktion-mettmann-erfuellt-gemeinsam-kinderwuensche\/"},"wordCount":289,"publisher":{"@id":"https:\/\/www.mettmann.de\/web\/#organization"},"image":{"@id":"https:\/\/www.mettmann.de\/web\/wunschbaum-aktion-mettmann-erfuellt-gemeinsam-kinderwuensche\/#primaryimage"},"thumbnailUrl":"https:\/\/www.mettmann.de\/web\/wp-content\/uploads\/2025\/11\/Titelbilder-Homepage1.png","inLanguage":"de"},{"@type":"WebPage","@id":"https:\/\/www.mettmann.de\/web\/wunschbaum-aktion-mettmann-erfuellt-gemeinsam-kinderwuensche\/","url":"https:\/\/www.mettmann.de\/web\/wunschbaum-aktion-mettmann-erfuellt-gemeinsam-kinderwuensche\/","name":"Wunschbaum-Aktion: Mettmann erf\u00fcllt gemeinsam Kinderw\u00fcnsche","isPartOf":{"@id":"https:\/\/www.mettmann.de\/web\/#website"},"primaryImageOfPage":{"@id":"https:\/\/www.mettmann.de\/web\/wunschbaum-aktion-mettmann-erfuellt-gemeinsam-kinderwuensche\/#primaryimage"},"image":{"@id":"https:\/\/www.mettmann.de\/web\/wunschbaum-aktion-mettmann-erfuellt-gemeinsam-kinderwuensche\/#primaryimage"},"thumbnailUrl":"https:\/\/www.mettmann.de\/web\/wp-content\/uploads\/2025\/11\/Titelbilder-Homepage1.png","datePublished":"2025-11-14T12:18:00+00:00","dateModified":"2025-11-14T13:28:31+00:00","breadcrumb":{"@id":"https:\/\/www.mettmann.de\/web\/wunschbaum-aktion-mettmann-erfuellt-gemeinsam-kinderwuensche\/#breadcrumb"},"inLanguage":"de","potentialAction":[{"@type":"ReadAction","target":["https:\/\/www.mettmann.de\/web\/wunschbaum-aktion-mettmann-erfuellt-gemeinsam-kinderwuensche\/"]}]},{"@type":"ImageObject","inLanguage":"de","@id":"https:\/\/www.mettmann.de\/web\/wunschbaum-aktion-mettmann-erfuellt-gemeinsam-kinderwuensche\/#primaryimage","url":"https:\/\/www.mettmann.de\/web\/wp-content\/uploads\/2025\/11\/Titelbilder-Homepage1.png","contentUrl":"https:\/\/www.mettmann.de\/web\/wp-content\/uploads\/2025\/11\/Titelbilder-Homepage1.png","width":2000,"height":1414,"caption":"v.l.n.r.: Marco Baumann (Abteilungsleitung, Zentrale Dienste), Lena Schmidt (Auszubildende), B\u00fcrgermeister Andr\u00e9 B\u00e4r."},{"@type":"BreadcrumbList","@id":"https:\/\/www.mettmann.de\/web\/wunschbaum-aktion-mettmann-erfuellt-gemeinsam-kinderwuensche\/#breadcrumb","itemListElement":[{"@type":"ListItem","position":1,"name":"Startseite","item":"https:\/\/www.mettmann.de\/web\/"},{"@type":"ListItem","position":2,"name":"Wunschbaum-Aktion: Mettmann erf\u00fcllt gemeinsam Kinderw\u00fcnsche"}]},{"@type":"WebSite","@id":"https:\/\/www.mettmann.de\/web\/#website","url":"https:\/\/www.mettmann.de\/web\/","name":"Stadtverwaltung Mettmann","description":"Internetseite der Kreisstadt Mettmann","publisher":{"@id":"https:\/\/www.mettmann.de\/web\/#organization"},"potentialAction":[{"@type":"SearchAction","target":{"@type":"EntryPoint","urlTemplate":"https:\/\/www.mettmann.de\/web\/?s={search_term_string}"},"query-input":{"@type":"PropertyValueSpecification","valueRequired":true,"valueName":"search_term_string"}}],"inLanguage":"de"},{"@type":"Organization","@id":"https:\/\/www.mettmann.de\/web\/#organization","name":"Kreisstadt Mettmann","url":"https:\/\/www.mettmann.de\/web\/","logo":{"@type":"ImageObject","inLanguage":"de","@id":"https:\/\/www.mettmann.de\/web\/#\/schema\/logo\/image\/","url":"https:\/\/www.mettmann.de\/web\/wp-content\/uploads\/2019\/08\/Kreisstadt_Mettmann_Logo_RGB_150dpi.png","contentUrl":"https:\/\/www.mettmann.de\/web\/wp-content\/uploads\/2019\/08\/Kreisstadt_Mettmann_Logo_RGB_150dpi.png","width":1302,"height":191,"caption":"Kreisstadt Mettmann"},"image":{"@id":"https:\/\/www.mettmann.de\/web\/#\/schema\/logo\/image\/"},"sameAs":["https:\/\/www.facebook.com\/kreisstadt.mettmann","https:\/\/de.wikipedia.org\/wiki\/Mettmann"]},{"@type":"Person","@id":"https:\/\/www.mettmann.de\/web\/#\/schema\/person\/e5073fa926ec513a17d0b7e21b939424","name":"Lukas Heimbach"}]}},"_links":{"self":[{"href":"https:\/\/www.mettmann.de\/web\/wp-json\/wp\/v2\/posts\/55837","targetHints":{"allow":["GET"]}}],"collection":[{"href":"https:\/\/www.mettmann.de\/web\/wp-json\/wp\/v2\/posts"}],"about":[{"href":"https:\/\/www.mettmann.de\/web\/wp-json\/wp\/v2\/types\/post"}],"author":[{"embeddable":true,"href":"https:\/\/www.mettmann.de\/web\/wp-json\/wp\/v2\/users\/10"}],"replies":[{"embeddable":true,"href":"https:\/\/www.mettmann.de\/web\/wp-json\/wp\/v2\/comments?post=55837"}],"version-history":[{"count":1,"href":"https:\/\/www.mettmann.de\/web\/wp-json\/wp\/v2\/posts\/55837\/revisions"}],"predecessor-version":[{"id":55838,"href":"https:\/\/www.mettmann.de\/web\/wp-json\/wp\/v2\/posts\/55837\/revisions\/55838"}],"wp:featuredmedia":[{"embeddable":true,"href":"https:\/\/www.mettmann.de\/web\/wp-json\/wp\/v2\/media\/55839"}],"wp:attachment":[{"href":"https:\/\/www.mettmann.de\/web\/wp-json\/wp\/v2\/media?parent=55837"}],"wp:term":[{"taxonomy":"category","embeddable":true,"href":"https:\/\/www.mettmann.de\/web\/wp-json\/wp\/v2\/categories?post=55837"},{"taxonomy":"post_tag","embeddable":true,"href":"https:\/\/www.mettmann.de\/web\/wp-json\/wp\/v2\/tags?post=55837"}],"curies":[{"name":"wp","href":"https:\/\/api.w.org\/{rel}","templated":true}]}}