{"id":56336,"date":"2025-11-27T15:35:45","date_gmt":"2025-11-27T14:35:45","guid":{"rendered":"https:\/\/www.mettmann.de\/web\/?p=56336"},"modified":"2025-11-27T15:35:45","modified_gmt":"2025-11-27T14:35:45","slug":"stadt-beantragt-bundesfoerdermittel-fuer-den-neubau-eines-hallenbades","status":"publish","type":"post","link":"https:\/\/www.mettmann.de\/web\/stadt-beantragt-bundesfoerdermittel-fuer-den-neubau-eines-hallenbades\/","title":{"rendered":"Stadt beantragt Bundesf\u00f6rdermittel f\u00fcr den Neubau eines Hallenbades"},"content":{"rendered":"<p>F\u00fcr den Neubau eines Hallenbades wird die Stadt F\u00f6rdermittel im Rahmen des Bundesprogramms \u201eSanierung kommunaler Sportst\u00e4tten\u201c beantragen. Bis Mitte Januar 2026 soll der F\u00f6rderantrag mit einer Projektskizze, die der Rat noch \u201eabsegnen\u201c muss, eingereicht werden. Dies hat der Ausschuss f\u00fcr Planung, Umwelt Bauen am Mittwochabend (26. November) einstimmig beschlossen.<\/p>\n<p>Eine Sanierung des mehr als 50 Jahre alten Hallenbades macht aus Sicht der Verwaltung keinen Sinn, erkl\u00e4rte der Technische Dezernent Tobias Janseps. \u201eF\u00fcr das Schwimmbad liegen gravierende statisch-konstruktive M\u00e4ngel vor. Besonders im Bereich der Becken aus Stahlbetonfertigteilen ist keine dauerhafte Abdichtung mehr m\u00f6glich.\u201c Deshalb sollte von weiteren Sanierungsma\u00dfnahmen des Bades abgesehen und daf\u00fcr ein Neubau am Standort Auf dem Pfennig geplant werden, f\u00fchrte Janseps weiter aus. &nbsp;<\/p>\n<p>Wenn nachgewiesen werden kann, dass ein Ersatzneubau wirtschaftlicher und g\u00fcnstiger ist als eine Sanierung des alten Bades und dar\u00fcber hinaus die Planung in ein \u00fcbergeordnetes st\u00e4dtebauliches Konzept eingebettet werde, w\u00fcrden solche Ersatzbauten gef\u00f6rdert, berichtete Janseps. Alle vom Bund geforderten Voraussetzungen f\u00fcr eine F\u00f6rderung eines Hallenbadersatzbaus w\u00fcrden erf\u00fcllt.<\/p>\n<p>Deshalb hatte die Verwaltung die Zielrichtung eines Fraktionsantrags zur Sanierung des Hallenbades angepasst und drei Varianten f\u00fcr einen Ersatzneubau des in die Jahre gekommenen Hallenbades erarbeitet. &nbsp;&nbsp;<\/p>\n<p>Der von der Verwaltung favorisierte Vorschlag ist nicht nur die kosteng\u00fcnstigste der drei Varianten, sondern erf\u00fcllt auch die vom Kultusministerium f\u00fcr Schulen definierten Ziele des \u201esicheren Schwimmens\u201c. Das Bad soll f\u00fcnf Bahnen, ein 1-Meter-Sprungbrett- und einen 3-Meter-Sprungturm und insgesamt eine Wasserfl\u00e4che von 25 x 12,5 m bekommen. Bei dieser Variante kann parallel zum Schulschwimmen sowohl der Vereins- als auch der \u00f6ffentliche Badebetrieb stattfinden. Daf\u00fcr w\u00fcrden f\u00f6rderf\u00e4hige Kosten in H\u00f6he von rund 17,7 Millionen Euro anfallen. Bei einer F\u00f6rderquote von 45 Prozent ergibt sich ein F\u00f6rderbetrag von knapp 8 Millionen Euro. Dem Vorschlag der Verwaltung stimmte der Ausschuss zu.<\/p>\n<p>Der Wunsch einer Fraktion, ein neues Hallenbad in der N\u00e4he des Naturfreibads zu errichten, sei nicht realisierbar, erkl\u00e4rte Janseps. Denn dort handele es sich um Fl\u00e4chen im Landschaftsschutzgebiet. \u201eDieser Bereich ist tabu\u201c, so der Technische Beigeordnete.<\/p>\n<p><strong>Sanierung des Kunstrasens auf der HHG-Schulsportanlage<\/strong><\/p>\n<p>Neben dem F\u00f6rderantrag f\u00fcr einen Ersatzneubau des Hallenbades wird die Stadt beim Bund auch F\u00f6rdermittel f\u00fcr die Sanierung des Kunstrasens auf dem Sportplatz des Heinrich-Heine-Gymnasiums beantragen.<\/p>\n","protected":false},"excerpt":{"rendered":"<p>F\u00fcr den Neubau eines Hallenbades wird die Stadt F\u00f6rdermittel im Rahmen des Bundesprogramms \u201eSanierung kommunaler Sportst\u00e4tten\u201c beantragen. Bis Mitte Januar 2026 soll der F\u00f6rderantrag mit einer Projektskizze, die der Rat noch \u201eabsegnen\u201c muss, eingereicht werden&#8230;.<\/p>\n","protected":false},"author":2,"featured_media":35008,"comment_status":"closed","ping_status":"closed","sticky":false,"template":"","format":"standard","meta":{"ngg_post_thumbnail":0,"footnotes":""},"categories":[1],"tags":[1013,34,5024,4,5023],"class_list":["post-56336","post","type-post","status-publish","format-standard","has-post-thumbnail","hentry","category-allgemein","tag-auf-dem-pfennig","tag-hallenbad","tag-hhg-kunstrasen","tag-mettmann","tag-sanierung-kommunaler-sportstaetten"],"yoast_head":"<!-- This site is optimized with the Yoast SEO plugin v27.2 - https:\/\/yoast.com\/product\/yoast-seo-wordpress\/ -->\n<title>Stadt beantragt Bundesf\u00f6rdermittel f\u00fcr den Neubau eines Hallenbades<\/title>\n<meta name=\"robots\" content=\"index, follow, max-snippet:-1, max-image-preview:large, max-video-preview:-1\" \/>\n<link rel=\"canonical\" href=\"https:\/\/www.mettmann.de\/web\/stadt-beantragt-bundesfoerdermittel-fuer-den-neubau-eines-hallenbades\/\" \/>\n<meta property=\"og:locale\" content=\"de_DE\" \/>\n<meta property=\"og:type\" content=\"article\" \/>\n<meta property=\"og:title\" content=\"Stadt beantragt Bundesf\u00f6rdermittel f\u00fcr den Neubau eines Hallenbades\" \/>\n<meta property=\"og:description\" content=\"F\u00fcr den Neubau eines Hallenbades wird die Stadt F\u00f6rdermittel im Rahmen des Bundesprogramms \u201eSanierung kommunaler Sportst\u00e4tten\u201c beantragen. Bis Mitte Januar 2026 soll der F\u00f6rderantrag mit einer Projektskizze, die der Rat noch \u201eabsegnen\u201c muss, eingereicht werden....\" \/>\n<meta property=\"og:url\" content=\"https:\/\/www.mettmann.de\/web\/stadt-beantragt-bundesfoerdermittel-fuer-den-neubau-eines-hallenbades\/\" \/>\n<meta property=\"og:site_name\" content=\"Stadtverwaltung Mettmann\" \/>\n<meta property=\"article:publisher\" content=\"https:\/\/www.facebook.com\/kreisstadt.mettmann\" \/>\n<meta property=\"article:published_time\" content=\"2025-11-27T14:35:45+00:00\" \/>\n<meta property=\"og:image\" content=\"https:\/\/www.mettmann.de\/web\/wp-content\/uploads\/2023\/11\/Hallenbad-Nov-2023-scaled.jpg\" \/>\n\t<meta property=\"og:image:width\" content=\"2560\" \/>\n\t<meta property=\"og:image:height\" content=\"1920\" \/>\n\t<meta property=\"og:image:type\" content=\"image\/jpeg\" \/>\n<meta name=\"author\" content=\"LekiesT\" \/>\n<meta name=\"twitter:card\" content=\"summary_large_image\" \/>\n<meta name=\"twitter:label1\" content=\"Verfasst von\" \/>\n\t<meta name=\"twitter:data1\" content=\"LekiesT\" \/>\n\t<meta name=\"twitter:label2\" content=\"Gesch\u00e4tzte Lesezeit\" \/>\n\t<meta name=\"twitter:data2\" content=\"3\u00a0Minuten\" \/>\n<script type=\"application\/ld+json\" class=\"yoast-schema-graph\">{\"@context\":\"https:\/\/schema.org\",\"@graph\":[{\"@type\":\"Article\",\"@id\":\"https:\/\/www.mettmann.de\/web\/stadt-beantragt-bundesfoerdermittel-fuer-den-neubau-eines-hallenbades\/#article\",\"isPartOf\":{\"@id\":\"https:\/\/www.mettmann.de\/web\/stadt-beantragt-bundesfoerdermittel-fuer-den-neubau-eines-hallenbades\/\"},\"author\":{\"name\":\"LekiesT\",\"@id\":\"https:\/\/www.mettmann.de\/web\/#\/schema\/person\/c0deeeba8d377efe8e769dc7f56c2292\"},\"headline\":\"Stadt beantragt Bundesf\u00f6rdermittel f\u00fcr den Neubau eines Hallenbades\",\"datePublished\":\"2025-11-27T14:35:45+00:00\",\"mainEntityOfPage\":{\"@id\":\"https:\/\/www.mettmann.de\/web\/stadt-beantragt-bundesfoerdermittel-fuer-den-neubau-eines-hallenbades\/\"},\"wordCount\":400,\"publisher\":{\"@id\":\"https:\/\/www.mettmann.de\/web\/#organization\"},\"image\":{\"@id\":\"https:\/\/www.mettmann.de\/web\/stadt-beantragt-bundesfoerdermittel-fuer-den-neubau-eines-hallenbades\/#primaryimage\"},\"thumbnailUrl\":\"https:\/\/www.mettmann.de\/web\/wp-content\/uploads\/2023\/11\/Hallenbad-Nov-2023-scaled.jpg\",\"keywords\":[\"Auf dem Pfennig\",\"Hallenbad\",\"HHG-Kunstrasen\",\"Mettmann\",\"Sanierung kommunaler Sportst\u00e4tten\"],\"inLanguage\":\"de\"},{\"@type\":\"WebPage\",\"@id\":\"https:\/\/www.mettmann.de\/web\/stadt-beantragt-bundesfoerdermittel-fuer-den-neubau-eines-hallenbades\/\",\"url\":\"https:\/\/www.mettmann.de\/web\/stadt-beantragt-bundesfoerdermittel-fuer-den-neubau-eines-hallenbades\/\",\"name\":\"Stadt beantragt Bundesf\u00f6rdermittel f\u00fcr den Neubau eines Hallenbades\",\"isPartOf\":{\"@id\":\"https:\/\/www.mettmann.de\/web\/#website\"},\"primaryImageOfPage\":{\"@id\":\"https:\/\/www.mettmann.de\/web\/stadt-beantragt-bundesfoerdermittel-fuer-den-neubau-eines-hallenbades\/#primaryimage\"},\"image\":{\"@id\":\"https:\/\/www.mettmann.de\/web\/stadt-beantragt-bundesfoerdermittel-fuer-den-neubau-eines-hallenbades\/#primaryimage\"},\"thumbnailUrl\":\"https:\/\/www.mettmann.de\/web\/wp-content\/uploads\/2023\/11\/Hallenbad-Nov-2023-scaled.jpg\",\"datePublished\":\"2025-11-27T14:35:45+00:00\",\"breadcrumb\":{\"@id\":\"https:\/\/www.mettmann.de\/web\/stadt-beantragt-bundesfoerdermittel-fuer-den-neubau-eines-hallenbades\/#breadcrumb\"},\"inLanguage\":\"de\",\"potentialAction\":[{\"@type\":\"ReadAction\",\"target\":[\"https:\/\/www.mettmann.de\/web\/stadt-beantragt-bundesfoerdermittel-fuer-den-neubau-eines-hallenbades\/\"]}]},{\"@type\":\"ImageObject\",\"inLanguage\":\"de\",\"@id\":\"https:\/\/www.mettmann.de\/web\/stadt-beantragt-bundesfoerdermittel-fuer-den-neubau-eines-hallenbades\/#primaryimage\",\"url\":\"https:\/\/www.mettmann.de\/web\/wp-content\/uploads\/2023\/11\/Hallenbad-Nov-2023-scaled.jpg\",\"contentUrl\":\"https:\/\/www.mettmann.de\/web\/wp-content\/uploads\/2023\/11\/Hallenbad-Nov-2023-scaled.jpg\",\"width\":2560,\"height\":1920,\"caption\":\"Von einer Sanierung des alten Hallenbades r\u00e4t die Fachverwaltung wegen gravierender M\u00e4ngel ab. (Foto: Kreisstadt Mettmann)\"},{\"@type\":\"BreadcrumbList\",\"@id\":\"https:\/\/www.mettmann.de\/web\/stadt-beantragt-bundesfoerdermittel-fuer-den-neubau-eines-hallenbades\/#breadcrumb\",\"itemListElement\":[{\"@type\":\"ListItem\",\"position\":1,\"name\":\"Startseite\",\"item\":\"https:\/\/www.mettmann.de\/web\/\"},{\"@type\":\"ListItem\",\"position\":2,\"name\":\"Stadt beantragt Bundesf\u00f6rdermittel f\u00fcr den Neubau eines Hallenbades\"}]},{\"@type\":\"WebSite\",\"@id\":\"https:\/\/www.mettmann.de\/web\/#website\",\"url\":\"https:\/\/www.mettmann.de\/web\/\",\"name\":\"Stadtverwaltung Mettmann\",\"description\":\"Internetseite der Kreisstadt Mettmann\",\"publisher\":{\"@id\":\"https:\/\/www.mettmann.de\/web\/#organization\"},\"potentialAction\":[{\"@type\":\"SearchAction\",\"target\":{\"@type\":\"EntryPoint\",\"urlTemplate\":\"https:\/\/www.mettmann.de\/web\/?s={search_term_string}\"},\"query-input\":{\"@type\":\"PropertyValueSpecification\",\"valueRequired\":true,\"valueName\":\"search_term_string\"}}],\"inLanguage\":\"de\"},{\"@type\":\"Organization\",\"@id\":\"https:\/\/www.mettmann.de\/web\/#organization\",\"name\":\"Kreisstadt Mettmann\",\"url\":\"https:\/\/www.mettmann.de\/web\/\",\"logo\":{\"@type\":\"ImageObject\",\"inLanguage\":\"de\",\"@id\":\"https:\/\/www.mettmann.de\/web\/#\/schema\/logo\/image\/\",\"url\":\"https:\/\/www.mettmann.de\/web\/wp-content\/uploads\/2019\/08\/Kreisstadt_Mettmann_Logo_RGB_150dpi.png\",\"contentUrl\":\"https:\/\/www.mettmann.de\/web\/wp-content\/uploads\/2019\/08\/Kreisstadt_Mettmann_Logo_RGB_150dpi.png\",\"width\":1302,\"height\":191,\"caption\":\"Kreisstadt Mettmann\"},\"image\":{\"@id\":\"https:\/\/www.mettmann.de\/web\/#\/schema\/logo\/image\/\"},\"sameAs\":[\"https:\/\/www.facebook.com\/kreisstadt.mettmann\",\"https:\/\/de.wikipedia.org\/wiki\/Mettmann\"]},{\"@type\":\"Person\",\"@id\":\"https:\/\/www.mettmann.de\/web\/#\/schema\/person\/c0deeeba8d377efe8e769dc7f56c2292\",\"name\":\"LekiesT\"}]}<\/script>\n<!-- \/ Yoast SEO plugin. -->","yoast_head_json":{"title":"Stadt beantragt Bundesf\u00f6rdermittel f\u00fcr den Neubau eines Hallenbades","robots":{"index":"index","follow":"follow","max-snippet":"max-snippet:-1","max-image-preview":"max-image-preview:large","max-video-preview":"max-video-preview:-1"},"canonical":"https:\/\/www.mettmann.de\/web\/stadt-beantragt-bundesfoerdermittel-fuer-den-neubau-eines-hallenbades\/","og_locale":"de_DE","og_type":"article","og_title":"Stadt beantragt Bundesf\u00f6rdermittel f\u00fcr den Neubau eines Hallenbades","og_description":"F\u00fcr den Neubau eines Hallenbades wird die Stadt F\u00f6rdermittel im Rahmen des Bundesprogramms \u201eSanierung kommunaler Sportst\u00e4tten\u201c beantragen. Bis Mitte Januar 2026 soll der F\u00f6rderantrag mit einer Projektskizze, die der Rat noch \u201eabsegnen\u201c muss, eingereicht werden....","og_url":"https:\/\/www.mettmann.de\/web\/stadt-beantragt-bundesfoerdermittel-fuer-den-neubau-eines-hallenbades\/","og_site_name":"Stadtverwaltung Mettmann","article_publisher":"https:\/\/www.facebook.com\/kreisstadt.mettmann","article_published_time":"2025-11-27T14:35:45+00:00","og_image":[{"width":2560,"height":1920,"url":"https:\/\/www.mettmann.de\/web\/wp-content\/uploads\/2023\/11\/Hallenbad-Nov-2023-scaled.jpg","type":"image\/jpeg"}],"author":"LekiesT","twitter_card":"summary_large_image","twitter_misc":{"Verfasst von":"LekiesT","Gesch\u00e4tzte Lesezeit":"3\u00a0Minuten"},"schema":{"@context":"https:\/\/schema.org","@graph":[{"@type":"Article","@id":"https:\/\/www.mettmann.de\/web\/stadt-beantragt-bundesfoerdermittel-fuer-den-neubau-eines-hallenbades\/#article","isPartOf":{"@id":"https:\/\/www.mettmann.de\/web\/stadt-beantragt-bundesfoerdermittel-fuer-den-neubau-eines-hallenbades\/"},"author":{"name":"LekiesT","@id":"https:\/\/www.mettmann.de\/web\/#\/schema\/person\/c0deeeba8d377efe8e769dc7f56c2292"},"headline":"Stadt beantragt Bundesf\u00f6rdermittel f\u00fcr den Neubau eines Hallenbades","datePublished":"2025-11-27T14:35:45+00:00","mainEntityOfPage":{"@id":"https:\/\/www.mettmann.de\/web\/stadt-beantragt-bundesfoerdermittel-fuer-den-neubau-eines-hallenbades\/"},"wordCount":400,"publisher":{"@id":"https:\/\/www.mettmann.de\/web\/#organization"},"image":{"@id":"https:\/\/www.mettmann.de\/web\/stadt-beantragt-bundesfoerdermittel-fuer-den-neubau-eines-hallenbades\/#primaryimage"},"thumbnailUrl":"https:\/\/www.mettmann.de\/web\/wp-content\/uploads\/2023\/11\/Hallenbad-Nov-2023-scaled.jpg","keywords":["Auf dem Pfennig","Hallenbad","HHG-Kunstrasen","Mettmann","Sanierung kommunaler Sportst\u00e4tten"],"inLanguage":"de"},{"@type":"WebPage","@id":"https:\/\/www.mettmann.de\/web\/stadt-beantragt-bundesfoerdermittel-fuer-den-neubau-eines-hallenbades\/","url":"https:\/\/www.mettmann.de\/web\/stadt-beantragt-bundesfoerdermittel-fuer-den-neubau-eines-hallenbades\/","name":"Stadt beantragt Bundesf\u00f6rdermittel f\u00fcr den Neubau eines Hallenbades","isPartOf":{"@id":"https:\/\/www.mettmann.de\/web\/#website"},"primaryImageOfPage":{"@id":"https:\/\/www.mettmann.de\/web\/stadt-beantragt-bundesfoerdermittel-fuer-den-neubau-eines-hallenbades\/#primaryimage"},"image":{"@id":"https:\/\/www.mettmann.de\/web\/stadt-beantragt-bundesfoerdermittel-fuer-den-neubau-eines-hallenbades\/#primaryimage"},"thumbnailUrl":"https:\/\/www.mettmann.de\/web\/wp-content\/uploads\/2023\/11\/Hallenbad-Nov-2023-scaled.jpg","datePublished":"2025-11-27T14:35:45+00:00","breadcrumb":{"@id":"https:\/\/www.mettmann.de\/web\/stadt-beantragt-bundesfoerdermittel-fuer-den-neubau-eines-hallenbades\/#breadcrumb"},"inLanguage":"de","potentialAction":[{"@type":"ReadAction","target":["https:\/\/www.mettmann.de\/web\/stadt-beantragt-bundesfoerdermittel-fuer-den-neubau-eines-hallenbades\/"]}]},{"@type":"ImageObject","inLanguage":"de","@id":"https:\/\/www.mettmann.de\/web\/stadt-beantragt-bundesfoerdermittel-fuer-den-neubau-eines-hallenbades\/#primaryimage","url":"https:\/\/www.mettmann.de\/web\/wp-content\/uploads\/2023\/11\/Hallenbad-Nov-2023-scaled.jpg","contentUrl":"https:\/\/www.mettmann.de\/web\/wp-content\/uploads\/2023\/11\/Hallenbad-Nov-2023-scaled.jpg","width":2560,"height":1920,"caption":"Von einer Sanierung des alten Hallenbades r\u00e4t die Fachverwaltung wegen gravierender M\u00e4ngel ab. (Foto: Kreisstadt Mettmann)"},{"@type":"BreadcrumbList","@id":"https:\/\/www.mettmann.de\/web\/stadt-beantragt-bundesfoerdermittel-fuer-den-neubau-eines-hallenbades\/#breadcrumb","itemListElement":[{"@type":"ListItem","position":1,"name":"Startseite","item":"https:\/\/www.mettmann.de\/web\/"},{"@type":"ListItem","position":2,"name":"Stadt beantragt Bundesf\u00f6rdermittel f\u00fcr den Neubau eines Hallenbades"}]},{"@type":"WebSite","@id":"https:\/\/www.mettmann.de\/web\/#website","url":"https:\/\/www.mettmann.de\/web\/","name":"Stadtverwaltung Mettmann","description":"Internetseite der Kreisstadt Mettmann","publisher":{"@id":"https:\/\/www.mettmann.de\/web\/#organization"},"potentialAction":[{"@type":"SearchAction","target":{"@type":"EntryPoint","urlTemplate":"https:\/\/www.mettmann.de\/web\/?s={search_term_string}"},"query-input":{"@type":"PropertyValueSpecification","valueRequired":true,"valueName":"search_term_string"}}],"inLanguage":"de"},{"@type":"Organization","@id":"https:\/\/www.mettmann.de\/web\/#organization","name":"Kreisstadt Mettmann","url":"https:\/\/www.mettmann.de\/web\/","logo":{"@type":"ImageObject","inLanguage":"de","@id":"https:\/\/www.mettmann.de\/web\/#\/schema\/logo\/image\/","url":"https:\/\/www.mettmann.de\/web\/wp-content\/uploads\/2019\/08\/Kreisstadt_Mettmann_Logo_RGB_150dpi.png","contentUrl":"https:\/\/www.mettmann.de\/web\/wp-content\/uploads\/2019\/08\/Kreisstadt_Mettmann_Logo_RGB_150dpi.png","width":1302,"height":191,"caption":"Kreisstadt Mettmann"},"image":{"@id":"https:\/\/www.mettmann.de\/web\/#\/schema\/logo\/image\/"},"sameAs":["https:\/\/www.facebook.com\/kreisstadt.mettmann","https:\/\/de.wikipedia.org\/wiki\/Mettmann"]},{"@type":"Person","@id":"https:\/\/www.mettmann.de\/web\/#\/schema\/person\/c0deeeba8d377efe8e769dc7f56c2292","name":"LekiesT"}]}},"_links":{"self":[{"href":"https:\/\/www.mettmann.de\/web\/wp-json\/wp\/v2\/posts\/56336","targetHints":{"allow":["GET"]}}],"collection":[{"href":"https:\/\/www.mettmann.de\/web\/wp-json\/wp\/v2\/posts"}],"about":[{"href":"https:\/\/www.mettmann.de\/web\/wp-json\/wp\/v2\/types\/post"}],"author":[{"embeddable":true,"href":"https:\/\/www.mettmann.de\/web\/wp-json\/wp\/v2\/users\/2"}],"replies":[{"embeddable":true,"href":"https:\/\/www.mettmann.de\/web\/wp-json\/wp\/v2\/comments?post=56336"}],"version-history":[{"count":2,"href":"https:\/\/www.mettmann.de\/web\/wp-json\/wp\/v2\/posts\/56336\/revisions"}],"predecessor-version":[{"id":56341,"href":"https:\/\/www.mettmann.de\/web\/wp-json\/wp\/v2\/posts\/56336\/revisions\/56341"}],"wp:featuredmedia":[{"embeddable":true,"href":"https:\/\/www.mettmann.de\/web\/wp-json\/wp\/v2\/media\/35008"}],"wp:attachment":[{"href":"https:\/\/www.mettmann.de\/web\/wp-json\/wp\/v2\/media?parent=56336"}],"wp:term":[{"taxonomy":"category","embeddable":true,"href":"https:\/\/www.mettmann.de\/web\/wp-json\/wp\/v2\/categories?post=56336"},{"taxonomy":"post_tag","embeddable":true,"href":"https:\/\/www.mettmann.de\/web\/wp-json\/wp\/v2\/tags?post=56336"}],"curies":[{"name":"wp","href":"https:\/\/api.w.org\/{rel}","templated":true}]}}