{"id":56438,"date":"2025-12-03T12:16:39","date_gmt":"2025-12-03T11:16:39","guid":{"rendered":"https:\/\/www.mettmann.de\/web\/?p=56438"},"modified":"2025-12-03T12:20:26","modified_gmt":"2025-12-03T11:20:26","slug":"mireille-coupard-zu-besuch-bei-buergermeister-andre-baer","status":"publish","type":"post","link":"https:\/\/www.mettmann.de\/web\/mireille-coupard-zu-besuch-bei-buergermeister-andre-baer\/","title":{"rendered":"Mireille Coupard zu Besuch bei B\u00fcrgermeister Andr\u00e9 B\u00e4r"},"content":{"rendered":"<p>Alle Jahre wieder ist Mireille Coupard aus der franz\u00f6sischen Partnerstadt Laval in Mettmann, wenn der Blotschenmarkt er\u00f6ffnet wird. Die Vorsitzende des Partnerschaftsvereins Laval-Mettmann genie\u00dft Jahr f\u00fcr Jahr die sch\u00f6ne Atmosph\u00e4re des Weihnachtsmarktes rund um St. Lambertus. Und dann muss sie aber auch noch deutsche Spezialit\u00e4ten f\u00fcr den Weihnachtsmarkt in Laval besorgen: Grillw\u00fcrstchen, Weihnachtsstollen und vieles mehr, was die Franzosen lieben, wenn sie den March\u00e9 de No\u00ebl besuchen, packt sie in ihr Auto und nimmt es mit nach Laval.<\/p>\n<p>Den Gl\u00fchwein hat sie liefern lassen, es sind einige Kanister. Im vergangenen Jahr hielt der Vorrat nicht bis zum Ende des Weihnachtsmarktes. \u201eWir haben dann mit franz\u00f6sischem Rotwein Gl\u00fchwein selbst hergestellt. Aber der hat keinem so richtig geschmeckt\u201c, berichtete Mireille Coupard mit einem herzhaften Lachen bei ihrem Antrittsbesuch bei B\u00fcrgermeister Andr\u00e9 B\u00e4r.<\/p>\n<p>Im Austausch mit der Vorsitzenden des Lavaler Freundschaftsvereins erkl\u00e4rte B\u00fcrgermeister B\u00e4r, dass er die St\u00e4dtepartnerschaft unterst\u00fctzen und f\u00f6rdern will. Wenn im kommenden Jahr auf Einladung des Mettmanner Freundschaftskreises Lavaler \u00fcber Himmelfahrt nach Mettmann kommen, m\u00f6chte er sie gerne pers\u00f6nlich treffen und begr\u00fc\u00dfen. Und er m\u00f6chte mit der Familie auch nach Laval mitzufahren, um die Stadt kennenzulernen, Kontakte zu kn\u00fcpfen und seinen Amtskollegen Florian Bercault kennenzulernen.<\/p>\n<p><strong>Drei junge Lavaler suchen f\u00fcr ein dreiw\u00f6chiges<br \/>\nPraktikum im M\u00e4rz 2026 Betriebe in Mettmann<\/strong><\/p>\n<p>Im kommenden Jahr planen die beiden Freundschaftsvereine, drei junge Lavaler Sch\u00fcler des Lyc\u00e9e Robert Buron, die eine Ausbildung im Handels- und Vertriebsbereich machen, f\u00fcr ein dreiw\u00f6chiges Praktikum vom 2. bis zum 20. M\u00e4rz in Mettmanner Betrieben unterzubringen. Auf der Suche nach Unternehmen wird B\u00fcrgermeister B\u00e4r den Mettmanner Freundeskreis unterst\u00fctzen. Die Jugendlichen, die nach Mettmann kommen wollen, sind 17, 18 Jahre alt. Sie sollen nach M\u00f6glichkeit privat untergebracht werden, um das Alltagseben in einer deutschen Familie kennenzulernen. Zwei Jugendliche sprechen ein wenig Deutsch, alle k\u00f6nnen Englisch.<\/p>\n<p>Das Lyc\u00e9e Robert Buron k\u00fcmmert sich um die administrative und p\u00e4dagogische Betreuung, steht w\u00e4hrend des gesamten Aufenthalts in Kontakt mit den Unternehmen und den Sch\u00fclern und unterst\u00fctzt die Vorbereitungen vor der Abreise.<\/p>\n<p>Unternehmen und Familien in Mettmann, die bereit sind, die jungen Franzosen f\u00fcr drei Wochen aufzunehmen, k\u00f6nnen sich beim Freundschaftsverein Mettmann Laval melden: Franck Schneider, E-Mail: <a href=\"mailto:schneiderfranck@yahoo.fr\">schneiderfranck@yahoo.fr<\/a>, Josef Dann, E-Mail: <a href=\"mailto:dannohg@arcor.de\">dannohg@arcor.de<\/a> oder bei Sigrid G\u00fcnther, E-Mail: <a href=\"mailto:sigridguenther@googlemail.com\">sigridguenther@googlemail.com<\/a>.<\/p>\n<p>Die Kosten f\u00fcr das dreiw\u00f6chige Praktikum der drei jungen Lavaler wird \u00fcber das von der Europ\u00e4ischen Union gef\u00f6rderte Erasmus-Programm getragen.<\/p>\n","protected":false},"excerpt":{"rendered":"<p>Alle Jahre wieder ist Mireille Coupard aus der franz\u00f6sischen Partnerstadt Laval in Mettmann, wenn der Blotschenmarkt er\u00f6ffnet wird. Die Vorsitzende des Partnerschaftsvereins Laval-Mettmann genie\u00dft Jahr f\u00fcr Jahr die sch\u00f6ne Atmosph\u00e4re des Weihnachtsmarktes rund um St&#8230;.<\/p>\n","protected":false},"author":2,"featured_media":56472,"comment_status":"closed","ping_status":"closed","sticky":false,"template":"","format":"standard","meta":{"ngg_post_thumbnail":0,"footnotes":""},"categories":[1],"tags":[5032,289,4,5031,300],"class_list":["post-56438","post","type-post","status-publish","format-standard","has-post-thumbnail","hentry","category-allgemein","tag-freundeskreis-mettmann-laval","tag-laval","tag-mettmann","tag-mireille-coupard","tag-staedtepartnerschaft"],"yoast_head":"<!-- This site is optimized with the Yoast SEO plugin v27.2 - https:\/\/yoast.com\/product\/yoast-seo-wordpress\/ -->\n<title>Mireille Coupard zu Besuch bei B\u00fcrgermeister Andr\u00e9 B\u00e4r<\/title>\n<meta name=\"robots\" content=\"index, follow, max-snippet:-1, max-image-preview:large, max-video-preview:-1\" \/>\n<link rel=\"canonical\" href=\"https:\/\/www.mettmann.de\/web\/mireille-coupard-zu-besuch-bei-buergermeister-andre-baer\/\" \/>\n<meta property=\"og:locale\" content=\"de_DE\" \/>\n<meta property=\"og:type\" content=\"article\" \/>\n<meta property=\"og:title\" content=\"Mireille Coupard zu Besuch bei B\u00fcrgermeister Andr\u00e9 B\u00e4r\" \/>\n<meta property=\"og:description\" content=\"Alle Jahre wieder ist Mireille Coupard aus der franz\u00f6sischen Partnerstadt Laval in Mettmann, wenn der Blotschenmarkt er\u00f6ffnet wird. Die Vorsitzende des Partnerschaftsvereins Laval-Mettmann genie\u00dft Jahr f\u00fcr Jahr die sch\u00f6ne Atmosph\u00e4re des Weihnachtsmarktes rund um St....\" \/>\n<meta property=\"og:url\" content=\"https:\/\/www.mettmann.de\/web\/mireille-coupard-zu-besuch-bei-buergermeister-andre-baer\/\" \/>\n<meta property=\"og:site_name\" content=\"Stadtverwaltung Mettmann\" \/>\n<meta property=\"article:publisher\" content=\"https:\/\/www.facebook.com\/kreisstadt.mettmann\" \/>\n<meta property=\"article:published_time\" content=\"2025-12-03T11:16:39+00:00\" \/>\n<meta property=\"article:modified_time\" content=\"2025-12-03T11:20:26+00:00\" \/>\n<meta property=\"og:image\" content=\"https:\/\/www.mettmann.de\/web\/wp-content\/uploads\/2025\/12\/Mireille-Coupard-besucht-Buergermeister-Andre-Baer-Dez.-2025-2-scaled.jpg\" \/>\n\t<meta property=\"og:image:width\" content=\"2560\" \/>\n\t<meta property=\"og:image:height\" content=\"1551\" \/>\n\t<meta property=\"og:image:type\" content=\"image\/jpeg\" \/>\n<meta name=\"author\" content=\"LekiesT\" \/>\n<meta name=\"twitter:card\" content=\"summary_large_image\" \/>\n<meta name=\"twitter:label1\" content=\"Verfasst von\" \/>\n\t<meta name=\"twitter:data1\" content=\"LekiesT\" \/>\n\t<meta name=\"twitter:label2\" content=\"Gesch\u00e4tzte Lesezeit\" \/>\n\t<meta name=\"twitter:data2\" content=\"3\u00a0Minuten\" \/>\n<script type=\"application\/ld+json\" class=\"yoast-schema-graph\">{\"@context\":\"https:\/\/schema.org\",\"@graph\":[{\"@type\":\"Article\",\"@id\":\"https:\/\/www.mettmann.de\/web\/mireille-coupard-zu-besuch-bei-buergermeister-andre-baer\/#article\",\"isPartOf\":{\"@id\":\"https:\/\/www.mettmann.de\/web\/mireille-coupard-zu-besuch-bei-buergermeister-andre-baer\/\"},\"author\":{\"name\":\"LekiesT\",\"@id\":\"https:\/\/www.mettmann.de\/web\/#\/schema\/person\/c0deeeba8d377efe8e769dc7f56c2292\"},\"headline\":\"Mireille Coupard zu Besuch bei B\u00fcrgermeister Andr\u00e9 B\u00e4r\",\"datePublished\":\"2025-12-03T11:16:39+00:00\",\"dateModified\":\"2025-12-03T11:20:26+00:00\",\"mainEntityOfPage\":{\"@id\":\"https:\/\/www.mettmann.de\/web\/mireille-coupard-zu-besuch-bei-buergermeister-andre-baer\/\"},\"wordCount\":445,\"publisher\":{\"@id\":\"https:\/\/www.mettmann.de\/web\/#organization\"},\"image\":{\"@id\":\"https:\/\/www.mettmann.de\/web\/mireille-coupard-zu-besuch-bei-buergermeister-andre-baer\/#primaryimage\"},\"thumbnailUrl\":\"https:\/\/www.mettmann.de\/web\/wp-content\/uploads\/2025\/12\/Mireille-Coupard-besucht-Buergermeister-Andre-Baer-Dez.-2025-2-scaled.jpg\",\"keywords\":[\"Freundeskreis Mettmann-Laval\",\"Laval\",\"Mettmann\",\"Mireille Coupard\",\"St\u00e4dtepartnerschaft\"],\"inLanguage\":\"de\"},{\"@type\":\"WebPage\",\"@id\":\"https:\/\/www.mettmann.de\/web\/mireille-coupard-zu-besuch-bei-buergermeister-andre-baer\/\",\"url\":\"https:\/\/www.mettmann.de\/web\/mireille-coupard-zu-besuch-bei-buergermeister-andre-baer\/\",\"name\":\"Mireille Coupard zu Besuch bei B\u00fcrgermeister Andr\u00e9 B\u00e4r\",\"isPartOf\":{\"@id\":\"https:\/\/www.mettmann.de\/web\/#website\"},\"primaryImageOfPage\":{\"@id\":\"https:\/\/www.mettmann.de\/web\/mireille-coupard-zu-besuch-bei-buergermeister-andre-baer\/#primaryimage\"},\"image\":{\"@id\":\"https:\/\/www.mettmann.de\/web\/mireille-coupard-zu-besuch-bei-buergermeister-andre-baer\/#primaryimage\"},\"thumbnailUrl\":\"https:\/\/www.mettmann.de\/web\/wp-content\/uploads\/2025\/12\/Mireille-Coupard-besucht-Buergermeister-Andre-Baer-Dez.-2025-2-scaled.jpg\",\"datePublished\":\"2025-12-03T11:16:39+00:00\",\"dateModified\":\"2025-12-03T11:20:26+00:00\",\"breadcrumb\":{\"@id\":\"https:\/\/www.mettmann.de\/web\/mireille-coupard-zu-besuch-bei-buergermeister-andre-baer\/#breadcrumb\"},\"inLanguage\":\"de\",\"potentialAction\":[{\"@type\":\"ReadAction\",\"target\":[\"https:\/\/www.mettmann.de\/web\/mireille-coupard-zu-besuch-bei-buergermeister-andre-baer\/\"]}]},{\"@type\":\"ImageObject\",\"inLanguage\":\"de\",\"@id\":\"https:\/\/www.mettmann.de\/web\/mireille-coupard-zu-besuch-bei-buergermeister-andre-baer\/#primaryimage\",\"url\":\"https:\/\/www.mettmann.de\/web\/wp-content\/uploads\/2025\/12\/Mireille-Coupard-besucht-Buergermeister-Andre-Baer-Dez.-2025-2-scaled.jpg\",\"contentUrl\":\"https:\/\/www.mettmann.de\/web\/wp-content\/uploads\/2025\/12\/Mireille-Coupard-besucht-Buergermeister-Andre-Baer-Dez.-2025-2-scaled.jpg\",\"width\":2560,\"height\":1551,\"caption\":\"Mireille Coupard hat B\u00fcrgermeister Andr\u00e9 B\u00e4r einen Bildband \u00fcber den Fluss Mayenne geschenkt, der durch Laval flie\u00dft und dem Departement, zu dem auch Mettmanns Partnerstadt geh\u00f6rt, seinen Namen gegeben hat. (Foto: Kreisstadt Mettmann)\"},{\"@type\":\"BreadcrumbList\",\"@id\":\"https:\/\/www.mettmann.de\/web\/mireille-coupard-zu-besuch-bei-buergermeister-andre-baer\/#breadcrumb\",\"itemListElement\":[{\"@type\":\"ListItem\",\"position\":1,\"name\":\"Startseite\",\"item\":\"https:\/\/www.mettmann.de\/web\/\"},{\"@type\":\"ListItem\",\"position\":2,\"name\":\"Mireille Coupard zu Besuch bei B\u00fcrgermeister Andr\u00e9 B\u00e4r\"}]},{\"@type\":\"WebSite\",\"@id\":\"https:\/\/www.mettmann.de\/web\/#website\",\"url\":\"https:\/\/www.mettmann.de\/web\/\",\"name\":\"Stadtverwaltung Mettmann\",\"description\":\"Internetseite der Kreisstadt Mettmann\",\"publisher\":{\"@id\":\"https:\/\/www.mettmann.de\/web\/#organization\"},\"potentialAction\":[{\"@type\":\"SearchAction\",\"target\":{\"@type\":\"EntryPoint\",\"urlTemplate\":\"https:\/\/www.mettmann.de\/web\/?s={search_term_string}\"},\"query-input\":{\"@type\":\"PropertyValueSpecification\",\"valueRequired\":true,\"valueName\":\"search_term_string\"}}],\"inLanguage\":\"de\"},{\"@type\":\"Organization\",\"@id\":\"https:\/\/www.mettmann.de\/web\/#organization\",\"name\":\"Kreisstadt Mettmann\",\"url\":\"https:\/\/www.mettmann.de\/web\/\",\"logo\":{\"@type\":\"ImageObject\",\"inLanguage\":\"de\",\"@id\":\"https:\/\/www.mettmann.de\/web\/#\/schema\/logo\/image\/\",\"url\":\"https:\/\/www.mettmann.de\/web\/wp-content\/uploads\/2019\/08\/Kreisstadt_Mettmann_Logo_RGB_150dpi.png\",\"contentUrl\":\"https:\/\/www.mettmann.de\/web\/wp-content\/uploads\/2019\/08\/Kreisstadt_Mettmann_Logo_RGB_150dpi.png\",\"width\":1302,\"height\":191,\"caption\":\"Kreisstadt Mettmann\"},\"image\":{\"@id\":\"https:\/\/www.mettmann.de\/web\/#\/schema\/logo\/image\/\"},\"sameAs\":[\"https:\/\/www.facebook.com\/kreisstadt.mettmann\",\"https:\/\/de.wikipedia.org\/wiki\/Mettmann\"]},{\"@type\":\"Person\",\"@id\":\"https:\/\/www.mettmann.de\/web\/#\/schema\/person\/c0deeeba8d377efe8e769dc7f56c2292\",\"name\":\"LekiesT\"}]}<\/script>\n<!-- \/ Yoast SEO plugin. -->","yoast_head_json":{"title":"Mireille Coupard zu Besuch bei B\u00fcrgermeister Andr\u00e9 B\u00e4r","robots":{"index":"index","follow":"follow","max-snippet":"max-snippet:-1","max-image-preview":"max-image-preview:large","max-video-preview":"max-video-preview:-1"},"canonical":"https:\/\/www.mettmann.de\/web\/mireille-coupard-zu-besuch-bei-buergermeister-andre-baer\/","og_locale":"de_DE","og_type":"article","og_title":"Mireille Coupard zu Besuch bei B\u00fcrgermeister Andr\u00e9 B\u00e4r","og_description":"Alle Jahre wieder ist Mireille Coupard aus der franz\u00f6sischen Partnerstadt Laval in Mettmann, wenn der Blotschenmarkt er\u00f6ffnet wird. Die Vorsitzende des Partnerschaftsvereins Laval-Mettmann genie\u00dft Jahr f\u00fcr Jahr die sch\u00f6ne Atmosph\u00e4re des Weihnachtsmarktes rund um St....","og_url":"https:\/\/www.mettmann.de\/web\/mireille-coupard-zu-besuch-bei-buergermeister-andre-baer\/","og_site_name":"Stadtverwaltung Mettmann","article_publisher":"https:\/\/www.facebook.com\/kreisstadt.mettmann","article_published_time":"2025-12-03T11:16:39+00:00","article_modified_time":"2025-12-03T11:20:26+00:00","og_image":[{"width":2560,"height":1551,"url":"https:\/\/www.mettmann.de\/web\/wp-content\/uploads\/2025\/12\/Mireille-Coupard-besucht-Buergermeister-Andre-Baer-Dez.-2025-2-scaled.jpg","type":"image\/jpeg"}],"author":"LekiesT","twitter_card":"summary_large_image","twitter_misc":{"Verfasst von":"LekiesT","Gesch\u00e4tzte Lesezeit":"3\u00a0Minuten"},"schema":{"@context":"https:\/\/schema.org","@graph":[{"@type":"Article","@id":"https:\/\/www.mettmann.de\/web\/mireille-coupard-zu-besuch-bei-buergermeister-andre-baer\/#article","isPartOf":{"@id":"https:\/\/www.mettmann.de\/web\/mireille-coupard-zu-besuch-bei-buergermeister-andre-baer\/"},"author":{"name":"LekiesT","@id":"https:\/\/www.mettmann.de\/web\/#\/schema\/person\/c0deeeba8d377efe8e769dc7f56c2292"},"headline":"Mireille Coupard zu Besuch bei B\u00fcrgermeister Andr\u00e9 B\u00e4r","datePublished":"2025-12-03T11:16:39+00:00","dateModified":"2025-12-03T11:20:26+00:00","mainEntityOfPage":{"@id":"https:\/\/www.mettmann.de\/web\/mireille-coupard-zu-besuch-bei-buergermeister-andre-baer\/"},"wordCount":445,"publisher":{"@id":"https:\/\/www.mettmann.de\/web\/#organization"},"image":{"@id":"https:\/\/www.mettmann.de\/web\/mireille-coupard-zu-besuch-bei-buergermeister-andre-baer\/#primaryimage"},"thumbnailUrl":"https:\/\/www.mettmann.de\/web\/wp-content\/uploads\/2025\/12\/Mireille-Coupard-besucht-Buergermeister-Andre-Baer-Dez.-2025-2-scaled.jpg","keywords":["Freundeskreis Mettmann-Laval","Laval","Mettmann","Mireille Coupard","St\u00e4dtepartnerschaft"],"inLanguage":"de"},{"@type":"WebPage","@id":"https:\/\/www.mettmann.de\/web\/mireille-coupard-zu-besuch-bei-buergermeister-andre-baer\/","url":"https:\/\/www.mettmann.de\/web\/mireille-coupard-zu-besuch-bei-buergermeister-andre-baer\/","name":"Mireille Coupard zu Besuch bei B\u00fcrgermeister Andr\u00e9 B\u00e4r","isPartOf":{"@id":"https:\/\/www.mettmann.de\/web\/#website"},"primaryImageOfPage":{"@id":"https:\/\/www.mettmann.de\/web\/mireille-coupard-zu-besuch-bei-buergermeister-andre-baer\/#primaryimage"},"image":{"@id":"https:\/\/www.mettmann.de\/web\/mireille-coupard-zu-besuch-bei-buergermeister-andre-baer\/#primaryimage"},"thumbnailUrl":"https:\/\/www.mettmann.de\/web\/wp-content\/uploads\/2025\/12\/Mireille-Coupard-besucht-Buergermeister-Andre-Baer-Dez.-2025-2-scaled.jpg","datePublished":"2025-12-03T11:16:39+00:00","dateModified":"2025-12-03T11:20:26+00:00","breadcrumb":{"@id":"https:\/\/www.mettmann.de\/web\/mireille-coupard-zu-besuch-bei-buergermeister-andre-baer\/#breadcrumb"},"inLanguage":"de","potentialAction":[{"@type":"ReadAction","target":["https:\/\/www.mettmann.de\/web\/mireille-coupard-zu-besuch-bei-buergermeister-andre-baer\/"]}]},{"@type":"ImageObject","inLanguage":"de","@id":"https:\/\/www.mettmann.de\/web\/mireille-coupard-zu-besuch-bei-buergermeister-andre-baer\/#primaryimage","url":"https:\/\/www.mettmann.de\/web\/wp-content\/uploads\/2025\/12\/Mireille-Coupard-besucht-Buergermeister-Andre-Baer-Dez.-2025-2-scaled.jpg","contentUrl":"https:\/\/www.mettmann.de\/web\/wp-content\/uploads\/2025\/12\/Mireille-Coupard-besucht-Buergermeister-Andre-Baer-Dez.-2025-2-scaled.jpg","width":2560,"height":1551,"caption":"Mireille Coupard hat B\u00fcrgermeister Andr\u00e9 B\u00e4r einen Bildband \u00fcber den Fluss Mayenne geschenkt, der durch Laval flie\u00dft und dem Departement, zu dem auch Mettmanns Partnerstadt geh\u00f6rt, seinen Namen gegeben hat. (Foto: Kreisstadt Mettmann)"},{"@type":"BreadcrumbList","@id":"https:\/\/www.mettmann.de\/web\/mireille-coupard-zu-besuch-bei-buergermeister-andre-baer\/#breadcrumb","itemListElement":[{"@type":"ListItem","position":1,"name":"Startseite","item":"https:\/\/www.mettmann.de\/web\/"},{"@type":"ListItem","position":2,"name":"Mireille Coupard zu Besuch bei B\u00fcrgermeister Andr\u00e9 B\u00e4r"}]},{"@type":"WebSite","@id":"https:\/\/www.mettmann.de\/web\/#website","url":"https:\/\/www.mettmann.de\/web\/","name":"Stadtverwaltung Mettmann","description":"Internetseite der Kreisstadt Mettmann","publisher":{"@id":"https:\/\/www.mettmann.de\/web\/#organization"},"potentialAction":[{"@type":"SearchAction","target":{"@type":"EntryPoint","urlTemplate":"https:\/\/www.mettmann.de\/web\/?s={search_term_string}"},"query-input":{"@type":"PropertyValueSpecification","valueRequired":true,"valueName":"search_term_string"}}],"inLanguage":"de"},{"@type":"Organization","@id":"https:\/\/www.mettmann.de\/web\/#organization","name":"Kreisstadt Mettmann","url":"https:\/\/www.mettmann.de\/web\/","logo":{"@type":"ImageObject","inLanguage":"de","@id":"https:\/\/www.mettmann.de\/web\/#\/schema\/logo\/image\/","url":"https:\/\/www.mettmann.de\/web\/wp-content\/uploads\/2019\/08\/Kreisstadt_Mettmann_Logo_RGB_150dpi.png","contentUrl":"https:\/\/www.mettmann.de\/web\/wp-content\/uploads\/2019\/08\/Kreisstadt_Mettmann_Logo_RGB_150dpi.png","width":1302,"height":191,"caption":"Kreisstadt Mettmann"},"image":{"@id":"https:\/\/www.mettmann.de\/web\/#\/schema\/logo\/image\/"},"sameAs":["https:\/\/www.facebook.com\/kreisstadt.mettmann","https:\/\/de.wikipedia.org\/wiki\/Mettmann"]},{"@type":"Person","@id":"https:\/\/www.mettmann.de\/web\/#\/schema\/person\/c0deeeba8d377efe8e769dc7f56c2292","name":"LekiesT"}]}},"_links":{"self":[{"href":"https:\/\/www.mettmann.de\/web\/wp-json\/wp\/v2\/posts\/56438","targetHints":{"allow":["GET"]}}],"collection":[{"href":"https:\/\/www.mettmann.de\/web\/wp-json\/wp\/v2\/posts"}],"about":[{"href":"https:\/\/www.mettmann.de\/web\/wp-json\/wp\/v2\/types\/post"}],"author":[{"embeddable":true,"href":"https:\/\/www.mettmann.de\/web\/wp-json\/wp\/v2\/users\/2"}],"replies":[{"embeddable":true,"href":"https:\/\/www.mettmann.de\/web\/wp-json\/wp\/v2\/comments?post=56438"}],"version-history":[{"count":31,"href":"https:\/\/www.mettmann.de\/web\/wp-json\/wp\/v2\/posts\/56438\/revisions"}],"predecessor-version":[{"id":56490,"href":"https:\/\/www.mettmann.de\/web\/wp-json\/wp\/v2\/posts\/56438\/revisions\/56490"}],"wp:featuredmedia":[{"embeddable":true,"href":"https:\/\/www.mettmann.de\/web\/wp-json\/wp\/v2\/media\/56472"}],"wp:attachment":[{"href":"https:\/\/www.mettmann.de\/web\/wp-json\/wp\/v2\/media?parent=56438"}],"wp:term":[{"taxonomy":"category","embeddable":true,"href":"https:\/\/www.mettmann.de\/web\/wp-json\/wp\/v2\/categories?post=56438"},{"taxonomy":"post_tag","embeddable":true,"href":"https:\/\/www.mettmann.de\/web\/wp-json\/wp\/v2\/tags?post=56438"}],"curies":[{"name":"wp","href":"https:\/\/api.w.org\/{rel}","templated":true}]}}