{"id":59673,"date":"2026-04-01T13:15:31","date_gmt":"2026-04-01T11:15:31","guid":{"rendered":"https:\/\/www.mettmann.de\/web\/?p=59673"},"modified":"2026-04-01T13:43:31","modified_gmt":"2026-04-01T11:43:31","slug":"vorbereitet-auf-krisen-gemeinsam-stark-stadt-engagiert-sich-in-bundesweitem-projekt-kommunen-in-der-krise","status":"publish","type":"post","link":"https:\/\/www.mettmann.de\/web\/vorbereitet-auf-krisen-gemeinsam-stark-stadt-engagiert-sich-in-bundesweitem-projekt-kommunen-in-der-krise\/","title":{"rendered":"Vorbereitet auf Krisen \u2013 gemeinsam stark: Stadt engagiert sich in bundesweitem Projekt \u201eKommunen in der Krise\u201c"},"content":{"rendered":"<p>Die n\u00e4chste Krise kommt bestimmt \u2013 ob Cyberangriff, Pandemie, Starkregen, l\u00e4ngerer Stromausfall oder ein ganz anderes Ereignis. Wann und in welcher Form Krisen eintreten, l\u00e4sst sich nicht vorhersagen. Die Stadtverwaltung hat sich deshalb aktiv und konstruktiv in das bundesweite Projekt der Kommunalen Gemeinschaftsstelle f\u00fcr Verwaltungsmanagement (KGSt) eingebracht und freut sich, jetzt den Abschlussbericht \u201eKommunen in der Krise: Krisen erfolgreich bew\u00e4ltigen\u201c (KGSt Bericht 4\/2026) in den H\u00e4nden zu halten.<\/p>\n<p>Die KGSt ist ein von St\u00e4dten, Gemeinden und Landkreisen gemeinsam getragener Fachverband f\u00fcr kommunale Managementthemen mit mehr als 2.650 Mitgliedern.<\/p>\n<p>Besonders hervorzuheben ist die interdisziplin\u00e4re und deutschlandweite Zusammenarbeit, die das KGSt-Projekt \u201eKommunen in der Krise\u201c gepr\u00e4gt hat: In der Projektgruppe arbeiteten Verwaltungspraktikerinnen und -praktiker aus Gro\u00dfst\u00e4dten, Mittelst\u00e4dten, kleinen Gemeinden, Universit\u00e4ten, Landes- und Bundesbeh\u00f6rden aus unterschiedlichen Bundesl\u00e4ndern und aus den verschiedensten Fachbereichen eng zusammen.<\/p>\n<p>\u201eGenau diese Vielfalt macht den Bericht so wertvoll\u201c, sagt B\u00fcrgermeister Andr\u00e9 B\u00e4r. \u201eEs wurde in der Projektgruppe auch sehr offen \u00fcber die besonderen Herausforderungen kleiner und mittlerer Kommunen gesprochen: begrenzte finanzielle Spielr\u00e4ume, extrem knappe personelle Ressourcen und daher oft nur wenige oder gar keine hauptamtlichen Stellen f\u00fcr spezialisierte Themen wie Krisenmanagement.\u201c<\/p>\n<p>Die Stadtverwaltung hat eigene Praxiserfahrungen, Erkenntnisse und die Perspektive mittelgro\u00dfer Kommunen aktiv in die Projektarbeit eingebracht, berichtet Marco Baumann als KGST-Projektteilnehmer und Abteilungsleiter Zentrale Dienste der Stadtverwaltung. Das Ergebnis ist ein sehr praxisnaher, umsetzungsorientierter Leitfaden, der allen Kommunen hilft.<\/p>\n<p>Besonders wichtig ist die F\u00e4higkeit, rechtzeitig vom Normalbetrieb in eine sogenannte \u201ebesondere Aufbauorganisation\u201c zu wechseln \u2013 also in speziell eingerichtete Krisenstrukturen, die eine schnelle, abgestimmte und fach\u00fcbergreifende Entscheidungsfindung erm\u00f6glichen. \u201eIn einer echten Krise reichen die normalen Verwaltungsabl\u00e4ufe nicht mehr aus\u201c, so B\u00fcrgermeister B\u00e4r. \u201eDann braucht es klare F\u00fchrungsstrukturen, schnelle Entscheidungen und ein abgestimmtes Vorgehen \u00fcber alle \u00c4mter hinweg.\u201c<\/p>\n<p>Gleichzeitig macht die Stadtverwaltung klar: Auch mit dem besten Krisenmanagement kann eine Kommune in einer gro\u00dfen Krise nicht jeden einzelnen Haushalt vollst\u00e4ndig versorgen oder alle privaten Versorgungsl\u00fccken schlie\u00dfen. Deshalb spielt die pers\u00f6nliche Vorsorge und die Eigenverantwortung der B\u00fcrgerinnen und B\u00fcrger eine zentrale Rolle.<\/p>\n<p>\u201eJe besser jede und jeder Einzelne vorbereitet ist, desto gezielter k\u00f6nnen wir unsere ohnehin begrenzten Kr\u00e4fte dort einsetzen, wo Hilfe wirklich nicht selbst organisiert werden kann\u201c, betont B\u00fcrgermeister B\u00e4r.<\/p>\n<p>F\u00fcr B\u00fcrgerinnen und B\u00fcrger empfiehlt die Verwaltung erg\u00e4nzend die frei zug\u00e4nglichen Informationen des Bundesamtes f\u00fcr Bev\u00f6lkerungsschutz und Katastrophenhilfe. Dort finden sich praxisnahe Hinweise zur pers\u00f6nlichen Krisenvorsorge, unter anderem im Ratgeber \u201eVorsorgen f\u00fcr Krisen und Katastrophen\u201c.<\/p>\n","protected":false},"excerpt":{"rendered":"<p>Die n\u00e4chste Krise kommt bestimmt \u2013 ob Cyberangriff, Pandemie, Starkregen, l\u00e4ngerer Stromausfall oder ein ganz anderes Ereignis. Wann und in welcher Form Krisen eintreten, l\u00e4sst sich nicht vorhersagen. Die Stadtverwaltung hat sich deshalb aktiv und&#8230;<\/p>\n","protected":false},"author":2,"featured_media":59677,"comment_status":"closed","ping_status":"closed","sticky":false,"template":"","format":"standard","meta":{"ngg_post_thumbnail":0,"footnotes":""},"categories":[1],"tags":[5225,4835,4],"class_list":["post-59673","post","type-post","status-publish","format-standard","has-post-thumbnail","hentry","category-allgemein","tag-krisen-bewaeltigen","tag-krisenmanagement","tag-mettmann"],"yoast_head":"<!-- This site is optimized with the Yoast SEO plugin v27.2 - https:\/\/yoast.com\/product\/yoast-seo-wordpress\/ -->\n<title>Vorbereitet auf Krisen \u2013 gemeinsam stark: Stadt engagiert sich in bundesweitem Projekt \u201eKommunen in der Krise\u201c<\/title>\n<meta name=\"robots\" content=\"index, follow, max-snippet:-1, max-image-preview:large, max-video-preview:-1\" \/>\n<link rel=\"canonical\" href=\"https:\/\/www.mettmann.de\/web\/vorbereitet-auf-krisen-gemeinsam-stark-stadt-engagiert-sich-in-bundesweitem-projekt-kommunen-in-der-krise\/\" \/>\n<meta property=\"og:locale\" content=\"de_DE\" \/>\n<meta property=\"og:type\" content=\"article\" \/>\n<meta property=\"og:title\" content=\"Vorbereitet auf Krisen \u2013 gemeinsam stark: Stadt engagiert sich in bundesweitem Projekt \u201eKommunen in der Krise\u201c\" \/>\n<meta property=\"og:description\" content=\"Die n\u00e4chste Krise kommt bestimmt \u2013 ob Cyberangriff, Pandemie, Starkregen, l\u00e4ngerer Stromausfall oder ein ganz anderes Ereignis. Wann und in welcher Form Krisen eintreten, l\u00e4sst sich nicht vorhersagen. Die Stadtverwaltung hat sich deshalb aktiv und...\" \/>\n<meta property=\"og:url\" content=\"https:\/\/www.mettmann.de\/web\/vorbereitet-auf-krisen-gemeinsam-stark-stadt-engagiert-sich-in-bundesweitem-projekt-kommunen-in-der-krise\/\" \/>\n<meta property=\"og:site_name\" content=\"Stadtverwaltung Mettmann\" \/>\n<meta property=\"article:publisher\" content=\"https:\/\/www.facebook.com\/kreisstadt.mettmann\" \/>\n<meta property=\"article:published_time\" content=\"2026-04-01T11:15:31+00:00\" \/>\n<meta property=\"article:modified_time\" content=\"2026-04-01T11:43:31+00:00\" \/>\n<meta property=\"og:image\" content=\"https:\/\/www.mettmann.de\/web\/wp-content\/uploads\/2026\/04\/Kommunen-in-der-Krise-2-scaled.jpg\" \/>\n\t<meta property=\"og:image:width\" content=\"2560\" \/>\n\t<meta property=\"og:image:height\" content=\"1573\" \/>\n\t<meta property=\"og:image:type\" content=\"image\/jpeg\" \/>\n<meta name=\"author\" content=\"LekiesT\" \/>\n<meta name=\"twitter:card\" content=\"summary_large_image\" \/>\n<meta name=\"twitter:label1\" content=\"Verfasst von\" \/>\n\t<meta name=\"twitter:data1\" content=\"LekiesT\" \/>\n\t<meta name=\"twitter:label2\" content=\"Gesch\u00e4tzte Lesezeit\" \/>\n\t<meta name=\"twitter:data2\" content=\"3\u00a0Minuten\" \/>\n<script type=\"application\/ld+json\" class=\"yoast-schema-graph\">{\"@context\":\"https:\/\/schema.org\",\"@graph\":[{\"@type\":\"Article\",\"@id\":\"https:\/\/www.mettmann.de\/web\/vorbereitet-auf-krisen-gemeinsam-stark-stadt-engagiert-sich-in-bundesweitem-projekt-kommunen-in-der-krise\/#article\",\"isPartOf\":{\"@id\":\"https:\/\/www.mettmann.de\/web\/vorbereitet-auf-krisen-gemeinsam-stark-stadt-engagiert-sich-in-bundesweitem-projekt-kommunen-in-der-krise\/\"},\"author\":{\"name\":\"LekiesT\",\"@id\":\"https:\/\/www.mettmann.de\/web\/#\/schema\/person\/c0deeeba8d377efe8e769dc7f56c2292\"},\"headline\":\"Vorbereitet auf Krisen \u2013 gemeinsam stark: Stadt engagiert sich in bundesweitem Projekt \u201eKommunen in der Krise\u201c\",\"datePublished\":\"2026-04-01T11:15:31+00:00\",\"dateModified\":\"2026-04-01T11:43:31+00:00\",\"mainEntityOfPage\":{\"@id\":\"https:\/\/www.mettmann.de\/web\/vorbereitet-auf-krisen-gemeinsam-stark-stadt-engagiert-sich-in-bundesweitem-projekt-kommunen-in-der-krise\/\"},\"wordCount\":445,\"publisher\":{\"@id\":\"https:\/\/www.mettmann.de\/web\/#organization\"},\"image\":{\"@id\":\"https:\/\/www.mettmann.de\/web\/vorbereitet-auf-krisen-gemeinsam-stark-stadt-engagiert-sich-in-bundesweitem-projekt-kommunen-in-der-krise\/#primaryimage\"},\"thumbnailUrl\":\"https:\/\/www.mettmann.de\/web\/wp-content\/uploads\/2026\/04\/Kommunen-in-der-Krise-2-scaled.jpg\",\"keywords\":[\"Krisen bew\u00e4ltigen\",\"Krisenmanagement\",\"Mettmann\"],\"inLanguage\":\"de\"},{\"@type\":\"WebPage\",\"@id\":\"https:\/\/www.mettmann.de\/web\/vorbereitet-auf-krisen-gemeinsam-stark-stadt-engagiert-sich-in-bundesweitem-projekt-kommunen-in-der-krise\/\",\"url\":\"https:\/\/www.mettmann.de\/web\/vorbereitet-auf-krisen-gemeinsam-stark-stadt-engagiert-sich-in-bundesweitem-projekt-kommunen-in-der-krise\/\",\"name\":\"Vorbereitet auf Krisen \u2013 gemeinsam stark: Stadt engagiert sich in bundesweitem Projekt \u201eKommunen in der Krise\u201c\",\"isPartOf\":{\"@id\":\"https:\/\/www.mettmann.de\/web\/#website\"},\"primaryImageOfPage\":{\"@id\":\"https:\/\/www.mettmann.de\/web\/vorbereitet-auf-krisen-gemeinsam-stark-stadt-engagiert-sich-in-bundesweitem-projekt-kommunen-in-der-krise\/#primaryimage\"},\"image\":{\"@id\":\"https:\/\/www.mettmann.de\/web\/vorbereitet-auf-krisen-gemeinsam-stark-stadt-engagiert-sich-in-bundesweitem-projekt-kommunen-in-der-krise\/#primaryimage\"},\"thumbnailUrl\":\"https:\/\/www.mettmann.de\/web\/wp-content\/uploads\/2026\/04\/Kommunen-in-der-Krise-2-scaled.jpg\",\"datePublished\":\"2026-04-01T11:15:31+00:00\",\"dateModified\":\"2026-04-01T11:43:31+00:00\",\"breadcrumb\":{\"@id\":\"https:\/\/www.mettmann.de\/web\/vorbereitet-auf-krisen-gemeinsam-stark-stadt-engagiert-sich-in-bundesweitem-projekt-kommunen-in-der-krise\/#breadcrumb\"},\"inLanguage\":\"de\",\"potentialAction\":[{\"@type\":\"ReadAction\",\"target\":[\"https:\/\/www.mettmann.de\/web\/vorbereitet-auf-krisen-gemeinsam-stark-stadt-engagiert-sich-in-bundesweitem-projekt-kommunen-in-der-krise\/\"]}]},{\"@type\":\"ImageObject\",\"inLanguage\":\"de\",\"@id\":\"https:\/\/www.mettmann.de\/web\/vorbereitet-auf-krisen-gemeinsam-stark-stadt-engagiert-sich-in-bundesweitem-projekt-kommunen-in-der-krise\/#primaryimage\",\"url\":\"https:\/\/www.mettmann.de\/web\/wp-content\/uploads\/2026\/04\/Kommunen-in-der-Krise-2-scaled.jpg\",\"contentUrl\":\"https:\/\/www.mettmann.de\/web\/wp-content\/uploads\/2026\/04\/Kommunen-in-der-Krise-2-scaled.jpg\",\"width\":2560,\"height\":1573,\"caption\":\"B\u00fcrgermeister Andr\u00e9 B\u00e4r, Waldemar Theophil Suchan (r.), Amtsleiter f\u00fcr Zentrale Dienste, Personal und Organisation, und Marco Baumann, Abteilungsleiter Zentrale Dienste, pr\u00e4sentieren den Abschlussbericht \\\"Kommunen in der Krise\\\". (Foto: Kreisstadt Mettmann)\"},{\"@type\":\"BreadcrumbList\",\"@id\":\"https:\/\/www.mettmann.de\/web\/vorbereitet-auf-krisen-gemeinsam-stark-stadt-engagiert-sich-in-bundesweitem-projekt-kommunen-in-der-krise\/#breadcrumb\",\"itemListElement\":[{\"@type\":\"ListItem\",\"position\":1,\"name\":\"Startseite\",\"item\":\"https:\/\/www.mettmann.de\/web\/\"},{\"@type\":\"ListItem\",\"position\":2,\"name\":\"Vorbereitet auf Krisen \u2013 gemeinsam stark: Stadt engagiert sich in bundesweitem Projekt \u201eKommunen in der Krise\u201c\"}]},{\"@type\":\"WebSite\",\"@id\":\"https:\/\/www.mettmann.de\/web\/#website\",\"url\":\"https:\/\/www.mettmann.de\/web\/\",\"name\":\"Stadtverwaltung Mettmann\",\"description\":\"Internetseite der Kreisstadt Mettmann\",\"publisher\":{\"@id\":\"https:\/\/www.mettmann.de\/web\/#organization\"},\"potentialAction\":[{\"@type\":\"SearchAction\",\"target\":{\"@type\":\"EntryPoint\",\"urlTemplate\":\"https:\/\/www.mettmann.de\/web\/?s={search_term_string}\"},\"query-input\":{\"@type\":\"PropertyValueSpecification\",\"valueRequired\":true,\"valueName\":\"search_term_string\"}}],\"inLanguage\":\"de\"},{\"@type\":\"Organization\",\"@id\":\"https:\/\/www.mettmann.de\/web\/#organization\",\"name\":\"Kreisstadt Mettmann\",\"url\":\"https:\/\/www.mettmann.de\/web\/\",\"logo\":{\"@type\":\"ImageObject\",\"inLanguage\":\"de\",\"@id\":\"https:\/\/www.mettmann.de\/web\/#\/schema\/logo\/image\/\",\"url\":\"https:\/\/www.mettmann.de\/web\/wp-content\/uploads\/2019\/08\/Kreisstadt_Mettmann_Logo_RGB_150dpi.png\",\"contentUrl\":\"https:\/\/www.mettmann.de\/web\/wp-content\/uploads\/2019\/08\/Kreisstadt_Mettmann_Logo_RGB_150dpi.png\",\"width\":1302,\"height\":191,\"caption\":\"Kreisstadt Mettmann\"},\"image\":{\"@id\":\"https:\/\/www.mettmann.de\/web\/#\/schema\/logo\/image\/\"},\"sameAs\":[\"https:\/\/www.facebook.com\/kreisstadt.mettmann\",\"https:\/\/de.wikipedia.org\/wiki\/Mettmann\"]},{\"@type\":\"Person\",\"@id\":\"https:\/\/www.mettmann.de\/web\/#\/schema\/person\/c0deeeba8d377efe8e769dc7f56c2292\",\"name\":\"LekiesT\"}]}<\/script>\n<!-- \/ Yoast SEO plugin. -->","yoast_head_json":{"title":"Vorbereitet auf Krisen \u2013 gemeinsam stark: Stadt engagiert sich in bundesweitem Projekt \u201eKommunen in der Krise\u201c","robots":{"index":"index","follow":"follow","max-snippet":"max-snippet:-1","max-image-preview":"max-image-preview:large","max-video-preview":"max-video-preview:-1"},"canonical":"https:\/\/www.mettmann.de\/web\/vorbereitet-auf-krisen-gemeinsam-stark-stadt-engagiert-sich-in-bundesweitem-projekt-kommunen-in-der-krise\/","og_locale":"de_DE","og_type":"article","og_title":"Vorbereitet auf Krisen \u2013 gemeinsam stark: Stadt engagiert sich in bundesweitem Projekt \u201eKommunen in der Krise\u201c","og_description":"Die n\u00e4chste Krise kommt bestimmt \u2013 ob Cyberangriff, Pandemie, Starkregen, l\u00e4ngerer Stromausfall oder ein ganz anderes Ereignis. Wann und in welcher Form Krisen eintreten, l\u00e4sst sich nicht vorhersagen. Die Stadtverwaltung hat sich deshalb aktiv und...","og_url":"https:\/\/www.mettmann.de\/web\/vorbereitet-auf-krisen-gemeinsam-stark-stadt-engagiert-sich-in-bundesweitem-projekt-kommunen-in-der-krise\/","og_site_name":"Stadtverwaltung Mettmann","article_publisher":"https:\/\/www.facebook.com\/kreisstadt.mettmann","article_published_time":"2026-04-01T11:15:31+00:00","article_modified_time":"2026-04-01T11:43:31+00:00","og_image":[{"width":2560,"height":1573,"url":"https:\/\/www.mettmann.de\/web\/wp-content\/uploads\/2026\/04\/Kommunen-in-der-Krise-2-scaled.jpg","type":"image\/jpeg"}],"author":"LekiesT","twitter_card":"summary_large_image","twitter_misc":{"Verfasst von":"LekiesT","Gesch\u00e4tzte Lesezeit":"3\u00a0Minuten"},"schema":{"@context":"https:\/\/schema.org","@graph":[{"@type":"Article","@id":"https:\/\/www.mettmann.de\/web\/vorbereitet-auf-krisen-gemeinsam-stark-stadt-engagiert-sich-in-bundesweitem-projekt-kommunen-in-der-krise\/#article","isPartOf":{"@id":"https:\/\/www.mettmann.de\/web\/vorbereitet-auf-krisen-gemeinsam-stark-stadt-engagiert-sich-in-bundesweitem-projekt-kommunen-in-der-krise\/"},"author":{"name":"LekiesT","@id":"https:\/\/www.mettmann.de\/web\/#\/schema\/person\/c0deeeba8d377efe8e769dc7f56c2292"},"headline":"Vorbereitet auf Krisen \u2013 gemeinsam stark: Stadt engagiert sich in bundesweitem Projekt \u201eKommunen in der Krise\u201c","datePublished":"2026-04-01T11:15:31+00:00","dateModified":"2026-04-01T11:43:31+00:00","mainEntityOfPage":{"@id":"https:\/\/www.mettmann.de\/web\/vorbereitet-auf-krisen-gemeinsam-stark-stadt-engagiert-sich-in-bundesweitem-projekt-kommunen-in-der-krise\/"},"wordCount":445,"publisher":{"@id":"https:\/\/www.mettmann.de\/web\/#organization"},"image":{"@id":"https:\/\/www.mettmann.de\/web\/vorbereitet-auf-krisen-gemeinsam-stark-stadt-engagiert-sich-in-bundesweitem-projekt-kommunen-in-der-krise\/#primaryimage"},"thumbnailUrl":"https:\/\/www.mettmann.de\/web\/wp-content\/uploads\/2026\/04\/Kommunen-in-der-Krise-2-scaled.jpg","keywords":["Krisen bew\u00e4ltigen","Krisenmanagement","Mettmann"],"inLanguage":"de"},{"@type":"WebPage","@id":"https:\/\/www.mettmann.de\/web\/vorbereitet-auf-krisen-gemeinsam-stark-stadt-engagiert-sich-in-bundesweitem-projekt-kommunen-in-der-krise\/","url":"https:\/\/www.mettmann.de\/web\/vorbereitet-auf-krisen-gemeinsam-stark-stadt-engagiert-sich-in-bundesweitem-projekt-kommunen-in-der-krise\/","name":"Vorbereitet auf Krisen \u2013 gemeinsam stark: Stadt engagiert sich in bundesweitem Projekt \u201eKommunen in der Krise\u201c","isPartOf":{"@id":"https:\/\/www.mettmann.de\/web\/#website"},"primaryImageOfPage":{"@id":"https:\/\/www.mettmann.de\/web\/vorbereitet-auf-krisen-gemeinsam-stark-stadt-engagiert-sich-in-bundesweitem-projekt-kommunen-in-der-krise\/#primaryimage"},"image":{"@id":"https:\/\/www.mettmann.de\/web\/vorbereitet-auf-krisen-gemeinsam-stark-stadt-engagiert-sich-in-bundesweitem-projekt-kommunen-in-der-krise\/#primaryimage"},"thumbnailUrl":"https:\/\/www.mettmann.de\/web\/wp-content\/uploads\/2026\/04\/Kommunen-in-der-Krise-2-scaled.jpg","datePublished":"2026-04-01T11:15:31+00:00","dateModified":"2026-04-01T11:43:31+00:00","breadcrumb":{"@id":"https:\/\/www.mettmann.de\/web\/vorbereitet-auf-krisen-gemeinsam-stark-stadt-engagiert-sich-in-bundesweitem-projekt-kommunen-in-der-krise\/#breadcrumb"},"inLanguage":"de","potentialAction":[{"@type":"ReadAction","target":["https:\/\/www.mettmann.de\/web\/vorbereitet-auf-krisen-gemeinsam-stark-stadt-engagiert-sich-in-bundesweitem-projekt-kommunen-in-der-krise\/"]}]},{"@type":"ImageObject","inLanguage":"de","@id":"https:\/\/www.mettmann.de\/web\/vorbereitet-auf-krisen-gemeinsam-stark-stadt-engagiert-sich-in-bundesweitem-projekt-kommunen-in-der-krise\/#primaryimage","url":"https:\/\/www.mettmann.de\/web\/wp-content\/uploads\/2026\/04\/Kommunen-in-der-Krise-2-scaled.jpg","contentUrl":"https:\/\/www.mettmann.de\/web\/wp-content\/uploads\/2026\/04\/Kommunen-in-der-Krise-2-scaled.jpg","width":2560,"height":1573,"caption":"B\u00fcrgermeister Andr\u00e9 B\u00e4r, Waldemar Theophil Suchan (r.), Amtsleiter f\u00fcr Zentrale Dienste, Personal und Organisation, und Marco Baumann, Abteilungsleiter Zentrale Dienste, pr\u00e4sentieren den Abschlussbericht \"Kommunen in der Krise\". (Foto: Kreisstadt Mettmann)"},{"@type":"BreadcrumbList","@id":"https:\/\/www.mettmann.de\/web\/vorbereitet-auf-krisen-gemeinsam-stark-stadt-engagiert-sich-in-bundesweitem-projekt-kommunen-in-der-krise\/#breadcrumb","itemListElement":[{"@type":"ListItem","position":1,"name":"Startseite","item":"https:\/\/www.mettmann.de\/web\/"},{"@type":"ListItem","position":2,"name":"Vorbereitet auf Krisen \u2013 gemeinsam stark: Stadt engagiert sich in bundesweitem Projekt \u201eKommunen in der Krise\u201c"}]},{"@type":"WebSite","@id":"https:\/\/www.mettmann.de\/web\/#website","url":"https:\/\/www.mettmann.de\/web\/","name":"Stadtverwaltung Mettmann","description":"Internetseite der Kreisstadt Mettmann","publisher":{"@id":"https:\/\/www.mettmann.de\/web\/#organization"},"potentialAction":[{"@type":"SearchAction","target":{"@type":"EntryPoint","urlTemplate":"https:\/\/www.mettmann.de\/web\/?s={search_term_string}"},"query-input":{"@type":"PropertyValueSpecification","valueRequired":true,"valueName":"search_term_string"}}],"inLanguage":"de"},{"@type":"Organization","@id":"https:\/\/www.mettmann.de\/web\/#organization","name":"Kreisstadt Mettmann","url":"https:\/\/www.mettmann.de\/web\/","logo":{"@type":"ImageObject","inLanguage":"de","@id":"https:\/\/www.mettmann.de\/web\/#\/schema\/logo\/image\/","url":"https:\/\/www.mettmann.de\/web\/wp-content\/uploads\/2019\/08\/Kreisstadt_Mettmann_Logo_RGB_150dpi.png","contentUrl":"https:\/\/www.mettmann.de\/web\/wp-content\/uploads\/2019\/08\/Kreisstadt_Mettmann_Logo_RGB_150dpi.png","width":1302,"height":191,"caption":"Kreisstadt Mettmann"},"image":{"@id":"https:\/\/www.mettmann.de\/web\/#\/schema\/logo\/image\/"},"sameAs":["https:\/\/www.facebook.com\/kreisstadt.mettmann","https:\/\/de.wikipedia.org\/wiki\/Mettmann"]},{"@type":"Person","@id":"https:\/\/www.mettmann.de\/web\/#\/schema\/person\/c0deeeba8d377efe8e769dc7f56c2292","name":"LekiesT"}]}},"_links":{"self":[{"href":"https:\/\/www.mettmann.de\/web\/wp-json\/wp\/v2\/posts\/59673","targetHints":{"allow":["GET"]}}],"collection":[{"href":"https:\/\/www.mettmann.de\/web\/wp-json\/wp\/v2\/posts"}],"about":[{"href":"https:\/\/www.mettmann.de\/web\/wp-json\/wp\/v2\/types\/post"}],"author":[{"embeddable":true,"href":"https:\/\/www.mettmann.de\/web\/wp-json\/wp\/v2\/users\/2"}],"replies":[{"embeddable":true,"href":"https:\/\/www.mettmann.de\/web\/wp-json\/wp\/v2\/comments?post=59673"}],"version-history":[{"count":4,"href":"https:\/\/www.mettmann.de\/web\/wp-json\/wp\/v2\/posts\/59673\/revisions"}],"predecessor-version":[{"id":59678,"href":"https:\/\/www.mettmann.de\/web\/wp-json\/wp\/v2\/posts\/59673\/revisions\/59678"}],"wp:featuredmedia":[{"embeddable":true,"href":"https:\/\/www.mettmann.de\/web\/wp-json\/wp\/v2\/media\/59677"}],"wp:attachment":[{"href":"https:\/\/www.mettmann.de\/web\/wp-json\/wp\/v2\/media?parent=59673"}],"wp:term":[{"taxonomy":"category","embeddable":true,"href":"https:\/\/www.mettmann.de\/web\/wp-json\/wp\/v2\/categories?post=59673"},{"taxonomy":"post_tag","embeddable":true,"href":"https:\/\/www.mettmann.de\/web\/wp-json\/wp\/v2\/tags?post=59673"}],"curies":[{"name":"wp","href":"https:\/\/api.w.org\/{rel}","templated":true}]}}