{"id":59765,"date":"2026-04-07T13:54:59","date_gmt":"2026-04-07T11:54:59","guid":{"rendered":"https:\/\/www.mettmann.de\/web\/?p=59765"},"modified":"2026-04-07T14:02:03","modified_gmt":"2026-04-07T12:02:03","slug":"jugendfoerderung-hat-eigenen-whatsapp-kanal","status":"publish","type":"post","link":"https:\/\/www.mettmann.de\/web\/jugendfoerderung-hat-eigenen-whatsapp-kanal\/","title":{"rendered":"Jugendf\u00f6rderung hat eigenen WhatsApp-Kanal"},"content":{"rendered":"<p>Die st\u00e4dtische Jugendf\u00f6rderung erweitert ihre Kommunikationswege und informiert ab sofort auch mit einem WhatsApp-Kanal \u00fcber aktuelle Angebote und Veranstaltungen.<\/p>\n<p>In dem WhatsApp-Kanal erhalten Abonnentinnen und Abonnenten regelm\u00e4\u00dfig Einblicke in die verschiedenen Arbeitsfelder der Jugendf\u00f6rderung. Dazu z\u00e4hlen unter anderem Hinweise auf Projekte, geplante Veranstaltungen, Ferienangebote sowie weitere Aktivit\u00e4ten f\u00fcr Kinder und Jugendliche in der Stadt.<\/p>\n<p>Mit dem Kanal will es die Jugendf\u00f6rderung f\u00fcr Kinder und Jugendliche einfacher machen, sich \u00fcber Angebote zu informieren und auf dem neusten Stand zu bleiben.<\/p>\n<p>Dabei wird auch auf den Datenschutz geachtet. Alle Abonnentinnen und Abonnenten bleiben anonym und ihre Telefonnummern sind f\u00fcr andere nicht sichtbar.<\/p>\n<p>Interessierte k\u00f6nnen dem WhatsApp-Kanal der Jugendf\u00f6rderung \u00fcber den untenstehenden QR-Code folgen und werden so keine Neuigkeiten mehr verpassen.<\/p>\n<p>&nbsp;<\/p>\n<p><img loading=\"lazy\" decoding=\"async\" class=\"alignnone wp-image-59766\" src=\"https:\/\/www.mettmann.de\/web\/wp-content\/uploads\/2026\/04\/WhatsApp-Kanal-Jugendfoerderung-300x298.jpg\" alt=\"\" width=\"227\" height=\"226\" srcset=\"https:\/\/www.mettmann.de\/web\/wp-content\/uploads\/2026\/04\/WhatsApp-Kanal-Jugendfoerderung-300x298.jpg 300w, https:\/\/www.mettmann.de\/web\/wp-content\/uploads\/2026\/04\/WhatsApp-Kanal-Jugendfoerderung-90x90.jpg 90w, https:\/\/www.mettmann.de\/web\/wp-content\/uploads\/2026\/04\/WhatsApp-Kanal-Jugendfoerderung.jpg 496w\" sizes=\"auto, (max-width: 227px) 100vw, 227px\" \/><\/p>\n","protected":false},"excerpt":{"rendered":"<p>Die st\u00e4dtische Jugendf\u00f6rderung erweitert ihre Kommunikationswege und informiert ab sofort auch mit einem WhatsApp-Kanal \u00fcber aktuelle Angebote und Veranstaltungen. In dem WhatsApp-Kanal erhalten Abonnentinnen und Abonnenten regelm\u00e4\u00dfig Einblicke in die verschiedenen Arbeitsfelder der Jugendf\u00f6rderung. Dazu&#8230;<\/p>\n","protected":false},"author":2,"featured_media":59769,"comment_status":"closed","ping_status":"closed","sticky":false,"template":"","format":"standard","meta":{"ngg_post_thumbnail":0,"footnotes":""},"categories":[1],"tags":[4001,5232,4,5233],"class_list":["post-59765","post","type-post","status-publish","format-standard","has-post-thumbnail","hentry","category-allgemein","tag-informationen","tag-jugendfoerdferung","tag-mettmann","tag-whatsapp-kanal"],"yoast_head":"<!-- This site is optimized with the Yoast SEO plugin v27.2 - https:\/\/yoast.com\/product\/yoast-seo-wordpress\/ -->\n<title>Jugendf\u00f6rderung hat eigenen WhatsApp-Kanal<\/title>\n<meta name=\"robots\" content=\"index, follow, max-snippet:-1, max-image-preview:large, max-video-preview:-1\" \/>\n<link rel=\"canonical\" href=\"https:\/\/www.mettmann.de\/web\/jugendfoerderung-hat-eigenen-whatsapp-kanal\/\" \/>\n<meta property=\"og:locale\" content=\"de_DE\" \/>\n<meta property=\"og:type\" content=\"article\" \/>\n<meta property=\"og:title\" content=\"Jugendf\u00f6rderung hat eigenen WhatsApp-Kanal\" \/>\n<meta property=\"og:description\" content=\"Die st\u00e4dtische Jugendf\u00f6rderung erweitert ihre Kommunikationswege und informiert ab sofort auch mit einem WhatsApp-Kanal \u00fcber aktuelle Angebote und Veranstaltungen. In dem WhatsApp-Kanal erhalten Abonnentinnen und Abonnenten regelm\u00e4\u00dfig Einblicke in die verschiedenen Arbeitsfelder der Jugendf\u00f6rderung. Dazu...\" \/>\n<meta property=\"og:url\" content=\"https:\/\/www.mettmann.de\/web\/jugendfoerderung-hat-eigenen-whatsapp-kanal\/\" \/>\n<meta property=\"og:site_name\" content=\"Stadtverwaltung Mettmann\" \/>\n<meta property=\"article:publisher\" content=\"https:\/\/www.facebook.com\/kreisstadt.mettmann\" \/>\n<meta property=\"article:published_time\" content=\"2026-04-07T11:54:59+00:00\" \/>\n<meta property=\"article:modified_time\" content=\"2026-04-07T12:02:03+00:00\" \/>\n<meta property=\"og:image\" content=\"https:\/\/www.mettmann.de\/web\/wp-content\/uploads\/2026\/04\/JUgendliche-mit-Handy-scaled.jpg\" \/>\n\t<meta property=\"og:image:width\" content=\"2560\" \/>\n\t<meta property=\"og:image:height\" content=\"1706\" \/>\n\t<meta property=\"og:image:type\" content=\"image\/jpeg\" \/>\n<meta name=\"author\" content=\"LekiesT\" \/>\n<meta name=\"twitter:card\" content=\"summary_large_image\" \/>\n<meta name=\"twitter:label1\" content=\"Verfasst von\" \/>\n\t<meta name=\"twitter:data1\" content=\"LekiesT\" \/>\n\t<meta name=\"twitter:label2\" content=\"Gesch\u00e4tzte Lesezeit\" \/>\n\t<meta name=\"twitter:data2\" content=\"2\u00a0Minuten\" \/>\n<script type=\"application\/ld+json\" class=\"yoast-schema-graph\">{\"@context\":\"https:\/\/schema.org\",\"@graph\":[{\"@type\":\"Article\",\"@id\":\"https:\/\/www.mettmann.de\/web\/jugendfoerderung-hat-eigenen-whatsapp-kanal\/#article\",\"isPartOf\":{\"@id\":\"https:\/\/www.mettmann.de\/web\/jugendfoerderung-hat-eigenen-whatsapp-kanal\/\"},\"author\":{\"name\":\"LekiesT\",\"@id\":\"https:\/\/www.mettmann.de\/web\/#\/schema\/person\/c0deeeba8d377efe8e769dc7f56c2292\"},\"headline\":\"Jugendf\u00f6rderung hat eigenen WhatsApp-Kanal\",\"datePublished\":\"2026-04-07T11:54:59+00:00\",\"dateModified\":\"2026-04-07T12:02:03+00:00\",\"mainEntityOfPage\":{\"@id\":\"https:\/\/www.mettmann.de\/web\/jugendfoerderung-hat-eigenen-whatsapp-kanal\/\"},\"wordCount\":136,\"publisher\":{\"@id\":\"https:\/\/www.mettmann.de\/web\/#organization\"},\"image\":{\"@id\":\"https:\/\/www.mettmann.de\/web\/jugendfoerderung-hat-eigenen-whatsapp-kanal\/#primaryimage\"},\"thumbnailUrl\":\"https:\/\/www.mettmann.de\/web\/wp-content\/uploads\/2026\/04\/JUgendliche-mit-Handy-scaled.jpg\",\"keywords\":[\"Informationen\",\"Jugendf\u00f6rdferung\",\"Mettmann\",\"WhatsApp-Kanal\"],\"inLanguage\":\"de\"},{\"@type\":\"WebPage\",\"@id\":\"https:\/\/www.mettmann.de\/web\/jugendfoerderung-hat-eigenen-whatsapp-kanal\/\",\"url\":\"https:\/\/www.mettmann.de\/web\/jugendfoerderung-hat-eigenen-whatsapp-kanal\/\",\"name\":\"Jugendf\u00f6rderung hat eigenen WhatsApp-Kanal\",\"isPartOf\":{\"@id\":\"https:\/\/www.mettmann.de\/web\/#website\"},\"primaryImageOfPage\":{\"@id\":\"https:\/\/www.mettmann.de\/web\/jugendfoerderung-hat-eigenen-whatsapp-kanal\/#primaryimage\"},\"image\":{\"@id\":\"https:\/\/www.mettmann.de\/web\/jugendfoerderung-hat-eigenen-whatsapp-kanal\/#primaryimage\"},\"thumbnailUrl\":\"https:\/\/www.mettmann.de\/web\/wp-content\/uploads\/2026\/04\/JUgendliche-mit-Handy-scaled.jpg\",\"datePublished\":\"2026-04-07T11:54:59+00:00\",\"dateModified\":\"2026-04-07T12:02:03+00:00\",\"breadcrumb\":{\"@id\":\"https:\/\/www.mettmann.de\/web\/jugendfoerderung-hat-eigenen-whatsapp-kanal\/#breadcrumb\"},\"inLanguage\":\"de\",\"potentialAction\":[{\"@type\":\"ReadAction\",\"target\":[\"https:\/\/www.mettmann.de\/web\/jugendfoerderung-hat-eigenen-whatsapp-kanal\/\"]}]},{\"@type\":\"ImageObject\",\"inLanguage\":\"de\",\"@id\":\"https:\/\/www.mettmann.de\/web\/jugendfoerderung-hat-eigenen-whatsapp-kanal\/#primaryimage\",\"url\":\"https:\/\/www.mettmann.de\/web\/wp-content\/uploads\/2026\/04\/JUgendliche-mit-Handy-scaled.jpg\",\"contentUrl\":\"https:\/\/www.mettmann.de\/web\/wp-content\/uploads\/2026\/04\/JUgendliche-mit-Handy-scaled.jpg\",\"width\":2560,\"height\":1706,\"caption\":\"Symbolfoto: sweetlouise \/ Pixabay\"},{\"@type\":\"BreadcrumbList\",\"@id\":\"https:\/\/www.mettmann.de\/web\/jugendfoerderung-hat-eigenen-whatsapp-kanal\/#breadcrumb\",\"itemListElement\":[{\"@type\":\"ListItem\",\"position\":1,\"name\":\"Startseite\",\"item\":\"https:\/\/www.mettmann.de\/web\/\"},{\"@type\":\"ListItem\",\"position\":2,\"name\":\"Jugendf\u00f6rderung hat eigenen WhatsApp-Kanal\"}]},{\"@type\":\"WebSite\",\"@id\":\"https:\/\/www.mettmann.de\/web\/#website\",\"url\":\"https:\/\/www.mettmann.de\/web\/\",\"name\":\"Stadtverwaltung Mettmann\",\"description\":\"Internetseite der Kreisstadt Mettmann\",\"publisher\":{\"@id\":\"https:\/\/www.mettmann.de\/web\/#organization\"},\"potentialAction\":[{\"@type\":\"SearchAction\",\"target\":{\"@type\":\"EntryPoint\",\"urlTemplate\":\"https:\/\/www.mettmann.de\/web\/?s={search_term_string}\"},\"query-input\":{\"@type\":\"PropertyValueSpecification\",\"valueRequired\":true,\"valueName\":\"search_term_string\"}}],\"inLanguage\":\"de\"},{\"@type\":\"Organization\",\"@id\":\"https:\/\/www.mettmann.de\/web\/#organization\",\"name\":\"Kreisstadt Mettmann\",\"url\":\"https:\/\/www.mettmann.de\/web\/\",\"logo\":{\"@type\":\"ImageObject\",\"inLanguage\":\"de\",\"@id\":\"https:\/\/www.mettmann.de\/web\/#\/schema\/logo\/image\/\",\"url\":\"https:\/\/www.mettmann.de\/web\/wp-content\/uploads\/2019\/08\/Kreisstadt_Mettmann_Logo_RGB_150dpi.png\",\"contentUrl\":\"https:\/\/www.mettmann.de\/web\/wp-content\/uploads\/2019\/08\/Kreisstadt_Mettmann_Logo_RGB_150dpi.png\",\"width\":1302,\"height\":191,\"caption\":\"Kreisstadt Mettmann\"},\"image\":{\"@id\":\"https:\/\/www.mettmann.de\/web\/#\/schema\/logo\/image\/\"},\"sameAs\":[\"https:\/\/www.facebook.com\/kreisstadt.mettmann\",\"https:\/\/de.wikipedia.org\/wiki\/Mettmann\"]},{\"@type\":\"Person\",\"@id\":\"https:\/\/www.mettmann.de\/web\/#\/schema\/person\/c0deeeba8d377efe8e769dc7f56c2292\",\"name\":\"LekiesT\"}]}<\/script>\n<!-- \/ Yoast SEO plugin. -->","yoast_head_json":{"title":"Jugendf\u00f6rderung hat eigenen WhatsApp-Kanal","robots":{"index":"index","follow":"follow","max-snippet":"max-snippet:-1","max-image-preview":"max-image-preview:large","max-video-preview":"max-video-preview:-1"},"canonical":"https:\/\/www.mettmann.de\/web\/jugendfoerderung-hat-eigenen-whatsapp-kanal\/","og_locale":"de_DE","og_type":"article","og_title":"Jugendf\u00f6rderung hat eigenen WhatsApp-Kanal","og_description":"Die st\u00e4dtische Jugendf\u00f6rderung erweitert ihre Kommunikationswege und informiert ab sofort auch mit einem WhatsApp-Kanal \u00fcber aktuelle Angebote und Veranstaltungen. In dem WhatsApp-Kanal erhalten Abonnentinnen und Abonnenten regelm\u00e4\u00dfig Einblicke in die verschiedenen Arbeitsfelder der Jugendf\u00f6rderung. Dazu...","og_url":"https:\/\/www.mettmann.de\/web\/jugendfoerderung-hat-eigenen-whatsapp-kanal\/","og_site_name":"Stadtverwaltung Mettmann","article_publisher":"https:\/\/www.facebook.com\/kreisstadt.mettmann","article_published_time":"2026-04-07T11:54:59+00:00","article_modified_time":"2026-04-07T12:02:03+00:00","og_image":[{"width":2560,"height":1706,"url":"https:\/\/www.mettmann.de\/web\/wp-content\/uploads\/2026\/04\/JUgendliche-mit-Handy-scaled.jpg","type":"image\/jpeg"}],"author":"LekiesT","twitter_card":"summary_large_image","twitter_misc":{"Verfasst von":"LekiesT","Gesch\u00e4tzte Lesezeit":"2\u00a0Minuten"},"schema":{"@context":"https:\/\/schema.org","@graph":[{"@type":"Article","@id":"https:\/\/www.mettmann.de\/web\/jugendfoerderung-hat-eigenen-whatsapp-kanal\/#article","isPartOf":{"@id":"https:\/\/www.mettmann.de\/web\/jugendfoerderung-hat-eigenen-whatsapp-kanal\/"},"author":{"name":"LekiesT","@id":"https:\/\/www.mettmann.de\/web\/#\/schema\/person\/c0deeeba8d377efe8e769dc7f56c2292"},"headline":"Jugendf\u00f6rderung hat eigenen WhatsApp-Kanal","datePublished":"2026-04-07T11:54:59+00:00","dateModified":"2026-04-07T12:02:03+00:00","mainEntityOfPage":{"@id":"https:\/\/www.mettmann.de\/web\/jugendfoerderung-hat-eigenen-whatsapp-kanal\/"},"wordCount":136,"publisher":{"@id":"https:\/\/www.mettmann.de\/web\/#organization"},"image":{"@id":"https:\/\/www.mettmann.de\/web\/jugendfoerderung-hat-eigenen-whatsapp-kanal\/#primaryimage"},"thumbnailUrl":"https:\/\/www.mettmann.de\/web\/wp-content\/uploads\/2026\/04\/JUgendliche-mit-Handy-scaled.jpg","keywords":["Informationen","Jugendf\u00f6rdferung","Mettmann","WhatsApp-Kanal"],"inLanguage":"de"},{"@type":"WebPage","@id":"https:\/\/www.mettmann.de\/web\/jugendfoerderung-hat-eigenen-whatsapp-kanal\/","url":"https:\/\/www.mettmann.de\/web\/jugendfoerderung-hat-eigenen-whatsapp-kanal\/","name":"Jugendf\u00f6rderung hat eigenen WhatsApp-Kanal","isPartOf":{"@id":"https:\/\/www.mettmann.de\/web\/#website"},"primaryImageOfPage":{"@id":"https:\/\/www.mettmann.de\/web\/jugendfoerderung-hat-eigenen-whatsapp-kanal\/#primaryimage"},"image":{"@id":"https:\/\/www.mettmann.de\/web\/jugendfoerderung-hat-eigenen-whatsapp-kanal\/#primaryimage"},"thumbnailUrl":"https:\/\/www.mettmann.de\/web\/wp-content\/uploads\/2026\/04\/JUgendliche-mit-Handy-scaled.jpg","datePublished":"2026-04-07T11:54:59+00:00","dateModified":"2026-04-07T12:02:03+00:00","breadcrumb":{"@id":"https:\/\/www.mettmann.de\/web\/jugendfoerderung-hat-eigenen-whatsapp-kanal\/#breadcrumb"},"inLanguage":"de","potentialAction":[{"@type":"ReadAction","target":["https:\/\/www.mettmann.de\/web\/jugendfoerderung-hat-eigenen-whatsapp-kanal\/"]}]},{"@type":"ImageObject","inLanguage":"de","@id":"https:\/\/www.mettmann.de\/web\/jugendfoerderung-hat-eigenen-whatsapp-kanal\/#primaryimage","url":"https:\/\/www.mettmann.de\/web\/wp-content\/uploads\/2026\/04\/JUgendliche-mit-Handy-scaled.jpg","contentUrl":"https:\/\/www.mettmann.de\/web\/wp-content\/uploads\/2026\/04\/JUgendliche-mit-Handy-scaled.jpg","width":2560,"height":1706,"caption":"Symbolfoto: sweetlouise \/ Pixabay"},{"@type":"BreadcrumbList","@id":"https:\/\/www.mettmann.de\/web\/jugendfoerderung-hat-eigenen-whatsapp-kanal\/#breadcrumb","itemListElement":[{"@type":"ListItem","position":1,"name":"Startseite","item":"https:\/\/www.mettmann.de\/web\/"},{"@type":"ListItem","position":2,"name":"Jugendf\u00f6rderung hat eigenen WhatsApp-Kanal"}]},{"@type":"WebSite","@id":"https:\/\/www.mettmann.de\/web\/#website","url":"https:\/\/www.mettmann.de\/web\/","name":"Stadtverwaltung Mettmann","description":"Internetseite der Kreisstadt Mettmann","publisher":{"@id":"https:\/\/www.mettmann.de\/web\/#organization"},"potentialAction":[{"@type":"SearchAction","target":{"@type":"EntryPoint","urlTemplate":"https:\/\/www.mettmann.de\/web\/?s={search_term_string}"},"query-input":{"@type":"PropertyValueSpecification","valueRequired":true,"valueName":"search_term_string"}}],"inLanguage":"de"},{"@type":"Organization","@id":"https:\/\/www.mettmann.de\/web\/#organization","name":"Kreisstadt Mettmann","url":"https:\/\/www.mettmann.de\/web\/","logo":{"@type":"ImageObject","inLanguage":"de","@id":"https:\/\/www.mettmann.de\/web\/#\/schema\/logo\/image\/","url":"https:\/\/www.mettmann.de\/web\/wp-content\/uploads\/2019\/08\/Kreisstadt_Mettmann_Logo_RGB_150dpi.png","contentUrl":"https:\/\/www.mettmann.de\/web\/wp-content\/uploads\/2019\/08\/Kreisstadt_Mettmann_Logo_RGB_150dpi.png","width":1302,"height":191,"caption":"Kreisstadt Mettmann"},"image":{"@id":"https:\/\/www.mettmann.de\/web\/#\/schema\/logo\/image\/"},"sameAs":["https:\/\/www.facebook.com\/kreisstadt.mettmann","https:\/\/de.wikipedia.org\/wiki\/Mettmann"]},{"@type":"Person","@id":"https:\/\/www.mettmann.de\/web\/#\/schema\/person\/c0deeeba8d377efe8e769dc7f56c2292","name":"LekiesT"}]}},"_links":{"self":[{"href":"https:\/\/www.mettmann.de\/web\/wp-json\/wp\/v2\/posts\/59765","targetHints":{"allow":["GET"]}}],"collection":[{"href":"https:\/\/www.mettmann.de\/web\/wp-json\/wp\/v2\/posts"}],"about":[{"href":"https:\/\/www.mettmann.de\/web\/wp-json\/wp\/v2\/types\/post"}],"author":[{"embeddable":true,"href":"https:\/\/www.mettmann.de\/web\/wp-json\/wp\/v2\/users\/2"}],"replies":[{"embeddable":true,"href":"https:\/\/www.mettmann.de\/web\/wp-json\/wp\/v2\/comments?post=59765"}],"version-history":[{"count":5,"href":"https:\/\/www.mettmann.de\/web\/wp-json\/wp\/v2\/posts\/59765\/revisions"}],"predecessor-version":[{"id":59772,"href":"https:\/\/www.mettmann.de\/web\/wp-json\/wp\/v2\/posts\/59765\/revisions\/59772"}],"wp:featuredmedia":[{"embeddable":true,"href":"https:\/\/www.mettmann.de\/web\/wp-json\/wp\/v2\/media\/59769"}],"wp:attachment":[{"href":"https:\/\/www.mettmann.de\/web\/wp-json\/wp\/v2\/media?parent=59765"}],"wp:term":[{"taxonomy":"category","embeddable":true,"href":"https:\/\/www.mettmann.de\/web\/wp-json\/wp\/v2\/categories?post=59765"},{"taxonomy":"post_tag","embeddable":true,"href":"https:\/\/www.mettmann.de\/web\/wp-json\/wp\/v2\/tags?post=59765"}],"curies":[{"name":"wp","href":"https:\/\/api.w.org\/{rel}","templated":true}]}}