{"id":59776,"date":"2026-04-08T08:51:07","date_gmt":"2026-04-08T06:51:07","guid":{"rendered":"https:\/\/www.mettmann.de\/web\/?p=59776"},"modified":"2026-04-08T08:51:07","modified_gmt":"2026-04-08T06:51:07","slug":"20-jahre-kunstmeile-strasse-am-koenigshof-wird-wieder-zur-kunstgalerie","status":"publish","type":"post","link":"https:\/\/www.mettmann.de\/web\/20-jahre-kunstmeile-strasse-am-koenigshof-wird-wieder-zur-kunstgalerie\/","title":{"rendered":"20 Jahre Kunstmeile \u2013 Stra\u00dfe Am K\u00f6nigshof wird wieder zur Kunstgalerie"},"content":{"rendered":"<p>Am Sonntag, 3. Mai, findet von 11 bis 18 Uhr zum 20. Mal die Mettmanner Kunstmeile statt. 41 K\u00fcnstlerinnen und K\u00fcnstler aus Mettmann und der Umgebung werden ihre Werke auf der Stra\u00dfe Am K\u00f6nigshof pr\u00e4sentieren. Die Besucherinnen und Besucher k\u00f6nnen sich unter anderem auf \u00d6l- und Acrylmalerei, handgemachte Papeterie oder auch auf Upcycling-Objekte und personalisierte Produkte freuen. Die Kunst kann auch direkt erworben und mit nach Hause genommen werden.<\/p>\n<p><strong>Verkaufsoffener Sonntag<\/strong><\/p>\n<p>Zur Kunstmeile l\u00e4dt der \u00f6rtliche Handel zum Bummeln und entspannten Einkaufen im Rahmen eines verkaufsoffenen Sonntags ein. Ausgew\u00e4hlte Gesch\u00e4fte in der Innenstadt sind von 13 bis 18 Uhr ge\u00f6ffnet. Dann lohnt sich auch der Blick in die Schaufenster besonders, denn am 3. Mai startet auch wieder der diesj\u00e4hrige Schaufensterwettbewerb.<\/p>\n<p>Die Besucherinnen und Besucher k\u00f6nnen sich \u00fcber die Kunstmeile und den verkaufsoffenen Sonntag hinaus noch auf weitere Highlights freuen: Die lokale K\u00fcnstlerin Tatiana Grichkovets-Schultheis l\u00e4dt wieder zur Malerei mit Aquarellfarben ein und Georg Schmidt bietet an seinem Stand Spin Art zum Mitmachen an. Ein Walking Act mit Dixie und Swing Musik wird die Stra\u00dfen der&nbsp; Innenstadt bespielen und die j\u00fcngsten Besucher sollten nach Clown Doni und der Kinderschminkerin Janine Geratz Ausschau halten.<\/p>\n<p>Und was ist sonst noch los? Eine \u00dcbersicht der geplanten Veranstaltungen gibt es im <a href=\"http:\/\/www.neanderthalstadt.me\/Aktuelles-Kontakte\/Veranstaltungs-Kalender\/\" target=\"_blank\" rel=\"noopener\">st\u00e4dtischen Veranstaltungskalender<\/a>.<\/p>\n","protected":false},"excerpt":{"rendered":"<p>Am Sonntag, 3. Mai, findet von 11 bis 18 Uhr zum 20. Mal die Mettmanner Kunstmeile statt. 41 K\u00fcnstlerinnen und K\u00fcnstler aus Mettmann und der Umgebung werden ihre Werke auf der Stra\u00dfe Am K\u00f6nigshof pr\u00e4sentieren&#8230;.<\/p>\n","protected":false},"author":2,"featured_media":21259,"comment_status":"closed","ping_status":"closed","sticky":false,"template":"","format":"standard","meta":{"ngg_post_thumbnail":0,"footnotes":""},"categories":[1],"tags":[961,4,3628,356],"class_list":["post-59776","post","type-post","status-publish","format-standard","has-post-thumbnail","hentry","category-allgemein","tag-kunstmeile","tag-mettmann","tag-schaufensterwettbewerb","tag-verkaufsoffener-sonntag"],"yoast_head":"<!-- This site is optimized with the Yoast SEO plugin v27.2 - https:\/\/yoast.com\/product\/yoast-seo-wordpress\/ -->\n<title>20 Jahre Kunstmeile \u2013 Stra\u00dfe Am K\u00f6nigshof wird wieder zur Kunstgalerie<\/title>\n<meta name=\"robots\" content=\"index, follow, max-snippet:-1, max-image-preview:large, max-video-preview:-1\" \/>\n<link rel=\"canonical\" href=\"https:\/\/www.mettmann.de\/web\/20-jahre-kunstmeile-strasse-am-koenigshof-wird-wieder-zur-kunstgalerie\/\" \/>\n<meta property=\"og:locale\" content=\"de_DE\" \/>\n<meta property=\"og:type\" content=\"article\" \/>\n<meta property=\"og:title\" content=\"20 Jahre Kunstmeile \u2013 Stra\u00dfe Am K\u00f6nigshof wird wieder zur Kunstgalerie\" \/>\n<meta property=\"og:description\" content=\"Am Sonntag, 3. Mai, findet von 11 bis 18 Uhr zum 20. Mal die Mettmanner Kunstmeile statt. 41 K\u00fcnstlerinnen und K\u00fcnstler aus Mettmann und der Umgebung werden ihre Werke auf der Stra\u00dfe Am K\u00f6nigshof pr\u00e4sentieren....\" \/>\n<meta property=\"og:url\" content=\"https:\/\/www.mettmann.de\/web\/20-jahre-kunstmeile-strasse-am-koenigshof-wird-wieder-zur-kunstgalerie\/\" \/>\n<meta property=\"og:site_name\" content=\"Stadtverwaltung Mettmann\" \/>\n<meta property=\"article:publisher\" content=\"https:\/\/www.facebook.com\/kreisstadt.mettmann\" \/>\n<meta property=\"article:published_time\" content=\"2026-04-08T06:51:07+00:00\" \/>\n<meta property=\"og:image\" content=\"https:\/\/www.mettmann.de\/web\/wp-content\/uploads\/2022\/06\/KUnstmeile-Lydia.jpg\" \/>\n\t<meta property=\"og:image:width\" content=\"640\" \/>\n\t<meta property=\"og:image:height\" content=\"480\" \/>\n\t<meta property=\"og:image:type\" content=\"image\/jpeg\" \/>\n<meta name=\"author\" content=\"LekiesT\" \/>\n<meta name=\"twitter:card\" content=\"summary_large_image\" \/>\n<meta name=\"twitter:label1\" content=\"Verfasst von\" \/>\n\t<meta name=\"twitter:data1\" content=\"LekiesT\" \/>\n\t<meta name=\"twitter:label2\" content=\"Gesch\u00e4tzte Lesezeit\" \/>\n\t<meta name=\"twitter:data2\" content=\"2\u00a0Minuten\" \/>\n<script type=\"application\/ld+json\" class=\"yoast-schema-graph\">{\"@context\":\"https:\/\/schema.org\",\"@graph\":[{\"@type\":\"Article\",\"@id\":\"https:\/\/www.mettmann.de\/web\/20-jahre-kunstmeile-strasse-am-koenigshof-wird-wieder-zur-kunstgalerie\/#article\",\"isPartOf\":{\"@id\":\"https:\/\/www.mettmann.de\/web\/20-jahre-kunstmeile-strasse-am-koenigshof-wird-wieder-zur-kunstgalerie\/\"},\"author\":{\"name\":\"LekiesT\",\"@id\":\"https:\/\/www.mettmann.de\/web\/#\/schema\/person\/c0deeeba8d377efe8e769dc7f56c2292\"},\"headline\":\"20 Jahre Kunstmeile \u2013 Stra\u00dfe Am K\u00f6nigshof wird wieder zur Kunstgalerie\",\"datePublished\":\"2026-04-08T06:51:07+00:00\",\"mainEntityOfPage\":{\"@id\":\"https:\/\/www.mettmann.de\/web\/20-jahre-kunstmeile-strasse-am-koenigshof-wird-wieder-zur-kunstgalerie\/\"},\"wordCount\":229,\"publisher\":{\"@id\":\"https:\/\/www.mettmann.de\/web\/#organization\"},\"image\":{\"@id\":\"https:\/\/www.mettmann.de\/web\/20-jahre-kunstmeile-strasse-am-koenigshof-wird-wieder-zur-kunstgalerie\/#primaryimage\"},\"thumbnailUrl\":\"https:\/\/www.mettmann.de\/web\/wp-content\/uploads\/2022\/06\/KUnstmeile-Lydia.jpg\",\"keywords\":[\"Kunstmeile\",\"Mettmann\",\"Schaufensterwettbewerb\",\"Verkaufsoffener Sonntag\"],\"inLanguage\":\"de\"},{\"@type\":\"WebPage\",\"@id\":\"https:\/\/www.mettmann.de\/web\/20-jahre-kunstmeile-strasse-am-koenigshof-wird-wieder-zur-kunstgalerie\/\",\"url\":\"https:\/\/www.mettmann.de\/web\/20-jahre-kunstmeile-strasse-am-koenigshof-wird-wieder-zur-kunstgalerie\/\",\"name\":\"20 Jahre Kunstmeile \u2013 Stra\u00dfe Am K\u00f6nigshof wird wieder zur Kunstgalerie\",\"isPartOf\":{\"@id\":\"https:\/\/www.mettmann.de\/web\/#website\"},\"primaryImageOfPage\":{\"@id\":\"https:\/\/www.mettmann.de\/web\/20-jahre-kunstmeile-strasse-am-koenigshof-wird-wieder-zur-kunstgalerie\/#primaryimage\"},\"image\":{\"@id\":\"https:\/\/www.mettmann.de\/web\/20-jahre-kunstmeile-strasse-am-koenigshof-wird-wieder-zur-kunstgalerie\/#primaryimage\"},\"thumbnailUrl\":\"https:\/\/www.mettmann.de\/web\/wp-content\/uploads\/2022\/06\/KUnstmeile-Lydia.jpg\",\"datePublished\":\"2026-04-08T06:51:07+00:00\",\"breadcrumb\":{\"@id\":\"https:\/\/www.mettmann.de\/web\/20-jahre-kunstmeile-strasse-am-koenigshof-wird-wieder-zur-kunstgalerie\/#breadcrumb\"},\"inLanguage\":\"de\",\"potentialAction\":[{\"@type\":\"ReadAction\",\"target\":[\"https:\/\/www.mettmann.de\/web\/20-jahre-kunstmeile-strasse-am-koenigshof-wird-wieder-zur-kunstgalerie\/\"]}]},{\"@type\":\"ImageObject\",\"inLanguage\":\"de\",\"@id\":\"https:\/\/www.mettmann.de\/web\/20-jahre-kunstmeile-strasse-am-koenigshof-wird-wieder-zur-kunstgalerie\/#primaryimage\",\"url\":\"https:\/\/www.mettmann.de\/web\/wp-content\/uploads\/2022\/06\/KUnstmeile-Lydia.jpg\",\"contentUrl\":\"https:\/\/www.mettmann.de\/web\/wp-content\/uploads\/2022\/06\/KUnstmeile-Lydia.jpg\",\"width\":640,\"height\":480,\"caption\":\"K\u00fcnstlerinnen und K\u00fcnstler pr\u00e4sentieren am 3. Mai ihre Arbeiten. (Archivfoto: Kreisstadt Mettmann)\"},{\"@type\":\"BreadcrumbList\",\"@id\":\"https:\/\/www.mettmann.de\/web\/20-jahre-kunstmeile-strasse-am-koenigshof-wird-wieder-zur-kunstgalerie\/#breadcrumb\",\"itemListElement\":[{\"@type\":\"ListItem\",\"position\":1,\"name\":\"Startseite\",\"item\":\"https:\/\/www.mettmann.de\/web\/\"},{\"@type\":\"ListItem\",\"position\":2,\"name\":\"20 Jahre Kunstmeile \u2013 Stra\u00dfe Am K\u00f6nigshof wird wieder zur Kunstgalerie\"}]},{\"@type\":\"WebSite\",\"@id\":\"https:\/\/www.mettmann.de\/web\/#website\",\"url\":\"https:\/\/www.mettmann.de\/web\/\",\"name\":\"Stadtverwaltung Mettmann\",\"description\":\"Internetseite der Kreisstadt Mettmann\",\"publisher\":{\"@id\":\"https:\/\/www.mettmann.de\/web\/#organization\"},\"potentialAction\":[{\"@type\":\"SearchAction\",\"target\":{\"@type\":\"EntryPoint\",\"urlTemplate\":\"https:\/\/www.mettmann.de\/web\/?s={search_term_string}\"},\"query-input\":{\"@type\":\"PropertyValueSpecification\",\"valueRequired\":true,\"valueName\":\"search_term_string\"}}],\"inLanguage\":\"de\"},{\"@type\":\"Organization\",\"@id\":\"https:\/\/www.mettmann.de\/web\/#organization\",\"name\":\"Kreisstadt Mettmann\",\"url\":\"https:\/\/www.mettmann.de\/web\/\",\"logo\":{\"@type\":\"ImageObject\",\"inLanguage\":\"de\",\"@id\":\"https:\/\/www.mettmann.de\/web\/#\/schema\/logo\/image\/\",\"url\":\"https:\/\/www.mettmann.de\/web\/wp-content\/uploads\/2019\/08\/Kreisstadt_Mettmann_Logo_RGB_150dpi.png\",\"contentUrl\":\"https:\/\/www.mettmann.de\/web\/wp-content\/uploads\/2019\/08\/Kreisstadt_Mettmann_Logo_RGB_150dpi.png\",\"width\":1302,\"height\":191,\"caption\":\"Kreisstadt Mettmann\"},\"image\":{\"@id\":\"https:\/\/www.mettmann.de\/web\/#\/schema\/logo\/image\/\"},\"sameAs\":[\"https:\/\/www.facebook.com\/kreisstadt.mettmann\",\"https:\/\/de.wikipedia.org\/wiki\/Mettmann\"]},{\"@type\":\"Person\",\"@id\":\"https:\/\/www.mettmann.de\/web\/#\/schema\/person\/c0deeeba8d377efe8e769dc7f56c2292\",\"name\":\"LekiesT\"}]}<\/script>\n<!-- \/ Yoast SEO plugin. -->","yoast_head_json":{"title":"20 Jahre Kunstmeile \u2013 Stra\u00dfe Am K\u00f6nigshof wird wieder zur Kunstgalerie","robots":{"index":"index","follow":"follow","max-snippet":"max-snippet:-1","max-image-preview":"max-image-preview:large","max-video-preview":"max-video-preview:-1"},"canonical":"https:\/\/www.mettmann.de\/web\/20-jahre-kunstmeile-strasse-am-koenigshof-wird-wieder-zur-kunstgalerie\/","og_locale":"de_DE","og_type":"article","og_title":"20 Jahre Kunstmeile \u2013 Stra\u00dfe Am K\u00f6nigshof wird wieder zur Kunstgalerie","og_description":"Am Sonntag, 3. Mai, findet von 11 bis 18 Uhr zum 20. Mal die Mettmanner Kunstmeile statt. 41 K\u00fcnstlerinnen und K\u00fcnstler aus Mettmann und der Umgebung werden ihre Werke auf der Stra\u00dfe Am K\u00f6nigshof pr\u00e4sentieren....","og_url":"https:\/\/www.mettmann.de\/web\/20-jahre-kunstmeile-strasse-am-koenigshof-wird-wieder-zur-kunstgalerie\/","og_site_name":"Stadtverwaltung Mettmann","article_publisher":"https:\/\/www.facebook.com\/kreisstadt.mettmann","article_published_time":"2026-04-08T06:51:07+00:00","og_image":[{"width":640,"height":480,"url":"https:\/\/www.mettmann.de\/web\/wp-content\/uploads\/2022\/06\/KUnstmeile-Lydia.jpg","type":"image\/jpeg"}],"author":"LekiesT","twitter_card":"summary_large_image","twitter_misc":{"Verfasst von":"LekiesT","Gesch\u00e4tzte Lesezeit":"2\u00a0Minuten"},"schema":{"@context":"https:\/\/schema.org","@graph":[{"@type":"Article","@id":"https:\/\/www.mettmann.de\/web\/20-jahre-kunstmeile-strasse-am-koenigshof-wird-wieder-zur-kunstgalerie\/#article","isPartOf":{"@id":"https:\/\/www.mettmann.de\/web\/20-jahre-kunstmeile-strasse-am-koenigshof-wird-wieder-zur-kunstgalerie\/"},"author":{"name":"LekiesT","@id":"https:\/\/www.mettmann.de\/web\/#\/schema\/person\/c0deeeba8d377efe8e769dc7f56c2292"},"headline":"20 Jahre Kunstmeile \u2013 Stra\u00dfe Am K\u00f6nigshof wird wieder zur Kunstgalerie","datePublished":"2026-04-08T06:51:07+00:00","mainEntityOfPage":{"@id":"https:\/\/www.mettmann.de\/web\/20-jahre-kunstmeile-strasse-am-koenigshof-wird-wieder-zur-kunstgalerie\/"},"wordCount":229,"publisher":{"@id":"https:\/\/www.mettmann.de\/web\/#organization"},"image":{"@id":"https:\/\/www.mettmann.de\/web\/20-jahre-kunstmeile-strasse-am-koenigshof-wird-wieder-zur-kunstgalerie\/#primaryimage"},"thumbnailUrl":"https:\/\/www.mettmann.de\/web\/wp-content\/uploads\/2022\/06\/KUnstmeile-Lydia.jpg","keywords":["Kunstmeile","Mettmann","Schaufensterwettbewerb","Verkaufsoffener Sonntag"],"inLanguage":"de"},{"@type":"WebPage","@id":"https:\/\/www.mettmann.de\/web\/20-jahre-kunstmeile-strasse-am-koenigshof-wird-wieder-zur-kunstgalerie\/","url":"https:\/\/www.mettmann.de\/web\/20-jahre-kunstmeile-strasse-am-koenigshof-wird-wieder-zur-kunstgalerie\/","name":"20 Jahre Kunstmeile \u2013 Stra\u00dfe Am K\u00f6nigshof wird wieder zur Kunstgalerie","isPartOf":{"@id":"https:\/\/www.mettmann.de\/web\/#website"},"primaryImageOfPage":{"@id":"https:\/\/www.mettmann.de\/web\/20-jahre-kunstmeile-strasse-am-koenigshof-wird-wieder-zur-kunstgalerie\/#primaryimage"},"image":{"@id":"https:\/\/www.mettmann.de\/web\/20-jahre-kunstmeile-strasse-am-koenigshof-wird-wieder-zur-kunstgalerie\/#primaryimage"},"thumbnailUrl":"https:\/\/www.mettmann.de\/web\/wp-content\/uploads\/2022\/06\/KUnstmeile-Lydia.jpg","datePublished":"2026-04-08T06:51:07+00:00","breadcrumb":{"@id":"https:\/\/www.mettmann.de\/web\/20-jahre-kunstmeile-strasse-am-koenigshof-wird-wieder-zur-kunstgalerie\/#breadcrumb"},"inLanguage":"de","potentialAction":[{"@type":"ReadAction","target":["https:\/\/www.mettmann.de\/web\/20-jahre-kunstmeile-strasse-am-koenigshof-wird-wieder-zur-kunstgalerie\/"]}]},{"@type":"ImageObject","inLanguage":"de","@id":"https:\/\/www.mettmann.de\/web\/20-jahre-kunstmeile-strasse-am-koenigshof-wird-wieder-zur-kunstgalerie\/#primaryimage","url":"https:\/\/www.mettmann.de\/web\/wp-content\/uploads\/2022\/06\/KUnstmeile-Lydia.jpg","contentUrl":"https:\/\/www.mettmann.de\/web\/wp-content\/uploads\/2022\/06\/KUnstmeile-Lydia.jpg","width":640,"height":480,"caption":"K\u00fcnstlerinnen und K\u00fcnstler pr\u00e4sentieren am 3. Mai ihre Arbeiten. (Archivfoto: Kreisstadt Mettmann)"},{"@type":"BreadcrumbList","@id":"https:\/\/www.mettmann.de\/web\/20-jahre-kunstmeile-strasse-am-koenigshof-wird-wieder-zur-kunstgalerie\/#breadcrumb","itemListElement":[{"@type":"ListItem","position":1,"name":"Startseite","item":"https:\/\/www.mettmann.de\/web\/"},{"@type":"ListItem","position":2,"name":"20 Jahre Kunstmeile \u2013 Stra\u00dfe Am K\u00f6nigshof wird wieder zur Kunstgalerie"}]},{"@type":"WebSite","@id":"https:\/\/www.mettmann.de\/web\/#website","url":"https:\/\/www.mettmann.de\/web\/","name":"Stadtverwaltung Mettmann","description":"Internetseite der Kreisstadt Mettmann","publisher":{"@id":"https:\/\/www.mettmann.de\/web\/#organization"},"potentialAction":[{"@type":"SearchAction","target":{"@type":"EntryPoint","urlTemplate":"https:\/\/www.mettmann.de\/web\/?s={search_term_string}"},"query-input":{"@type":"PropertyValueSpecification","valueRequired":true,"valueName":"search_term_string"}}],"inLanguage":"de"},{"@type":"Organization","@id":"https:\/\/www.mettmann.de\/web\/#organization","name":"Kreisstadt Mettmann","url":"https:\/\/www.mettmann.de\/web\/","logo":{"@type":"ImageObject","inLanguage":"de","@id":"https:\/\/www.mettmann.de\/web\/#\/schema\/logo\/image\/","url":"https:\/\/www.mettmann.de\/web\/wp-content\/uploads\/2019\/08\/Kreisstadt_Mettmann_Logo_RGB_150dpi.png","contentUrl":"https:\/\/www.mettmann.de\/web\/wp-content\/uploads\/2019\/08\/Kreisstadt_Mettmann_Logo_RGB_150dpi.png","width":1302,"height":191,"caption":"Kreisstadt Mettmann"},"image":{"@id":"https:\/\/www.mettmann.de\/web\/#\/schema\/logo\/image\/"},"sameAs":["https:\/\/www.facebook.com\/kreisstadt.mettmann","https:\/\/de.wikipedia.org\/wiki\/Mettmann"]},{"@type":"Person","@id":"https:\/\/www.mettmann.de\/web\/#\/schema\/person\/c0deeeba8d377efe8e769dc7f56c2292","name":"LekiesT"}]}},"_links":{"self":[{"href":"https:\/\/www.mettmann.de\/web\/wp-json\/wp\/v2\/posts\/59776","targetHints":{"allow":["GET"]}}],"collection":[{"href":"https:\/\/www.mettmann.de\/web\/wp-json\/wp\/v2\/posts"}],"about":[{"href":"https:\/\/www.mettmann.de\/web\/wp-json\/wp\/v2\/types\/post"}],"author":[{"embeddable":true,"href":"https:\/\/www.mettmann.de\/web\/wp-json\/wp\/v2\/users\/2"}],"replies":[{"embeddable":true,"href":"https:\/\/www.mettmann.de\/web\/wp-json\/wp\/v2\/comments?post=59776"}],"version-history":[{"count":6,"href":"https:\/\/www.mettmann.de\/web\/wp-json\/wp\/v2\/posts\/59776\/revisions"}],"predecessor-version":[{"id":59794,"href":"https:\/\/www.mettmann.de\/web\/wp-json\/wp\/v2\/posts\/59776\/revisions\/59794"}],"wp:featuredmedia":[{"embeddable":true,"href":"https:\/\/www.mettmann.de\/web\/wp-json\/wp\/v2\/media\/21259"}],"wp:attachment":[{"href":"https:\/\/www.mettmann.de\/web\/wp-json\/wp\/v2\/media?parent=59776"}],"wp:term":[{"taxonomy":"category","embeddable":true,"href":"https:\/\/www.mettmann.de\/web\/wp-json\/wp\/v2\/categories?post=59776"},{"taxonomy":"post_tag","embeddable":true,"href":"https:\/\/www.mettmann.de\/web\/wp-json\/wp\/v2\/tags?post=59776"}],"curies":[{"name":"wp","href":"https:\/\/api.w.org\/{rel}","templated":true}]}}