{"id":60217,"date":"2026-04-27T09:54:38","date_gmt":"2026-04-27T07:54:38","guid":{"rendered":"https:\/\/www.mettmann.de\/web\/?p=60217"},"modified":"2026-04-27T09:54:38","modified_gmt":"2026-04-27T07:54:38","slug":"neben-elektrifizierung-fuehrt-regiobahn-zusaetzliche-arbeiten-durch","status":"publish","type":"post","link":"https:\/\/www.mettmann.de\/web\/neben-elektrifizierung-fuehrt-regiobahn-zusaetzliche-arbeiten-durch\/","title":{"rendered":"Neben Elektrifizierung f\u00fchrt Regiobahn zus\u00e4tzliche Arbeiten durch"},"content":{"rendered":"<p>Vom 15. Mai bis 27. Juni werden auf dem Teilst\u00fcck Mettmann Stadtwald \u2013 D\u00fcsseldorf Gerresheim umfangreiche Gleisbauarbeiten durchgef\u00fchrt, teilt die Regiobahn mit.&nbsp;<\/p>\n<p>Die Ma\u00dfnahmen in Mettmann umfassen:<br \/>\n\u2022 Anpassung der Bahnsteigh\u00f6he am Bahnhof Mettmann Stadtwald&nbsp;<br \/>\n\u2022 Anpassung der Reisendensicherungen und Bahn\u00fcberg\u00e4nge am Bahnhof Mettmann Stadtwald sowie an den Haltepunkten Mettmann Zentrum und Neandertal<br \/>\n\u2022 Instandsetzung des Weichenkreuzes Mettmann Stadtwald<br \/>\n\u2022 Instandhaltungsstopfg\u00e4nge auf dem gesamten Abschnitt Mettmann Stadtwald \u2013 D\u00fcsseldorf Gerresheim<br \/>\n\u2022 Austausch des Schotteroberbaus und Neuschotter-Verklebung am Haltepunkt Mettmann Zentrum<\/p>\n<p>F\u00fcr diese Arbeiten werden zur Einrichtung der Baustellenlogistik Fl\u00e4chen errichtet, die tempor\u00e4r von ausf\u00fchrenden Baufirmen genutzt werden. Betroffen ist davon insbesondere der Bahnhof Mettmann Stadtwald. Auf dem P+R-Parkplatz am Bahnhof Mettmann Stadtwald werden im westlichen Bereich die Parkbuchten f\u00fcr den Individualverkehr gesperrt. Die Sperrung wird voraussichtlich bis Ende September 2026 andauern.<\/p>\n<p>F\u00fcr Arbeiten am Bahn\u00fcbergang in Mettmann Stadtwald \u201eBahnstra\u00dfe\u201c wird dieser ebenfalls vom 15. Mai bis 27. Juni gesperrt. Anwohnerinnen und Anwohner werden gebeten, das Wohngebiet n\u00f6rdlich des Bahnhofs Mettmann Stadtwald \u00fcber die<br \/>\nBergstra\u00dfe \/ Bahnstra\u00dfe zu erreichen.<\/p>\n<p>Am Haltepunkt Neandertal wird der \u00f6stliche Teil des Parkplatzes P2 f\u00fcr den genannten Zeitraum gesperrt. Alle Ma\u00dfnahmen sind beh\u00f6rdlich abgestimmt und werden mit entsprechender Verkehrssicherung ausgestattet. Die Regiobahn bittet alle betroffenen Anwohnerinnen und Anwohner sowie Fahrg\u00e4ste um Verst\u00e4ndnis f\u00fcr die entstehenden Einschr\u00e4nkungen und bedankt sich f\u00fcr die Geduld. Ziel ist es, die unvermeidbaren Beeintr\u00e4chtigungen so gering wie m\u00f6glich zu halten.<\/p>\n","protected":false},"excerpt":{"rendered":"<p>Vom 15. Mai bis 27. Juni werden auf dem Teilst\u00fcck Mettmann Stadtwald \u2013 D\u00fcsseldorf Gerresheim umfangreiche Gleisbauarbeiten durchgef\u00fchrt, teilt die Regiobahn mit.&nbsp; Die Ma\u00dfnahmen in Mettmann umfassen: \u2022 Anpassung der Bahnsteigh\u00f6he am Bahnhof Mettmann Stadtwald&nbsp;&#8230;<\/p>\n","protected":false},"author":2,"featured_media":19400,"comment_status":"closed","ping_status":"closed","sticky":false,"template":"","format":"standard","meta":{"ngg_post_thumbnail":0,"footnotes":""},"categories":[1],"tags":[59,2972,4,10],"class_list":["post-60217","post","type-post","status-publish","format-standard","has-post-thumbnail","hentry","category-allgemein","tag-bauarbeiten","tag-elektrifizierung","tag-mettmann","tag-regiobahn"],"yoast_head":"<!-- This site is optimized with the Yoast SEO plugin v27.2 - https:\/\/yoast.com\/product\/yoast-seo-wordpress\/ -->\n<title>Neben Elektrifizierung f\u00fchrt Regiobahn zus\u00e4tzliche Arbeiten durch<\/title>\n<meta name=\"robots\" content=\"index, follow, max-snippet:-1, max-image-preview:large, max-video-preview:-1\" \/>\n<link rel=\"canonical\" href=\"https:\/\/www.mettmann.de\/web\/neben-elektrifizierung-fuehrt-regiobahn-zusaetzliche-arbeiten-durch\/\" \/>\n<meta property=\"og:locale\" content=\"de_DE\" \/>\n<meta property=\"og:type\" content=\"article\" \/>\n<meta property=\"og:title\" content=\"Neben Elektrifizierung f\u00fchrt Regiobahn zus\u00e4tzliche Arbeiten durch\" \/>\n<meta property=\"og:description\" content=\"Vom 15. Mai bis 27. Juni werden auf dem Teilst\u00fcck Mettmann Stadtwald \u2013 D\u00fcsseldorf Gerresheim umfangreiche Gleisbauarbeiten durchgef\u00fchrt, teilt die Regiobahn mit.&nbsp; Die Ma\u00dfnahmen in Mettmann umfassen: \u2022 Anpassung der Bahnsteigh\u00f6he am Bahnhof Mettmann Stadtwald&nbsp;...\" \/>\n<meta property=\"og:url\" content=\"https:\/\/www.mettmann.de\/web\/neben-elektrifizierung-fuehrt-regiobahn-zusaetzliche-arbeiten-durch\/\" \/>\n<meta property=\"og:site_name\" content=\"Stadtverwaltung Mettmann\" \/>\n<meta property=\"article:publisher\" content=\"https:\/\/www.facebook.com\/kreisstadt.mettmann\" \/>\n<meta property=\"article:published_time\" content=\"2026-04-27T07:54:38+00:00\" \/>\n<meta property=\"og:image\" content=\"https:\/\/www.mettmann.de\/web\/wp-content\/uploads\/2022\/04\/Regiobahn-scaled.jpg\" \/>\n\t<meta property=\"og:image:width\" content=\"2560\" \/>\n\t<meta property=\"og:image:height\" content=\"1707\" \/>\n\t<meta property=\"og:image:type\" content=\"image\/jpeg\" \/>\n<meta name=\"author\" content=\"LekiesT\" \/>\n<meta name=\"twitter:card\" content=\"summary_large_image\" \/>\n<meta name=\"twitter:label1\" content=\"Verfasst von\" \/>\n\t<meta name=\"twitter:data1\" content=\"LekiesT\" \/>\n\t<meta name=\"twitter:label2\" content=\"Gesch\u00e4tzte Lesezeit\" \/>\n\t<meta name=\"twitter:data2\" content=\"2\u00a0Minuten\" \/>\n<script type=\"application\/ld+json\" class=\"yoast-schema-graph\">{\"@context\":\"https:\/\/schema.org\",\"@graph\":[{\"@type\":\"Article\",\"@id\":\"https:\/\/www.mettmann.de\/web\/neben-elektrifizierung-fuehrt-regiobahn-zusaetzliche-arbeiten-durch\/#article\",\"isPartOf\":{\"@id\":\"https:\/\/www.mettmann.de\/web\/neben-elektrifizierung-fuehrt-regiobahn-zusaetzliche-arbeiten-durch\/\"},\"author\":{\"name\":\"LekiesT\",\"@id\":\"https:\/\/www.mettmann.de\/web\/#\/schema\/person\/c0deeeba8d377efe8e769dc7f56c2292\"},\"headline\":\"Neben Elektrifizierung f\u00fchrt Regiobahn zus\u00e4tzliche Arbeiten durch\",\"datePublished\":\"2026-04-27T07:54:38+00:00\",\"mainEntityOfPage\":{\"@id\":\"https:\/\/www.mettmann.de\/web\/neben-elektrifizierung-fuehrt-regiobahn-zusaetzliche-arbeiten-durch\/\"},\"wordCount\":257,\"publisher\":{\"@id\":\"https:\/\/www.mettmann.de\/web\/#organization\"},\"image\":{\"@id\":\"https:\/\/www.mettmann.de\/web\/neben-elektrifizierung-fuehrt-regiobahn-zusaetzliche-arbeiten-durch\/#primaryimage\"},\"thumbnailUrl\":\"https:\/\/www.mettmann.de\/web\/wp-content\/uploads\/2022\/04\/Regiobahn-scaled.jpg\",\"keywords\":[\"Bauarbeiten\",\"Elektrifizierung\",\"Mettmann\",\"Regiobahn\"],\"inLanguage\":\"de\"},{\"@type\":\"WebPage\",\"@id\":\"https:\/\/www.mettmann.de\/web\/neben-elektrifizierung-fuehrt-regiobahn-zusaetzliche-arbeiten-durch\/\",\"url\":\"https:\/\/www.mettmann.de\/web\/neben-elektrifizierung-fuehrt-regiobahn-zusaetzliche-arbeiten-durch\/\",\"name\":\"Neben Elektrifizierung f\u00fchrt Regiobahn zus\u00e4tzliche Arbeiten durch\",\"isPartOf\":{\"@id\":\"https:\/\/www.mettmann.de\/web\/#website\"},\"primaryImageOfPage\":{\"@id\":\"https:\/\/www.mettmann.de\/web\/neben-elektrifizierung-fuehrt-regiobahn-zusaetzliche-arbeiten-durch\/#primaryimage\"},\"image\":{\"@id\":\"https:\/\/www.mettmann.de\/web\/neben-elektrifizierung-fuehrt-regiobahn-zusaetzliche-arbeiten-durch\/#primaryimage\"},\"thumbnailUrl\":\"https:\/\/www.mettmann.de\/web\/wp-content\/uploads\/2022\/04\/Regiobahn-scaled.jpg\",\"datePublished\":\"2026-04-27T07:54:38+00:00\",\"breadcrumb\":{\"@id\":\"https:\/\/www.mettmann.de\/web\/neben-elektrifizierung-fuehrt-regiobahn-zusaetzliche-arbeiten-durch\/#breadcrumb\"},\"inLanguage\":\"de\",\"potentialAction\":[{\"@type\":\"ReadAction\",\"target\":[\"https:\/\/www.mettmann.de\/web\/neben-elektrifizierung-fuehrt-regiobahn-zusaetzliche-arbeiten-durch\/\"]}]},{\"@type\":\"ImageObject\",\"inLanguage\":\"de\",\"@id\":\"https:\/\/www.mettmann.de\/web\/neben-elektrifizierung-fuehrt-regiobahn-zusaetzliche-arbeiten-durch\/#primaryimage\",\"url\":\"https:\/\/www.mettmann.de\/web\/wp-content\/uploads\/2022\/04\/Regiobahn-scaled.jpg\",\"contentUrl\":\"https:\/\/www.mettmann.de\/web\/wp-content\/uploads\/2022\/04\/Regiobahn-scaled.jpg\",\"width\":2560,\"height\":1707,\"caption\":\"Zum Fahrplanwechsel im Dezember 2026 will die Regiobahn ihren Betrieb von Diesel auf Strom umstellen. (Foto: Regiobahn)\"},{\"@type\":\"BreadcrumbList\",\"@id\":\"https:\/\/www.mettmann.de\/web\/neben-elektrifizierung-fuehrt-regiobahn-zusaetzliche-arbeiten-durch\/#breadcrumb\",\"itemListElement\":[{\"@type\":\"ListItem\",\"position\":1,\"name\":\"Startseite\",\"item\":\"https:\/\/www.mettmann.de\/web\/\"},{\"@type\":\"ListItem\",\"position\":2,\"name\":\"Neben Elektrifizierung f\u00fchrt Regiobahn zus\u00e4tzliche Arbeiten durch\"}]},{\"@type\":\"WebSite\",\"@id\":\"https:\/\/www.mettmann.de\/web\/#website\",\"url\":\"https:\/\/www.mettmann.de\/web\/\",\"name\":\"Stadtverwaltung Mettmann\",\"description\":\"Internetseite der Kreisstadt Mettmann\",\"publisher\":{\"@id\":\"https:\/\/www.mettmann.de\/web\/#organization\"},\"potentialAction\":[{\"@type\":\"SearchAction\",\"target\":{\"@type\":\"EntryPoint\",\"urlTemplate\":\"https:\/\/www.mettmann.de\/web\/?s={search_term_string}\"},\"query-input\":{\"@type\":\"PropertyValueSpecification\",\"valueRequired\":true,\"valueName\":\"search_term_string\"}}],\"inLanguage\":\"de\"},{\"@type\":\"Organization\",\"@id\":\"https:\/\/www.mettmann.de\/web\/#organization\",\"name\":\"Kreisstadt Mettmann\",\"url\":\"https:\/\/www.mettmann.de\/web\/\",\"logo\":{\"@type\":\"ImageObject\",\"inLanguage\":\"de\",\"@id\":\"https:\/\/www.mettmann.de\/web\/#\/schema\/logo\/image\/\",\"url\":\"https:\/\/www.mettmann.de\/web\/wp-content\/uploads\/2019\/08\/Kreisstadt_Mettmann_Logo_RGB_150dpi.png\",\"contentUrl\":\"https:\/\/www.mettmann.de\/web\/wp-content\/uploads\/2019\/08\/Kreisstadt_Mettmann_Logo_RGB_150dpi.png\",\"width\":1302,\"height\":191,\"caption\":\"Kreisstadt Mettmann\"},\"image\":{\"@id\":\"https:\/\/www.mettmann.de\/web\/#\/schema\/logo\/image\/\"},\"sameAs\":[\"https:\/\/www.facebook.com\/kreisstadt.mettmann\",\"https:\/\/de.wikipedia.org\/wiki\/Mettmann\"]},{\"@type\":\"Person\",\"@id\":\"https:\/\/www.mettmann.de\/web\/#\/schema\/person\/c0deeeba8d377efe8e769dc7f56c2292\",\"name\":\"LekiesT\"}]}<\/script>\n<!-- \/ Yoast SEO plugin. -->","yoast_head_json":{"title":"Neben Elektrifizierung f\u00fchrt Regiobahn zus\u00e4tzliche Arbeiten durch","robots":{"index":"index","follow":"follow","max-snippet":"max-snippet:-1","max-image-preview":"max-image-preview:large","max-video-preview":"max-video-preview:-1"},"canonical":"https:\/\/www.mettmann.de\/web\/neben-elektrifizierung-fuehrt-regiobahn-zusaetzliche-arbeiten-durch\/","og_locale":"de_DE","og_type":"article","og_title":"Neben Elektrifizierung f\u00fchrt Regiobahn zus\u00e4tzliche Arbeiten durch","og_description":"Vom 15. Mai bis 27. Juni werden auf dem Teilst\u00fcck Mettmann Stadtwald \u2013 D\u00fcsseldorf Gerresheim umfangreiche Gleisbauarbeiten durchgef\u00fchrt, teilt die Regiobahn mit.&nbsp; Die Ma\u00dfnahmen in Mettmann umfassen: \u2022 Anpassung der Bahnsteigh\u00f6he am Bahnhof Mettmann Stadtwald&nbsp;...","og_url":"https:\/\/www.mettmann.de\/web\/neben-elektrifizierung-fuehrt-regiobahn-zusaetzliche-arbeiten-durch\/","og_site_name":"Stadtverwaltung Mettmann","article_publisher":"https:\/\/www.facebook.com\/kreisstadt.mettmann","article_published_time":"2026-04-27T07:54:38+00:00","og_image":[{"width":2560,"height":1707,"url":"https:\/\/www.mettmann.de\/web\/wp-content\/uploads\/2022\/04\/Regiobahn-scaled.jpg","type":"image\/jpeg"}],"author":"LekiesT","twitter_card":"summary_large_image","twitter_misc":{"Verfasst von":"LekiesT","Gesch\u00e4tzte Lesezeit":"2\u00a0Minuten"},"schema":{"@context":"https:\/\/schema.org","@graph":[{"@type":"Article","@id":"https:\/\/www.mettmann.de\/web\/neben-elektrifizierung-fuehrt-regiobahn-zusaetzliche-arbeiten-durch\/#article","isPartOf":{"@id":"https:\/\/www.mettmann.de\/web\/neben-elektrifizierung-fuehrt-regiobahn-zusaetzliche-arbeiten-durch\/"},"author":{"name":"LekiesT","@id":"https:\/\/www.mettmann.de\/web\/#\/schema\/person\/c0deeeba8d377efe8e769dc7f56c2292"},"headline":"Neben Elektrifizierung f\u00fchrt Regiobahn zus\u00e4tzliche Arbeiten durch","datePublished":"2026-04-27T07:54:38+00:00","mainEntityOfPage":{"@id":"https:\/\/www.mettmann.de\/web\/neben-elektrifizierung-fuehrt-regiobahn-zusaetzliche-arbeiten-durch\/"},"wordCount":257,"publisher":{"@id":"https:\/\/www.mettmann.de\/web\/#organization"},"image":{"@id":"https:\/\/www.mettmann.de\/web\/neben-elektrifizierung-fuehrt-regiobahn-zusaetzliche-arbeiten-durch\/#primaryimage"},"thumbnailUrl":"https:\/\/www.mettmann.de\/web\/wp-content\/uploads\/2022\/04\/Regiobahn-scaled.jpg","keywords":["Bauarbeiten","Elektrifizierung","Mettmann","Regiobahn"],"inLanguage":"de"},{"@type":"WebPage","@id":"https:\/\/www.mettmann.de\/web\/neben-elektrifizierung-fuehrt-regiobahn-zusaetzliche-arbeiten-durch\/","url":"https:\/\/www.mettmann.de\/web\/neben-elektrifizierung-fuehrt-regiobahn-zusaetzliche-arbeiten-durch\/","name":"Neben Elektrifizierung f\u00fchrt Regiobahn zus\u00e4tzliche Arbeiten durch","isPartOf":{"@id":"https:\/\/www.mettmann.de\/web\/#website"},"primaryImageOfPage":{"@id":"https:\/\/www.mettmann.de\/web\/neben-elektrifizierung-fuehrt-regiobahn-zusaetzliche-arbeiten-durch\/#primaryimage"},"image":{"@id":"https:\/\/www.mettmann.de\/web\/neben-elektrifizierung-fuehrt-regiobahn-zusaetzliche-arbeiten-durch\/#primaryimage"},"thumbnailUrl":"https:\/\/www.mettmann.de\/web\/wp-content\/uploads\/2022\/04\/Regiobahn-scaled.jpg","datePublished":"2026-04-27T07:54:38+00:00","breadcrumb":{"@id":"https:\/\/www.mettmann.de\/web\/neben-elektrifizierung-fuehrt-regiobahn-zusaetzliche-arbeiten-durch\/#breadcrumb"},"inLanguage":"de","potentialAction":[{"@type":"ReadAction","target":["https:\/\/www.mettmann.de\/web\/neben-elektrifizierung-fuehrt-regiobahn-zusaetzliche-arbeiten-durch\/"]}]},{"@type":"ImageObject","inLanguage":"de","@id":"https:\/\/www.mettmann.de\/web\/neben-elektrifizierung-fuehrt-regiobahn-zusaetzliche-arbeiten-durch\/#primaryimage","url":"https:\/\/www.mettmann.de\/web\/wp-content\/uploads\/2022\/04\/Regiobahn-scaled.jpg","contentUrl":"https:\/\/www.mettmann.de\/web\/wp-content\/uploads\/2022\/04\/Regiobahn-scaled.jpg","width":2560,"height":1707,"caption":"Zum Fahrplanwechsel im Dezember 2026 will die Regiobahn ihren Betrieb von Diesel auf Strom umstellen. (Foto: Regiobahn)"},{"@type":"BreadcrumbList","@id":"https:\/\/www.mettmann.de\/web\/neben-elektrifizierung-fuehrt-regiobahn-zusaetzliche-arbeiten-durch\/#breadcrumb","itemListElement":[{"@type":"ListItem","position":1,"name":"Startseite","item":"https:\/\/www.mettmann.de\/web\/"},{"@type":"ListItem","position":2,"name":"Neben Elektrifizierung f\u00fchrt Regiobahn zus\u00e4tzliche Arbeiten durch"}]},{"@type":"WebSite","@id":"https:\/\/www.mettmann.de\/web\/#website","url":"https:\/\/www.mettmann.de\/web\/","name":"Stadtverwaltung Mettmann","description":"Internetseite der Kreisstadt Mettmann","publisher":{"@id":"https:\/\/www.mettmann.de\/web\/#organization"},"potentialAction":[{"@type":"SearchAction","target":{"@type":"EntryPoint","urlTemplate":"https:\/\/www.mettmann.de\/web\/?s={search_term_string}"},"query-input":{"@type":"PropertyValueSpecification","valueRequired":true,"valueName":"search_term_string"}}],"inLanguage":"de"},{"@type":"Organization","@id":"https:\/\/www.mettmann.de\/web\/#organization","name":"Kreisstadt Mettmann","url":"https:\/\/www.mettmann.de\/web\/","logo":{"@type":"ImageObject","inLanguage":"de","@id":"https:\/\/www.mettmann.de\/web\/#\/schema\/logo\/image\/","url":"https:\/\/www.mettmann.de\/web\/wp-content\/uploads\/2019\/08\/Kreisstadt_Mettmann_Logo_RGB_150dpi.png","contentUrl":"https:\/\/www.mettmann.de\/web\/wp-content\/uploads\/2019\/08\/Kreisstadt_Mettmann_Logo_RGB_150dpi.png","width":1302,"height":191,"caption":"Kreisstadt Mettmann"},"image":{"@id":"https:\/\/www.mettmann.de\/web\/#\/schema\/logo\/image\/"},"sameAs":["https:\/\/www.facebook.com\/kreisstadt.mettmann","https:\/\/de.wikipedia.org\/wiki\/Mettmann"]},{"@type":"Person","@id":"https:\/\/www.mettmann.de\/web\/#\/schema\/person\/c0deeeba8d377efe8e769dc7f56c2292","name":"LekiesT"}]}},"_links":{"self":[{"href":"https:\/\/www.mettmann.de\/web\/wp-json\/wp\/v2\/posts\/60217","targetHints":{"allow":["GET"]}}],"collection":[{"href":"https:\/\/www.mettmann.de\/web\/wp-json\/wp\/v2\/posts"}],"about":[{"href":"https:\/\/www.mettmann.de\/web\/wp-json\/wp\/v2\/types\/post"}],"author":[{"embeddable":true,"href":"https:\/\/www.mettmann.de\/web\/wp-json\/wp\/v2\/users\/2"}],"replies":[{"embeddable":true,"href":"https:\/\/www.mettmann.de\/web\/wp-json\/wp\/v2\/comments?post=60217"}],"version-history":[{"count":2,"href":"https:\/\/www.mettmann.de\/web\/wp-json\/wp\/v2\/posts\/60217\/revisions"}],"predecessor-version":[{"id":60221,"href":"https:\/\/www.mettmann.de\/web\/wp-json\/wp\/v2\/posts\/60217\/revisions\/60221"}],"wp:featuredmedia":[{"embeddable":true,"href":"https:\/\/www.mettmann.de\/web\/wp-json\/wp\/v2\/media\/19400"}],"wp:attachment":[{"href":"https:\/\/www.mettmann.de\/web\/wp-json\/wp\/v2\/media?parent=60217"}],"wp:term":[{"taxonomy":"category","embeddable":true,"href":"https:\/\/www.mettmann.de\/web\/wp-json\/wp\/v2\/categories?post=60217"},{"taxonomy":"post_tag","embeddable":true,"href":"https:\/\/www.mettmann.de\/web\/wp-json\/wp\/v2\/tags?post=60217"}],"curies":[{"name":"wp","href":"https:\/\/api.w.org\/{rel}","templated":true}]}}