{"id":60218,"date":"2026-04-27T14:23:46","date_gmt":"2026-04-27T12:23:46","guid":{"rendered":"https:\/\/www.mettmann.de\/web\/?p=60218"},"modified":"2026-04-27T14:31:34","modified_gmt":"2026-04-27T12:31:34","slug":"fotowettbewerb-unser-mettmann-stadt-laedt-zum-mitmachen-ein","status":"publish","type":"post","link":"https:\/\/www.mettmann.de\/web\/fotowettbewerb-unser-mettmann-stadt-laedt-zum-mitmachen-ein\/","title":{"rendered":"Fotowettbewerb \u201eUnser Mettmann\u201c &#8211; Stadt l\u00e4dt zum Mitmachen ein"},"content":{"rendered":"<p>Wie erleben und sehen die Menschen ihre Stadt? Welche Orte, Begegnungen und Momente machen Mettmann besonders? Unter dem Motto \u201eUnser Mettmann\u201c rufen die Kulturabteilung und die Wirtschaftsf\u00f6rderung der Stadt alle B\u00fcrgerinnen und B\u00fcrger dazu auf, ihre pers\u00f6nliche Sicht auf Mettmann fotografisch festzuhalten.<\/p>\n<p>Gesucht werden authentische Aufnahmen aus dem Leben der Stadt \u2013 von besonderen Orten bis hin zu allt\u00e4glichen Szenen. Im Mittelpunkt stehen Bilder, die Gemeinschaft, urbanes Leben oder ganz pers\u00f6nliche Lieblingsmomente zeigen.<\/p>\n<p>Mitmachen kann jede und jeder, der Freude am Fotografieren hat \u2013 ganz gleich, ob die Fotos mit dem Smartphone oder einer Kamera entstehen.<\/p>\n<p>Die Teilnahme ist unkompliziert: \u00dcber einen QR-Code gelangen Interessierte direkt zu einem digitalen Upload-Formular, \u00fcber das die Fotos eingereicht werden k\u00f6nnen. Dort finden sich auch alle Teilnahmebedingungen sowie weitere Informationen.<\/p>\n<p>Eine Jury w\u00e4hlt aus allen Einsendungen die besten Motive aus. Diese werden anschlie\u00dfend auf den Social-Media-Kan\u00e4len der Stadt pr\u00e4sentiert. In einem Online-Voting haben dann alle Mettmannerinnen und Mettmanner die M\u00f6glichkeit, f\u00fcr ihre Favoriten abzustimmen.<\/p>\n<p>Ziel des Wettbewerbs ist es, die Vielfalt, Lebendigkeit und Liebensw\u00fcrdigkeit Mettmanns aus der Perspektive ihrer B\u00fcrgerinnen und B\u00fcrger sichtbar zu machen.<\/p>\n<p><strong>Bis zum 25. Mai mitmachen<\/strong><\/p>\n<p>Vom 27. April bis 25. Mai 2026 k\u00f6nnen Lieblingsbilder- und motive eingereicht werden. Eine Jury aus B\u00fcrgerinnen, B\u00fcrgern, B\u00fcrgermeister und Kulturabteilung sucht voraussichtlich Anfang Juni die ihrer Ansicht nach sch\u00f6nsten Bilder raus, \u00fcber die anschlie\u00dfend per Online-Voting die Siegerinnen und Sieger gek\u00fcrt werden k\u00f6nnen. Ende Juni 2026 werden dann die Gewinner bekanntgegeben.&nbsp;<\/p>\n<p>Das sind die Preise:<\/p>\n<ol>\n<li>150 Euro f\u00fcr den Mettmanner K\u00f6nigshof-Galerie<\/li>\n<li>100 Euro f\u00fcr die Mettmanner Gastronomie<\/li>\n<li>50 Euro f\u00fcr das Weltspiegel Kino<\/li>\n<\/ol>\n<p>Alle Bilder, die von der Jury f\u00fcrs Online-Voting ausgew\u00e4hlt werden, werden im Sommer auch Teil einer kleinen Ausstellung.&nbsp;<\/p>\n<p>Mitmachen k\u00f6nnen alle Interessierten \u00fcber folgenden Link: <a href=\"https:\/\/t1p.de\/e2xfv\">https:\/\/t1p.de\/e2xfv&nbsp;<\/a><\/p>\n<p>F\u00fcr R\u00fcckfragen steht die Kulturabteilung unter kultur@mettmann.de oder Telefon 02104 \/ 980 128 zur Verf\u00fcgung.&nbsp;<\/p>\n<p>&nbsp;<\/p>\n<p>&nbsp;<\/p>\n","protected":false},"excerpt":{"rendered":"<p>Wie erleben und sehen die Menschen ihre Stadt? Welche Orte, Begegnungen und Momente machen Mettmann besonders? Unter dem Motto \u201eUnser Mettmann\u201c rufen die Kulturabteilung und die Wirtschaftsf\u00f6rderung der Stadt alle B\u00fcrgerinnen und B\u00fcrger dazu auf,&#8230;<\/p>\n","protected":false},"author":2,"featured_media":60256,"comment_status":"closed","ping_status":"closed","sticky":false,"template":"","format":"standard","meta":{"ngg_post_thumbnail":0,"footnotes":""},"categories":[1],"tags":[],"class_list":["post-60218","post","type-post","status-publish","format-standard","has-post-thumbnail","hentry","category-allgemein"],"yoast_head":"<!-- This site is optimized with the Yoast SEO plugin v27.2 - https:\/\/yoast.com\/product\/yoast-seo-wordpress\/ -->\n<title>Fotowettbewerb \u201eUnser Mettmann\u201c - Stadt l\u00e4dt zum Mitmachen ein<\/title>\n<meta name=\"robots\" content=\"index, follow, max-snippet:-1, max-image-preview:large, max-video-preview:-1\" \/>\n<link rel=\"canonical\" href=\"https:\/\/www.mettmann.de\/web\/fotowettbewerb-unser-mettmann-stadt-laedt-zum-mitmachen-ein\/\" \/>\n<meta property=\"og:locale\" content=\"de_DE\" \/>\n<meta property=\"og:type\" content=\"article\" \/>\n<meta property=\"og:title\" content=\"Fotowettbewerb \u201eUnser Mettmann\u201c - Stadt l\u00e4dt zum Mitmachen ein\" \/>\n<meta property=\"og:description\" content=\"Wie erleben und sehen die Menschen ihre Stadt? Welche Orte, Begegnungen und Momente machen Mettmann besonders? Unter dem Motto \u201eUnser Mettmann\u201c rufen die Kulturabteilung und die Wirtschaftsf\u00f6rderung der Stadt alle B\u00fcrgerinnen und B\u00fcrger dazu auf,...\" \/>\n<meta property=\"og:url\" content=\"https:\/\/www.mettmann.de\/web\/fotowettbewerb-unser-mettmann-stadt-laedt-zum-mitmachen-ein\/\" \/>\n<meta property=\"og:site_name\" content=\"Stadtverwaltung Mettmann\" \/>\n<meta property=\"article:publisher\" content=\"https:\/\/www.facebook.com\/kreisstadt.mettmann\" \/>\n<meta property=\"article:published_time\" content=\"2026-04-27T12:23:46+00:00\" \/>\n<meta property=\"article:modified_time\" content=\"2026-04-27T12:31:34+00:00\" \/>\n<meta property=\"og:image\" content=\"https:\/\/www.mettmann.de\/web\/wp-content\/uploads\/2026\/04\/Mettmann.jpg\" \/>\n\t<meta property=\"og:image:width\" content=\"768\" \/>\n\t<meta property=\"og:image:height\" content=\"432\" \/>\n\t<meta property=\"og:image:type\" content=\"image\/jpeg\" \/>\n<meta name=\"author\" content=\"LekiesT\" \/>\n<meta name=\"twitter:card\" content=\"summary_large_image\" \/>\n<meta name=\"twitter:label1\" content=\"Verfasst von\" \/>\n\t<meta name=\"twitter:data1\" content=\"LekiesT\" \/>\n\t<meta name=\"twitter:label2\" content=\"Gesch\u00e4tzte Lesezeit\" \/>\n\t<meta name=\"twitter:data2\" content=\"2\u00a0Minuten\" \/>\n<script type=\"application\/ld+json\" class=\"yoast-schema-graph\">{\"@context\":\"https:\/\/schema.org\",\"@graph\":[{\"@type\":\"Article\",\"@id\":\"https:\/\/www.mettmann.de\/web\/fotowettbewerb-unser-mettmann-stadt-laedt-zum-mitmachen-ein\/#article\",\"isPartOf\":{\"@id\":\"https:\/\/www.mettmann.de\/web\/fotowettbewerb-unser-mettmann-stadt-laedt-zum-mitmachen-ein\/\"},\"author\":{\"name\":\"LekiesT\",\"@id\":\"https:\/\/www.mettmann.de\/web\/#\/schema\/person\/c0deeeba8d377efe8e769dc7f56c2292\"},\"headline\":\"Fotowettbewerb \u201eUnser Mettmann\u201c &#8211; Stadt l\u00e4dt zum Mitmachen ein\",\"datePublished\":\"2026-04-27T12:23:46+00:00\",\"dateModified\":\"2026-04-27T12:31:34+00:00\",\"mainEntityOfPage\":{\"@id\":\"https:\/\/www.mettmann.de\/web\/fotowettbewerb-unser-mettmann-stadt-laedt-zum-mitmachen-ein\/\"},\"wordCount\":344,\"publisher\":{\"@id\":\"https:\/\/www.mettmann.de\/web\/#organization\"},\"image\":{\"@id\":\"https:\/\/www.mettmann.de\/web\/fotowettbewerb-unser-mettmann-stadt-laedt-zum-mitmachen-ein\/#primaryimage\"},\"thumbnailUrl\":\"https:\/\/www.mettmann.de\/web\/wp-content\/uploads\/2026\/04\/Mettmann.jpg\",\"inLanguage\":\"de\"},{\"@type\":\"WebPage\",\"@id\":\"https:\/\/www.mettmann.de\/web\/fotowettbewerb-unser-mettmann-stadt-laedt-zum-mitmachen-ein\/\",\"url\":\"https:\/\/www.mettmann.de\/web\/fotowettbewerb-unser-mettmann-stadt-laedt-zum-mitmachen-ein\/\",\"name\":\"Fotowettbewerb \u201eUnser Mettmann\u201c - Stadt l\u00e4dt zum Mitmachen ein\",\"isPartOf\":{\"@id\":\"https:\/\/www.mettmann.de\/web\/#website\"},\"primaryImageOfPage\":{\"@id\":\"https:\/\/www.mettmann.de\/web\/fotowettbewerb-unser-mettmann-stadt-laedt-zum-mitmachen-ein\/#primaryimage\"},\"image\":{\"@id\":\"https:\/\/www.mettmann.de\/web\/fotowettbewerb-unser-mettmann-stadt-laedt-zum-mitmachen-ein\/#primaryimage\"},\"thumbnailUrl\":\"https:\/\/www.mettmann.de\/web\/wp-content\/uploads\/2026\/04\/Mettmann.jpg\",\"datePublished\":\"2026-04-27T12:23:46+00:00\",\"dateModified\":\"2026-04-27T12:31:34+00:00\",\"breadcrumb\":{\"@id\":\"https:\/\/www.mettmann.de\/web\/fotowettbewerb-unser-mettmann-stadt-laedt-zum-mitmachen-ein\/#breadcrumb\"},\"inLanguage\":\"de\",\"potentialAction\":[{\"@type\":\"ReadAction\",\"target\":[\"https:\/\/www.mettmann.de\/web\/fotowettbewerb-unser-mettmann-stadt-laedt-zum-mitmachen-ein\/\"]}]},{\"@type\":\"ImageObject\",\"inLanguage\":\"de\",\"@id\":\"https:\/\/www.mettmann.de\/web\/fotowettbewerb-unser-mettmann-stadt-laedt-zum-mitmachen-ein\/#primaryimage\",\"url\":\"https:\/\/www.mettmann.de\/web\/wp-content\/uploads\/2026\/04\/Mettmann.jpg\",\"contentUrl\":\"https:\/\/www.mettmann.de\/web\/wp-content\/uploads\/2026\/04\/Mettmann.jpg\",\"width\":768,\"height\":432,\"caption\":\"Der Marktplatz von oben. (Foto: Kreisstadt Mettmann)\"},{\"@type\":\"BreadcrumbList\",\"@id\":\"https:\/\/www.mettmann.de\/web\/fotowettbewerb-unser-mettmann-stadt-laedt-zum-mitmachen-ein\/#breadcrumb\",\"itemListElement\":[{\"@type\":\"ListItem\",\"position\":1,\"name\":\"Startseite\",\"item\":\"https:\/\/www.mettmann.de\/web\/\"},{\"@type\":\"ListItem\",\"position\":2,\"name\":\"Fotowettbewerb \u201eUnser Mettmann\u201c &#8211; Stadt l\u00e4dt zum Mitmachen ein\"}]},{\"@type\":\"WebSite\",\"@id\":\"https:\/\/www.mettmann.de\/web\/#website\",\"url\":\"https:\/\/www.mettmann.de\/web\/\",\"name\":\"Stadtverwaltung Mettmann\",\"description\":\"Internetseite der Kreisstadt Mettmann\",\"publisher\":{\"@id\":\"https:\/\/www.mettmann.de\/web\/#organization\"},\"potentialAction\":[{\"@type\":\"SearchAction\",\"target\":{\"@type\":\"EntryPoint\",\"urlTemplate\":\"https:\/\/www.mettmann.de\/web\/?s={search_term_string}\"},\"query-input\":{\"@type\":\"PropertyValueSpecification\",\"valueRequired\":true,\"valueName\":\"search_term_string\"}}],\"inLanguage\":\"de\"},{\"@type\":\"Organization\",\"@id\":\"https:\/\/www.mettmann.de\/web\/#organization\",\"name\":\"Kreisstadt Mettmann\",\"url\":\"https:\/\/www.mettmann.de\/web\/\",\"logo\":{\"@type\":\"ImageObject\",\"inLanguage\":\"de\",\"@id\":\"https:\/\/www.mettmann.de\/web\/#\/schema\/logo\/image\/\",\"url\":\"https:\/\/www.mettmann.de\/web\/wp-content\/uploads\/2019\/08\/Kreisstadt_Mettmann_Logo_RGB_150dpi.png\",\"contentUrl\":\"https:\/\/www.mettmann.de\/web\/wp-content\/uploads\/2019\/08\/Kreisstadt_Mettmann_Logo_RGB_150dpi.png\",\"width\":1302,\"height\":191,\"caption\":\"Kreisstadt Mettmann\"},\"image\":{\"@id\":\"https:\/\/www.mettmann.de\/web\/#\/schema\/logo\/image\/\"},\"sameAs\":[\"https:\/\/www.facebook.com\/kreisstadt.mettmann\",\"https:\/\/de.wikipedia.org\/wiki\/Mettmann\"]},{\"@type\":\"Person\",\"@id\":\"https:\/\/www.mettmann.de\/web\/#\/schema\/person\/c0deeeba8d377efe8e769dc7f56c2292\",\"name\":\"LekiesT\"}]}<\/script>\n<!-- \/ Yoast SEO plugin. -->","yoast_head_json":{"title":"Fotowettbewerb \u201eUnser Mettmann\u201c - Stadt l\u00e4dt zum Mitmachen ein","robots":{"index":"index","follow":"follow","max-snippet":"max-snippet:-1","max-image-preview":"max-image-preview:large","max-video-preview":"max-video-preview:-1"},"canonical":"https:\/\/www.mettmann.de\/web\/fotowettbewerb-unser-mettmann-stadt-laedt-zum-mitmachen-ein\/","og_locale":"de_DE","og_type":"article","og_title":"Fotowettbewerb \u201eUnser Mettmann\u201c - Stadt l\u00e4dt zum Mitmachen ein","og_description":"Wie erleben und sehen die Menschen ihre Stadt? Welche Orte, Begegnungen und Momente machen Mettmann besonders? Unter dem Motto \u201eUnser Mettmann\u201c rufen die Kulturabteilung und die Wirtschaftsf\u00f6rderung der Stadt alle B\u00fcrgerinnen und B\u00fcrger dazu auf,...","og_url":"https:\/\/www.mettmann.de\/web\/fotowettbewerb-unser-mettmann-stadt-laedt-zum-mitmachen-ein\/","og_site_name":"Stadtverwaltung Mettmann","article_publisher":"https:\/\/www.facebook.com\/kreisstadt.mettmann","article_published_time":"2026-04-27T12:23:46+00:00","article_modified_time":"2026-04-27T12:31:34+00:00","og_image":[{"width":768,"height":432,"url":"https:\/\/www.mettmann.de\/web\/wp-content\/uploads\/2026\/04\/Mettmann.jpg","type":"image\/jpeg"}],"author":"LekiesT","twitter_card":"summary_large_image","twitter_misc":{"Verfasst von":"LekiesT","Gesch\u00e4tzte Lesezeit":"2\u00a0Minuten"},"schema":{"@context":"https:\/\/schema.org","@graph":[{"@type":"Article","@id":"https:\/\/www.mettmann.de\/web\/fotowettbewerb-unser-mettmann-stadt-laedt-zum-mitmachen-ein\/#article","isPartOf":{"@id":"https:\/\/www.mettmann.de\/web\/fotowettbewerb-unser-mettmann-stadt-laedt-zum-mitmachen-ein\/"},"author":{"name":"LekiesT","@id":"https:\/\/www.mettmann.de\/web\/#\/schema\/person\/c0deeeba8d377efe8e769dc7f56c2292"},"headline":"Fotowettbewerb \u201eUnser Mettmann\u201c &#8211; Stadt l\u00e4dt zum Mitmachen ein","datePublished":"2026-04-27T12:23:46+00:00","dateModified":"2026-04-27T12:31:34+00:00","mainEntityOfPage":{"@id":"https:\/\/www.mettmann.de\/web\/fotowettbewerb-unser-mettmann-stadt-laedt-zum-mitmachen-ein\/"},"wordCount":344,"publisher":{"@id":"https:\/\/www.mettmann.de\/web\/#organization"},"image":{"@id":"https:\/\/www.mettmann.de\/web\/fotowettbewerb-unser-mettmann-stadt-laedt-zum-mitmachen-ein\/#primaryimage"},"thumbnailUrl":"https:\/\/www.mettmann.de\/web\/wp-content\/uploads\/2026\/04\/Mettmann.jpg","inLanguage":"de"},{"@type":"WebPage","@id":"https:\/\/www.mettmann.de\/web\/fotowettbewerb-unser-mettmann-stadt-laedt-zum-mitmachen-ein\/","url":"https:\/\/www.mettmann.de\/web\/fotowettbewerb-unser-mettmann-stadt-laedt-zum-mitmachen-ein\/","name":"Fotowettbewerb \u201eUnser Mettmann\u201c - Stadt l\u00e4dt zum Mitmachen ein","isPartOf":{"@id":"https:\/\/www.mettmann.de\/web\/#website"},"primaryImageOfPage":{"@id":"https:\/\/www.mettmann.de\/web\/fotowettbewerb-unser-mettmann-stadt-laedt-zum-mitmachen-ein\/#primaryimage"},"image":{"@id":"https:\/\/www.mettmann.de\/web\/fotowettbewerb-unser-mettmann-stadt-laedt-zum-mitmachen-ein\/#primaryimage"},"thumbnailUrl":"https:\/\/www.mettmann.de\/web\/wp-content\/uploads\/2026\/04\/Mettmann.jpg","datePublished":"2026-04-27T12:23:46+00:00","dateModified":"2026-04-27T12:31:34+00:00","breadcrumb":{"@id":"https:\/\/www.mettmann.de\/web\/fotowettbewerb-unser-mettmann-stadt-laedt-zum-mitmachen-ein\/#breadcrumb"},"inLanguage":"de","potentialAction":[{"@type":"ReadAction","target":["https:\/\/www.mettmann.de\/web\/fotowettbewerb-unser-mettmann-stadt-laedt-zum-mitmachen-ein\/"]}]},{"@type":"ImageObject","inLanguage":"de","@id":"https:\/\/www.mettmann.de\/web\/fotowettbewerb-unser-mettmann-stadt-laedt-zum-mitmachen-ein\/#primaryimage","url":"https:\/\/www.mettmann.de\/web\/wp-content\/uploads\/2026\/04\/Mettmann.jpg","contentUrl":"https:\/\/www.mettmann.de\/web\/wp-content\/uploads\/2026\/04\/Mettmann.jpg","width":768,"height":432,"caption":"Der Marktplatz von oben. (Foto: Kreisstadt Mettmann)"},{"@type":"BreadcrumbList","@id":"https:\/\/www.mettmann.de\/web\/fotowettbewerb-unser-mettmann-stadt-laedt-zum-mitmachen-ein\/#breadcrumb","itemListElement":[{"@type":"ListItem","position":1,"name":"Startseite","item":"https:\/\/www.mettmann.de\/web\/"},{"@type":"ListItem","position":2,"name":"Fotowettbewerb \u201eUnser Mettmann\u201c &#8211; Stadt l\u00e4dt zum Mitmachen ein"}]},{"@type":"WebSite","@id":"https:\/\/www.mettmann.de\/web\/#website","url":"https:\/\/www.mettmann.de\/web\/","name":"Stadtverwaltung Mettmann","description":"Internetseite der Kreisstadt Mettmann","publisher":{"@id":"https:\/\/www.mettmann.de\/web\/#organization"},"potentialAction":[{"@type":"SearchAction","target":{"@type":"EntryPoint","urlTemplate":"https:\/\/www.mettmann.de\/web\/?s={search_term_string}"},"query-input":{"@type":"PropertyValueSpecification","valueRequired":true,"valueName":"search_term_string"}}],"inLanguage":"de"},{"@type":"Organization","@id":"https:\/\/www.mettmann.de\/web\/#organization","name":"Kreisstadt Mettmann","url":"https:\/\/www.mettmann.de\/web\/","logo":{"@type":"ImageObject","inLanguage":"de","@id":"https:\/\/www.mettmann.de\/web\/#\/schema\/logo\/image\/","url":"https:\/\/www.mettmann.de\/web\/wp-content\/uploads\/2019\/08\/Kreisstadt_Mettmann_Logo_RGB_150dpi.png","contentUrl":"https:\/\/www.mettmann.de\/web\/wp-content\/uploads\/2019\/08\/Kreisstadt_Mettmann_Logo_RGB_150dpi.png","width":1302,"height":191,"caption":"Kreisstadt Mettmann"},"image":{"@id":"https:\/\/www.mettmann.de\/web\/#\/schema\/logo\/image\/"},"sameAs":["https:\/\/www.facebook.com\/kreisstadt.mettmann","https:\/\/de.wikipedia.org\/wiki\/Mettmann"]},{"@type":"Person","@id":"https:\/\/www.mettmann.de\/web\/#\/schema\/person\/c0deeeba8d377efe8e769dc7f56c2292","name":"LekiesT"}]}},"_links":{"self":[{"href":"https:\/\/www.mettmann.de\/web\/wp-json\/wp\/v2\/posts\/60218","targetHints":{"allow":["GET"]}}],"collection":[{"href":"https:\/\/www.mettmann.de\/web\/wp-json\/wp\/v2\/posts"}],"about":[{"href":"https:\/\/www.mettmann.de\/web\/wp-json\/wp\/v2\/types\/post"}],"author":[{"embeddable":true,"href":"https:\/\/www.mettmann.de\/web\/wp-json\/wp\/v2\/users\/2"}],"replies":[{"embeddable":true,"href":"https:\/\/www.mettmann.de\/web\/wp-json\/wp\/v2\/comments?post=60218"}],"version-history":[{"count":9,"href":"https:\/\/www.mettmann.de\/web\/wp-json\/wp\/v2\/posts\/60218\/revisions"}],"predecessor-version":[{"id":60260,"href":"https:\/\/www.mettmann.de\/web\/wp-json\/wp\/v2\/posts\/60218\/revisions\/60260"}],"wp:featuredmedia":[{"embeddable":true,"href":"https:\/\/www.mettmann.de\/web\/wp-json\/wp\/v2\/media\/60256"}],"wp:attachment":[{"href":"https:\/\/www.mettmann.de\/web\/wp-json\/wp\/v2\/media?parent=60218"}],"wp:term":[{"taxonomy":"category","embeddable":true,"href":"https:\/\/www.mettmann.de\/web\/wp-json\/wp\/v2\/categories?post=60218"},{"taxonomy":"post_tag","embeddable":true,"href":"https:\/\/www.mettmann.de\/web\/wp-json\/wp\/v2\/tags?post=60218"}],"curies":[{"name":"wp","href":"https:\/\/api.w.org\/{rel}","templated":true}]}}