{"id":61953,"date":"2026-06-29T12:27:58","date_gmt":"2026-06-29T10:27:58","guid":{"rendered":"https:\/\/www.mettmann.de\/web\/?p=61953"},"modified":"2026-06-29T12:27:58","modified_gmt":"2026-06-29T10:27:58","slug":"beachparty-fuer-jugendliche-steigt-am-3-juli","status":"publish","type":"post","link":"https:\/\/www.mettmann.de\/web\/beachparty-fuer-jugendliche-steigt-am-3-juli\/","title":{"rendered":"Beachparty f\u00fcr Jugendliche steigt am 3. Juli"},"content":{"rendered":"<header class=\"entry-header mh-clearfix\"><\/header>\n<div class=\"entry-content mh-clearfix\">\n<div class=\"pf-content\">\n<p>Am Freitag, 3. Juli, l\u00e4dt der Jugendrat der Stadt zum vierten Mal zur Beachparty ins Naturfreibad im Stadtwald ein. Unter freiem Himmel k\u00f6nnen Jugendliche zwischen 12 und 18 Jahren von 17 bis 21 Uhr eine entspannte Atmosph\u00e4re mit Musik und Mocktails genie\u00dfen. Der Eintritt betr\u00e4gt einen Euro pro Person.<\/p>\n<p>Der Jugendrat k\u00fcmmert sich wieder selbst um die Musik Und auch die Agentur \u201eBeedoo Event\u201c unterst\u00fctzt dieses Jahr wieder mit Technik und einer guten Anlage. F\u00fcr den sicheren Wasserspa\u00df sorgt die DLRG wie jedes Jahr mit ihrer Wasseraufsicht.<\/p>\n<p>Wer Lust auf etwas Bewegung au\u00dferhalb des Wassers hat, kann beim Volleyballturnier mitmachen, das in diesem Jahr vom Jugendrat organisiert wird.<\/p>\n<p>Auch f\u00fcr das leibliche Wohl ist gesorgt, kleinere Snacks und W\u00fcrstchen vom Grill werden zu fairen Preisen angeboten. F\u00fcr den Fall, dass das Wetter nicht mitspielt, wird es ein Alternativ-Programm mit vielen kleineren Aktionen geben.&nbsp;<\/p>\n<\/div>\n<\/div>\n","protected":false},"excerpt":{"rendered":"<p>Am Freitag, 3. Juli, l\u00e4dt der Jugendrat der Stadt zum vierten Mal zur Beachparty ins Naturfreibad im Stadtwald ein. Unter freiem Himmel k\u00f6nnen Jugendliche zwischen 12 und 18 Jahren von 17 bis 21 Uhr eine&#8230;<\/p>\n","protected":false},"author":2,"featured_media":62006,"comment_status":"closed","ping_status":"closed","sticky":false,"template":"","format":"standard","meta":{"ngg_post_thumbnail":0,"footnotes":""},"categories":[1],"tags":[3640,830,4],"class_list":["post-61953","post","type-post","status-publish","format-standard","has-post-thumbnail","hentry","category-allgemein","tag-beachparty","tag-jugendrat","tag-mettmann"],"yoast_head":"<!-- This site is optimized with the Yoast SEO plugin v27.2 - https:\/\/yoast.com\/product\/yoast-seo-wordpress\/ -->\n<title>Beachparty f\u00fcr Jugendliche steigt am 3. Juli<\/title>\n<meta name=\"robots\" content=\"index, follow, max-snippet:-1, max-image-preview:large, max-video-preview:-1\" \/>\n<link rel=\"canonical\" href=\"https:\/\/www.mettmann.de\/web\/beachparty-fuer-jugendliche-steigt-am-3-juli\/\" \/>\n<meta property=\"og:locale\" content=\"de_DE\" \/>\n<meta property=\"og:type\" content=\"article\" \/>\n<meta property=\"og:title\" content=\"Beachparty f\u00fcr Jugendliche steigt am 3. Juli\" \/>\n<meta property=\"og:description\" content=\"Am Freitag, 3. Juli, l\u00e4dt der Jugendrat der Stadt zum vierten Mal zur Beachparty ins Naturfreibad im Stadtwald ein. Unter freiem Himmel k\u00f6nnen Jugendliche zwischen 12 und 18 Jahren von 17 bis 21 Uhr eine...\" \/>\n<meta property=\"og:url\" content=\"https:\/\/www.mettmann.de\/web\/beachparty-fuer-jugendliche-steigt-am-3-juli\/\" \/>\n<meta property=\"og:site_name\" content=\"Stadtverwaltung Mettmann\" \/>\n<meta property=\"article:publisher\" content=\"https:\/\/www.facebook.com\/kreisstadt.mettmann\" \/>\n<meta property=\"article:published_time\" content=\"2026-06-29T10:27:58+00:00\" \/>\n<meta property=\"og:image\" content=\"https:\/\/www.mettmann.de\/web\/wp-content\/uploads\/2026\/06\/Beachparty-2026.png\" \/>\n\t<meta property=\"og:image:width\" content=\"1520\" \/>\n\t<meta property=\"og:image:height\" content=\"846\" \/>\n\t<meta property=\"og:image:type\" content=\"image\/png\" \/>\n<meta name=\"author\" content=\"LekiesT\" \/>\n<meta name=\"twitter:card\" content=\"summary_large_image\" \/>\n<meta name=\"twitter:label1\" content=\"Verfasst von\" \/>\n\t<meta name=\"twitter:data1\" content=\"LekiesT\" \/>\n\t<meta name=\"twitter:label2\" content=\"Gesch\u00e4tzte Lesezeit\" \/>\n\t<meta name=\"twitter:data2\" content=\"1\u00a0Minute\" \/>\n<script type=\"application\/ld+json\" class=\"yoast-schema-graph\">{\"@context\":\"https:\/\/schema.org\",\"@graph\":[{\"@type\":\"Article\",\"@id\":\"https:\/\/www.mettmann.de\/web\/beachparty-fuer-jugendliche-steigt-am-3-juli\/#article\",\"isPartOf\":{\"@id\":\"https:\/\/www.mettmann.de\/web\/beachparty-fuer-jugendliche-steigt-am-3-juli\/\"},\"author\":{\"name\":\"LekiesT\",\"@id\":\"https:\/\/www.mettmann.de\/web\/#\/schema\/person\/c0deeeba8d377efe8e769dc7f56c2292\"},\"headline\":\"Beachparty f\u00fcr Jugendliche steigt am 3. Juli\",\"datePublished\":\"2026-06-29T10:27:58+00:00\",\"mainEntityOfPage\":{\"@id\":\"https:\/\/www.mettmann.de\/web\/beachparty-fuer-jugendliche-steigt-am-3-juli\/\"},\"wordCount\":158,\"publisher\":{\"@id\":\"https:\/\/www.mettmann.de\/web\/#organization\"},\"image\":{\"@id\":\"https:\/\/www.mettmann.de\/web\/beachparty-fuer-jugendliche-steigt-am-3-juli\/#primaryimage\"},\"thumbnailUrl\":\"https:\/\/www.mettmann.de\/web\/wp-content\/uploads\/2026\/06\/Beachparty-2026.png\",\"keywords\":[\"Beachparty\",\"Jugendrat\",\"Mettmann\"],\"inLanguage\":\"de\"},{\"@type\":\"WebPage\",\"@id\":\"https:\/\/www.mettmann.de\/web\/beachparty-fuer-jugendliche-steigt-am-3-juli\/\",\"url\":\"https:\/\/www.mettmann.de\/web\/beachparty-fuer-jugendliche-steigt-am-3-juli\/\",\"name\":\"Beachparty f\u00fcr Jugendliche steigt am 3. Juli\",\"isPartOf\":{\"@id\":\"https:\/\/www.mettmann.de\/web\/#website\"},\"primaryImageOfPage\":{\"@id\":\"https:\/\/www.mettmann.de\/web\/beachparty-fuer-jugendliche-steigt-am-3-juli\/#primaryimage\"},\"image\":{\"@id\":\"https:\/\/www.mettmann.de\/web\/beachparty-fuer-jugendliche-steigt-am-3-juli\/#primaryimage\"},\"thumbnailUrl\":\"https:\/\/www.mettmann.de\/web\/wp-content\/uploads\/2026\/06\/Beachparty-2026.png\",\"datePublished\":\"2026-06-29T10:27:58+00:00\",\"breadcrumb\":{\"@id\":\"https:\/\/www.mettmann.de\/web\/beachparty-fuer-jugendliche-steigt-am-3-juli\/#breadcrumb\"},\"inLanguage\":\"de\",\"potentialAction\":[{\"@type\":\"ReadAction\",\"target\":[\"https:\/\/www.mettmann.de\/web\/beachparty-fuer-jugendliche-steigt-am-3-juli\/\"]}]},{\"@type\":\"ImageObject\",\"inLanguage\":\"de\",\"@id\":\"https:\/\/www.mettmann.de\/web\/beachparty-fuer-jugendliche-steigt-am-3-juli\/#primaryimage\",\"url\":\"https:\/\/www.mettmann.de\/web\/wp-content\/uploads\/2026\/06\/Beachparty-2026.png\",\"contentUrl\":\"https:\/\/www.mettmann.de\/web\/wp-content\/uploads\/2026\/06\/Beachparty-2026.png\",\"width\":1520,\"height\":846,\"caption\":\"Grafik: Kreisstadt Mettmann\"},{\"@type\":\"BreadcrumbList\",\"@id\":\"https:\/\/www.mettmann.de\/web\/beachparty-fuer-jugendliche-steigt-am-3-juli\/#breadcrumb\",\"itemListElement\":[{\"@type\":\"ListItem\",\"position\":1,\"name\":\"Startseite\",\"item\":\"https:\/\/www.mettmann.de\/web\/\"},{\"@type\":\"ListItem\",\"position\":2,\"name\":\"Beachparty f\u00fcr Jugendliche steigt am 3. Juli\"}]},{\"@type\":\"WebSite\",\"@id\":\"https:\/\/www.mettmann.de\/web\/#website\",\"url\":\"https:\/\/www.mettmann.de\/web\/\",\"name\":\"Stadtverwaltung Mettmann\",\"description\":\"Internetseite der Kreisstadt Mettmann\",\"publisher\":{\"@id\":\"https:\/\/www.mettmann.de\/web\/#organization\"},\"potentialAction\":[{\"@type\":\"SearchAction\",\"target\":{\"@type\":\"EntryPoint\",\"urlTemplate\":\"https:\/\/www.mettmann.de\/web\/?s={search_term_string}\"},\"query-input\":{\"@type\":\"PropertyValueSpecification\",\"valueRequired\":true,\"valueName\":\"search_term_string\"}}],\"inLanguage\":\"de\"},{\"@type\":\"Organization\",\"@id\":\"https:\/\/www.mettmann.de\/web\/#organization\",\"name\":\"Kreisstadt Mettmann\",\"url\":\"https:\/\/www.mettmann.de\/web\/\",\"logo\":{\"@type\":\"ImageObject\",\"inLanguage\":\"de\",\"@id\":\"https:\/\/www.mettmann.de\/web\/#\/schema\/logo\/image\/\",\"url\":\"https:\/\/www.mettmann.de\/web\/wp-content\/uploads\/2019\/08\/Kreisstadt_Mettmann_Logo_RGB_150dpi.png\",\"contentUrl\":\"https:\/\/www.mettmann.de\/web\/wp-content\/uploads\/2019\/08\/Kreisstadt_Mettmann_Logo_RGB_150dpi.png\",\"width\":1302,\"height\":191,\"caption\":\"Kreisstadt Mettmann\"},\"image\":{\"@id\":\"https:\/\/www.mettmann.de\/web\/#\/schema\/logo\/image\/\"},\"sameAs\":[\"https:\/\/www.facebook.com\/kreisstadt.mettmann\",\"https:\/\/de.wikipedia.org\/wiki\/Mettmann\"]},{\"@type\":\"Person\",\"@id\":\"https:\/\/www.mettmann.de\/web\/#\/schema\/person\/c0deeeba8d377efe8e769dc7f56c2292\",\"name\":\"LekiesT\"}]}<\/script>\n<!-- \/ Yoast SEO plugin. -->","yoast_head_json":{"title":"Beachparty f\u00fcr Jugendliche steigt am 3. Juli","robots":{"index":"index","follow":"follow","max-snippet":"max-snippet:-1","max-image-preview":"max-image-preview:large","max-video-preview":"max-video-preview:-1"},"canonical":"https:\/\/www.mettmann.de\/web\/beachparty-fuer-jugendliche-steigt-am-3-juli\/","og_locale":"de_DE","og_type":"article","og_title":"Beachparty f\u00fcr Jugendliche steigt am 3. Juli","og_description":"Am Freitag, 3. Juli, l\u00e4dt der Jugendrat der Stadt zum vierten Mal zur Beachparty ins Naturfreibad im Stadtwald ein. Unter freiem Himmel k\u00f6nnen Jugendliche zwischen 12 und 18 Jahren von 17 bis 21 Uhr eine...","og_url":"https:\/\/www.mettmann.de\/web\/beachparty-fuer-jugendliche-steigt-am-3-juli\/","og_site_name":"Stadtverwaltung Mettmann","article_publisher":"https:\/\/www.facebook.com\/kreisstadt.mettmann","article_published_time":"2026-06-29T10:27:58+00:00","og_image":[{"width":1520,"height":846,"url":"https:\/\/www.mettmann.de\/web\/wp-content\/uploads\/2026\/06\/Beachparty-2026.png","type":"image\/png"}],"author":"LekiesT","twitter_card":"summary_large_image","twitter_misc":{"Verfasst von":"LekiesT","Gesch\u00e4tzte Lesezeit":"1\u00a0Minute"},"schema":{"@context":"https:\/\/schema.org","@graph":[{"@type":"Article","@id":"https:\/\/www.mettmann.de\/web\/beachparty-fuer-jugendliche-steigt-am-3-juli\/#article","isPartOf":{"@id":"https:\/\/www.mettmann.de\/web\/beachparty-fuer-jugendliche-steigt-am-3-juli\/"},"author":{"name":"LekiesT","@id":"https:\/\/www.mettmann.de\/web\/#\/schema\/person\/c0deeeba8d377efe8e769dc7f56c2292"},"headline":"Beachparty f\u00fcr Jugendliche steigt am 3. Juli","datePublished":"2026-06-29T10:27:58+00:00","mainEntityOfPage":{"@id":"https:\/\/www.mettmann.de\/web\/beachparty-fuer-jugendliche-steigt-am-3-juli\/"},"wordCount":158,"publisher":{"@id":"https:\/\/www.mettmann.de\/web\/#organization"},"image":{"@id":"https:\/\/www.mettmann.de\/web\/beachparty-fuer-jugendliche-steigt-am-3-juli\/#primaryimage"},"thumbnailUrl":"https:\/\/www.mettmann.de\/web\/wp-content\/uploads\/2026\/06\/Beachparty-2026.png","keywords":["Beachparty","Jugendrat","Mettmann"],"inLanguage":"de"},{"@type":"WebPage","@id":"https:\/\/www.mettmann.de\/web\/beachparty-fuer-jugendliche-steigt-am-3-juli\/","url":"https:\/\/www.mettmann.de\/web\/beachparty-fuer-jugendliche-steigt-am-3-juli\/","name":"Beachparty f\u00fcr Jugendliche steigt am 3. Juli","isPartOf":{"@id":"https:\/\/www.mettmann.de\/web\/#website"},"primaryImageOfPage":{"@id":"https:\/\/www.mettmann.de\/web\/beachparty-fuer-jugendliche-steigt-am-3-juli\/#primaryimage"},"image":{"@id":"https:\/\/www.mettmann.de\/web\/beachparty-fuer-jugendliche-steigt-am-3-juli\/#primaryimage"},"thumbnailUrl":"https:\/\/www.mettmann.de\/web\/wp-content\/uploads\/2026\/06\/Beachparty-2026.png","datePublished":"2026-06-29T10:27:58+00:00","breadcrumb":{"@id":"https:\/\/www.mettmann.de\/web\/beachparty-fuer-jugendliche-steigt-am-3-juli\/#breadcrumb"},"inLanguage":"de","potentialAction":[{"@type":"ReadAction","target":["https:\/\/www.mettmann.de\/web\/beachparty-fuer-jugendliche-steigt-am-3-juli\/"]}]},{"@type":"ImageObject","inLanguage":"de","@id":"https:\/\/www.mettmann.de\/web\/beachparty-fuer-jugendliche-steigt-am-3-juli\/#primaryimage","url":"https:\/\/www.mettmann.de\/web\/wp-content\/uploads\/2026\/06\/Beachparty-2026.png","contentUrl":"https:\/\/www.mettmann.de\/web\/wp-content\/uploads\/2026\/06\/Beachparty-2026.png","width":1520,"height":846,"caption":"Grafik: Kreisstadt Mettmann"},{"@type":"BreadcrumbList","@id":"https:\/\/www.mettmann.de\/web\/beachparty-fuer-jugendliche-steigt-am-3-juli\/#breadcrumb","itemListElement":[{"@type":"ListItem","position":1,"name":"Startseite","item":"https:\/\/www.mettmann.de\/web\/"},{"@type":"ListItem","position":2,"name":"Beachparty f\u00fcr Jugendliche steigt am 3. Juli"}]},{"@type":"WebSite","@id":"https:\/\/www.mettmann.de\/web\/#website","url":"https:\/\/www.mettmann.de\/web\/","name":"Stadtverwaltung Mettmann","description":"Internetseite der Kreisstadt Mettmann","publisher":{"@id":"https:\/\/www.mettmann.de\/web\/#organization"},"potentialAction":[{"@type":"SearchAction","target":{"@type":"EntryPoint","urlTemplate":"https:\/\/www.mettmann.de\/web\/?s={search_term_string}"},"query-input":{"@type":"PropertyValueSpecification","valueRequired":true,"valueName":"search_term_string"}}],"inLanguage":"de"},{"@type":"Organization","@id":"https:\/\/www.mettmann.de\/web\/#organization","name":"Kreisstadt Mettmann","url":"https:\/\/www.mettmann.de\/web\/","logo":{"@type":"ImageObject","inLanguage":"de","@id":"https:\/\/www.mettmann.de\/web\/#\/schema\/logo\/image\/","url":"https:\/\/www.mettmann.de\/web\/wp-content\/uploads\/2019\/08\/Kreisstadt_Mettmann_Logo_RGB_150dpi.png","contentUrl":"https:\/\/www.mettmann.de\/web\/wp-content\/uploads\/2019\/08\/Kreisstadt_Mettmann_Logo_RGB_150dpi.png","width":1302,"height":191,"caption":"Kreisstadt Mettmann"},"image":{"@id":"https:\/\/www.mettmann.de\/web\/#\/schema\/logo\/image\/"},"sameAs":["https:\/\/www.facebook.com\/kreisstadt.mettmann","https:\/\/de.wikipedia.org\/wiki\/Mettmann"]},{"@type":"Person","@id":"https:\/\/www.mettmann.de\/web\/#\/schema\/person\/c0deeeba8d377efe8e769dc7f56c2292","name":"LekiesT"}]}},"_links":{"self":[{"href":"https:\/\/www.mettmann.de\/web\/wp-json\/wp\/v2\/posts\/61953","targetHints":{"allow":["GET"]}}],"collection":[{"href":"https:\/\/www.mettmann.de\/web\/wp-json\/wp\/v2\/posts"}],"about":[{"href":"https:\/\/www.mettmann.de\/web\/wp-json\/wp\/v2\/types\/post"}],"author":[{"embeddable":true,"href":"https:\/\/www.mettmann.de\/web\/wp-json\/wp\/v2\/users\/2"}],"replies":[{"embeddable":true,"href":"https:\/\/www.mettmann.de\/web\/wp-json\/wp\/v2\/comments?post=61953"}],"version-history":[{"count":6,"href":"https:\/\/www.mettmann.de\/web\/wp-json\/wp\/v2\/posts\/61953\/revisions"}],"predecessor-version":[{"id":62008,"href":"https:\/\/www.mettmann.de\/web\/wp-json\/wp\/v2\/posts\/61953\/revisions\/62008"}],"wp:featuredmedia":[{"embeddable":true,"href":"https:\/\/www.mettmann.de\/web\/wp-json\/wp\/v2\/media\/62006"}],"wp:attachment":[{"href":"https:\/\/www.mettmann.de\/web\/wp-json\/wp\/v2\/media?parent=61953"}],"wp:term":[{"taxonomy":"category","embeddable":true,"href":"https:\/\/www.mettmann.de\/web\/wp-json\/wp\/v2\/categories?post=61953"},{"taxonomy":"post_tag","embeddable":true,"href":"https:\/\/www.mettmann.de\/web\/wp-json\/wp\/v2\/tags?post=61953"}],"curies":[{"name":"wp","href":"https:\/\/api.w.org\/{rel}","templated":true}]}}