{"id":62020,"date":"2026-06-29T15:48:15","date_gmt":"2026-06-29T13:48:15","guid":{"rendered":"https:\/\/www.mettmann.de\/web\/?p=62020"},"modified":"2026-06-29T15:48:15","modified_gmt":"2026-06-29T13:48:15","slug":"stadt-verfuegt-einstellungsstopp","status":"publish","type":"post","link":"https:\/\/www.mettmann.de\/web\/stadt-verfuegt-einstellungsstopp\/","title":{"rendered":"Stadt verf\u00fcgt Einstellungsstopp"},"content":{"rendered":"<p>Die Stadtverwaltung f\u00fchrt ab sofort einen vor\u00fcbergehenden Einstellungsstopp f\u00fcr neue Stellenbesetzungen ein, verk\u00fcndet B\u00fcrgermeister Andr\u00e9 B\u00e4r. Mit dieser Ma\u00dfnahme reagiert die Verwaltung auf die aktuellen finanziellen Herausforderungen und verfolgt das Ziel, die Entwicklung der Personalkosten nachhaltig zu steuern. Laufende Stellenausschreibungen und Auswahlverfahren sind von der Ma\u00dfnahme nicht betroffen.<\/p>\n<p>Der Einstellungsstopp gilt zun\u00e4chst f\u00fcr alle vakanten sowie k\u00fcnftig freiwerdenden Stellen. Ausnahmen k\u00f6nnen in besonders begr\u00fcndeten F\u00e4llen zugelassen werden, insbesondere wenn die Aufrechterhaltung gesetzlicher Pflichtaufgaben oder die Funktionsf\u00e4higkeit wichtiger Verwaltungsbereiche betroffen sind. Das betrifft zum Beispiel Stellen im Bereich der Kindertagesbetreuung, die durch den Personalschl\u00fcssel im Kinderbildungsgesetz NRW vorgegeben werden oder Funktionsstellen im Bereich Brandschutz und Rettungswesen, die f\u00fcr die Sicherheit der Bev\u00f6lkerung unabweisbar sind.<\/p>\n<p>\u201eDie angespannte Haushaltslage erfordert eine verantwortungsvolle und vorausschauende Steuerung unserer Ressourcen. Der vor\u00fcbergehende Einstellungsstopp ist ein notwendiger Schritt, um den finanziellen Handlungsspielraum der Stadt zu sichern\u201c, erkl\u00e4rt B\u00fcrgermeister B\u00e4r. Die Stadtverwaltung wird die Auswirkungen der Ma\u00dfnahmen beobachten und regelm\u00e4\u00dfig \u00fcberpr\u00fcfen. Ziel bleibt es, die Leistungsf\u00e4higkeit der Verwaltung f\u00fcr die B\u00fcrgerinnen und B\u00fcrger auch unter schwierigen finanziellen Rahmenbedingungen sicherzustellen.<\/p>\n<p>Der Haupt- und Finanzausschuss hatte am 16. Juni beschlossen, dass im Stellenplan auf Grundlage der seit Jahren in erheblichem Umfang bestehenden vakanten Stellen deutliche Einsparungen vorzunehmen sind. Die Verwaltung wird dem Stadtrat eine \u00dcbersicht der unbesetzten Stellen vorlegen, sodass die politischen Gremien im zweiten Halbjahr entscheiden k\u00f6nnen, welche Stellen gestrichen werden sollen. Mit dem vor\u00fcbergehenden Einstellungsstopp unterst\u00fctzt der B\u00fcrgermeister die politische Beschlussfassung. B\u00e4r: \u201eEs braucht eine stringente und dauerhafte Ausgabendisziplin.\u201d<\/p>\n<p>Die finanzielle Situation der Stadt versch\u00e4rft sich zunehmend. Nach Einsch\u00e4tzung der Verwaltung kann ohne eine grundlegende Reform der Kommunalfinanzen das strukturelle Defizit nicht abgebaut und die finanzielle Situation der Stadt nachhaltig verbessert werden. \u201eDie St\u00e4dte in unserem Land stehen mit dem R\u00fccken zur Wand\u201d, sagt B\u00e4r. Das kommunale Defizit lag 2025 deutschlandweit bei rund 30 Milliarden Euro \u2013 ein historischer H\u00f6chststand, Tendenz steigend. Im Mettmanner Haushaltsentwurf klafft in diesem Jahr eine Finanzierungsl\u00fccke von rund 20 Millionen Euro.<\/p>\n<p>Das Konnexit\u00e4tsprinzip, also die einfache Regel \u201eWer bestellt, bezahlt\u201c, ist der wichtigste Schutzwall der Kommunen gegen finanzielle \u00dcberforderung. Wenn Bund oder Land neue Pflichten einf\u00fchren oder bestehende Aufgaben erweitern, d\u00fcrfen die St\u00e4dte und Gemeinden nicht auf den Kosten sitzen bleiben.<\/p>\n<p>Auf der Ministerpr\u00e4sidentenkonferenz wurde in der vergangenen Woche eine Einigung von Bund und L\u00e4ndern erzielt, um k\u00fcnftige zus\u00e4tzliche Belastungen der Kommunen durch Bundesgesetze zu vermeiden. B\u00fcrgermeister B\u00e4r sieht in dem Beschluss einen wichtigen Schritt in die richtige Richtung.<\/p>\n<p>Gleichwohl gebe es f\u00fcr das aktuelle Rekorddefizit der Kommunen noch immer keine umfassende L\u00f6sung. Es ist zwar ein erster Schritt f\u00fcr die Zukunft, dass der Bund f\u00fcr neue Pflichtaufgaben die Kosten in H\u00f6he von 80 Prozent \u00fcbernimmt und damit dem im Koalitionsvertrag verankerten Konnexit\u00e4tsprinzip zumindest ansatzweise Rechnung tr\u00e4gt. \u201eF\u00fcr bestehende Bundesgesetze \u00e4ndert der Beschluss aber zun\u00e4chst nichts\u201d, stellt B\u00fcrgermeister B\u00e4r fest. Die Milliardendefizite in den kommunalen Haushalten bleiben \u2013 eine Entlastung gibt es damit f\u00fcr die Kommunen nicht.<\/p>\n<p>Die strukturelle Unterfinanzierung bedroht die kommunale Selbstverwaltung in ihrem Kern, insbesondere dann, wenn dringend ben\u00f6tigte Mittel f\u00fcr eigene Gestaltungsaufgaben fehlen. B\u00fcrgermeister B\u00e4r warnt vor einem Finanzkollaps der Kommunen und appelliert an die Verantwortlichen in Richtung Bundes- und Landespolitik \u201eendlich f\u00fcr eine dauerhafte und nachhaltige Entlastung der St\u00e4dte und der hier lebenden Menschen Sorge zu tragen.\u201d<\/p>\n","protected":false},"excerpt":{"rendered":"<p>Die Stadtverwaltung f\u00fchrt ab sofort einen vor\u00fcbergehenden Einstellungsstopp f\u00fcr neue Stellenbesetzungen ein, verk\u00fcndet B\u00fcrgermeister Andr\u00e9 B\u00e4r. Mit dieser Ma\u00dfnahme reagiert die Verwaltung auf die aktuellen finanziellen Herausforderungen und verfolgt das Ziel, die Entwicklung der Personalkosten&#8230;<\/p>\n","protected":false},"author":2,"featured_media":62024,"comment_status":"closed","ping_status":"closed","sticky":false,"template":"","format":"standard","meta":{"ngg_post_thumbnail":0,"footnotes":""},"categories":[1],"tags":[5331,3196,4,167],"class_list":["post-62020","post","type-post","status-publish","format-standard","has-post-thumbnail","hentry","category-allgemein","tag-einstellungsstopp","tag-haushaltslage","tag-mettmann","tag-stadtverwaltung"],"yoast_head":"<!-- This site is optimized with the Yoast SEO plugin v27.2 - https:\/\/yoast.com\/product\/yoast-seo-wordpress\/ -->\n<title>Stadt verf\u00fcgt Einstellungsstopp<\/title>\n<meta name=\"robots\" content=\"index, follow, max-snippet:-1, max-image-preview:large, max-video-preview:-1\" \/>\n<link rel=\"canonical\" href=\"https:\/\/www.mettmann.de\/web\/stadt-verfuegt-einstellungsstopp\/\" \/>\n<meta property=\"og:locale\" content=\"de_DE\" \/>\n<meta property=\"og:type\" content=\"article\" \/>\n<meta property=\"og:title\" content=\"Stadt verf\u00fcgt Einstellungsstopp\" \/>\n<meta property=\"og:description\" content=\"Die Stadtverwaltung f\u00fchrt ab sofort einen vor\u00fcbergehenden Einstellungsstopp f\u00fcr neue Stellenbesetzungen ein, verk\u00fcndet B\u00fcrgermeister Andr\u00e9 B\u00e4r. Mit dieser Ma\u00dfnahme reagiert die Verwaltung auf die aktuellen finanziellen Herausforderungen und verfolgt das Ziel, die Entwicklung der Personalkosten...\" \/>\n<meta property=\"og:url\" content=\"https:\/\/www.mettmann.de\/web\/stadt-verfuegt-einstellungsstopp\/\" \/>\n<meta property=\"og:site_name\" content=\"Stadtverwaltung Mettmann\" \/>\n<meta property=\"article:publisher\" content=\"https:\/\/www.facebook.com\/kreisstadt.mettmann\" \/>\n<meta property=\"article:published_time\" content=\"2026-06-29T13:48:15+00:00\" \/>\n<meta property=\"og:image\" content=\"https:\/\/www.mettmann.de\/web\/wp-content\/uploads\/2026\/06\/Homepage-rathaus.png\" \/>\n\t<meta property=\"og:image:width\" content=\"777\" \/>\n\t<meta property=\"og:image:height\" content=\"437\" \/>\n\t<meta property=\"og:image:type\" content=\"image\/png\" \/>\n<meta name=\"author\" content=\"LekiesT\" \/>\n<meta name=\"twitter:card\" content=\"summary_large_image\" \/>\n<meta name=\"twitter:label1\" content=\"Verfasst von\" \/>\n\t<meta name=\"twitter:data1\" content=\"LekiesT\" \/>\n\t<meta name=\"twitter:label2\" content=\"Gesch\u00e4tzte Lesezeit\" \/>\n\t<meta name=\"twitter:data2\" content=\"4\u00a0Minuten\" \/>\n<script type=\"application\/ld+json\" class=\"yoast-schema-graph\">{\"@context\":\"https:\/\/schema.org\",\"@graph\":[{\"@type\":\"Article\",\"@id\":\"https:\/\/www.mettmann.de\/web\/stadt-verfuegt-einstellungsstopp\/#article\",\"isPartOf\":{\"@id\":\"https:\/\/www.mettmann.de\/web\/stadt-verfuegt-einstellungsstopp\/\"},\"author\":{\"name\":\"LekiesT\",\"@id\":\"https:\/\/www.mettmann.de\/web\/#\/schema\/person\/c0deeeba8d377efe8e769dc7f56c2292\"},\"headline\":\"Stadt verf\u00fcgt Einstellungsstopp\",\"datePublished\":\"2026-06-29T13:48:15+00:00\",\"mainEntityOfPage\":{\"@id\":\"https:\/\/www.mettmann.de\/web\/stadt-verfuegt-einstellungsstopp\/\"},\"wordCount\":595,\"publisher\":{\"@id\":\"https:\/\/www.mettmann.de\/web\/#organization\"},\"image\":{\"@id\":\"https:\/\/www.mettmann.de\/web\/stadt-verfuegt-einstellungsstopp\/#primaryimage\"},\"thumbnailUrl\":\"https:\/\/www.mettmann.de\/web\/wp-content\/uploads\/2026\/06\/Homepage-rathaus.png\",\"keywords\":[\"Einstellungsstopp\",\"Haushaltslage\",\"Mettmann\",\"Stadtverwaltung\"],\"inLanguage\":\"de\"},{\"@type\":\"WebPage\",\"@id\":\"https:\/\/www.mettmann.de\/web\/stadt-verfuegt-einstellungsstopp\/\",\"url\":\"https:\/\/www.mettmann.de\/web\/stadt-verfuegt-einstellungsstopp\/\",\"name\":\"Stadt verf\u00fcgt Einstellungsstopp\",\"isPartOf\":{\"@id\":\"https:\/\/www.mettmann.de\/web\/#website\"},\"primaryImageOfPage\":{\"@id\":\"https:\/\/www.mettmann.de\/web\/stadt-verfuegt-einstellungsstopp\/#primaryimage\"},\"image\":{\"@id\":\"https:\/\/www.mettmann.de\/web\/stadt-verfuegt-einstellungsstopp\/#primaryimage\"},\"thumbnailUrl\":\"https:\/\/www.mettmann.de\/web\/wp-content\/uploads\/2026\/06\/Homepage-rathaus.png\",\"datePublished\":\"2026-06-29T13:48:15+00:00\",\"breadcrumb\":{\"@id\":\"https:\/\/www.mettmann.de\/web\/stadt-verfuegt-einstellungsstopp\/#breadcrumb\"},\"inLanguage\":\"de\",\"potentialAction\":[{\"@type\":\"ReadAction\",\"target\":[\"https:\/\/www.mettmann.de\/web\/stadt-verfuegt-einstellungsstopp\/\"]}]},{\"@type\":\"ImageObject\",\"inLanguage\":\"de\",\"@id\":\"https:\/\/www.mettmann.de\/web\/stadt-verfuegt-einstellungsstopp\/#primaryimage\",\"url\":\"https:\/\/www.mettmann.de\/web\/wp-content\/uploads\/2026\/06\/Homepage-rathaus.png\",\"contentUrl\":\"https:\/\/www.mettmann.de\/web\/wp-content\/uploads\/2026\/06\/Homepage-rathaus.png\",\"width\":777,\"height\":437,\"caption\":\"Rathaus mit Haupteingang\"},{\"@type\":\"BreadcrumbList\",\"@id\":\"https:\/\/www.mettmann.de\/web\/stadt-verfuegt-einstellungsstopp\/#breadcrumb\",\"itemListElement\":[{\"@type\":\"ListItem\",\"position\":1,\"name\":\"Startseite\",\"item\":\"https:\/\/www.mettmann.de\/web\/\"},{\"@type\":\"ListItem\",\"position\":2,\"name\":\"Stadt verf\u00fcgt Einstellungsstopp\"}]},{\"@type\":\"WebSite\",\"@id\":\"https:\/\/www.mettmann.de\/web\/#website\",\"url\":\"https:\/\/www.mettmann.de\/web\/\",\"name\":\"Stadtverwaltung Mettmann\",\"description\":\"Internetseite der Kreisstadt Mettmann\",\"publisher\":{\"@id\":\"https:\/\/www.mettmann.de\/web\/#organization\"},\"potentialAction\":[{\"@type\":\"SearchAction\",\"target\":{\"@type\":\"EntryPoint\",\"urlTemplate\":\"https:\/\/www.mettmann.de\/web\/?s={search_term_string}\"},\"query-input\":{\"@type\":\"PropertyValueSpecification\",\"valueRequired\":true,\"valueName\":\"search_term_string\"}}],\"inLanguage\":\"de\"},{\"@type\":\"Organization\",\"@id\":\"https:\/\/www.mettmann.de\/web\/#organization\",\"name\":\"Kreisstadt Mettmann\",\"url\":\"https:\/\/www.mettmann.de\/web\/\",\"logo\":{\"@type\":\"ImageObject\",\"inLanguage\":\"de\",\"@id\":\"https:\/\/www.mettmann.de\/web\/#\/schema\/logo\/image\/\",\"url\":\"https:\/\/www.mettmann.de\/web\/wp-content\/uploads\/2019\/08\/Kreisstadt_Mettmann_Logo_RGB_150dpi.png\",\"contentUrl\":\"https:\/\/www.mettmann.de\/web\/wp-content\/uploads\/2019\/08\/Kreisstadt_Mettmann_Logo_RGB_150dpi.png\",\"width\":1302,\"height\":191,\"caption\":\"Kreisstadt Mettmann\"},\"image\":{\"@id\":\"https:\/\/www.mettmann.de\/web\/#\/schema\/logo\/image\/\"},\"sameAs\":[\"https:\/\/www.facebook.com\/kreisstadt.mettmann\",\"https:\/\/de.wikipedia.org\/wiki\/Mettmann\"]},{\"@type\":\"Person\",\"@id\":\"https:\/\/www.mettmann.de\/web\/#\/schema\/person\/c0deeeba8d377efe8e769dc7f56c2292\",\"name\":\"LekiesT\"}]}<\/script>\n<!-- \/ Yoast SEO plugin. -->","yoast_head_json":{"title":"Stadt verf\u00fcgt Einstellungsstopp","robots":{"index":"index","follow":"follow","max-snippet":"max-snippet:-1","max-image-preview":"max-image-preview:large","max-video-preview":"max-video-preview:-1"},"canonical":"https:\/\/www.mettmann.de\/web\/stadt-verfuegt-einstellungsstopp\/","og_locale":"de_DE","og_type":"article","og_title":"Stadt verf\u00fcgt Einstellungsstopp","og_description":"Die Stadtverwaltung f\u00fchrt ab sofort einen vor\u00fcbergehenden Einstellungsstopp f\u00fcr neue Stellenbesetzungen ein, verk\u00fcndet B\u00fcrgermeister Andr\u00e9 B\u00e4r. Mit dieser Ma\u00dfnahme reagiert die Verwaltung auf die aktuellen finanziellen Herausforderungen und verfolgt das Ziel, die Entwicklung der Personalkosten...","og_url":"https:\/\/www.mettmann.de\/web\/stadt-verfuegt-einstellungsstopp\/","og_site_name":"Stadtverwaltung Mettmann","article_publisher":"https:\/\/www.facebook.com\/kreisstadt.mettmann","article_published_time":"2026-06-29T13:48:15+00:00","og_image":[{"width":777,"height":437,"url":"https:\/\/www.mettmann.de\/web\/wp-content\/uploads\/2026\/06\/Homepage-rathaus.png","type":"image\/png"}],"author":"LekiesT","twitter_card":"summary_large_image","twitter_misc":{"Verfasst von":"LekiesT","Gesch\u00e4tzte Lesezeit":"4\u00a0Minuten"},"schema":{"@context":"https:\/\/schema.org","@graph":[{"@type":"Article","@id":"https:\/\/www.mettmann.de\/web\/stadt-verfuegt-einstellungsstopp\/#article","isPartOf":{"@id":"https:\/\/www.mettmann.de\/web\/stadt-verfuegt-einstellungsstopp\/"},"author":{"name":"LekiesT","@id":"https:\/\/www.mettmann.de\/web\/#\/schema\/person\/c0deeeba8d377efe8e769dc7f56c2292"},"headline":"Stadt verf\u00fcgt Einstellungsstopp","datePublished":"2026-06-29T13:48:15+00:00","mainEntityOfPage":{"@id":"https:\/\/www.mettmann.de\/web\/stadt-verfuegt-einstellungsstopp\/"},"wordCount":595,"publisher":{"@id":"https:\/\/www.mettmann.de\/web\/#organization"},"image":{"@id":"https:\/\/www.mettmann.de\/web\/stadt-verfuegt-einstellungsstopp\/#primaryimage"},"thumbnailUrl":"https:\/\/www.mettmann.de\/web\/wp-content\/uploads\/2026\/06\/Homepage-rathaus.png","keywords":["Einstellungsstopp","Haushaltslage","Mettmann","Stadtverwaltung"],"inLanguage":"de"},{"@type":"WebPage","@id":"https:\/\/www.mettmann.de\/web\/stadt-verfuegt-einstellungsstopp\/","url":"https:\/\/www.mettmann.de\/web\/stadt-verfuegt-einstellungsstopp\/","name":"Stadt verf\u00fcgt Einstellungsstopp","isPartOf":{"@id":"https:\/\/www.mettmann.de\/web\/#website"},"primaryImageOfPage":{"@id":"https:\/\/www.mettmann.de\/web\/stadt-verfuegt-einstellungsstopp\/#primaryimage"},"image":{"@id":"https:\/\/www.mettmann.de\/web\/stadt-verfuegt-einstellungsstopp\/#primaryimage"},"thumbnailUrl":"https:\/\/www.mettmann.de\/web\/wp-content\/uploads\/2026\/06\/Homepage-rathaus.png","datePublished":"2026-06-29T13:48:15+00:00","breadcrumb":{"@id":"https:\/\/www.mettmann.de\/web\/stadt-verfuegt-einstellungsstopp\/#breadcrumb"},"inLanguage":"de","potentialAction":[{"@type":"ReadAction","target":["https:\/\/www.mettmann.de\/web\/stadt-verfuegt-einstellungsstopp\/"]}]},{"@type":"ImageObject","inLanguage":"de","@id":"https:\/\/www.mettmann.de\/web\/stadt-verfuegt-einstellungsstopp\/#primaryimage","url":"https:\/\/www.mettmann.de\/web\/wp-content\/uploads\/2026\/06\/Homepage-rathaus.png","contentUrl":"https:\/\/www.mettmann.de\/web\/wp-content\/uploads\/2026\/06\/Homepage-rathaus.png","width":777,"height":437,"caption":"Rathaus mit Haupteingang"},{"@type":"BreadcrumbList","@id":"https:\/\/www.mettmann.de\/web\/stadt-verfuegt-einstellungsstopp\/#breadcrumb","itemListElement":[{"@type":"ListItem","position":1,"name":"Startseite","item":"https:\/\/www.mettmann.de\/web\/"},{"@type":"ListItem","position":2,"name":"Stadt verf\u00fcgt Einstellungsstopp"}]},{"@type":"WebSite","@id":"https:\/\/www.mettmann.de\/web\/#website","url":"https:\/\/www.mettmann.de\/web\/","name":"Stadtverwaltung Mettmann","description":"Internetseite der Kreisstadt Mettmann","publisher":{"@id":"https:\/\/www.mettmann.de\/web\/#organization"},"potentialAction":[{"@type":"SearchAction","target":{"@type":"EntryPoint","urlTemplate":"https:\/\/www.mettmann.de\/web\/?s={search_term_string}"},"query-input":{"@type":"PropertyValueSpecification","valueRequired":true,"valueName":"search_term_string"}}],"inLanguage":"de"},{"@type":"Organization","@id":"https:\/\/www.mettmann.de\/web\/#organization","name":"Kreisstadt Mettmann","url":"https:\/\/www.mettmann.de\/web\/","logo":{"@type":"ImageObject","inLanguage":"de","@id":"https:\/\/www.mettmann.de\/web\/#\/schema\/logo\/image\/","url":"https:\/\/www.mettmann.de\/web\/wp-content\/uploads\/2019\/08\/Kreisstadt_Mettmann_Logo_RGB_150dpi.png","contentUrl":"https:\/\/www.mettmann.de\/web\/wp-content\/uploads\/2019\/08\/Kreisstadt_Mettmann_Logo_RGB_150dpi.png","width":1302,"height":191,"caption":"Kreisstadt Mettmann"},"image":{"@id":"https:\/\/www.mettmann.de\/web\/#\/schema\/logo\/image\/"},"sameAs":["https:\/\/www.facebook.com\/kreisstadt.mettmann","https:\/\/de.wikipedia.org\/wiki\/Mettmann"]},{"@type":"Person","@id":"https:\/\/www.mettmann.de\/web\/#\/schema\/person\/c0deeeba8d377efe8e769dc7f56c2292","name":"LekiesT"}]}},"_links":{"self":[{"href":"https:\/\/www.mettmann.de\/web\/wp-json\/wp\/v2\/posts\/62020","targetHints":{"allow":["GET"]}}],"collection":[{"href":"https:\/\/www.mettmann.de\/web\/wp-json\/wp\/v2\/posts"}],"about":[{"href":"https:\/\/www.mettmann.de\/web\/wp-json\/wp\/v2\/types\/post"}],"author":[{"embeddable":true,"href":"https:\/\/www.mettmann.de\/web\/wp-json\/wp\/v2\/users\/2"}],"replies":[{"embeddable":true,"href":"https:\/\/www.mettmann.de\/web\/wp-json\/wp\/v2\/comments?post=62020"}],"version-history":[{"count":1,"href":"https:\/\/www.mettmann.de\/web\/wp-json\/wp\/v2\/posts\/62020\/revisions"}],"predecessor-version":[{"id":62021,"href":"https:\/\/www.mettmann.de\/web\/wp-json\/wp\/v2\/posts\/62020\/revisions\/62021"}],"wp:featuredmedia":[{"embeddable":true,"href":"https:\/\/www.mettmann.de\/web\/wp-json\/wp\/v2\/media\/62024"}],"wp:attachment":[{"href":"https:\/\/www.mettmann.de\/web\/wp-json\/wp\/v2\/media?parent=62020"}],"wp:term":[{"taxonomy":"category","embeddable":true,"href":"https:\/\/www.mettmann.de\/web\/wp-json\/wp\/v2\/categories?post=62020"},{"taxonomy":"post_tag","embeddable":true,"href":"https:\/\/www.mettmann.de\/web\/wp-json\/wp\/v2\/tags?post=62020"}],"curies":[{"name":"wp","href":"https:\/\/api.w.org\/{rel}","templated":true}]}}