{"id":63751,"date":"2026-08-31T12:39:27","date_gmt":"2026-08-31T10:39:27","guid":{"rendered":"https:\/\/www.mettmann.de\/web\/?p=63751"},"modified":"2026-08-31T12:40:10","modified_gmt":"2026-08-31T10:40:10","slug":"friedhofsverwaltung-vom-14-bis-25-september-nur-eingeschraenkt-erreichbar","status":"publish","type":"post","link":"https:\/\/www.mettmann.de\/web\/friedhofsverwaltung-vom-14-bis-25-september-nur-eingeschraenkt-erreichbar\/","title":{"rendered":"Friedhofsverwaltung vom 14. bis 25. September nur eingeschr\u00e4nkt erreichbar"},"content":{"rendered":"<p>Aufgrund personeller Engp\u00e4sse durch Fortbildungsma\u00dfnahmen, Erkrankungen und Urlaub ist die Friedhofsverwaltung auf dem Friedhof Lindenheide von Montag, den 14.09.2026, bis voraussichtlich Freitag, den 25.09.2026, nur eingeschr\u00e4nkt erreichbar.<\/p>\n<p>In diesem Zeitraum steht die Friedhofsverwaltung nur montags bis freitags in der Zeit von 9 bis 12 Uhr zur Verf\u00fcgung.<\/p>\n<p>Au\u00dferhalb der B\u00fcrozeiten k\u00f6nnen Bestattungsauftr\u00e4ge, Terminanfragen und sonstige Anliegen weiterhin \u00fcber die bekannte E-Mail-Adresse <a href=\"mailto:friedhoflindenheide@mettmann.de\">friedhoflindenheide@mettmann.de<\/a> an die Friedhofsverwaltung gerichtet werden.<\/p>\n<p>Die Bearbeitung erfolgt, soweit m\u00f6glich, zeitnah. Bei weitergehenden Anliegen werden diese entsprechend aufgenommen und zu einem sp\u00e4teren Zeitpunkt bearbeitet. Die Stadtverwaltung bittet hierf\u00fcr um Verst\u00e4ndnis.<\/p>\n","protected":false},"excerpt":{"rendered":"<p>Aufgrund personeller Engp\u00e4sse durch Fortbildungsma\u00dfnahmen, Erkrankungen und Urlaub ist die Friedhofsverwaltung auf dem Friedhof Lindenheide von Montag, den 14.09.2026, bis voraussichtlich Freitag, den 25.09.2026, nur eingeschr\u00e4nkt erreichbar. In diesem Zeitraum steht die Friedhofsverwaltung nur montags&#8230;<\/p>\n","protected":false},"author":1,"featured_media":817,"comment_status":"closed","ping_status":"closed","sticky":false,"template":"","format":"standard","meta":{"ngg_post_thumbnail":0,"footnotes":""},"categories":[1],"tags":[5456,4397,267,4],"class_list":["post-63751","post","type-post","status-publish","format-standard","has-post-thumbnail","hentry","category-allgemein","tag-bestattungsauftraege","tag-erreichbarkeit","tag-friedhofsverwaltung","tag-mettmann"],"yoast_head":"<!-- This site is optimized with the Yoast SEO plugin v27.2 - https:\/\/yoast.com\/product\/yoast-seo-wordpress\/ -->\n<title>Friedhofsverwaltung vom 14. bis 25. September nur eingeschr\u00e4nkt erreichbar<\/title>\n<meta name=\"robots\" content=\"index, follow, max-snippet:-1, max-image-preview:large, max-video-preview:-1\" \/>\n<link rel=\"canonical\" href=\"https:\/\/www.mettmann.de\/web\/friedhofsverwaltung-vom-14-bis-25-september-nur-eingeschraenkt-erreichbar\/\" \/>\n<meta property=\"og:locale\" content=\"de_DE\" \/>\n<meta property=\"og:type\" content=\"article\" \/>\n<meta property=\"og:title\" content=\"Friedhofsverwaltung vom 14. bis 25. September nur eingeschr\u00e4nkt erreichbar\" \/>\n<meta property=\"og:description\" content=\"Aufgrund personeller Engp\u00e4sse durch Fortbildungsma\u00dfnahmen, Erkrankungen und Urlaub ist die Friedhofsverwaltung auf dem Friedhof Lindenheide von Montag, den 14.09.2026, bis voraussichtlich Freitag, den 25.09.2026, nur eingeschr\u00e4nkt erreichbar. In diesem Zeitraum steht die Friedhofsverwaltung nur montags...\" \/>\n<meta property=\"og:url\" content=\"https:\/\/www.mettmann.de\/web\/friedhofsverwaltung-vom-14-bis-25-september-nur-eingeschraenkt-erreichbar\/\" \/>\n<meta property=\"og:site_name\" content=\"Stadtverwaltung Mettmann\" \/>\n<meta property=\"article:publisher\" content=\"https:\/\/www.facebook.com\/kreisstadt.mettmann\" \/>\n<meta property=\"article:published_time\" content=\"2026-08-31T10:39:27+00:00\" \/>\n<meta property=\"article:modified_time\" content=\"2026-08-31T10:40:10+00:00\" \/>\n<meta property=\"og:image\" content=\"https:\/\/www.mettmann.de\/web\/wp-content\/uploads\/2019\/09\/graves-3683273_1280.jpg\" \/>\n\t<meta property=\"og:image:width\" content=\"1280\" \/>\n\t<meta property=\"og:image:height\" content=\"652\" \/>\n\t<meta property=\"og:image:type\" content=\"image\/jpeg\" \/>\n<meta name=\"author\" content=\"chbarra\" \/>\n<meta name=\"twitter:card\" content=\"summary_large_image\" \/>\n<meta name=\"twitter:label1\" content=\"Verfasst von\" \/>\n\t<meta name=\"twitter:data1\" content=\"chbarra\" \/>\n\t<meta name=\"twitter:label2\" content=\"Gesch\u00e4tzte Lesezeit\" \/>\n\t<meta name=\"twitter:data2\" content=\"1\u00a0Minute\" \/>\n<script type=\"application\/ld+json\" class=\"yoast-schema-graph\">{\"@context\":\"https:\/\/schema.org\",\"@graph\":[{\"@type\":\"Article\",\"@id\":\"https:\/\/www.mettmann.de\/web\/friedhofsverwaltung-vom-14-bis-25-september-nur-eingeschraenkt-erreichbar\/#article\",\"isPartOf\":{\"@id\":\"https:\/\/www.mettmann.de\/web\/friedhofsverwaltung-vom-14-bis-25-september-nur-eingeschraenkt-erreichbar\/\"},\"author\":{\"name\":\"chbarra\",\"@id\":\"https:\/\/www.mettmann.de\/web\/#\/schema\/person\/03e91284de46d07dd5399ec4af554dc6\"},\"headline\":\"Friedhofsverwaltung vom 14. bis 25. September nur eingeschr\u00e4nkt erreichbar\",\"datePublished\":\"2026-08-31T10:39:27+00:00\",\"dateModified\":\"2026-08-31T10:40:10+00:00\",\"mainEntityOfPage\":{\"@id\":\"https:\/\/www.mettmann.de\/web\/friedhofsverwaltung-vom-14-bis-25-september-nur-eingeschraenkt-erreichbar\/\"},\"wordCount\":110,\"publisher\":{\"@id\":\"https:\/\/www.mettmann.de\/web\/#organization\"},\"image\":{\"@id\":\"https:\/\/www.mettmann.de\/web\/friedhofsverwaltung-vom-14-bis-25-september-nur-eingeschraenkt-erreichbar\/#primaryimage\"},\"thumbnailUrl\":\"https:\/\/www.mettmann.de\/web\/wp-content\/uploads\/2019\/09\/graves-3683273_1280.jpg\",\"keywords\":[\"Bestattungsauftr\u00e4ge\",\"Erreichbarkeit\",\"Friedhofsverwaltung\",\"Mettmann\"],\"inLanguage\":\"de\"},{\"@type\":\"WebPage\",\"@id\":\"https:\/\/www.mettmann.de\/web\/friedhofsverwaltung-vom-14-bis-25-september-nur-eingeschraenkt-erreichbar\/\",\"url\":\"https:\/\/www.mettmann.de\/web\/friedhofsverwaltung-vom-14-bis-25-september-nur-eingeschraenkt-erreichbar\/\",\"name\":\"Friedhofsverwaltung vom 14. bis 25. September nur eingeschr\u00e4nkt erreichbar\",\"isPartOf\":{\"@id\":\"https:\/\/www.mettmann.de\/web\/#website\"},\"primaryImageOfPage\":{\"@id\":\"https:\/\/www.mettmann.de\/web\/friedhofsverwaltung-vom-14-bis-25-september-nur-eingeschraenkt-erreichbar\/#primaryimage\"},\"image\":{\"@id\":\"https:\/\/www.mettmann.de\/web\/friedhofsverwaltung-vom-14-bis-25-september-nur-eingeschraenkt-erreichbar\/#primaryimage\"},\"thumbnailUrl\":\"https:\/\/www.mettmann.de\/web\/wp-content\/uploads\/2019\/09\/graves-3683273_1280.jpg\",\"datePublished\":\"2026-08-31T10:39:27+00:00\",\"dateModified\":\"2026-08-31T10:40:10+00:00\",\"breadcrumb\":{\"@id\":\"https:\/\/www.mettmann.de\/web\/friedhofsverwaltung-vom-14-bis-25-september-nur-eingeschraenkt-erreichbar\/#breadcrumb\"},\"inLanguage\":\"de\",\"potentialAction\":[{\"@type\":\"ReadAction\",\"target\":[\"https:\/\/www.mettmann.de\/web\/friedhofsverwaltung-vom-14-bis-25-september-nur-eingeschraenkt-erreichbar\/\"]}]},{\"@type\":\"ImageObject\",\"inLanguage\":\"de\",\"@id\":\"https:\/\/www.mettmann.de\/web\/friedhofsverwaltung-vom-14-bis-25-september-nur-eingeschraenkt-erreichbar\/#primaryimage\",\"url\":\"https:\/\/www.mettmann.de\/web\/wp-content\/uploads\/2019\/09\/graves-3683273_1280.jpg\",\"contentUrl\":\"https:\/\/www.mettmann.de\/web\/wp-content\/uploads\/2019\/09\/graves-3683273_1280.jpg\",\"width\":1280,\"height\":652,\"caption\":\"Symbolfoto: congerdesign \/ pixabay\"},{\"@type\":\"BreadcrumbList\",\"@id\":\"https:\/\/www.mettmann.de\/web\/friedhofsverwaltung-vom-14-bis-25-september-nur-eingeschraenkt-erreichbar\/#breadcrumb\",\"itemListElement\":[{\"@type\":\"ListItem\",\"position\":1,\"name\":\"Startseite\",\"item\":\"https:\/\/www.mettmann.de\/web\/\"},{\"@type\":\"ListItem\",\"position\":2,\"name\":\"Friedhofsverwaltung vom 14. bis 25. September nur eingeschr\u00e4nkt erreichbar\"}]},{\"@type\":\"WebSite\",\"@id\":\"https:\/\/www.mettmann.de\/web\/#website\",\"url\":\"https:\/\/www.mettmann.de\/web\/\",\"name\":\"Stadtverwaltung Mettmann\",\"description\":\"Internetseite der Kreisstadt Mettmann\",\"publisher\":{\"@id\":\"https:\/\/www.mettmann.de\/web\/#organization\"},\"potentialAction\":[{\"@type\":\"SearchAction\",\"target\":{\"@type\":\"EntryPoint\",\"urlTemplate\":\"https:\/\/www.mettmann.de\/web\/?s={search_term_string}\"},\"query-input\":{\"@type\":\"PropertyValueSpecification\",\"valueRequired\":true,\"valueName\":\"search_term_string\"}}],\"inLanguage\":\"de\"},{\"@type\":\"Organization\",\"@id\":\"https:\/\/www.mettmann.de\/web\/#organization\",\"name\":\"Kreisstadt Mettmann\",\"url\":\"https:\/\/www.mettmann.de\/web\/\",\"logo\":{\"@type\":\"ImageObject\",\"inLanguage\":\"de\",\"@id\":\"https:\/\/www.mettmann.de\/web\/#\/schema\/logo\/image\/\",\"url\":\"https:\/\/www.mettmann.de\/web\/wp-content\/uploads\/2019\/08\/Kreisstadt_Mettmann_Logo_RGB_150dpi.png\",\"contentUrl\":\"https:\/\/www.mettmann.de\/web\/wp-content\/uploads\/2019\/08\/Kreisstadt_Mettmann_Logo_RGB_150dpi.png\",\"width\":1302,\"height\":191,\"caption\":\"Kreisstadt Mettmann\"},\"image\":{\"@id\":\"https:\/\/www.mettmann.de\/web\/#\/schema\/logo\/image\/\"},\"sameAs\":[\"https:\/\/www.facebook.com\/kreisstadt.mettmann\",\"https:\/\/de.wikipedia.org\/wiki\/Mettmann\"]},{\"@type\":\"Person\",\"@id\":\"https:\/\/www.mettmann.de\/web\/#\/schema\/person\/03e91284de46d07dd5399ec4af554dc6\",\"name\":\"chbarra\"}]}<\/script>\n<!-- \/ Yoast SEO plugin. -->","yoast_head_json":{"title":"Friedhofsverwaltung vom 14. bis 25. September nur eingeschr\u00e4nkt erreichbar","robots":{"index":"index","follow":"follow","max-snippet":"max-snippet:-1","max-image-preview":"max-image-preview:large","max-video-preview":"max-video-preview:-1"},"canonical":"https:\/\/www.mettmann.de\/web\/friedhofsverwaltung-vom-14-bis-25-september-nur-eingeschraenkt-erreichbar\/","og_locale":"de_DE","og_type":"article","og_title":"Friedhofsverwaltung vom 14. bis 25. September nur eingeschr\u00e4nkt erreichbar","og_description":"Aufgrund personeller Engp\u00e4sse durch Fortbildungsma\u00dfnahmen, Erkrankungen und Urlaub ist die Friedhofsverwaltung auf dem Friedhof Lindenheide von Montag, den 14.09.2026, bis voraussichtlich Freitag, den 25.09.2026, nur eingeschr\u00e4nkt erreichbar. In diesem Zeitraum steht die Friedhofsverwaltung nur montags...","og_url":"https:\/\/www.mettmann.de\/web\/friedhofsverwaltung-vom-14-bis-25-september-nur-eingeschraenkt-erreichbar\/","og_site_name":"Stadtverwaltung Mettmann","article_publisher":"https:\/\/www.facebook.com\/kreisstadt.mettmann","article_published_time":"2026-08-31T10:39:27+00:00","article_modified_time":"2026-08-31T10:40:10+00:00","og_image":[{"width":1280,"height":652,"url":"https:\/\/www.mettmann.de\/web\/wp-content\/uploads\/2019\/09\/graves-3683273_1280.jpg","type":"image\/jpeg"}],"author":"chbarra","twitter_card":"summary_large_image","twitter_misc":{"Verfasst von":"chbarra","Gesch\u00e4tzte Lesezeit":"1\u00a0Minute"},"schema":{"@context":"https:\/\/schema.org","@graph":[{"@type":"Article","@id":"https:\/\/www.mettmann.de\/web\/friedhofsverwaltung-vom-14-bis-25-september-nur-eingeschraenkt-erreichbar\/#article","isPartOf":{"@id":"https:\/\/www.mettmann.de\/web\/friedhofsverwaltung-vom-14-bis-25-september-nur-eingeschraenkt-erreichbar\/"},"author":{"name":"chbarra","@id":"https:\/\/www.mettmann.de\/web\/#\/schema\/person\/03e91284de46d07dd5399ec4af554dc6"},"headline":"Friedhofsverwaltung vom 14. bis 25. September nur eingeschr\u00e4nkt erreichbar","datePublished":"2026-08-31T10:39:27+00:00","dateModified":"2026-08-31T10:40:10+00:00","mainEntityOfPage":{"@id":"https:\/\/www.mettmann.de\/web\/friedhofsverwaltung-vom-14-bis-25-september-nur-eingeschraenkt-erreichbar\/"},"wordCount":110,"publisher":{"@id":"https:\/\/www.mettmann.de\/web\/#organization"},"image":{"@id":"https:\/\/www.mettmann.de\/web\/friedhofsverwaltung-vom-14-bis-25-september-nur-eingeschraenkt-erreichbar\/#primaryimage"},"thumbnailUrl":"https:\/\/www.mettmann.de\/web\/wp-content\/uploads\/2019\/09\/graves-3683273_1280.jpg","keywords":["Bestattungsauftr\u00e4ge","Erreichbarkeit","Friedhofsverwaltung","Mettmann"],"inLanguage":"de"},{"@type":"WebPage","@id":"https:\/\/www.mettmann.de\/web\/friedhofsverwaltung-vom-14-bis-25-september-nur-eingeschraenkt-erreichbar\/","url":"https:\/\/www.mettmann.de\/web\/friedhofsverwaltung-vom-14-bis-25-september-nur-eingeschraenkt-erreichbar\/","name":"Friedhofsverwaltung vom 14. bis 25. September nur eingeschr\u00e4nkt erreichbar","isPartOf":{"@id":"https:\/\/www.mettmann.de\/web\/#website"},"primaryImageOfPage":{"@id":"https:\/\/www.mettmann.de\/web\/friedhofsverwaltung-vom-14-bis-25-september-nur-eingeschraenkt-erreichbar\/#primaryimage"},"image":{"@id":"https:\/\/www.mettmann.de\/web\/friedhofsverwaltung-vom-14-bis-25-september-nur-eingeschraenkt-erreichbar\/#primaryimage"},"thumbnailUrl":"https:\/\/www.mettmann.de\/web\/wp-content\/uploads\/2019\/09\/graves-3683273_1280.jpg","datePublished":"2026-08-31T10:39:27+00:00","dateModified":"2026-08-31T10:40:10+00:00","breadcrumb":{"@id":"https:\/\/www.mettmann.de\/web\/friedhofsverwaltung-vom-14-bis-25-september-nur-eingeschraenkt-erreichbar\/#breadcrumb"},"inLanguage":"de","potentialAction":[{"@type":"ReadAction","target":["https:\/\/www.mettmann.de\/web\/friedhofsverwaltung-vom-14-bis-25-september-nur-eingeschraenkt-erreichbar\/"]}]},{"@type":"ImageObject","inLanguage":"de","@id":"https:\/\/www.mettmann.de\/web\/friedhofsverwaltung-vom-14-bis-25-september-nur-eingeschraenkt-erreichbar\/#primaryimage","url":"https:\/\/www.mettmann.de\/web\/wp-content\/uploads\/2019\/09\/graves-3683273_1280.jpg","contentUrl":"https:\/\/www.mettmann.de\/web\/wp-content\/uploads\/2019\/09\/graves-3683273_1280.jpg","width":1280,"height":652,"caption":"Symbolfoto: congerdesign \/ pixabay"},{"@type":"BreadcrumbList","@id":"https:\/\/www.mettmann.de\/web\/friedhofsverwaltung-vom-14-bis-25-september-nur-eingeschraenkt-erreichbar\/#breadcrumb","itemListElement":[{"@type":"ListItem","position":1,"name":"Startseite","item":"https:\/\/www.mettmann.de\/web\/"},{"@type":"ListItem","position":2,"name":"Friedhofsverwaltung vom 14. bis 25. September nur eingeschr\u00e4nkt erreichbar"}]},{"@type":"WebSite","@id":"https:\/\/www.mettmann.de\/web\/#website","url":"https:\/\/www.mettmann.de\/web\/","name":"Stadtverwaltung Mettmann","description":"Internetseite der Kreisstadt Mettmann","publisher":{"@id":"https:\/\/www.mettmann.de\/web\/#organization"},"potentialAction":[{"@type":"SearchAction","target":{"@type":"EntryPoint","urlTemplate":"https:\/\/www.mettmann.de\/web\/?s={search_term_string}"},"query-input":{"@type":"PropertyValueSpecification","valueRequired":true,"valueName":"search_term_string"}}],"inLanguage":"de"},{"@type":"Organization","@id":"https:\/\/www.mettmann.de\/web\/#organization","name":"Kreisstadt Mettmann","url":"https:\/\/www.mettmann.de\/web\/","logo":{"@type":"ImageObject","inLanguage":"de","@id":"https:\/\/www.mettmann.de\/web\/#\/schema\/logo\/image\/","url":"https:\/\/www.mettmann.de\/web\/wp-content\/uploads\/2019\/08\/Kreisstadt_Mettmann_Logo_RGB_150dpi.png","contentUrl":"https:\/\/www.mettmann.de\/web\/wp-content\/uploads\/2019\/08\/Kreisstadt_Mettmann_Logo_RGB_150dpi.png","width":1302,"height":191,"caption":"Kreisstadt Mettmann"},"image":{"@id":"https:\/\/www.mettmann.de\/web\/#\/schema\/logo\/image\/"},"sameAs":["https:\/\/www.facebook.com\/kreisstadt.mettmann","https:\/\/de.wikipedia.org\/wiki\/Mettmann"]},{"@type":"Person","@id":"https:\/\/www.mettmann.de\/web\/#\/schema\/person\/03e91284de46d07dd5399ec4af554dc6","name":"chbarra"}]}},"_links":{"self":[{"href":"https:\/\/www.mettmann.de\/web\/wp-json\/wp\/v2\/posts\/63751","targetHints":{"allow":["GET"]}}],"collection":[{"href":"https:\/\/www.mettmann.de\/web\/wp-json\/wp\/v2\/posts"}],"about":[{"href":"https:\/\/www.mettmann.de\/web\/wp-json\/wp\/v2\/types\/post"}],"author":[{"embeddable":true,"href":"https:\/\/www.mettmann.de\/web\/wp-json\/wp\/v2\/users\/1"}],"replies":[{"embeddable":true,"href":"https:\/\/www.mettmann.de\/web\/wp-json\/wp\/v2\/comments?post=63751"}],"version-history":[{"count":2,"href":"https:\/\/www.mettmann.de\/web\/wp-json\/wp\/v2\/posts\/63751\/revisions"}],"predecessor-version":[{"id":63753,"href":"https:\/\/www.mettmann.de\/web\/wp-json\/wp\/v2\/posts\/63751\/revisions\/63753"}],"wp:featuredmedia":[{"embeddable":true,"href":"https:\/\/www.mettmann.de\/web\/wp-json\/wp\/v2\/media\/817"}],"wp:attachment":[{"href":"https:\/\/www.mettmann.de\/web\/wp-json\/wp\/v2\/media?parent=63751"}],"wp:term":[{"taxonomy":"category","embeddable":true,"href":"https:\/\/www.mettmann.de\/web\/wp-json\/wp\/v2\/categories?post=63751"},{"taxonomy":"post_tag","embeddable":true,"href":"https:\/\/www.mettmann.de\/web\/wp-json\/wp\/v2\/tags?post=63751"}],"curies":[{"name":"wp","href":"https:\/\/api.w.org\/{rel}","templated":true}]}}