{"id":63759,"date":"2026-09-01T09:18:12","date_gmt":"2026-09-01T07:18:12","guid":{"rendered":"https:\/\/www.mettmann.de\/web\/?p=63759"},"modified":"2026-09-01T09:41:56","modified_gmt":"2026-09-01T07:41:56","slug":"geschichtenzeit-in-der-stadtbibliothek-am-5-september","status":"publish","type":"post","link":"https:\/\/www.mettmann.de\/web\/geschichtenzeit-in-der-stadtbibliothek-am-5-september\/","title":{"rendered":"GeschichtenZeit in der Stadtbibliothek"},"content":{"rendered":"<p>Am Samstag, den 5. September 2026, findet in der <a href=\"\/bibliothek\">Stadtbibliothek Mettmann<\/a> von 11 bis 12 Uhr eine weitere Vorlesestunde f\u00fcr Kinder von drei bis sechs Jahren statt.<\/p>\n<p>In dieser GeschichtenZeit liest Vorlesepatin Constanze Pape aus dem Bilderbuch <a href=\"https:\/\/www.loewe-verlag.de\/bleib-entspannt-mama-jim\/39211\" target=\"_blank\" rel=\"noopener\">Bleib entspannt, Mama Jim<\/a> von Suzanne Lang vor.<\/p>\n<p><strong>Zum Inhalt:<\/strong><br \/>\n<em>Es ist ein herrlicher Tag! Aber Mama Krokodil ist schrecklich m\u00fcde, denn ihre Kinder wollen die ganze Zeit spielen und planschen. Jim bietet seine Hilfe an und springt als Mama f\u00fcr den Tag ein. Wie schwer kann das schon sein? \u201eMama sein macht Spa\u00df und ist einfach!\u201c, findet Jim. Das h\u00f6ren die anderen M\u00fctter im Dschungel. Und pl\u00f6tzlich passt Jim nicht nur auf die Krokodilbabys, sondern auf viele andere Tierkinder auf. Kein Problem f\u00fcr Jim! Oder etwa doch?<\/em><\/p>\n<p>Nach dem Vorlesen wird gemeinsam zum Thema gemalt und gebastelt. Die Teilnahme an der GeschichtenZeit ist kostenfrei. Eine Anmeldung ist nicht erforderlich.<\/p>\n<p>&nbsp;<\/p>\n","protected":false},"excerpt":{"rendered":"<p>Am Samstag, den 5. September 2026, findet in der Stadtbibliothek Mettmann von 11 bis 12 Uhr eine weitere Vorlesestunde f\u00fcr Kinder von drei bis sechs Jahren statt. In dieser GeschichtenZeit liest Vorlesepatin Constanze Pape aus&#8230;<\/p>\n","protected":false},"author":1,"featured_media":4098,"comment_status":"closed","ping_status":"closed","sticky":false,"template":"","format":"standard","meta":{"ngg_post_thumbnail":0,"footnotes":""},"categories":[1],"tags":[30,29,123,4,28],"class_list":["post-63759","post","type-post","status-publish","format-standard","has-post-thumbnail","hentry","category-allgemein","tag-bibliothek","tag-buecherei","tag-geschichtenzeit","tag-mettmann","tag-stadtbibliothek"],"yoast_head":"<!-- This site is optimized with the Yoast SEO plugin v27.2 - https:\/\/yoast.com\/product\/yoast-seo-wordpress\/ -->\n<title>GeschichtenZeit in der Stadtbibliothek<\/title>\n<meta name=\"robots\" content=\"index, follow, max-snippet:-1, max-image-preview:large, max-video-preview:-1\" \/>\n<link rel=\"canonical\" href=\"https:\/\/www.mettmann.de\/web\/geschichtenzeit-in-der-stadtbibliothek-am-5-september\/\" \/>\n<meta property=\"og:locale\" content=\"de_DE\" \/>\n<meta property=\"og:type\" content=\"article\" \/>\n<meta property=\"og:title\" content=\"GeschichtenZeit in der Stadtbibliothek\" \/>\n<meta property=\"og:description\" content=\"Am Samstag, den 5. September 2026, findet in der Stadtbibliothek Mettmann von 11 bis 12 Uhr eine weitere Vorlesestunde f\u00fcr Kinder von drei bis sechs Jahren statt. In dieser GeschichtenZeit liest Vorlesepatin Constanze Pape aus...\" \/>\n<meta property=\"og:url\" content=\"https:\/\/www.mettmann.de\/web\/geschichtenzeit-in-der-stadtbibliothek-am-5-september\/\" \/>\n<meta property=\"og:site_name\" content=\"Stadtverwaltung Mettmann\" \/>\n<meta property=\"article:publisher\" content=\"https:\/\/www.facebook.com\/kreisstadt.mettmann\" \/>\n<meta property=\"article:published_time\" content=\"2026-09-01T07:18:12+00:00\" \/>\n<meta property=\"article:modified_time\" content=\"2026-09-01T07:41:56+00:00\" \/>\n<meta property=\"og:image\" content=\"https:\/\/www.mettmann.de\/web\/wp-content\/uploads\/2020\/02\/Geschichtenzeit-scaled.jpg\" \/>\n\t<meta property=\"og:image:width\" content=\"2560\" \/>\n\t<meta property=\"og:image:height\" content=\"1707\" \/>\n\t<meta property=\"og:image:type\" content=\"image\/jpeg\" \/>\n<meta name=\"author\" content=\"chbarra\" \/>\n<meta name=\"twitter:card\" content=\"summary_large_image\" \/>\n<meta name=\"twitter:label1\" content=\"Verfasst von\" \/>\n\t<meta name=\"twitter:data1\" content=\"chbarra\" \/>\n\t<meta name=\"twitter:label2\" content=\"Gesch\u00e4tzte Lesezeit\" \/>\n\t<meta name=\"twitter:data2\" content=\"2\u00a0Minuten\" \/>\n<script type=\"application\/ld+json\" class=\"yoast-schema-graph\">{\"@context\":\"https:\/\/schema.org\",\"@graph\":[{\"@type\":\"Article\",\"@id\":\"https:\/\/www.mettmann.de\/web\/geschichtenzeit-in-der-stadtbibliothek-am-5-september\/#article\",\"isPartOf\":{\"@id\":\"https:\/\/www.mettmann.de\/web\/geschichtenzeit-in-der-stadtbibliothek-am-5-september\/\"},\"author\":{\"name\":\"chbarra\",\"@id\":\"https:\/\/www.mettmann.de\/web\/#\/schema\/person\/03e91284de46d07dd5399ec4af554dc6\"},\"headline\":\"GeschichtenZeit in der Stadtbibliothek\",\"datePublished\":\"2026-09-01T07:18:12+00:00\",\"dateModified\":\"2026-09-01T07:41:56+00:00\",\"mainEntityOfPage\":{\"@id\":\"https:\/\/www.mettmann.de\/web\/geschichtenzeit-in-der-stadtbibliothek-am-5-september\/\"},\"wordCount\":155,\"publisher\":{\"@id\":\"https:\/\/www.mettmann.de\/web\/#organization\"},\"image\":{\"@id\":\"https:\/\/www.mettmann.de\/web\/geschichtenzeit-in-der-stadtbibliothek-am-5-september\/#primaryimage\"},\"thumbnailUrl\":\"https:\/\/www.mettmann.de\/web\/wp-content\/uploads\/2020\/02\/Geschichtenzeit-scaled.jpg\",\"keywords\":[\"Bibliothek\",\"B\u00fccherei\",\"Geschichtenzeit\",\"Mettmann\",\"Stadtbibliothek\"],\"inLanguage\":\"de\"},{\"@type\":\"WebPage\",\"@id\":\"https:\/\/www.mettmann.de\/web\/geschichtenzeit-in-der-stadtbibliothek-am-5-september\/\",\"url\":\"https:\/\/www.mettmann.de\/web\/geschichtenzeit-in-der-stadtbibliothek-am-5-september\/\",\"name\":\"GeschichtenZeit in der Stadtbibliothek\",\"isPartOf\":{\"@id\":\"https:\/\/www.mettmann.de\/web\/#website\"},\"primaryImageOfPage\":{\"@id\":\"https:\/\/www.mettmann.de\/web\/geschichtenzeit-in-der-stadtbibliothek-am-5-september\/#primaryimage\"},\"image\":{\"@id\":\"https:\/\/www.mettmann.de\/web\/geschichtenzeit-in-der-stadtbibliothek-am-5-september\/#primaryimage\"},\"thumbnailUrl\":\"https:\/\/www.mettmann.de\/web\/wp-content\/uploads\/2020\/02\/Geschichtenzeit-scaled.jpg\",\"datePublished\":\"2026-09-01T07:18:12+00:00\",\"dateModified\":\"2026-09-01T07:41:56+00:00\",\"breadcrumb\":{\"@id\":\"https:\/\/www.mettmann.de\/web\/geschichtenzeit-in-der-stadtbibliothek-am-5-september\/#breadcrumb\"},\"inLanguage\":\"de\",\"potentialAction\":[{\"@type\":\"ReadAction\",\"target\":[\"https:\/\/www.mettmann.de\/web\/geschichtenzeit-in-der-stadtbibliothek-am-5-september\/\"]}]},{\"@type\":\"ImageObject\",\"inLanguage\":\"de\",\"@id\":\"https:\/\/www.mettmann.de\/web\/geschichtenzeit-in-der-stadtbibliothek-am-5-september\/#primaryimage\",\"url\":\"https:\/\/www.mettmann.de\/web\/wp-content\/uploads\/2020\/02\/Geschichtenzeit-scaled.jpg\",\"contentUrl\":\"https:\/\/www.mettmann.de\/web\/wp-content\/uploads\/2020\/02\/Geschichtenzeit-scaled.jpg\",\"width\":2560,\"height\":1707,\"caption\":\"Geschichtenzeit in der Stadtbibliothek. (Archivfoto: Kreisstadt Mettmann)\"},{\"@type\":\"BreadcrumbList\",\"@id\":\"https:\/\/www.mettmann.de\/web\/geschichtenzeit-in-der-stadtbibliothek-am-5-september\/#breadcrumb\",\"itemListElement\":[{\"@type\":\"ListItem\",\"position\":1,\"name\":\"Startseite\",\"item\":\"https:\/\/www.mettmann.de\/web\/\"},{\"@type\":\"ListItem\",\"position\":2,\"name\":\"GeschichtenZeit in der Stadtbibliothek\"}]},{\"@type\":\"WebSite\",\"@id\":\"https:\/\/www.mettmann.de\/web\/#website\",\"url\":\"https:\/\/www.mettmann.de\/web\/\",\"name\":\"Stadtverwaltung Mettmann\",\"description\":\"Internetseite der Kreisstadt Mettmann\",\"publisher\":{\"@id\":\"https:\/\/www.mettmann.de\/web\/#organization\"},\"potentialAction\":[{\"@type\":\"SearchAction\",\"target\":{\"@type\":\"EntryPoint\",\"urlTemplate\":\"https:\/\/www.mettmann.de\/web\/?s={search_term_string}\"},\"query-input\":{\"@type\":\"PropertyValueSpecification\",\"valueRequired\":true,\"valueName\":\"search_term_string\"}}],\"inLanguage\":\"de\"},{\"@type\":\"Organization\",\"@id\":\"https:\/\/www.mettmann.de\/web\/#organization\",\"name\":\"Kreisstadt Mettmann\",\"url\":\"https:\/\/www.mettmann.de\/web\/\",\"logo\":{\"@type\":\"ImageObject\",\"inLanguage\":\"de\",\"@id\":\"https:\/\/www.mettmann.de\/web\/#\/schema\/logo\/image\/\",\"url\":\"https:\/\/www.mettmann.de\/web\/wp-content\/uploads\/2019\/08\/Kreisstadt_Mettmann_Logo_RGB_150dpi.png\",\"contentUrl\":\"https:\/\/www.mettmann.de\/web\/wp-content\/uploads\/2019\/08\/Kreisstadt_Mettmann_Logo_RGB_150dpi.png\",\"width\":1302,\"height\":191,\"caption\":\"Kreisstadt Mettmann\"},\"image\":{\"@id\":\"https:\/\/www.mettmann.de\/web\/#\/schema\/logo\/image\/\"},\"sameAs\":[\"https:\/\/www.facebook.com\/kreisstadt.mettmann\",\"https:\/\/de.wikipedia.org\/wiki\/Mettmann\"]},{\"@type\":\"Person\",\"@id\":\"https:\/\/www.mettmann.de\/web\/#\/schema\/person\/03e91284de46d07dd5399ec4af554dc6\",\"name\":\"chbarra\"}]}<\/script>\n<!-- \/ Yoast SEO plugin. -->","yoast_head_json":{"title":"GeschichtenZeit in der Stadtbibliothek","robots":{"index":"index","follow":"follow","max-snippet":"max-snippet:-1","max-image-preview":"max-image-preview:large","max-video-preview":"max-video-preview:-1"},"canonical":"https:\/\/www.mettmann.de\/web\/geschichtenzeit-in-der-stadtbibliothek-am-5-september\/","og_locale":"de_DE","og_type":"article","og_title":"GeschichtenZeit in der Stadtbibliothek","og_description":"Am Samstag, den 5. September 2026, findet in der Stadtbibliothek Mettmann von 11 bis 12 Uhr eine weitere Vorlesestunde f\u00fcr Kinder von drei bis sechs Jahren statt. In dieser GeschichtenZeit liest Vorlesepatin Constanze Pape aus...","og_url":"https:\/\/www.mettmann.de\/web\/geschichtenzeit-in-der-stadtbibliothek-am-5-september\/","og_site_name":"Stadtverwaltung Mettmann","article_publisher":"https:\/\/www.facebook.com\/kreisstadt.mettmann","article_published_time":"2026-09-01T07:18:12+00:00","article_modified_time":"2026-09-01T07:41:56+00:00","og_image":[{"width":2560,"height":1707,"url":"https:\/\/www.mettmann.de\/web\/wp-content\/uploads\/2020\/02\/Geschichtenzeit-scaled.jpg","type":"image\/jpeg"}],"author":"chbarra","twitter_card":"summary_large_image","twitter_misc":{"Verfasst von":"chbarra","Gesch\u00e4tzte Lesezeit":"2\u00a0Minuten"},"schema":{"@context":"https:\/\/schema.org","@graph":[{"@type":"Article","@id":"https:\/\/www.mettmann.de\/web\/geschichtenzeit-in-der-stadtbibliothek-am-5-september\/#article","isPartOf":{"@id":"https:\/\/www.mettmann.de\/web\/geschichtenzeit-in-der-stadtbibliothek-am-5-september\/"},"author":{"name":"chbarra","@id":"https:\/\/www.mettmann.de\/web\/#\/schema\/person\/03e91284de46d07dd5399ec4af554dc6"},"headline":"GeschichtenZeit in der Stadtbibliothek","datePublished":"2026-09-01T07:18:12+00:00","dateModified":"2026-09-01T07:41:56+00:00","mainEntityOfPage":{"@id":"https:\/\/www.mettmann.de\/web\/geschichtenzeit-in-der-stadtbibliothek-am-5-september\/"},"wordCount":155,"publisher":{"@id":"https:\/\/www.mettmann.de\/web\/#organization"},"image":{"@id":"https:\/\/www.mettmann.de\/web\/geschichtenzeit-in-der-stadtbibliothek-am-5-september\/#primaryimage"},"thumbnailUrl":"https:\/\/www.mettmann.de\/web\/wp-content\/uploads\/2020\/02\/Geschichtenzeit-scaled.jpg","keywords":["Bibliothek","B\u00fccherei","Geschichtenzeit","Mettmann","Stadtbibliothek"],"inLanguage":"de"},{"@type":"WebPage","@id":"https:\/\/www.mettmann.de\/web\/geschichtenzeit-in-der-stadtbibliothek-am-5-september\/","url":"https:\/\/www.mettmann.de\/web\/geschichtenzeit-in-der-stadtbibliothek-am-5-september\/","name":"GeschichtenZeit in der Stadtbibliothek","isPartOf":{"@id":"https:\/\/www.mettmann.de\/web\/#website"},"primaryImageOfPage":{"@id":"https:\/\/www.mettmann.de\/web\/geschichtenzeit-in-der-stadtbibliothek-am-5-september\/#primaryimage"},"image":{"@id":"https:\/\/www.mettmann.de\/web\/geschichtenzeit-in-der-stadtbibliothek-am-5-september\/#primaryimage"},"thumbnailUrl":"https:\/\/www.mettmann.de\/web\/wp-content\/uploads\/2020\/02\/Geschichtenzeit-scaled.jpg","datePublished":"2026-09-01T07:18:12+00:00","dateModified":"2026-09-01T07:41:56+00:00","breadcrumb":{"@id":"https:\/\/www.mettmann.de\/web\/geschichtenzeit-in-der-stadtbibliothek-am-5-september\/#breadcrumb"},"inLanguage":"de","potentialAction":[{"@type":"ReadAction","target":["https:\/\/www.mettmann.de\/web\/geschichtenzeit-in-der-stadtbibliothek-am-5-september\/"]}]},{"@type":"ImageObject","inLanguage":"de","@id":"https:\/\/www.mettmann.de\/web\/geschichtenzeit-in-der-stadtbibliothek-am-5-september\/#primaryimage","url":"https:\/\/www.mettmann.de\/web\/wp-content\/uploads\/2020\/02\/Geschichtenzeit-scaled.jpg","contentUrl":"https:\/\/www.mettmann.de\/web\/wp-content\/uploads\/2020\/02\/Geschichtenzeit-scaled.jpg","width":2560,"height":1707,"caption":"Geschichtenzeit in der Stadtbibliothek. (Archivfoto: Kreisstadt Mettmann)"},{"@type":"BreadcrumbList","@id":"https:\/\/www.mettmann.de\/web\/geschichtenzeit-in-der-stadtbibliothek-am-5-september\/#breadcrumb","itemListElement":[{"@type":"ListItem","position":1,"name":"Startseite","item":"https:\/\/www.mettmann.de\/web\/"},{"@type":"ListItem","position":2,"name":"GeschichtenZeit in der Stadtbibliothek"}]},{"@type":"WebSite","@id":"https:\/\/www.mettmann.de\/web\/#website","url":"https:\/\/www.mettmann.de\/web\/","name":"Stadtverwaltung Mettmann","description":"Internetseite der Kreisstadt Mettmann","publisher":{"@id":"https:\/\/www.mettmann.de\/web\/#organization"},"potentialAction":[{"@type":"SearchAction","target":{"@type":"EntryPoint","urlTemplate":"https:\/\/www.mettmann.de\/web\/?s={search_term_string}"},"query-input":{"@type":"PropertyValueSpecification","valueRequired":true,"valueName":"search_term_string"}}],"inLanguage":"de"},{"@type":"Organization","@id":"https:\/\/www.mettmann.de\/web\/#organization","name":"Kreisstadt Mettmann","url":"https:\/\/www.mettmann.de\/web\/","logo":{"@type":"ImageObject","inLanguage":"de","@id":"https:\/\/www.mettmann.de\/web\/#\/schema\/logo\/image\/","url":"https:\/\/www.mettmann.de\/web\/wp-content\/uploads\/2019\/08\/Kreisstadt_Mettmann_Logo_RGB_150dpi.png","contentUrl":"https:\/\/www.mettmann.de\/web\/wp-content\/uploads\/2019\/08\/Kreisstadt_Mettmann_Logo_RGB_150dpi.png","width":1302,"height":191,"caption":"Kreisstadt Mettmann"},"image":{"@id":"https:\/\/www.mettmann.de\/web\/#\/schema\/logo\/image\/"},"sameAs":["https:\/\/www.facebook.com\/kreisstadt.mettmann","https:\/\/de.wikipedia.org\/wiki\/Mettmann"]},{"@type":"Person","@id":"https:\/\/www.mettmann.de\/web\/#\/schema\/person\/03e91284de46d07dd5399ec4af554dc6","name":"chbarra"}]}},"_links":{"self":[{"href":"https:\/\/www.mettmann.de\/web\/wp-json\/wp\/v2\/posts\/63759","targetHints":{"allow":["GET"]}}],"collection":[{"href":"https:\/\/www.mettmann.de\/web\/wp-json\/wp\/v2\/posts"}],"about":[{"href":"https:\/\/www.mettmann.de\/web\/wp-json\/wp\/v2\/types\/post"}],"author":[{"embeddable":true,"href":"https:\/\/www.mettmann.de\/web\/wp-json\/wp\/v2\/users\/1"}],"replies":[{"embeddable":true,"href":"https:\/\/www.mettmann.de\/web\/wp-json\/wp\/v2\/comments?post=63759"}],"version-history":[{"count":3,"href":"https:\/\/www.mettmann.de\/web\/wp-json\/wp\/v2\/posts\/63759\/revisions"}],"predecessor-version":[{"id":63763,"href":"https:\/\/www.mettmann.de\/web\/wp-json\/wp\/v2\/posts\/63759\/revisions\/63763"}],"wp:featuredmedia":[{"embeddable":true,"href":"https:\/\/www.mettmann.de\/web\/wp-json\/wp\/v2\/media\/4098"}],"wp:attachment":[{"href":"https:\/\/www.mettmann.de\/web\/wp-json\/wp\/v2\/media?parent=63759"}],"wp:term":[{"taxonomy":"category","embeddable":true,"href":"https:\/\/www.mettmann.de\/web\/wp-json\/wp\/v2\/categories?post=63759"},{"taxonomy":"post_tag","embeddable":true,"href":"https:\/\/www.mettmann.de\/web\/wp-json\/wp\/v2\/tags?post=63759"}],"curies":[{"name":"wp","href":"https:\/\/api.w.org\/{rel}","templated":true}]}}