{"id":63792,"date":"2026-09-02T13:38:36","date_gmt":"2026-09-02T11:38:36","guid":{"rendered":"https:\/\/www.mettmann.de\/web\/?p=63792"},"modified":"2026-09-02T14:43:01","modified_gmt":"2026-09-02T12:43:01","slug":"schwerpunktkontrolle-zum-schulstart-an-der-goethestrasse","status":"publish","type":"post","link":"https:\/\/www.mettmann.de\/web\/schwerpunktkontrolle-zum-schulstart-an-der-goethestrasse\/","title":{"rendered":"Schwerpunktkontrolle zum Schulstart an der Goethestra\u00dfe"},"content":{"rendered":"<p>Am Mittwoch, den 2. September, fand unmittelbar vor dem Schulstart eine Schwerpunktkontrolle des Ordnungsamtes zusammen mit B\u00fcrgermeister Andr\u00e9 B\u00e4r an der Goethestra\u00dfe statt. Grund hierf\u00fcr war zum einen die Sensibilisierung der Eltern. Zum anderen gilt seit dieser Woche auf der Stra\u00dfe, die zur Gesamtschule und zur Otfried-Preu\u00dfler-Schule f\u00fchrt, eine neue Halteverbotsregelung.<\/p>\n<p>&#8222;F\u00fcr uns hat die Sicherheit der Kinder absolute Priorit\u00e4t&#8220;, erkl\u00e4rt B\u00fcrgermeister Andr\u00e9 B\u00e4r. Gerade an der Goethestra\u00dfe ist es in der Vergangenheit immer wieder zu gef\u00e4hrlichen Situationen durch fahrende oder rangierende Fahrzeuge gekommen. &#8222;Morgens zwischen 7.30 und 8 Uhr ist die Situation besonders un\u00fcbersichtlich und damit eine Gefahr f\u00fcr die Kinder und Jugendliche.&#8220;<\/p>\n<p>Ab sofort gilt im Wendehammer der Goethestra\u00dfe, unmittelbar vor dem Eingang der Grundschule ein absolutes Halteverbot. &#8222;Das gilt auch f\u00fcr das kurze Aussteigen der Kinder. So halten wir den Bereich f\u00fcr die wendenden Fahrzeuge frei und verhindern einen R\u00fcckstau&#8220;, erkl\u00e4rt Benjamin Nowak vom Mettmanner Ordnungsamt. &#8222;Auf der Strecke zwischen Otfried-Preu\u00dfler-Schule und Gesamtschule darf ab sofort nur noch eingeschr\u00e4nkt gehalten werden, parkende Fahrzeuge auf der Stra\u00dfe sind dort zwischen 7 und 16 Uhr nicht mehr erlaubt.&#8220;<\/p>\n<p><iframe loading=\"lazy\" style=\"border: 1px solid black;\" src=\"https:\/\/www.openstreetmap.org\/export\/embed?bbox=6.962810754776002%2C51.25512009647842%2C6.971769332885743%2C51.258020747843695&amp;layer=mapnik&amp;marker=51.25657044503755%2C6.967290043830872\" width=\"80%\" height=\"400\"><\/iframe><br \/>\n<small><a href=\"https:\/\/www.openstreetmap.org\/?mlat=51.256570&amp;mlon=6.967290#map=18\/51.256570\/6.967290\">Gr\u00f6\u00dfere Karte anzeigen<\/a><\/small><\/p>\n","protected":false},"excerpt":{"rendered":"<p>Am Mittwoch, den 2. September, fand unmittelbar vor dem Schulstart eine Schwerpunktkontrolle des Ordnungsamtes zusammen mit B\u00fcrgermeister Andr\u00e9 B\u00e4r an der Goethestra\u00dfe statt. Grund hierf\u00fcr war zum einen die Sensibilisierung der Eltern. Zum anderen gilt&#8230;<\/p>\n","protected":false},"author":1,"featured_media":63793,"comment_status":"closed","ping_status":"closed","sticky":false,"template":"","format":"standard","meta":{"ngg_post_thumbnail":0,"footnotes":""},"categories":[1],"tags":[],"class_list":["post-63792","post","type-post","status-publish","format-standard","has-post-thumbnail","hentry","category-allgemein"],"yoast_head":"<!-- This site is optimized with the Yoast SEO plugin v27.2 - https:\/\/yoast.com\/product\/yoast-seo-wordpress\/ -->\n<title>Schwerpunktkontrolle zum Schulstart an der Goethestra\u00dfe<\/title>\n<meta name=\"robots\" content=\"index, follow, max-snippet:-1, max-image-preview:large, max-video-preview:-1\" \/>\n<link rel=\"canonical\" href=\"https:\/\/www.mettmann.de\/web\/schwerpunktkontrolle-zum-schulstart-an-der-goethestrasse\/\" \/>\n<meta property=\"og:locale\" content=\"de_DE\" \/>\n<meta property=\"og:type\" content=\"article\" \/>\n<meta property=\"og:title\" content=\"Schwerpunktkontrolle zum Schulstart an der Goethestra\u00dfe\" \/>\n<meta property=\"og:description\" content=\"Am Mittwoch, den 2. September, fand unmittelbar vor dem Schulstart eine Schwerpunktkontrolle des Ordnungsamtes zusammen mit B\u00fcrgermeister Andr\u00e9 B\u00e4r an der Goethestra\u00dfe statt. Grund hierf\u00fcr war zum einen die Sensibilisierung der Eltern. Zum anderen gilt...\" \/>\n<meta property=\"og:url\" content=\"https:\/\/www.mettmann.de\/web\/schwerpunktkontrolle-zum-schulstart-an-der-goethestrasse\/\" \/>\n<meta property=\"og:site_name\" content=\"Stadtverwaltung Mettmann\" \/>\n<meta property=\"article:publisher\" content=\"https:\/\/www.facebook.com\/kreisstadt.mettmann\" \/>\n<meta property=\"article:published_time\" content=\"2026-09-02T11:38:36+00:00\" \/>\n<meta property=\"article:modified_time\" content=\"2026-09-02T12:43:01+00:00\" \/>\n<meta property=\"og:image\" content=\"https:\/\/www.mettmann.de\/web\/wp-content\/uploads\/2026\/09\/mettmann-schwerpunktkontrolle-schulstart.jpg\" \/>\n\t<meta property=\"og:image:width\" content=\"1920\" \/>\n\t<meta property=\"og:image:height\" content=\"1080\" \/>\n\t<meta property=\"og:image:type\" content=\"image\/jpeg\" \/>\n<meta name=\"author\" content=\"chbarra\" \/>\n<meta name=\"twitter:card\" content=\"summary_large_image\" \/>\n<meta name=\"twitter:label1\" content=\"Verfasst von\" \/>\n\t<meta name=\"twitter:data1\" content=\"chbarra\" \/>\n\t<meta name=\"twitter:label2\" content=\"Gesch\u00e4tzte Lesezeit\" \/>\n\t<meta name=\"twitter:data2\" content=\"2\u00a0Minuten\" \/>\n<script type=\"application\/ld+json\" class=\"yoast-schema-graph\">{\"@context\":\"https:\/\/schema.org\",\"@graph\":[{\"@type\":\"Article\",\"@id\":\"https:\/\/www.mettmann.de\/web\/schwerpunktkontrolle-zum-schulstart-an-der-goethestrasse\/#article\",\"isPartOf\":{\"@id\":\"https:\/\/www.mettmann.de\/web\/schwerpunktkontrolle-zum-schulstart-an-der-goethestrasse\/\"},\"author\":{\"name\":\"chbarra\",\"@id\":\"https:\/\/www.mettmann.de\/web\/#\/schema\/person\/03e91284de46d07dd5399ec4af554dc6\"},\"headline\":\"Schwerpunktkontrolle zum Schulstart an der Goethestra\u00dfe\",\"datePublished\":\"2026-09-02T11:38:36+00:00\",\"dateModified\":\"2026-09-02T12:43:01+00:00\",\"mainEntityOfPage\":{\"@id\":\"https:\/\/www.mettmann.de\/web\/schwerpunktkontrolle-zum-schulstart-an-der-goethestrasse\/\"},\"wordCount\":209,\"publisher\":{\"@id\":\"https:\/\/www.mettmann.de\/web\/#organization\"},\"image\":{\"@id\":\"https:\/\/www.mettmann.de\/web\/schwerpunktkontrolle-zum-schulstart-an-der-goethestrasse\/#primaryimage\"},\"thumbnailUrl\":\"https:\/\/www.mettmann.de\/web\/wp-content\/uploads\/2026\/09\/mettmann-schwerpunktkontrolle-schulstart.jpg\",\"inLanguage\":\"de\"},{\"@type\":\"WebPage\",\"@id\":\"https:\/\/www.mettmann.de\/web\/schwerpunktkontrolle-zum-schulstart-an-der-goethestrasse\/\",\"url\":\"https:\/\/www.mettmann.de\/web\/schwerpunktkontrolle-zum-schulstart-an-der-goethestrasse\/\",\"name\":\"Schwerpunktkontrolle zum Schulstart an der Goethestra\u00dfe\",\"isPartOf\":{\"@id\":\"https:\/\/www.mettmann.de\/web\/#website\"},\"primaryImageOfPage\":{\"@id\":\"https:\/\/www.mettmann.de\/web\/schwerpunktkontrolle-zum-schulstart-an-der-goethestrasse\/#primaryimage\"},\"image\":{\"@id\":\"https:\/\/www.mettmann.de\/web\/schwerpunktkontrolle-zum-schulstart-an-der-goethestrasse\/#primaryimage\"},\"thumbnailUrl\":\"https:\/\/www.mettmann.de\/web\/wp-content\/uploads\/2026\/09\/mettmann-schwerpunktkontrolle-schulstart.jpg\",\"datePublished\":\"2026-09-02T11:38:36+00:00\",\"dateModified\":\"2026-09-02T12:43:01+00:00\",\"breadcrumb\":{\"@id\":\"https:\/\/www.mettmann.de\/web\/schwerpunktkontrolle-zum-schulstart-an-der-goethestrasse\/#breadcrumb\"},\"inLanguage\":\"de\",\"potentialAction\":[{\"@type\":\"ReadAction\",\"target\":[\"https:\/\/www.mettmann.de\/web\/schwerpunktkontrolle-zum-schulstart-an-der-goethestrasse\/\"]}]},{\"@type\":\"ImageObject\",\"inLanguage\":\"de\",\"@id\":\"https:\/\/www.mettmann.de\/web\/schwerpunktkontrolle-zum-schulstart-an-der-goethestrasse\/#primaryimage\",\"url\":\"https:\/\/www.mettmann.de\/web\/wp-content\/uploads\/2026\/09\/mettmann-schwerpunktkontrolle-schulstart.jpg\",\"contentUrl\":\"https:\/\/www.mettmann.de\/web\/wp-content\/uploads\/2026\/09\/mettmann-schwerpunktkontrolle-schulstart.jpg\",\"width\":1920,\"height\":1080,\"caption\":\"B\u00fcrgermeister Andr\u00e9 B\u00e4r und Benjamin Nowak vom Mettmanner Ordnungsamt im Gespr\u00e4ch mit einer jungen Sch\u00fclerin der Otfried-Preu\u00dfler-Schule (Foto: Kreisstadt Mettmann)\"},{\"@type\":\"BreadcrumbList\",\"@id\":\"https:\/\/www.mettmann.de\/web\/schwerpunktkontrolle-zum-schulstart-an-der-goethestrasse\/#breadcrumb\",\"itemListElement\":[{\"@type\":\"ListItem\",\"position\":1,\"name\":\"Startseite\",\"item\":\"https:\/\/www.mettmann.de\/web\/\"},{\"@type\":\"ListItem\",\"position\":2,\"name\":\"Schwerpunktkontrolle zum Schulstart an der Goethestra\u00dfe\"}]},{\"@type\":\"WebSite\",\"@id\":\"https:\/\/www.mettmann.de\/web\/#website\",\"url\":\"https:\/\/www.mettmann.de\/web\/\",\"name\":\"Stadtverwaltung Mettmann\",\"description\":\"Internetseite der Kreisstadt Mettmann\",\"publisher\":{\"@id\":\"https:\/\/www.mettmann.de\/web\/#organization\"},\"potentialAction\":[{\"@type\":\"SearchAction\",\"target\":{\"@type\":\"EntryPoint\",\"urlTemplate\":\"https:\/\/www.mettmann.de\/web\/?s={search_term_string}\"},\"query-input\":{\"@type\":\"PropertyValueSpecification\",\"valueRequired\":true,\"valueName\":\"search_term_string\"}}],\"inLanguage\":\"de\"},{\"@type\":\"Organization\",\"@id\":\"https:\/\/www.mettmann.de\/web\/#organization\",\"name\":\"Kreisstadt Mettmann\",\"url\":\"https:\/\/www.mettmann.de\/web\/\",\"logo\":{\"@type\":\"ImageObject\",\"inLanguage\":\"de\",\"@id\":\"https:\/\/www.mettmann.de\/web\/#\/schema\/logo\/image\/\",\"url\":\"https:\/\/www.mettmann.de\/web\/wp-content\/uploads\/2019\/08\/Kreisstadt_Mettmann_Logo_RGB_150dpi.png\",\"contentUrl\":\"https:\/\/www.mettmann.de\/web\/wp-content\/uploads\/2019\/08\/Kreisstadt_Mettmann_Logo_RGB_150dpi.png\",\"width\":1302,\"height\":191,\"caption\":\"Kreisstadt Mettmann\"},\"image\":{\"@id\":\"https:\/\/www.mettmann.de\/web\/#\/schema\/logo\/image\/\"},\"sameAs\":[\"https:\/\/www.facebook.com\/kreisstadt.mettmann\",\"https:\/\/de.wikipedia.org\/wiki\/Mettmann\"]},{\"@type\":\"Person\",\"@id\":\"https:\/\/www.mettmann.de\/web\/#\/schema\/person\/03e91284de46d07dd5399ec4af554dc6\",\"name\":\"chbarra\"}]}<\/script>\n<!-- \/ Yoast SEO plugin. -->","yoast_head_json":{"title":"Schwerpunktkontrolle zum Schulstart an der Goethestra\u00dfe","robots":{"index":"index","follow":"follow","max-snippet":"max-snippet:-1","max-image-preview":"max-image-preview:large","max-video-preview":"max-video-preview:-1"},"canonical":"https:\/\/www.mettmann.de\/web\/schwerpunktkontrolle-zum-schulstart-an-der-goethestrasse\/","og_locale":"de_DE","og_type":"article","og_title":"Schwerpunktkontrolle zum Schulstart an der Goethestra\u00dfe","og_description":"Am Mittwoch, den 2. September, fand unmittelbar vor dem Schulstart eine Schwerpunktkontrolle des Ordnungsamtes zusammen mit B\u00fcrgermeister Andr\u00e9 B\u00e4r an der Goethestra\u00dfe statt. Grund hierf\u00fcr war zum einen die Sensibilisierung der Eltern. Zum anderen gilt...","og_url":"https:\/\/www.mettmann.de\/web\/schwerpunktkontrolle-zum-schulstart-an-der-goethestrasse\/","og_site_name":"Stadtverwaltung Mettmann","article_publisher":"https:\/\/www.facebook.com\/kreisstadt.mettmann","article_published_time":"2026-09-02T11:38:36+00:00","article_modified_time":"2026-09-02T12:43:01+00:00","og_image":[{"width":1920,"height":1080,"url":"https:\/\/www.mettmann.de\/web\/wp-content\/uploads\/2026\/09\/mettmann-schwerpunktkontrolle-schulstart.jpg","type":"image\/jpeg"}],"author":"chbarra","twitter_card":"summary_large_image","twitter_misc":{"Verfasst von":"chbarra","Gesch\u00e4tzte Lesezeit":"2\u00a0Minuten"},"schema":{"@context":"https:\/\/schema.org","@graph":[{"@type":"Article","@id":"https:\/\/www.mettmann.de\/web\/schwerpunktkontrolle-zum-schulstart-an-der-goethestrasse\/#article","isPartOf":{"@id":"https:\/\/www.mettmann.de\/web\/schwerpunktkontrolle-zum-schulstart-an-der-goethestrasse\/"},"author":{"name":"chbarra","@id":"https:\/\/www.mettmann.de\/web\/#\/schema\/person\/03e91284de46d07dd5399ec4af554dc6"},"headline":"Schwerpunktkontrolle zum Schulstart an der Goethestra\u00dfe","datePublished":"2026-09-02T11:38:36+00:00","dateModified":"2026-09-02T12:43:01+00:00","mainEntityOfPage":{"@id":"https:\/\/www.mettmann.de\/web\/schwerpunktkontrolle-zum-schulstart-an-der-goethestrasse\/"},"wordCount":209,"publisher":{"@id":"https:\/\/www.mettmann.de\/web\/#organization"},"image":{"@id":"https:\/\/www.mettmann.de\/web\/schwerpunktkontrolle-zum-schulstart-an-der-goethestrasse\/#primaryimage"},"thumbnailUrl":"https:\/\/www.mettmann.de\/web\/wp-content\/uploads\/2026\/09\/mettmann-schwerpunktkontrolle-schulstart.jpg","inLanguage":"de"},{"@type":"WebPage","@id":"https:\/\/www.mettmann.de\/web\/schwerpunktkontrolle-zum-schulstart-an-der-goethestrasse\/","url":"https:\/\/www.mettmann.de\/web\/schwerpunktkontrolle-zum-schulstart-an-der-goethestrasse\/","name":"Schwerpunktkontrolle zum Schulstart an der Goethestra\u00dfe","isPartOf":{"@id":"https:\/\/www.mettmann.de\/web\/#website"},"primaryImageOfPage":{"@id":"https:\/\/www.mettmann.de\/web\/schwerpunktkontrolle-zum-schulstart-an-der-goethestrasse\/#primaryimage"},"image":{"@id":"https:\/\/www.mettmann.de\/web\/schwerpunktkontrolle-zum-schulstart-an-der-goethestrasse\/#primaryimage"},"thumbnailUrl":"https:\/\/www.mettmann.de\/web\/wp-content\/uploads\/2026\/09\/mettmann-schwerpunktkontrolle-schulstart.jpg","datePublished":"2026-09-02T11:38:36+00:00","dateModified":"2026-09-02T12:43:01+00:00","breadcrumb":{"@id":"https:\/\/www.mettmann.de\/web\/schwerpunktkontrolle-zum-schulstart-an-der-goethestrasse\/#breadcrumb"},"inLanguage":"de","potentialAction":[{"@type":"ReadAction","target":["https:\/\/www.mettmann.de\/web\/schwerpunktkontrolle-zum-schulstart-an-der-goethestrasse\/"]}]},{"@type":"ImageObject","inLanguage":"de","@id":"https:\/\/www.mettmann.de\/web\/schwerpunktkontrolle-zum-schulstart-an-der-goethestrasse\/#primaryimage","url":"https:\/\/www.mettmann.de\/web\/wp-content\/uploads\/2026\/09\/mettmann-schwerpunktkontrolle-schulstart.jpg","contentUrl":"https:\/\/www.mettmann.de\/web\/wp-content\/uploads\/2026\/09\/mettmann-schwerpunktkontrolle-schulstart.jpg","width":1920,"height":1080,"caption":"B\u00fcrgermeister Andr\u00e9 B\u00e4r und Benjamin Nowak vom Mettmanner Ordnungsamt im Gespr\u00e4ch mit einer jungen Sch\u00fclerin der Otfried-Preu\u00dfler-Schule (Foto: Kreisstadt Mettmann)"},{"@type":"BreadcrumbList","@id":"https:\/\/www.mettmann.de\/web\/schwerpunktkontrolle-zum-schulstart-an-der-goethestrasse\/#breadcrumb","itemListElement":[{"@type":"ListItem","position":1,"name":"Startseite","item":"https:\/\/www.mettmann.de\/web\/"},{"@type":"ListItem","position":2,"name":"Schwerpunktkontrolle zum Schulstart an der Goethestra\u00dfe"}]},{"@type":"WebSite","@id":"https:\/\/www.mettmann.de\/web\/#website","url":"https:\/\/www.mettmann.de\/web\/","name":"Stadtverwaltung Mettmann","description":"Internetseite der Kreisstadt Mettmann","publisher":{"@id":"https:\/\/www.mettmann.de\/web\/#organization"},"potentialAction":[{"@type":"SearchAction","target":{"@type":"EntryPoint","urlTemplate":"https:\/\/www.mettmann.de\/web\/?s={search_term_string}"},"query-input":{"@type":"PropertyValueSpecification","valueRequired":true,"valueName":"search_term_string"}}],"inLanguage":"de"},{"@type":"Organization","@id":"https:\/\/www.mettmann.de\/web\/#organization","name":"Kreisstadt Mettmann","url":"https:\/\/www.mettmann.de\/web\/","logo":{"@type":"ImageObject","inLanguage":"de","@id":"https:\/\/www.mettmann.de\/web\/#\/schema\/logo\/image\/","url":"https:\/\/www.mettmann.de\/web\/wp-content\/uploads\/2019\/08\/Kreisstadt_Mettmann_Logo_RGB_150dpi.png","contentUrl":"https:\/\/www.mettmann.de\/web\/wp-content\/uploads\/2019\/08\/Kreisstadt_Mettmann_Logo_RGB_150dpi.png","width":1302,"height":191,"caption":"Kreisstadt Mettmann"},"image":{"@id":"https:\/\/www.mettmann.de\/web\/#\/schema\/logo\/image\/"},"sameAs":["https:\/\/www.facebook.com\/kreisstadt.mettmann","https:\/\/de.wikipedia.org\/wiki\/Mettmann"]},{"@type":"Person","@id":"https:\/\/www.mettmann.de\/web\/#\/schema\/person\/03e91284de46d07dd5399ec4af554dc6","name":"chbarra"}]}},"_links":{"self":[{"href":"https:\/\/www.mettmann.de\/web\/wp-json\/wp\/v2\/posts\/63792","targetHints":{"allow":["GET"]}}],"collection":[{"href":"https:\/\/www.mettmann.de\/web\/wp-json\/wp\/v2\/posts"}],"about":[{"href":"https:\/\/www.mettmann.de\/web\/wp-json\/wp\/v2\/types\/post"}],"author":[{"embeddable":true,"href":"https:\/\/www.mettmann.de\/web\/wp-json\/wp\/v2\/users\/1"}],"replies":[{"embeddable":true,"href":"https:\/\/www.mettmann.de\/web\/wp-json\/wp\/v2\/comments?post=63792"}],"version-history":[{"count":4,"href":"https:\/\/www.mettmann.de\/web\/wp-json\/wp\/v2\/posts\/63792\/revisions"}],"predecessor-version":[{"id":63814,"href":"https:\/\/www.mettmann.de\/web\/wp-json\/wp\/v2\/posts\/63792\/revisions\/63814"}],"wp:featuredmedia":[{"embeddable":true,"href":"https:\/\/www.mettmann.de\/web\/wp-json\/wp\/v2\/media\/63793"}],"wp:attachment":[{"href":"https:\/\/www.mettmann.de\/web\/wp-json\/wp\/v2\/media?parent=63792"}],"wp:term":[{"taxonomy":"category","embeddable":true,"href":"https:\/\/www.mettmann.de\/web\/wp-json\/wp\/v2\/categories?post=63792"},{"taxonomy":"post_tag","embeddable":true,"href":"https:\/\/www.mettmann.de\/web\/wp-json\/wp\/v2\/tags?post=63792"}],"curies":[{"name":"wp","href":"https:\/\/api.w.org\/{rel}","templated":true}]}}