{"id":63798,"date":"2026-09-02T12:21:43","date_gmt":"2026-09-02T10:21:43","guid":{"rendered":"https:\/\/www.mettmann.de\/web\/?p=63798"},"modified":"2026-09-02T12:38:45","modified_gmt":"2026-09-02T10:38:45","slug":"lebendige-erinnerung-prominente-gaeste-und-musik-in-mettmann","status":"publish","type":"post","link":"https:\/\/www.mettmann.de\/web\/lebendige-erinnerung-prominente-gaeste-und-musik-in-mettmann\/","title":{"rendered":"Lebendige Erinnerung: Prominente G\u00e4ste und Musik im K\u00f6nigshof-Theater"},"content":{"rendered":"<p>Im Rahmen der Ausstellung <a href=\"https:\/\/www.mettmann.de\/web\/wenn-die-erinnerung-schwindet-bleibt-die-musik\/\">Demenz &#8211; Lebendige Erinnerung &#8211; Musik liegt in der Luft<\/a>, die vom 18. bis 29. September in der Mettmanner Stadtbibliothek stattfinden wird, hat der <a href=\"https:\/\/www.rtfs-mettmann.de\/\" target=\"_blank\" rel=\"noopener\">Runde Tisch f\u00fcr Seniorenfragen<\/a> eine fast vergessene \u00c4ra des Mettmanner Kulturlebens ans Licht gebracht. In Zusammenarbeit mit dem Stadtarchiv wurde eine Brosch\u00fcre erstellt, die an das alte K\u00f6nigshof-Theater auf der Poststra\u00dfe erinnert.&nbsp;<\/p>\n<p>So erfuhr man beispielsweise, dass bis zur Schlie\u00dfung im Jahr 1978 zahlreiche Prominente im K\u00f6nigshof-Theater auftraten, darunter Conny Froboess, Zarah Leander oder Willy Schneider. Diese kulturelle Bl\u00fctezeit, die sp\u00e4ter durch das Fernsehen erheblich verdr\u00e4ngt wurde, kann nun als wertvolle Ressource f\u00fcr die Arbeit mit demenzkranken Menschen dienen.<\/p>\n<p>F\u00fcr Menschen mit Demenz ist der Zugang zu Langzeiterinnerungen oft noch m\u00f6glich, auch wenn das Kurzzeitged\u00e4chtnis nachl\u00e4sst. Biografie-Arbeit ist daher sehr wichtig. Die Kenntnis dar\u00fcber, dass die eigene Heimat ein Treffpunkt f\u00fcr Prominente war, st\u00e4rkt das Gef\u00fchl der lokalen Identit\u00e4t und bietet Anlass f\u00fcr ein Gespr\u00e4ch.<\/p>\n<p>In der Brosch\u00fcre befindet sich eine Auswahl von Bildern aus den G\u00e4steb\u00fcchern des alten K\u00f6nigshof-Theaters, darunter auch zahlreiche Aufnahmen mit den damaligen Stars. Die Brosch\u00fcre ist in der Ausstellung \u201eDemenz \u2013 Lebendige Erinnerung \u2013 Musik liegt in der Luft\u201c kostenlos erh\u00e4ltlich. Sie ist ebenfalls ein Beitrag zum Welt-Alzheimertag am 21. September. Er wurde 1994 von <a href=\"https:\/\/www.alzint.org\/\" target=\"_blank\" rel=\"noopener\">Alzheimer&#8217;s Disease International<\/a> gemeinsam mit der Weltgesundheitsorganisation (WHO) ins Leben gerufen. Seitdem finden an diesem Tag in aller Welt vielf\u00e4ltige Aktivit\u00e4ten statt.<\/p>\n<p>F\u00fcr die Biografie-Arbeit sind aber auch die damaligen Mettmanner Ch\u00f6re und Orchester sowie die Erinnerung an musikalische Darbietungen unterschiedlicher Art nicht zu vernachl\u00e4ssigen. Auch hierzu warten auf die Besucherinnen und Besucher der Ausstellung in der <a href=\"\/bibliothek\">Stadtbibliothek Mettmann<\/a>, Am K\u00f6nigshof 13, zahlreiche Fotos und Dokumente.<\/p>\n<p><strong>\u00d6ffnungszeiten<\/strong><br \/>\n<span style=\"font-size: 10pt;\">Ausstellung \u201eDemenz \u2013 Lebendige Erinnerung \u2013 Musik liegt in der Luft\u201c<br \/>\n<\/span><br \/>\n<strong>18. bis 29. September 2026<\/strong><br \/>\n<span style=\"font-size: 10pt;\">montags und dienstags von 15 bis 18 Uhr<\/span><br \/>\n<span style=\"font-size: 10pt;\">donnerstags von 10 bis 13 Uhr und von 15 bis 18 Uhr<\/span><br \/>\n<span style=\"font-size: 10pt;\">freitags von 15 bis 18 Uhr <\/span><br \/>\n<span style=\"font-size: 10pt;\">samstags von 10 bis 13 Uhr<\/span><\/p>\n<div id=\"attachment_63802\" style=\"width: 1034px\" class=\"wp-caption alignleft\"><img loading=\"lazy\" decoding=\"async\" aria-describedby=\"caption-attachment-63802\" class=\"size-full wp-image-63802\" src=\"https:\/\/www.mettmann.de\/web\/wp-content\/uploads\/2026\/09\/mettmann-koenigshof-theater-historisch.jpg\" alt=\"Das alte K\u00f6nigshof-Theater\" width=\"1024\" height=\"576\" srcset=\"https:\/\/www.mettmann.de\/web\/wp-content\/uploads\/2026\/09\/mettmann-koenigshof-theater-historisch.jpg 1024w, https:\/\/www.mettmann.de\/web\/wp-content\/uploads\/2026\/09\/mettmann-koenigshof-theater-historisch-300x169.jpg 300w, https:\/\/www.mettmann.de\/web\/wp-content\/uploads\/2026\/09\/mettmann-koenigshof-theater-historisch-768x432.jpg 768w, https:\/\/www.mettmann.de\/web\/wp-content\/uploads\/2026\/09\/mettmann-koenigshof-theater-historisch-777x437.jpg 777w, https:\/\/www.mettmann.de\/web\/wp-content\/uploads\/2026\/09\/mettmann-koenigshof-theater-historisch-260x146.jpg 260w, https:\/\/www.mettmann.de\/web\/wp-content\/uploads\/2026\/09\/mettmann-koenigshof-theater-historisch-120x67.jpg 120w\" sizes=\"auto, (max-width: 1024px) 100vw, 1024px\" \/><p id=\"caption-attachment-63802\" class=\"wp-caption-text\">Das alte K\u00f6nigshof-Theater auf der Poststra\u00dfe. (Foto: Kreisstadt Mettmann \/ Postkarte \/ nachbearbeitet)<\/p><\/div>\n<p>&nbsp;<\/p>\n","protected":false},"excerpt":{"rendered":"<p>Im Rahmen der Ausstellung Demenz &#8211; Lebendige Erinnerung &#8211; Musik liegt in der Luft, die vom 18. bis 29. September in der Mettmanner Stadtbibliothek stattfinden wird, hat der Runde Tisch f\u00fcr Seniorenfragen eine fast vergessene&#8230;<\/p>\n","protected":false},"author":1,"featured_media":63807,"comment_status":"closed","ping_status":"closed","sticky":false,"template":"","format":"standard","meta":{"ngg_post_thumbnail":0,"footnotes":""},"categories":[1],"tags":[27,5465,2865,5466,5464,4,5467,5468],"class_list":["post-63798","post","type-post","status-publish","format-standard","has-post-thumbnail","hentry","category-allgemein","tag-ausstellung","tag-broschuere","tag-demenz","tag-erinnerung","tag-koenigshof-theater","tag-mettmann","tag-prominente","tag-stars"],"yoast_head":"<!-- This site is optimized with the Yoast SEO plugin v27.2 - https:\/\/yoast.com\/product\/yoast-seo-wordpress\/ -->\n<title>Lebendige Erinnerung: Prominente G\u00e4ste und Musik im K\u00f6nigshof-Theater<\/title>\n<meta name=\"robots\" content=\"index, follow, max-snippet:-1, max-image-preview:large, max-video-preview:-1\" \/>\n<link rel=\"canonical\" href=\"https:\/\/www.mettmann.de\/web\/lebendige-erinnerung-prominente-gaeste-und-musik-in-mettmann\/\" \/>\n<meta property=\"og:locale\" content=\"de_DE\" \/>\n<meta property=\"og:type\" content=\"article\" \/>\n<meta property=\"og:title\" content=\"Lebendige Erinnerung: Prominente G\u00e4ste und Musik im K\u00f6nigshof-Theater\" \/>\n<meta property=\"og:description\" content=\"Im Rahmen der Ausstellung Demenz &#8211; Lebendige Erinnerung &#8211; Musik liegt in der Luft, die vom 18. bis 29. September in der Mettmanner Stadtbibliothek stattfinden wird, hat der Runde Tisch f\u00fcr Seniorenfragen eine fast vergessene...\" \/>\n<meta property=\"og:url\" content=\"https:\/\/www.mettmann.de\/web\/lebendige-erinnerung-prominente-gaeste-und-musik-in-mettmann\/\" \/>\n<meta property=\"og:site_name\" content=\"Stadtverwaltung Mettmann\" \/>\n<meta property=\"article:publisher\" content=\"https:\/\/www.facebook.com\/kreisstadt.mettmann\" \/>\n<meta property=\"article:published_time\" content=\"2026-09-02T10:21:43+00:00\" \/>\n<meta property=\"article:modified_time\" content=\"2026-09-02T10:38:45+00:00\" \/>\n<meta property=\"og:image\" content=\"https:\/\/www.mettmann.de\/web\/wp-content\/uploads\/2026\/09\/mettmann-koenigshof-theater-veranstaltung-historisch.jpg\" \/>\n\t<meta property=\"og:image:width\" content=\"1024\" \/>\n\t<meta property=\"og:image:height\" content=\"606\" \/>\n\t<meta property=\"og:image:type\" content=\"image\/jpeg\" \/>\n<meta name=\"author\" content=\"chbarra\" \/>\n<meta name=\"twitter:card\" content=\"summary_large_image\" \/>\n<meta name=\"twitter:label1\" content=\"Verfasst von\" \/>\n\t<meta name=\"twitter:data1\" content=\"chbarra\" \/>\n\t<meta name=\"twitter:label2\" content=\"Gesch\u00e4tzte Lesezeit\" \/>\n\t<meta name=\"twitter:data2\" content=\"3\u00a0Minuten\" \/>\n<script type=\"application\/ld+json\" class=\"yoast-schema-graph\">{\"@context\":\"https:\/\/schema.org\",\"@graph\":[{\"@type\":\"Article\",\"@id\":\"https:\/\/www.mettmann.de\/web\/lebendige-erinnerung-prominente-gaeste-und-musik-in-mettmann\/#article\",\"isPartOf\":{\"@id\":\"https:\/\/www.mettmann.de\/web\/lebendige-erinnerung-prominente-gaeste-und-musik-in-mettmann\/\"},\"author\":{\"name\":\"chbarra\",\"@id\":\"https:\/\/www.mettmann.de\/web\/#\/schema\/person\/03e91284de46d07dd5399ec4af554dc6\"},\"headline\":\"Lebendige Erinnerung: Prominente G\u00e4ste und Musik im K\u00f6nigshof-Theater\",\"datePublished\":\"2026-09-02T10:21:43+00:00\",\"dateModified\":\"2026-09-02T10:38:45+00:00\",\"mainEntityOfPage\":{\"@id\":\"https:\/\/www.mettmann.de\/web\/lebendige-erinnerung-prominente-gaeste-und-musik-in-mettmann\/\"},\"wordCount\":366,\"publisher\":{\"@id\":\"https:\/\/www.mettmann.de\/web\/#organization\"},\"image\":{\"@id\":\"https:\/\/www.mettmann.de\/web\/lebendige-erinnerung-prominente-gaeste-und-musik-in-mettmann\/#primaryimage\"},\"thumbnailUrl\":\"https:\/\/www.mettmann.de\/web\/wp-content\/uploads\/2026\/09\/mettmann-koenigshof-theater-veranstaltung-historisch.jpg\",\"keywords\":[\"Ausstellung\",\"Brosch\u00fcre\",\"Demenz\",\"Erinnerung\",\"K\u00f6nigshof-Theater\",\"Mettmann\",\"Prominente\",\"Stars\"],\"inLanguage\":\"de\"},{\"@type\":\"WebPage\",\"@id\":\"https:\/\/www.mettmann.de\/web\/lebendige-erinnerung-prominente-gaeste-und-musik-in-mettmann\/\",\"url\":\"https:\/\/www.mettmann.de\/web\/lebendige-erinnerung-prominente-gaeste-und-musik-in-mettmann\/\",\"name\":\"Lebendige Erinnerung: Prominente G\u00e4ste und Musik im K\u00f6nigshof-Theater\",\"isPartOf\":{\"@id\":\"https:\/\/www.mettmann.de\/web\/#website\"},\"primaryImageOfPage\":{\"@id\":\"https:\/\/www.mettmann.de\/web\/lebendige-erinnerung-prominente-gaeste-und-musik-in-mettmann\/#primaryimage\"},\"image\":{\"@id\":\"https:\/\/www.mettmann.de\/web\/lebendige-erinnerung-prominente-gaeste-und-musik-in-mettmann\/#primaryimage\"},\"thumbnailUrl\":\"https:\/\/www.mettmann.de\/web\/wp-content\/uploads\/2026\/09\/mettmann-koenigshof-theater-veranstaltung-historisch.jpg\",\"datePublished\":\"2026-09-02T10:21:43+00:00\",\"dateModified\":\"2026-09-02T10:38:45+00:00\",\"breadcrumb\":{\"@id\":\"https:\/\/www.mettmann.de\/web\/lebendige-erinnerung-prominente-gaeste-und-musik-in-mettmann\/#breadcrumb\"},\"inLanguage\":\"de\",\"potentialAction\":[{\"@type\":\"ReadAction\",\"target\":[\"https:\/\/www.mettmann.de\/web\/lebendige-erinnerung-prominente-gaeste-und-musik-in-mettmann\/\"]}]},{\"@type\":\"ImageObject\",\"inLanguage\":\"de\",\"@id\":\"https:\/\/www.mettmann.de\/web\/lebendige-erinnerung-prominente-gaeste-und-musik-in-mettmann\/#primaryimage\",\"url\":\"https:\/\/www.mettmann.de\/web\/wp-content\/uploads\/2026\/09\/mettmann-koenigshof-theater-veranstaltung-historisch.jpg\",\"contentUrl\":\"https:\/\/www.mettmann.de\/web\/wp-content\/uploads\/2026\/09\/mettmann-koenigshof-theater-veranstaltung-historisch.jpg\",\"width\":1024,\"height\":606,\"caption\":\"Das alte K\u00f6nigshof-Theater bei einer der damaligen Musik-Veranstaltungen. (Foto: Kreisstadt Mettmann \/ Stadtarchiv \/ nachbearbeitet)\"},{\"@type\":\"BreadcrumbList\",\"@id\":\"https:\/\/www.mettmann.de\/web\/lebendige-erinnerung-prominente-gaeste-und-musik-in-mettmann\/#breadcrumb\",\"itemListElement\":[{\"@type\":\"ListItem\",\"position\":1,\"name\":\"Startseite\",\"item\":\"https:\/\/www.mettmann.de\/web\/\"},{\"@type\":\"ListItem\",\"position\":2,\"name\":\"Lebendige Erinnerung: Prominente G\u00e4ste und Musik im K\u00f6nigshof-Theater\"}]},{\"@type\":\"WebSite\",\"@id\":\"https:\/\/www.mettmann.de\/web\/#website\",\"url\":\"https:\/\/www.mettmann.de\/web\/\",\"name\":\"Stadtverwaltung Mettmann\",\"description\":\"Internetseite der Kreisstadt Mettmann\",\"publisher\":{\"@id\":\"https:\/\/www.mettmann.de\/web\/#organization\"},\"potentialAction\":[{\"@type\":\"SearchAction\",\"target\":{\"@type\":\"EntryPoint\",\"urlTemplate\":\"https:\/\/www.mettmann.de\/web\/?s={search_term_string}\"},\"query-input\":{\"@type\":\"PropertyValueSpecification\",\"valueRequired\":true,\"valueName\":\"search_term_string\"}}],\"inLanguage\":\"de\"},{\"@type\":\"Organization\",\"@id\":\"https:\/\/www.mettmann.de\/web\/#organization\",\"name\":\"Kreisstadt Mettmann\",\"url\":\"https:\/\/www.mettmann.de\/web\/\",\"logo\":{\"@type\":\"ImageObject\",\"inLanguage\":\"de\",\"@id\":\"https:\/\/www.mettmann.de\/web\/#\/schema\/logo\/image\/\",\"url\":\"https:\/\/www.mettmann.de\/web\/wp-content\/uploads\/2019\/08\/Kreisstadt_Mettmann_Logo_RGB_150dpi.png\",\"contentUrl\":\"https:\/\/www.mettmann.de\/web\/wp-content\/uploads\/2019\/08\/Kreisstadt_Mettmann_Logo_RGB_150dpi.png\",\"width\":1302,\"height\":191,\"caption\":\"Kreisstadt Mettmann\"},\"image\":{\"@id\":\"https:\/\/www.mettmann.de\/web\/#\/schema\/logo\/image\/\"},\"sameAs\":[\"https:\/\/www.facebook.com\/kreisstadt.mettmann\",\"https:\/\/de.wikipedia.org\/wiki\/Mettmann\"]},{\"@type\":\"Person\",\"@id\":\"https:\/\/www.mettmann.de\/web\/#\/schema\/person\/03e91284de46d07dd5399ec4af554dc6\",\"name\":\"chbarra\"}]}<\/script>\n<!-- \/ Yoast SEO plugin. -->","yoast_head_json":{"title":"Lebendige Erinnerung: Prominente G\u00e4ste und Musik im K\u00f6nigshof-Theater","robots":{"index":"index","follow":"follow","max-snippet":"max-snippet:-1","max-image-preview":"max-image-preview:large","max-video-preview":"max-video-preview:-1"},"canonical":"https:\/\/www.mettmann.de\/web\/lebendige-erinnerung-prominente-gaeste-und-musik-in-mettmann\/","og_locale":"de_DE","og_type":"article","og_title":"Lebendige Erinnerung: Prominente G\u00e4ste und Musik im K\u00f6nigshof-Theater","og_description":"Im Rahmen der Ausstellung Demenz &#8211; Lebendige Erinnerung &#8211; Musik liegt in der Luft, die vom 18. bis 29. September in der Mettmanner Stadtbibliothek stattfinden wird, hat der Runde Tisch f\u00fcr Seniorenfragen eine fast vergessene...","og_url":"https:\/\/www.mettmann.de\/web\/lebendige-erinnerung-prominente-gaeste-und-musik-in-mettmann\/","og_site_name":"Stadtverwaltung Mettmann","article_publisher":"https:\/\/www.facebook.com\/kreisstadt.mettmann","article_published_time":"2026-09-02T10:21:43+00:00","article_modified_time":"2026-09-02T10:38:45+00:00","og_image":[{"width":1024,"height":606,"url":"https:\/\/www.mettmann.de\/web\/wp-content\/uploads\/2026\/09\/mettmann-koenigshof-theater-veranstaltung-historisch.jpg","type":"image\/jpeg"}],"author":"chbarra","twitter_card":"summary_large_image","twitter_misc":{"Verfasst von":"chbarra","Gesch\u00e4tzte Lesezeit":"3\u00a0Minuten"},"schema":{"@context":"https:\/\/schema.org","@graph":[{"@type":"Article","@id":"https:\/\/www.mettmann.de\/web\/lebendige-erinnerung-prominente-gaeste-und-musik-in-mettmann\/#article","isPartOf":{"@id":"https:\/\/www.mettmann.de\/web\/lebendige-erinnerung-prominente-gaeste-und-musik-in-mettmann\/"},"author":{"name":"chbarra","@id":"https:\/\/www.mettmann.de\/web\/#\/schema\/person\/03e91284de46d07dd5399ec4af554dc6"},"headline":"Lebendige Erinnerung: Prominente G\u00e4ste und Musik im K\u00f6nigshof-Theater","datePublished":"2026-09-02T10:21:43+00:00","dateModified":"2026-09-02T10:38:45+00:00","mainEntityOfPage":{"@id":"https:\/\/www.mettmann.de\/web\/lebendige-erinnerung-prominente-gaeste-und-musik-in-mettmann\/"},"wordCount":366,"publisher":{"@id":"https:\/\/www.mettmann.de\/web\/#organization"},"image":{"@id":"https:\/\/www.mettmann.de\/web\/lebendige-erinnerung-prominente-gaeste-und-musik-in-mettmann\/#primaryimage"},"thumbnailUrl":"https:\/\/www.mettmann.de\/web\/wp-content\/uploads\/2026\/09\/mettmann-koenigshof-theater-veranstaltung-historisch.jpg","keywords":["Ausstellung","Brosch\u00fcre","Demenz","Erinnerung","K\u00f6nigshof-Theater","Mettmann","Prominente","Stars"],"inLanguage":"de"},{"@type":"WebPage","@id":"https:\/\/www.mettmann.de\/web\/lebendige-erinnerung-prominente-gaeste-und-musik-in-mettmann\/","url":"https:\/\/www.mettmann.de\/web\/lebendige-erinnerung-prominente-gaeste-und-musik-in-mettmann\/","name":"Lebendige Erinnerung: Prominente G\u00e4ste und Musik im K\u00f6nigshof-Theater","isPartOf":{"@id":"https:\/\/www.mettmann.de\/web\/#website"},"primaryImageOfPage":{"@id":"https:\/\/www.mettmann.de\/web\/lebendige-erinnerung-prominente-gaeste-und-musik-in-mettmann\/#primaryimage"},"image":{"@id":"https:\/\/www.mettmann.de\/web\/lebendige-erinnerung-prominente-gaeste-und-musik-in-mettmann\/#primaryimage"},"thumbnailUrl":"https:\/\/www.mettmann.de\/web\/wp-content\/uploads\/2026\/09\/mettmann-koenigshof-theater-veranstaltung-historisch.jpg","datePublished":"2026-09-02T10:21:43+00:00","dateModified":"2026-09-02T10:38:45+00:00","breadcrumb":{"@id":"https:\/\/www.mettmann.de\/web\/lebendige-erinnerung-prominente-gaeste-und-musik-in-mettmann\/#breadcrumb"},"inLanguage":"de","potentialAction":[{"@type":"ReadAction","target":["https:\/\/www.mettmann.de\/web\/lebendige-erinnerung-prominente-gaeste-und-musik-in-mettmann\/"]}]},{"@type":"ImageObject","inLanguage":"de","@id":"https:\/\/www.mettmann.de\/web\/lebendige-erinnerung-prominente-gaeste-und-musik-in-mettmann\/#primaryimage","url":"https:\/\/www.mettmann.de\/web\/wp-content\/uploads\/2026\/09\/mettmann-koenigshof-theater-veranstaltung-historisch.jpg","contentUrl":"https:\/\/www.mettmann.de\/web\/wp-content\/uploads\/2026\/09\/mettmann-koenigshof-theater-veranstaltung-historisch.jpg","width":1024,"height":606,"caption":"Das alte K\u00f6nigshof-Theater bei einer der damaligen Musik-Veranstaltungen. (Foto: Kreisstadt Mettmann \/ Stadtarchiv \/ nachbearbeitet)"},{"@type":"BreadcrumbList","@id":"https:\/\/www.mettmann.de\/web\/lebendige-erinnerung-prominente-gaeste-und-musik-in-mettmann\/#breadcrumb","itemListElement":[{"@type":"ListItem","position":1,"name":"Startseite","item":"https:\/\/www.mettmann.de\/web\/"},{"@type":"ListItem","position":2,"name":"Lebendige Erinnerung: Prominente G\u00e4ste und Musik im K\u00f6nigshof-Theater"}]},{"@type":"WebSite","@id":"https:\/\/www.mettmann.de\/web\/#website","url":"https:\/\/www.mettmann.de\/web\/","name":"Stadtverwaltung Mettmann","description":"Internetseite der Kreisstadt Mettmann","publisher":{"@id":"https:\/\/www.mettmann.de\/web\/#organization"},"potentialAction":[{"@type":"SearchAction","target":{"@type":"EntryPoint","urlTemplate":"https:\/\/www.mettmann.de\/web\/?s={search_term_string}"},"query-input":{"@type":"PropertyValueSpecification","valueRequired":true,"valueName":"search_term_string"}}],"inLanguage":"de"},{"@type":"Organization","@id":"https:\/\/www.mettmann.de\/web\/#organization","name":"Kreisstadt Mettmann","url":"https:\/\/www.mettmann.de\/web\/","logo":{"@type":"ImageObject","inLanguage":"de","@id":"https:\/\/www.mettmann.de\/web\/#\/schema\/logo\/image\/","url":"https:\/\/www.mettmann.de\/web\/wp-content\/uploads\/2019\/08\/Kreisstadt_Mettmann_Logo_RGB_150dpi.png","contentUrl":"https:\/\/www.mettmann.de\/web\/wp-content\/uploads\/2019\/08\/Kreisstadt_Mettmann_Logo_RGB_150dpi.png","width":1302,"height":191,"caption":"Kreisstadt Mettmann"},"image":{"@id":"https:\/\/www.mettmann.de\/web\/#\/schema\/logo\/image\/"},"sameAs":["https:\/\/www.facebook.com\/kreisstadt.mettmann","https:\/\/de.wikipedia.org\/wiki\/Mettmann"]},{"@type":"Person","@id":"https:\/\/www.mettmann.de\/web\/#\/schema\/person\/03e91284de46d07dd5399ec4af554dc6","name":"chbarra"}]}},"_links":{"self":[{"href":"https:\/\/www.mettmann.de\/web\/wp-json\/wp\/v2\/posts\/63798","targetHints":{"allow":["GET"]}}],"collection":[{"href":"https:\/\/www.mettmann.de\/web\/wp-json\/wp\/v2\/posts"}],"about":[{"href":"https:\/\/www.mettmann.de\/web\/wp-json\/wp\/v2\/types\/post"}],"author":[{"embeddable":true,"href":"https:\/\/www.mettmann.de\/web\/wp-json\/wp\/v2\/users\/1"}],"replies":[{"embeddable":true,"href":"https:\/\/www.mettmann.de\/web\/wp-json\/wp\/v2\/comments?post=63798"}],"version-history":[{"count":9,"href":"https:\/\/www.mettmann.de\/web\/wp-json\/wp\/v2\/posts\/63798\/revisions"}],"predecessor-version":[{"id":63811,"href":"https:\/\/www.mettmann.de\/web\/wp-json\/wp\/v2\/posts\/63798\/revisions\/63811"}],"wp:featuredmedia":[{"embeddable":true,"href":"https:\/\/www.mettmann.de\/web\/wp-json\/wp\/v2\/media\/63807"}],"wp:attachment":[{"href":"https:\/\/www.mettmann.de\/web\/wp-json\/wp\/v2\/media?parent=63798"}],"wp:term":[{"taxonomy":"category","embeddable":true,"href":"https:\/\/www.mettmann.de\/web\/wp-json\/wp\/v2\/categories?post=63798"},{"taxonomy":"post_tag","embeddable":true,"href":"https:\/\/www.mettmann.de\/web\/wp-json\/wp\/v2\/tags?post=63798"}],"curies":[{"name":"wp","href":"https:\/\/api.w.org\/{rel}","templated":true}]}}