{"id":63869,"date":"2026-09-04T11:11:16","date_gmt":"2026-09-04T09:11:16","guid":{"rendered":"https:\/\/www.mettmann.de\/web\/?p=63869"},"modified":"2026-09-04T12:50:10","modified_gmt":"2026-09-04T10:50:10","slug":"verstaerkung-fuer-den-rettungsdienst-der-stadt-mettmann","status":"publish","type":"post","link":"https:\/\/www.mettmann.de\/web\/verstaerkung-fuer-den-rettungsdienst-der-stadt-mettmann\/","title":{"rendered":"Verst\u00e4rkung f\u00fcr den Rettungsdienst der Stadt Mettmann"},"content":{"rendered":"<p><span class=\"x193iq5w xeuugli x13faqbe x1vvkbs x1xmvt09 x1lliihq x1s928wv xhkezso x1gmr53x x1cpjm7i x1fgarty x1943h6x xudqn12 x3x7a5m x6prxxf xvq8zen xo1l8bm xzsf02u\" dir=\"auto\">Ein wichtiger Meilenstein f\u00fcr den <a href=\"https:\/\/www.mettmann.de\/web\/organisationsaufbau\/dezernat-1-2\/feuerwehr-und-rettungswache\/\">Rettungsdienst in Mettmann<\/a>: Am 1. September 2026 haben insgesamt drei Auszubildende ihre staatliche Pr\u00fcfung zur Notfallsanit\u00e4terin bzw. zum Notfallsanit\u00e4ter mit besonders guten Leistungen abgeschlossen. Im Rahmen einer feierlichen Zeremonie nahmen die drei Absolventen gemeinsam mit den weiteren Jahrgangskolleginnen und -kollegen ihre Urkunden entgegen.<br class=\"html-br\"><br class=\"html-br\">Hinter den Nachwuchskr\u00e4ften liegt eine anspruchsvolle, dreij\u00e4hrige Ausbildung, die theoretische Fachkenntnisse und umfassende praktische Eins\u00e4tze intensiv miteinander verkn\u00fcpfte. Ab sofort \u00fcbernehmen die eine Notfallsanit\u00e4terin und die zwei Notfallsanit\u00e4ter als eigenverantwortliche Transportf\u00fchrerin und Transportf\u00fchrer auf den Rettungswagen eine zentrale Rolle in der medizinischen Notfallversorgung der Mettmanner Bev\u00f6lkerung.<br class=\"html-br\"><br class=\"html-br\">Ein besonderer Dank gilt dabei den Praxisanleiterinnen und Praxisanleitern, die den Nachwuchs w\u00e4hrend der gesamten Ausbildungszeit eng begleitet und mit hohem Engagement auf den Berufsalltag vorbereitet haben. Das gesamte Team der <a href=\"https:\/\/www.feuerwehr-mettmann.de\" target=\"_blank\" rel=\"noopener\">Feuerwehr Mettmann<\/a> gratuliert Gwen, Jan Luca und Leon zu diesem Erfolg, ist stolz auf die erbrachten Leistungen und w\u00fcnscht ihnen f\u00fcr die anstehenden, verantwortungsvollen Aufgaben im Rettungsdienst viel Freude und Erfolg.<\/span><\/p>\n","protected":false},"excerpt":{"rendered":"<p>Ein wichtiger Meilenstein f\u00fcr den Rettungsdienst in Mettmann: Am 1. September 2026 haben insgesamt drei Auszubildende ihre staatliche Pr\u00fcfung zur Notfallsanit\u00e4terin bzw. zum Notfallsanit\u00e4ter mit besonders guten Leistungen abgeschlossen. Im Rahmen einer feierlichen Zeremonie nahmen&#8230;<\/p>\n","protected":false},"author":1,"featured_media":63870,"comment_status":"closed","ping_status":"closed","sticky":false,"template":"","format":"standard","meta":{"ngg_post_thumbnail":0,"footnotes":""},"categories":[1],"tags":[],"class_list":["post-63869","post","type-post","status-publish","format-standard","has-post-thumbnail","hentry","category-allgemein"],"yoast_head":"<!-- This site is optimized with the Yoast SEO plugin v27.2 - https:\/\/yoast.com\/product\/yoast-seo-wordpress\/ -->\n<title>Verst\u00e4rkung f\u00fcr den Rettungsdienst der Stadt Mettmann<\/title>\n<meta name=\"robots\" content=\"index, follow, max-snippet:-1, max-image-preview:large, max-video-preview:-1\" \/>\n<link rel=\"canonical\" href=\"https:\/\/www.mettmann.de\/web\/verstaerkung-fuer-den-rettungsdienst-der-stadt-mettmann\/\" \/>\n<meta property=\"og:locale\" content=\"de_DE\" \/>\n<meta property=\"og:type\" content=\"article\" \/>\n<meta property=\"og:title\" content=\"Verst\u00e4rkung f\u00fcr den Rettungsdienst der Stadt Mettmann\" \/>\n<meta property=\"og:description\" content=\"Ein wichtiger Meilenstein f\u00fcr den Rettungsdienst in Mettmann: Am 1. September 2026 haben insgesamt drei Auszubildende ihre staatliche Pr\u00fcfung zur Notfallsanit\u00e4terin bzw. zum Notfallsanit\u00e4ter mit besonders guten Leistungen abgeschlossen. Im Rahmen einer feierlichen Zeremonie nahmen...\" \/>\n<meta property=\"og:url\" content=\"https:\/\/www.mettmann.de\/web\/verstaerkung-fuer-den-rettungsdienst-der-stadt-mettmann\/\" \/>\n<meta property=\"og:site_name\" content=\"Stadtverwaltung Mettmann\" \/>\n<meta property=\"article:publisher\" content=\"https:\/\/www.facebook.com\/kreisstadt.mettmann\" \/>\n<meta property=\"article:published_time\" content=\"2026-09-04T09:11:16+00:00\" \/>\n<meta property=\"article:modified_time\" content=\"2026-09-04T10:50:10+00:00\" \/>\n<meta property=\"og:image\" content=\"https:\/\/www.mettmann.de\/web\/wp-content\/uploads\/2026\/09\/mettmann-feuerwehr-verstaerkung.jpg\" \/>\n\t<meta property=\"og:image:width\" content=\"1920\" \/>\n\t<meta property=\"og:image:height\" content=\"1080\" \/>\n\t<meta property=\"og:image:type\" content=\"image\/jpeg\" \/>\n<meta name=\"author\" content=\"chbarra\" \/>\n<meta name=\"twitter:card\" content=\"summary_large_image\" \/>\n<meta name=\"twitter:label1\" content=\"Verfasst von\" \/>\n\t<meta name=\"twitter:data1\" content=\"chbarra\" \/>\n\t<meta name=\"twitter:label2\" content=\"Gesch\u00e4tzte Lesezeit\" \/>\n\t<meta name=\"twitter:data2\" content=\"2\u00a0Minuten\" \/>\n<script type=\"application\/ld+json\" class=\"yoast-schema-graph\">{\"@context\":\"https:\/\/schema.org\",\"@graph\":[{\"@type\":\"Article\",\"@id\":\"https:\/\/www.mettmann.de\/web\/verstaerkung-fuer-den-rettungsdienst-der-stadt-mettmann\/#article\",\"isPartOf\":{\"@id\":\"https:\/\/www.mettmann.de\/web\/verstaerkung-fuer-den-rettungsdienst-der-stadt-mettmann\/\"},\"author\":{\"name\":\"chbarra\",\"@id\":\"https:\/\/www.mettmann.de\/web\/#\/schema\/person\/03e91284de46d07dd5399ec4af554dc6\"},\"headline\":\"Verst\u00e4rkung f\u00fcr den Rettungsdienst der Stadt Mettmann\",\"datePublished\":\"2026-09-04T09:11:16+00:00\",\"dateModified\":\"2026-09-04T10:50:10+00:00\",\"mainEntityOfPage\":{\"@id\":\"https:\/\/www.mettmann.de\/web\/verstaerkung-fuer-den-rettungsdienst-der-stadt-mettmann\/\"},\"wordCount\":179,\"publisher\":{\"@id\":\"https:\/\/www.mettmann.de\/web\/#organization\"},\"image\":{\"@id\":\"https:\/\/www.mettmann.de\/web\/verstaerkung-fuer-den-rettungsdienst-der-stadt-mettmann\/#primaryimage\"},\"thumbnailUrl\":\"https:\/\/www.mettmann.de\/web\/wp-content\/uploads\/2026\/09\/mettmann-feuerwehr-verstaerkung.jpg\",\"inLanguage\":\"de\"},{\"@type\":\"WebPage\",\"@id\":\"https:\/\/www.mettmann.de\/web\/verstaerkung-fuer-den-rettungsdienst-der-stadt-mettmann\/\",\"url\":\"https:\/\/www.mettmann.de\/web\/verstaerkung-fuer-den-rettungsdienst-der-stadt-mettmann\/\",\"name\":\"Verst\u00e4rkung f\u00fcr den Rettungsdienst der Stadt Mettmann\",\"isPartOf\":{\"@id\":\"https:\/\/www.mettmann.de\/web\/#website\"},\"primaryImageOfPage\":{\"@id\":\"https:\/\/www.mettmann.de\/web\/verstaerkung-fuer-den-rettungsdienst-der-stadt-mettmann\/#primaryimage\"},\"image\":{\"@id\":\"https:\/\/www.mettmann.de\/web\/verstaerkung-fuer-den-rettungsdienst-der-stadt-mettmann\/#primaryimage\"},\"thumbnailUrl\":\"https:\/\/www.mettmann.de\/web\/wp-content\/uploads\/2026\/09\/mettmann-feuerwehr-verstaerkung.jpg\",\"datePublished\":\"2026-09-04T09:11:16+00:00\",\"dateModified\":\"2026-09-04T10:50:10+00:00\",\"breadcrumb\":{\"@id\":\"https:\/\/www.mettmann.de\/web\/verstaerkung-fuer-den-rettungsdienst-der-stadt-mettmann\/#breadcrumb\"},\"inLanguage\":\"de\",\"potentialAction\":[{\"@type\":\"ReadAction\",\"target\":[\"https:\/\/www.mettmann.de\/web\/verstaerkung-fuer-den-rettungsdienst-der-stadt-mettmann\/\"]}]},{\"@type\":\"ImageObject\",\"inLanguage\":\"de\",\"@id\":\"https:\/\/www.mettmann.de\/web\/verstaerkung-fuer-den-rettungsdienst-der-stadt-mettmann\/#primaryimage\",\"url\":\"https:\/\/www.mettmann.de\/web\/wp-content\/uploads\/2026\/09\/mettmann-feuerwehr-verstaerkung.jpg\",\"contentUrl\":\"https:\/\/www.mettmann.de\/web\/wp-content\/uploads\/2026\/09\/mettmann-feuerwehr-verstaerkung.jpg\",\"width\":1920,\"height\":1080,\"caption\":\"Der Mettmanner Rettungsdienst erh\u00e4lt Verst\u00e4rkung durch drei neue Notfallsanit\u00e4ter, die ihre Ausbildung erfolgreich abgeschlossen haben. (Foto: Feuerwehr Mettmann)\"},{\"@type\":\"BreadcrumbList\",\"@id\":\"https:\/\/www.mettmann.de\/web\/verstaerkung-fuer-den-rettungsdienst-der-stadt-mettmann\/#breadcrumb\",\"itemListElement\":[{\"@type\":\"ListItem\",\"position\":1,\"name\":\"Startseite\",\"item\":\"https:\/\/www.mettmann.de\/web\/\"},{\"@type\":\"ListItem\",\"position\":2,\"name\":\"Verst\u00e4rkung f\u00fcr den Rettungsdienst der Stadt Mettmann\"}]},{\"@type\":\"WebSite\",\"@id\":\"https:\/\/www.mettmann.de\/web\/#website\",\"url\":\"https:\/\/www.mettmann.de\/web\/\",\"name\":\"Stadtverwaltung Mettmann\",\"description\":\"Internetseite der Kreisstadt Mettmann\",\"publisher\":{\"@id\":\"https:\/\/www.mettmann.de\/web\/#organization\"},\"potentialAction\":[{\"@type\":\"SearchAction\",\"target\":{\"@type\":\"EntryPoint\",\"urlTemplate\":\"https:\/\/www.mettmann.de\/web\/?s={search_term_string}\"},\"query-input\":{\"@type\":\"PropertyValueSpecification\",\"valueRequired\":true,\"valueName\":\"search_term_string\"}}],\"inLanguage\":\"de\"},{\"@type\":\"Organization\",\"@id\":\"https:\/\/www.mettmann.de\/web\/#organization\",\"name\":\"Kreisstadt Mettmann\",\"url\":\"https:\/\/www.mettmann.de\/web\/\",\"logo\":{\"@type\":\"ImageObject\",\"inLanguage\":\"de\",\"@id\":\"https:\/\/www.mettmann.de\/web\/#\/schema\/logo\/image\/\",\"url\":\"https:\/\/www.mettmann.de\/web\/wp-content\/uploads\/2019\/08\/Kreisstadt_Mettmann_Logo_RGB_150dpi.png\",\"contentUrl\":\"https:\/\/www.mettmann.de\/web\/wp-content\/uploads\/2019\/08\/Kreisstadt_Mettmann_Logo_RGB_150dpi.png\",\"width\":1302,\"height\":191,\"caption\":\"Kreisstadt Mettmann\"},\"image\":{\"@id\":\"https:\/\/www.mettmann.de\/web\/#\/schema\/logo\/image\/\"},\"sameAs\":[\"https:\/\/www.facebook.com\/kreisstadt.mettmann\",\"https:\/\/de.wikipedia.org\/wiki\/Mettmann\"]},{\"@type\":\"Person\",\"@id\":\"https:\/\/www.mettmann.de\/web\/#\/schema\/person\/03e91284de46d07dd5399ec4af554dc6\",\"name\":\"chbarra\"}]}<\/script>\n<!-- \/ Yoast SEO plugin. -->","yoast_head_json":{"title":"Verst\u00e4rkung f\u00fcr den Rettungsdienst der Stadt Mettmann","robots":{"index":"index","follow":"follow","max-snippet":"max-snippet:-1","max-image-preview":"max-image-preview:large","max-video-preview":"max-video-preview:-1"},"canonical":"https:\/\/www.mettmann.de\/web\/verstaerkung-fuer-den-rettungsdienst-der-stadt-mettmann\/","og_locale":"de_DE","og_type":"article","og_title":"Verst\u00e4rkung f\u00fcr den Rettungsdienst der Stadt Mettmann","og_description":"Ein wichtiger Meilenstein f\u00fcr den Rettungsdienst in Mettmann: Am 1. September 2026 haben insgesamt drei Auszubildende ihre staatliche Pr\u00fcfung zur Notfallsanit\u00e4terin bzw. zum Notfallsanit\u00e4ter mit besonders guten Leistungen abgeschlossen. Im Rahmen einer feierlichen Zeremonie nahmen...","og_url":"https:\/\/www.mettmann.de\/web\/verstaerkung-fuer-den-rettungsdienst-der-stadt-mettmann\/","og_site_name":"Stadtverwaltung Mettmann","article_publisher":"https:\/\/www.facebook.com\/kreisstadt.mettmann","article_published_time":"2026-09-04T09:11:16+00:00","article_modified_time":"2026-09-04T10:50:10+00:00","og_image":[{"width":1920,"height":1080,"url":"https:\/\/www.mettmann.de\/web\/wp-content\/uploads\/2026\/09\/mettmann-feuerwehr-verstaerkung.jpg","type":"image\/jpeg"}],"author":"chbarra","twitter_card":"summary_large_image","twitter_misc":{"Verfasst von":"chbarra","Gesch\u00e4tzte Lesezeit":"2\u00a0Minuten"},"schema":{"@context":"https:\/\/schema.org","@graph":[{"@type":"Article","@id":"https:\/\/www.mettmann.de\/web\/verstaerkung-fuer-den-rettungsdienst-der-stadt-mettmann\/#article","isPartOf":{"@id":"https:\/\/www.mettmann.de\/web\/verstaerkung-fuer-den-rettungsdienst-der-stadt-mettmann\/"},"author":{"name":"chbarra","@id":"https:\/\/www.mettmann.de\/web\/#\/schema\/person\/03e91284de46d07dd5399ec4af554dc6"},"headline":"Verst\u00e4rkung f\u00fcr den Rettungsdienst der Stadt Mettmann","datePublished":"2026-09-04T09:11:16+00:00","dateModified":"2026-09-04T10:50:10+00:00","mainEntityOfPage":{"@id":"https:\/\/www.mettmann.de\/web\/verstaerkung-fuer-den-rettungsdienst-der-stadt-mettmann\/"},"wordCount":179,"publisher":{"@id":"https:\/\/www.mettmann.de\/web\/#organization"},"image":{"@id":"https:\/\/www.mettmann.de\/web\/verstaerkung-fuer-den-rettungsdienst-der-stadt-mettmann\/#primaryimage"},"thumbnailUrl":"https:\/\/www.mettmann.de\/web\/wp-content\/uploads\/2026\/09\/mettmann-feuerwehr-verstaerkung.jpg","inLanguage":"de"},{"@type":"WebPage","@id":"https:\/\/www.mettmann.de\/web\/verstaerkung-fuer-den-rettungsdienst-der-stadt-mettmann\/","url":"https:\/\/www.mettmann.de\/web\/verstaerkung-fuer-den-rettungsdienst-der-stadt-mettmann\/","name":"Verst\u00e4rkung f\u00fcr den Rettungsdienst der Stadt Mettmann","isPartOf":{"@id":"https:\/\/www.mettmann.de\/web\/#website"},"primaryImageOfPage":{"@id":"https:\/\/www.mettmann.de\/web\/verstaerkung-fuer-den-rettungsdienst-der-stadt-mettmann\/#primaryimage"},"image":{"@id":"https:\/\/www.mettmann.de\/web\/verstaerkung-fuer-den-rettungsdienst-der-stadt-mettmann\/#primaryimage"},"thumbnailUrl":"https:\/\/www.mettmann.de\/web\/wp-content\/uploads\/2026\/09\/mettmann-feuerwehr-verstaerkung.jpg","datePublished":"2026-09-04T09:11:16+00:00","dateModified":"2026-09-04T10:50:10+00:00","breadcrumb":{"@id":"https:\/\/www.mettmann.de\/web\/verstaerkung-fuer-den-rettungsdienst-der-stadt-mettmann\/#breadcrumb"},"inLanguage":"de","potentialAction":[{"@type":"ReadAction","target":["https:\/\/www.mettmann.de\/web\/verstaerkung-fuer-den-rettungsdienst-der-stadt-mettmann\/"]}]},{"@type":"ImageObject","inLanguage":"de","@id":"https:\/\/www.mettmann.de\/web\/verstaerkung-fuer-den-rettungsdienst-der-stadt-mettmann\/#primaryimage","url":"https:\/\/www.mettmann.de\/web\/wp-content\/uploads\/2026\/09\/mettmann-feuerwehr-verstaerkung.jpg","contentUrl":"https:\/\/www.mettmann.de\/web\/wp-content\/uploads\/2026\/09\/mettmann-feuerwehr-verstaerkung.jpg","width":1920,"height":1080,"caption":"Der Mettmanner Rettungsdienst erh\u00e4lt Verst\u00e4rkung durch drei neue Notfallsanit\u00e4ter, die ihre Ausbildung erfolgreich abgeschlossen haben. (Foto: Feuerwehr Mettmann)"},{"@type":"BreadcrumbList","@id":"https:\/\/www.mettmann.de\/web\/verstaerkung-fuer-den-rettungsdienst-der-stadt-mettmann\/#breadcrumb","itemListElement":[{"@type":"ListItem","position":1,"name":"Startseite","item":"https:\/\/www.mettmann.de\/web\/"},{"@type":"ListItem","position":2,"name":"Verst\u00e4rkung f\u00fcr den Rettungsdienst der Stadt Mettmann"}]},{"@type":"WebSite","@id":"https:\/\/www.mettmann.de\/web\/#website","url":"https:\/\/www.mettmann.de\/web\/","name":"Stadtverwaltung Mettmann","description":"Internetseite der Kreisstadt Mettmann","publisher":{"@id":"https:\/\/www.mettmann.de\/web\/#organization"},"potentialAction":[{"@type":"SearchAction","target":{"@type":"EntryPoint","urlTemplate":"https:\/\/www.mettmann.de\/web\/?s={search_term_string}"},"query-input":{"@type":"PropertyValueSpecification","valueRequired":true,"valueName":"search_term_string"}}],"inLanguage":"de"},{"@type":"Organization","@id":"https:\/\/www.mettmann.de\/web\/#organization","name":"Kreisstadt Mettmann","url":"https:\/\/www.mettmann.de\/web\/","logo":{"@type":"ImageObject","inLanguage":"de","@id":"https:\/\/www.mettmann.de\/web\/#\/schema\/logo\/image\/","url":"https:\/\/www.mettmann.de\/web\/wp-content\/uploads\/2019\/08\/Kreisstadt_Mettmann_Logo_RGB_150dpi.png","contentUrl":"https:\/\/www.mettmann.de\/web\/wp-content\/uploads\/2019\/08\/Kreisstadt_Mettmann_Logo_RGB_150dpi.png","width":1302,"height":191,"caption":"Kreisstadt Mettmann"},"image":{"@id":"https:\/\/www.mettmann.de\/web\/#\/schema\/logo\/image\/"},"sameAs":["https:\/\/www.facebook.com\/kreisstadt.mettmann","https:\/\/de.wikipedia.org\/wiki\/Mettmann"]},{"@type":"Person","@id":"https:\/\/www.mettmann.de\/web\/#\/schema\/person\/03e91284de46d07dd5399ec4af554dc6","name":"chbarra"}]}},"_links":{"self":[{"href":"https:\/\/www.mettmann.de\/web\/wp-json\/wp\/v2\/posts\/63869","targetHints":{"allow":["GET"]}}],"collection":[{"href":"https:\/\/www.mettmann.de\/web\/wp-json\/wp\/v2\/posts"}],"about":[{"href":"https:\/\/www.mettmann.de\/web\/wp-json\/wp\/v2\/types\/post"}],"author":[{"embeddable":true,"href":"https:\/\/www.mettmann.de\/web\/wp-json\/wp\/v2\/users\/1"}],"replies":[{"embeddable":true,"href":"https:\/\/www.mettmann.de\/web\/wp-json\/wp\/v2\/comments?post=63869"}],"version-history":[{"count":1,"href":"https:\/\/www.mettmann.de\/web\/wp-json\/wp\/v2\/posts\/63869\/revisions"}],"predecessor-version":[{"id":63871,"href":"https:\/\/www.mettmann.de\/web\/wp-json\/wp\/v2\/posts\/63869\/revisions\/63871"}],"wp:featuredmedia":[{"embeddable":true,"href":"https:\/\/www.mettmann.de\/web\/wp-json\/wp\/v2\/media\/63870"}],"wp:attachment":[{"href":"https:\/\/www.mettmann.de\/web\/wp-json\/wp\/v2\/media?parent=63869"}],"wp:term":[{"taxonomy":"category","embeddable":true,"href":"https:\/\/www.mettmann.de\/web\/wp-json\/wp\/v2\/categories?post=63869"},{"taxonomy":"post_tag","embeddable":true,"href":"https:\/\/www.mettmann.de\/web\/wp-json\/wp\/v2\/tags?post=63869"}],"curies":[{"name":"wp","href":"https:\/\/api.w.org\/{rel}","templated":true}]}}